{"id":511153,"date":"2023-06-27T08:33:52","date_gmt":"2023-06-27T12:33:52","guid":{"rendered":"https:\/\/diarioelpopular.com\/?p=511153"},"modified":"2023-06-27T08:34:45","modified_gmt":"2023-06-27T12:34:45","slug":"dos-colombianos-a-la-cabeza-de-celebraciones-del-dia-del-multiculturalismo-canadiense","status":"publish","type":"post","link":"https:\/\/diarioelpopular.com\/index.php\/2023\/06\/27\/dos-colombianos-a-la-cabeza-de-celebraciones-del-dia-del-multiculturalismo-canadiense\/","title":{"rendered":"Dos colombianos a la cabeza de celebraciones del d\u00eda del multiculturalismo canadiense"},"content":{"rendered":"<p><img loading=\"lazy\" decoding=\"async\" class=\"alignnone size-custom-big-size wp-image-511154\" src=\"https:\/\/diarioelpopular.com\/wp-content\/uploads\/2023\/06\/WhatsApp-Image-2023-06-26-at-8.19.25-PM-1200x677.jpeg\" alt=\"\" width=\"1200\" height=\"677\" srcset=\"https:\/\/diarioelpopular.com\/wp-content\/uploads\/2023\/06\/WhatsApp-Image-2023-06-26-at-8.19.25-PM-1200x677.jpeg 1200w, https:\/\/diarioelpopular.com\/wp-content\/uploads\/2023\/06\/WhatsApp-Image-2023-06-26-at-8.19.25-PM-300x169.jpeg 300w, https:\/\/diarioelpopular.com\/wp-content\/uploads\/2023\/06\/WhatsApp-Image-2023-06-26-at-8.19.25-PM-768x433.jpeg 768w, https:\/\/diarioelpopular.com\/wp-content\/uploads\/2023\/06\/WhatsApp-Image-2023-06-26-at-8.19.25-PM-636x359.jpeg 636w, https:\/\/diarioelpopular.com\/wp-content\/uploads\/2023\/06\/WhatsApp-Image-2023-06-26-at-8.19.25-PM-129x73.jpeg 129w, https:\/\/diarioelpopular.com\/wp-content\/uploads\/2023\/06\/WhatsApp-Image-2023-06-26-at-8.19.25-PM.jpeg 1024w\" sizes=\"auto, (max-width: 1200px) 100vw, 1200px\" \/><\/p>\n<p>&nbsp;<\/p>\n<ul>\n<li class=\"p2\"><strong>Este 27 de junio, es el D\u00eda del multiculturalismo canadiense en honor a la diversidad de comunidades culturales que ayudan a construir una sociedad canadiense fuerte y vibrante, con varios eventos organizados en diferentes \u00e1reas de Toronto y alrededores.<\/strong> <span class=\"Apple-converted-space\">\u00a0<\/span><\/li>\n<\/ul>\n<p>&nbsp;<\/p>\n<p class=\"p2\"><em><strong>TORONTO.-<\/strong><\/em> Dos residentes de origen colombiano,<span class=\"Apple-converted-space\">\u00a0 <\/span>Daniel Garcia Herreros y el Maestro Carlos Bastidas, est\u00e1n a la cabeza de dos eventos que prometen una oportunidad para celebrar la diversidad cultural que nos enriquece colectivamente y reafirmar nuestro compromiso con la equidad, la inclusi\u00f3n y el respeto mutuo.<\/p>\n<p class=\"p2\">Daniel Garcia Herreros presenta hoy el Pan American Multicultural Day en College Park, 444 Yonge Street, en pleno centro de la ciudad. Daniel ofrece un programa variado de folklore, cantantes, artesan\u00edas<span class=\"Apple-converted-space\">\u00a0 <\/span>y deliciosas opciones culinarias de diferentes pa\u00edses latinoamericanos. <span class=\"Apple-converted-space\">\u00a0<\/span><\/p>\n<p class=\"p2\">Por otra parte el destacado Maestro Carlos Bastidas nos invita este atardecer, a disfrutar del concierto presentado por \u201cThe Ontario Pops Orchestra\u201d.<span class=\"Apple-converted-space\">\u00a0 <\/span>El evento musical llamado \u201calrededor del mundo en un d\u00eda\u201d comienza a las 8:00 de la noche y se llevar\u00e1 a cabo en Mel Lastman Square 5100 Yonge Street, adem\u00e1s cuentan con varias opciones de comida, artesan\u00edas y mucho m\u00e1s.<span class=\"Apple-converted-space\">\u00a0 \u00a0<\/span><\/p>\n<p class=\"p2\">\u00a1Seamos parte del D\u00eda del Multiculturalismo Canadiense!<span class=\"Apple-converted-space\">\u00a0<\/span><\/p>\n<p><img loading=\"lazy\" decoding=\"async\" class=\"alignnone size-custom-full-size wp-image-511155\" src=\"https:\/\/diarioelpopular.com\/wp-content\/uploads\/2023\/06\/mel-lastman-636x636.jpg\" alt=\"\" width=\"636\" height=\"636\" srcset=\"https:\/\/diarioelpopular.com\/wp-content\/uploads\/2023\/06\/mel-lastman-636x636.jpg 636w, https:\/\/diarioelpopular.com\/wp-content\/uploads\/2023\/06\/mel-lastman-150x150.jpg 150w, https:\/\/diarioelpopular.com\/wp-content\/uploads\/2023\/06\/mel-lastman-300x300.jpg 300w, https:\/\/diarioelpopular.com\/wp-content\/uploads\/2023\/06\/mel-lastman-768x768.jpg 768w, https:\/\/diarioelpopular.com\/wp-content\/uploads\/2023\/06\/mel-lastman-73x73.jpg 73w, https:\/\/diarioelpopular.com\/wp-content\/uploads\/2023\/06\/mel-lastman.jpg 1024w\" sizes=\"auto, (max-width: 636px) 100vw, 636px\" \/><\/p>\n","protected":false},"excerpt":{"rendered":"<p>&nbsp; Este 27 de junio, es el D\u00eda del multiculturalismo canadiense en honor a la diversidad de comunidades culturales que ayudan a construir una sociedad&hellip;<\/p>\n","protected":false},"author":99,"featured_media":511154,"comment_status":"open","ping_status":"open","sticky":false,"template":"","format":"standard","meta":{"footnotes":""},"categories":[21,2482],"tags":[],"class_list":["post-511153","post","type-post","status-publish","format-standard","has-post-thumbnail","hentry","category-canada","category-espectaculo"],"_links":{"self":[{"href":"https:\/\/diarioelpopular.com\/index.php\/wp-json\/wp\/v2\/posts\/511153","targetHints":{"allow":["GET"]}}],"collection":[{"href":"https:\/\/diarioelpopular.com\/index.php\/wp-json\/wp\/v2\/posts"}],"about":[{"href":"https:\/\/diarioelpopular.com\/index.php\/wp-json\/wp\/v2\/types\/post"}],"author":[{"embeddable":true,"href":"https:\/\/diarioelpopular.com\/index.php\/wp-json\/wp\/v2\/users\/99"}],"replies":[{"embeddable":true,"href":"https:\/\/diarioelpopular.com\/index.php\/wp-json\/wp\/v2\/comments?post=511153"}],"version-history":[{"count":2,"href":"https:\/\/diarioelpopular.com\/index.php\/wp-json\/wp\/v2\/posts\/511153\/revisions"}],"predecessor-version":[{"id":511157,"href":"https:\/\/diarioelpopular.com\/index.php\/wp-json\/wp\/v2\/posts\/511153\/revisions\/511157"}],"wp:featuredmedia":[{"embeddable":true,"href":"https:\/\/diarioelpopular.com\/index.php\/wp-json\/wp\/v2\/media\/511154"}],"wp:attachment":[{"href":"https:\/\/diarioelpopular.com\/index.php\/wp-json\/wp\/v2\/media?parent=511153"}],"wp:term":[{"taxonomy":"category","embeddable":true,"href":"https:\/\/diarioelpopular.com\/index.php\/wp-json\/wp\/v2\/categories?post=511153"},{"taxonomy":"post_tag","embeddable":true,"href":"https:\/\/diarioelpopular.com\/index.php\/wp-json\/wp\/v2\/tags?post=511153"}],"curies":[{"name":"wp","href":"https:\/\/api.w.org\/{rel}","templated":true}]}}