{"id":511208,"date":"2023-06-30T09:33:21","date_gmt":"2023-06-30T13:33:21","guid":{"rendered":"https:\/\/diarioelpopular.com\/?p=511208"},"modified":"2023-06-30T09:33:21","modified_gmt":"2023-06-30T13:33:21","slug":"de-los-errores-en-comun-a-la-tortura-de-los-horrores","status":"publish","type":"post","link":"https:\/\/diarioelpopular.com\/index.php\/2023\/06\/30\/de-los-errores-en-comun-a-la-tortura-de-los-horrores\/","title":{"rendered":"DE LOS ERRORES EN COM\u00daN,\u00a0  A LA TORTURA DE LOS HORRORES"},"content":{"rendered":"<p class=\"p4\"><b><i><span class=\"Apple-converted-space\">\u00a0<\/span>\u201cLo normal es que caigamos en los equ\u00edvocos, pero cuando se ha errado, lo sensato es corregirse y no obstinarse\u201d.<\/i><\/b><\/p>\n<p class=\"p6\"><b><i>=============================<\/i><\/b><\/p>\n<p class=\"p6\"><b><i>V\u00edctor CORCOBA HERRERO\/ Escritor<\/i><\/b><\/p>\n<p class=\"p6\"><b><i>corcoba@telefonica.net <\/i><\/b><\/p>\n<p class=\"p6\"><b>=============================<\/b><span class=\"Apple-converted-space\">\u00a0<\/span><\/p>\n<p class=\"p8\">Jam\u00e1s hay que pactar con los dislates, salgamos de ellos sin temor a equivocarnos. Lo importante<span class=\"Apple-converted-space\">\u00a0 <\/span>radica en levantarse de las ca\u00eddas, en dejarse de torturar, pero en tomar el camino correcto, utilizando la c\u00e1tedra viviente para poder seguir adelante, recordando andares vividos, descifrando pasos y creciendo humanamente. Sabemos por experiencia que, \u00fanicamente quien sabe reconocer los desaciertos, se vuelve comprensivo<span class=\"Apple-converted-space\">\u00a0 <\/span>y no hace de los caminos un tormento. Seguramente tendremos que repensar mucho m\u00e1s lo que hacemos, tener clemencia con todo y hacia todos, porque nadie estamos libres de nadar en el terreno de la confusi\u00f3n. Por eso, es fundamental escuchar en el silencio la voz de la conciencia, tener tiempo para nosotros mismos, rehabilitarnos y no degradarnos, como consecuencia de pr\u00e1cticas sistem\u00e1ticas que nos amortajan el coraz\u00f3n. <span class=\"Apple-converted-space\">\u00a0<\/span><\/p>\n<p class=\"p8\">Lo sustancial radica en trabajar nuestros interiores, en abrirnos y en no levantar celdas que nos restrinjan los sue\u00f1os, en atendernos mutuamente y en entendernos con la propia mirada del alma. Lo peor no est\u00e1 en cometer el desliz humano, sino en tratar de justificarlo, en lugar de aprovecharlo como llamada y, as\u00ed, poder enmendar nuestra ligereza o ignorancia. La cuesti\u00f3n, pues, no reside en martirizarnos. Es un error practicarlo y un pavor cultivarlo. Desde luego, hay que desmantelar y transformar los sistemas que permiten la tortura. Estamos llamados a salvaguardarnos unos a otros, a ocuparnos y a preocuparnos por nuestro diario existencial. Lo normal es que caigamos en los equ\u00edvocos, pero cuando se ha errado, lo sensato es corregirse y no obstinarse. Sin duda, hoy m\u00e1s que nunca, tenemos que reencontrarnos, encontrar la valent\u00eda de quitar la m\u00e1scara y hallar el valor de transformarse.<\/p>\n<p class=\"p8\">Indudablemente, los cambios no son nada f\u00e1ciles, nuestra debilidad es grande. Este mundo nos ahoga, tambi\u00e9n nos acosa con mil adicciones absurdas; y, adem\u00e1s, contamos con un alto nivel de impunidad que persiste en los casos m\u00e1s pavorosos de sufrimiento. La propia pasividad mundana, muchas veces se convierte en un suplicio. De ah\u00ed, lo necesario que es el apoyo de ayudas y servicios precisos, orientados al respeto de la dignidad o de la identidad, en un contexto de generosidad y entrega. Para desgracia nuestra, vivimos en un orbe preso de opresiones, de mujeres y hombres perseguidos, a trav\u00e9s de asentamientos que nos esclavizan y acongojan de injusticias, que nos dejan sin fuerza y sin palabras. No es f\u00e1cil ser libre hoy, y m\u00e1s cuando hemos perdido la moral para corregir los continuos traspi\u00e9s de nuestros impulsos.<\/p>\n<p class=\"p8\">Nuestra propia biograf\u00eda se repite. Este es uno de los tropezones de nuestro acontecer diario, que nos aflige en cualquier esquina, y que en cuantiosas ocasiones no sabemos quitarnos. En efecto, tenemos que saber perdonar los desaciertos. Sea como fuere, es menos diab\u00f3lico zarandearse en la vacilaci\u00f3n que reposar en el desprop\u00f3sito. Lo sustancial es terminar con los tiempos de impunidad y dar comienzo a una era de responsabilidad, con lo que ello supone de sanaci\u00f3n de heridas y de examen de nuestros sentimientos. Desde luego, no hay mejor consolaci\u00f3n que hacer frente a las falsedades con hechos aut\u00e9nticos, activar el compromiso de la acci\u00f3n previo detener el discurso del odio y no culpar a los dem\u00e1s de nuestros traspi\u00e9s. Jugar limpio, desde una \u00e9tica global de solidaridad y cooperaci\u00f3n,<span class=\"Apple-converted-space\">\u00a0 <\/span>es crucial<span class=\"Apple-converted-space\">\u00a0 <\/span>para no cometer las mismas ruinas del pasado.<\/p>\n<p class=\"p8\">Es verdad que, con la aurora, se nos insta a un nuevo despertar. Sin embargo, nuestra presencia est\u00e1 repleta de traiciones; y, cada cual consigo mismo, debe ingeni\u00e1rselas para no crucificarse en sus propias cruces, comenzando por mantener a raya el horror, el abatimiento y el aislamiento. Precisamente, en cada instante<span class=\"Apple-converted-space\">\u00a0 <\/span>se nos exhorta a entrar en el campo de batalla con la garant\u00eda de progresar, nunca de retroceder, sabiendo que todo comienza desde su propia persona. Al fin y al cabo, lo trascendente es acabar reconociendo en el enemigo el rostro del hermano. En consecuencia, el abecedario arm\u00f3nico germina como un compromiso constante en el tiempo. Ha de ser, por otra parte,<span class=\"Apple-converted-space\">\u00a0 <\/span>un trabajo constante y paciente que busca la verdad y rebusca la justicia, que es lo que incentiva el bien com\u00fan. Fuera, pues, los espantos que nos desmoronan hacia un precipicio aterrador, aunque yo prefiero los resbalones de locura a la flojedad de la sabidur\u00eda, sabiendo que a la paz se le abraza cuando se la desea.<span class=\"Apple-converted-space\">\u00a0<\/span><\/p>\n<p class=\"p9\"><span class=\"Apple-converted-space\">\u00a0<\/span><\/p>\n<p class=\"p10\"><span class=\"s3\"><span class=\"Apple-converted-space\">\u00a0<\/span><\/span><b>V\u00edctor CORCOBA HERRERO\/ Escritor<\/b><\/p>\n<p class=\"p11\"><b><span class=\"Apple-converted-space\">\u00a0<\/span>HYPERLINK &#8220;mailto:corcoba@telefonica.net&#8221; <\/b><span class=\"s4\"><b>corcoba@telefonica.net<\/b><\/span><\/p>\n<p class=\"p11\"><b>30 de junio de 2023<\/b><\/p>\n","protected":false},"excerpt":{"rendered":"<p>\u00a0\u201cLo normal es que caigamos en los equ\u00edvocos, pero cuando se ha errado, lo sensato es corregirse y no obstinarse\u201d. ============================= V\u00edctor CORCOBA HERRERO\/ Escritor&hellip;<\/p>\n","protected":false},"author":99,"featured_media":0,"comment_status":"open","ping_status":"open","sticky":false,"template":"","format":"standard","meta":{"footnotes":""},"categories":[11353,81],"tags":[],"class_list":["post-511208","post","type-post","status-publish","format-standard","hentry","category-algo-mas-que-palabras","category-columnistas"],"_links":{"self":[{"href":"https:\/\/diarioelpopular.com\/index.php\/wp-json\/wp\/v2\/posts\/511208","targetHints":{"allow":["GET"]}}],"collection":[{"href":"https:\/\/diarioelpopular.com\/index.php\/wp-json\/wp\/v2\/posts"}],"about":[{"href":"https:\/\/diarioelpopular.com\/index.php\/wp-json\/wp\/v2\/types\/post"}],"author":[{"embeddable":true,"href":"https:\/\/diarioelpopular.com\/index.php\/wp-json\/wp\/v2\/users\/99"}],"replies":[{"embeddable":true,"href":"https:\/\/diarioelpopular.com\/index.php\/wp-json\/wp\/v2\/comments?post=511208"}],"version-history":[{"count":1,"href":"https:\/\/diarioelpopular.com\/index.php\/wp-json\/wp\/v2\/posts\/511208\/revisions"}],"predecessor-version":[{"id":511209,"href":"https:\/\/diarioelpopular.com\/index.php\/wp-json\/wp\/v2\/posts\/511208\/revisions\/511209"}],"wp:attachment":[{"href":"https:\/\/diarioelpopular.com\/index.php\/wp-json\/wp\/v2\/media?parent=511208"}],"wp:term":[{"taxonomy":"category","embeddable":true,"href":"https:\/\/diarioelpopular.com\/index.php\/wp-json\/wp\/v2\/categories?post=511208"},{"taxonomy":"post_tag","embeddable":true,"href":"https:\/\/diarioelpopular.com\/index.php\/wp-json\/wp\/v2\/tags?post=511208"}],"curies":[{"name":"wp","href":"https:\/\/api.w.org\/{rel}","templated":true}]}}