{"id":511210,"date":"2023-06-30T09:39:27","date_gmt":"2023-06-30T13:39:27","guid":{"rendered":"https:\/\/diarioelpopular.com\/?p=511210"},"modified":"2023-06-30T09:39:27","modified_gmt":"2023-06-30T13:39:27","slug":"so-much-tenderness-canada-2022-un-film-escrito-y-dirigido-por-lina-rodriguez-118-minutos","status":"publish","type":"post","link":"https:\/\/diarioelpopular.com\/index.php\/2023\/06\/30\/so-much-tenderness-canada-2022-un-film-escrito-y-dirigido-por-lina-rodriguez-118-minutos\/","title":{"rendered":"SO MUCH TENDERNESS. Canad\u00e1, 2022. Un film escrito y dirigido por Lina Rodr\u00edguez. 118 minutos"},"content":{"rendered":"<p><img loading=\"lazy\" decoding=\"async\" class=\"alignnone size-custom-full-size wp-image-511211\" src=\"https:\/\/diarioelpopular.com\/wp-content\/uploads\/2023\/06\/SO-MUCH-TENDERNESS-636x318.jpg\" alt=\"\" width=\"636\" height=\"318\" srcset=\"https:\/\/diarioelpopular.com\/wp-content\/uploads\/2023\/06\/SO-MUCH-TENDERNESS-636x318.jpg 636w, https:\/\/diarioelpopular.com\/wp-content\/uploads\/2023\/06\/SO-MUCH-TENDERNESS-300x150.jpg 300w, https:\/\/diarioelpopular.com\/wp-content\/uploads\/2023\/06\/SO-MUCH-TENDERNESS-768x384.jpg 768w, https:\/\/diarioelpopular.com\/wp-content\/uploads\/2023\/06\/SO-MUCH-TENDERNESS-1200x600.jpg 1200w, https:\/\/diarioelpopular.com\/wp-content\/uploads\/2023\/06\/SO-MUCH-TENDERNESS-146x73.jpg 146w, https:\/\/diarioelpopular.com\/wp-content\/uploads\/2023\/06\/SO-MUCH-TENDERNESS.jpg 1024w\" sizes=\"auto, (max-width: 636px) 100vw, 636px\" \/><\/p>\n<p class=\"p1\"><strong><em>Natalia Aranguren y No\u00eblle Sch\u00f6nwald<span class=\"Apple-converted-space\">\u00a0 <\/span>en SO MUCH TENDERNESS<\/em><\/strong><\/p>\n<p>&nbsp;<\/p>\n<p class=\"p1\"><b>Por Jorge Gutman<\/b><\/p>\n<p class=\"p3\"><b>SO MUCH TENDERNESS<\/b>. Canad\u00e1, 2022. Un film escrito y dirigido por Lina Rodr\u00edguez. 118 minutos<\/p>\n<p class=\"p4\">Despu\u00e9s de haber realizado el<span class=\"Apple-converted-space\">\u00a0 <\/span>documental <i>Mis Dos Voces<\/i> (2022),<span class=\"Apple-converted-space\">\u00a0 <\/span>la realizadora Lina Rodr\u00edguez ofrece en <b>So Much Tenderness<\/b> un relato de ficci\u00f3n mostrando c\u00f3mo la violencia que amenaza la vida de una persona en su pa\u00eds de origen la fuerza a buscar refugio y protecci\u00f3n en otros lugares del mundo. Teniendo en consideraci\u00f3n que la cineasta de origen colombiano vivi\u00f3 la experiencia migratoria al llegar a Canad\u00e1, ha sido capaz de volcar en parte esa sensaci\u00f3n en la protagonista del presente relato.<span class=\"Apple-converted-space\">\u00a0<\/span><\/p>\n<p class=\"p4\">En un gui\u00f3n que le pertenece, Rodr\u00edguez presenta a Aurora (No\u00eblle Sch\u00f6nwald), una abogada colombiana que trabaj\u00f3 en Colombia en una organizaci\u00f3n no gubernamental (NGO) abordando proyectos del medio ambiente. Cuando esta profesional denuncia irregularidades de una importante corporaci\u00f3n italiana que realiza negocios ilegales en el pa\u00eds, recibe a trav\u00e9s de e-mails amenazas de muerte para ella y su familia. Al ser asesinado su esposo Adri\u00e1n (Juan Pablo Cruz)\u00a0 resuelve dejar Colombia sin su peque\u00f1a hija que queda transitoriamente a cargo de sus padres. Gracias a la buena disposici\u00f3n de un matrimonio amigo (Deragh Campbell y Kazik Radwanski) y siendo resguardada en el ba\u00fal de un auto Aurora logra ingresar a Canad\u00e1 como refugiada; al hacerlo, justifica las razones por las que huy\u00f3 de su pa\u00eds\u00a0 a\u00a0 un funcionario de inmigraci\u00f3n con la ayuda de una traductora (Luisa \u00c1lvarez Restrepo) al no dominar el ingl\u00e9s; finalmente obtiene su residencia legal.<span class=\"Apple-converted-space\">\u00a0<\/span><\/p>\n<p class=\"p4\">El relato adquiere considerable vigor dram\u00e1tico al trasladar la acci\u00f3n cinco a\u00f1os despu\u00e9s. Esta mujer en compa\u00f1\u00eda de su adolescente hija Lucia (Natalia Aranguren) vive en Toronto donde se encuentra\u00a0completamente aclimatada a la vida canadiense, dando clases de espa\u00f1ol y trabajando como<span class=\"Apple-converted-space\">\u00a0 <\/span>maestra jardinera, en tanto que Luc\u00eda est\u00e1 empleada en un peque\u00f1o mercado; a todo ello, socialmente Aurora est\u00e1 rodeada de amigos, algunos de ellos similarmente expatriados. Con todo siempre recuerda a su querido marido vilmente matado y ese brutal incidente reflota cuando descubre que en Toronto habita su primo Edgar (Francisco Zald\u00faa) quien estuvo indirectamente involucrado en el homicidio de Adri\u00e1n. Ese hecho, que generar\u00e1 en ella un elemento traum\u00e1tico al producirle un intenso temor y angustia, impulsa a que el relato adquiera un inesperado y convincente tono de suspenso.<\/p>\n<p class=\"p4\">Con buenos antecedentes de sus anteriores trabajos de ficci\u00f3n (<i>Se\u00f1oritas<\/i> en 2013 y <i>Ma\u00f1ana a esta hora<\/i> en 2016), Rodr\u00edguez transmite su sensibilidad femenina en este drama humano imbuido de considerable ternura. Con la acertada descripci\u00f3n que efect\u00faa de Aurora, la realizadora cont\u00f3 con la remarcable actuaci\u00f3n de \u00a0Sch\u00f6nwald quien con plena convicci\u00f3n expresa en su \u00a0personaje\u00a0 el vuelco emocional sufrido reviviendo\u00a0 su doloroso pasado.<\/p>\n<p class=\"p5\"><b>SUR LES CHEMINS NOIRS<\/b>. Francia, 2023. Un film de Denis Imbert. 95 minutos<\/p>\n<p><img loading=\"lazy\" decoding=\"async\" class=\"alignnone size-custom-full-size wp-image-511212\" src=\"https:\/\/diarioelpopular.com\/wp-content\/uploads\/2023\/06\/SUR-LES-CHEMINS-NOIRS-636x425.jpg\" alt=\"\" width=\"636\" height=\"425\" srcset=\"https:\/\/diarioelpopular.com\/wp-content\/uploads\/2023\/06\/SUR-LES-CHEMINS-NOIRS-636x425.jpg 636w, https:\/\/diarioelpopular.com\/wp-content\/uploads\/2023\/06\/SUR-LES-CHEMINS-NOIRS-300x200.jpg 300w, https:\/\/diarioelpopular.com\/wp-content\/uploads\/2023\/06\/SUR-LES-CHEMINS-NOIRS-768x513.jpg 768w, https:\/\/diarioelpopular.com\/wp-content\/uploads\/2023\/06\/SUR-LES-CHEMINS-NOIRS-109x73.jpg 109w, https:\/\/diarioelpopular.com\/wp-content\/uploads\/2023\/06\/SUR-LES-CHEMINS-NOIRS.jpg 1023w\" sizes=\"auto, (max-width: 636px) 100vw, 636px\" \/><\/p>\n<h5 class=\"p1\"><em>Jean Dujardin en SUR LES CHEMINS NOIRS<\/em><\/h5>\n<p>&nbsp;<\/p>\n<p class=\"p6\">Con su tercer largometraje, el director franc\u00e9s Denis Imbert brinda en <b>Sur les chemins noirs<\/b> la experiencia vivida por el escritor y empedernido viajero franc\u00e9s Sylvain Tesson. <span class=\"Apple-converted-space\">\u00a0<\/span><\/p>\n<p class=\"p6\">En agosto de 2014 Tesson se cae de casi 10 metros de altura<span class=\"Apple-converted-space\">\u00a0 <\/span>al haber escalado la fachada de una casa en Chamonix-Mont-Blanc. Habiendo sufrido un grav\u00edsimo traumatismo craneoencef\u00e1lico con m\u00faltiples fracturas, es hospitalizado en Annecy y despu\u00e9s de haber estado en coma por ocho d\u00edas despierta sin haber experimentado ninguna secuela neurol\u00f3gica.<span class=\"Apple-converted-space\">\u00a0 <\/span>Consecuentemente, el autor se inspira para relatar su vivencia y en el que Imbert evoca este drama en la adaptaci\u00f3n del libro realizada con participaci\u00f3n del autor y del dramaturgo Diast\u00e8me.<span class=\"Apple-converted-space\">\u00a0<\/span><\/p>\n<p class=\"p6\">En la ficci\u00f3n, Jean Dujardin asume el rol de Pierre Girard (alter ego de Tesson) quien f\u00edsicamente disminuido por el grave percance y haciendo o\u00eddos sordos a los consejos de los que lo rodean decide emprender una enorme traves\u00eda para atravesar su nativa tierra desde Mercantour hasta Cotentin, cuya distancia de aproximadamente 1300 kil\u00f3metros constituir\u00e1 para \u00e9l un viaje terap\u00e9utico al entrar en contacto con la naturaleza. Asimismo eso le sirve para ir rememorando su agitado pasado, trayendo recuerdos de su amiga Anna (Jos\u00e9phine Japy), la partida de su madre (voz de Marie-Christine Barrault) y reflexionar sobre lo que est\u00e1 viviendo ahora, con posterioridad al suceso. En esa traves\u00eda a trav\u00e9s de desoladas tierras de la campi\u00f1a francesa, en varias secciones del itinerario \u00e9l estar\u00e1<span class=\"Apple-converted-space\">\u00a0 <\/span>acompa\u00f1ado por su hermana C\u00e9line (Izia Higelin), su amigo Arnaud (Jonathan Zaccai) y especialmente por la generosidad y apoyo recibido de su otro amigo Dylan (Dylan Robert).<\/p>\n<p class=\"p6\">Evitando caer en un relato deprimente, la historia volcada en peque\u00f1os cuadernos que nos informa la voz en off de Pierre, provee a la audiencia un buen estudio caracterol\u00f3gico de este personaje en procura de redenci\u00f3n y recuperaci\u00f3n del alma perdida. <span class=\"Apple-converted-space\">\u00a0<\/span><\/p>\n<p class=\"p6\">M\u00e1s all\u00e1 de la excelente dramatizaci\u00f3n que Dujardin logra de una persona no del todo agradable, resulta interesante apreciar el esmerado tratamiento esbozado por Imbert ilustrando c\u00f3mo un grave evento puede cambiar la vida de un ser humano. <span class=\"Apple-converted-space\">\u00a0<\/span><\/p>\n<p class=\"p6\">Dejando de lado los paisajes tur\u00edsticos de Francia, esta pel\u00edcula s\u00f3lidamente realizada por Imbert<span class=\"Apple-converted-space\">\u00a0 <\/span>a su vez se valoriza por la fotograf\u00eda de <span class=\"s1\">Magali Silvestre de Sacy que captando una vasta regi\u00f3n olvidada del pa\u00eds provee una sublime belleza visual.<\/span><\/p>\n<p class=\"p7\">Ciertamente teniendo en cuenta el tono decididamente literario \u00e9ste es el t\u00edpico film introspectivo en el que el p\u00fablico selectivo sabr\u00e1 apreciar el lirismo y poes\u00eda que emerge de las palabras de Tesson..<\/p>\n<p class=\"p4\"><b>NO HARD FEELINGS<\/b>. Estados Unidos, 2023. Un film de Gene Stupnitsky. 103 minutos<\/p>\n<p><img loading=\"lazy\" decoding=\"async\" class=\"alignnone size-custom-full-size wp-image-511213\" src=\"https:\/\/diarioelpopular.com\/wp-content\/uploads\/2023\/06\/NO-HARD-FEELINGS-636x358.jpg\" alt=\"\" width=\"636\" height=\"358\" srcset=\"https:\/\/diarioelpopular.com\/wp-content\/uploads\/2023\/06\/NO-HARD-FEELINGS-636x358.jpg 636w, https:\/\/diarioelpopular.com\/wp-content\/uploads\/2023\/06\/NO-HARD-FEELINGS-300x169.jpg 300w, https:\/\/diarioelpopular.com\/wp-content\/uploads\/2023\/06\/NO-HARD-FEELINGS-768x432.jpg 768w, https:\/\/diarioelpopular.com\/wp-content\/uploads\/2023\/06\/NO-HARD-FEELINGS-1200x675.jpg 1200w, https:\/\/diarioelpopular.com\/wp-content\/uploads\/2023\/06\/NO-HARD-FEELINGS-130x73.jpg 130w, https:\/\/diarioelpopular.com\/wp-content\/uploads\/2023\/06\/NO-HARD-FEELINGS.jpg 1024w\" sizes=\"auto, (max-width: 636px) 100vw, 636px\" \/><\/p>\n<p class=\"p1\"><em><strong>Jennifer Lawrence en NO HARD FEELINGS<\/strong><\/em><\/p>\n<p>&nbsp;<\/p>\n<p class=\"p4\">Una comedia sexual de muy dudoso gusto es lo que se contempla en <b>No Hard Feelings<\/b>; a pesar de estar protagonizada por la remarcable Jennifer Lawrence quien obtuvo un merecido Oscar por su actuaci\u00f3n en <i>Silver Linings Playbook<\/i> (2012).<span class=\"Apple-converted-space\">\u00a0<\/span><\/p>\n<p class=\"p4\">La premisa del gui\u00f3n elaborado por el realizador Gene Stupnitsky con la colaboraci\u00f3n de John Phillips en principio ofrece cierto inter\u00e9s. La din\u00e1mica Lawrence anima a Maddie, una mujer de 32 a\u00f1os que habita en la ciudad costera de Montaux en Long Island; su estilo de vida irresponsable motiva que debido a impuestos impagos est\u00e9 a punto de perder su casa heredada de su difunta madre monoparental.<span class=\"Apple-converted-space\">\u00a0 <\/span>A ello se une la circunstancia de que al estar igualmente retrasada en el pago de su coche que lo utiliza para su trabajo en Uber, el veh\u00edculo le es remolcado por Gary (Ebon Moss-Bacharach), uno de sus varios ocasionales affaires.<\/p>\n<p class=\"p4\">Desesperada por lograr dinero ella responde a un aviso colocado por Laird Becker (Matthew Broderick) y Allison Becker (Laura Benanti); se trata de un matrimonio millonario<span class=\"Apple-converted-space\">\u00a0 <\/span>que desea<span class=\"Apple-converted-space\">\u00a0 <\/span>encontrar a la joven ideal que permita salir del cascar\u00f3n a su a\u00fan virgen introvertido hijo Percy (Andrew Barth Feldman) de 19 a\u00f1os<span class=\"Apple-converted-space\">\u00a0 <\/span>para que pueda socialmente adaptarse en v\u00edsperas de entrar a la Universidad de Princeton. Desde el vamos resulta un tanto extra\u00f1o que al entrevistar a la candidata de no muy adecuada presentaci\u00f3n, esta pareja la acepte a pesar<span class=\"Apple-converted-space\">\u00a0 <\/span>de la diferencia marcada entre su edad y la de Percy. Dejando de lado ese aspecto, lo cierto es que Maddie recibe del matrimonio un Buick nuevo cuyo confort permitir\u00e1 transportar a Percy y poder intimar dentro del mismo; asimismo, ella deber\u00e1 ocultarle el arreglo dispuesto con sus padres.<\/p>\n<p class=\"p4\">Si bien el contacto inicial de Maddie con Percy donde trabaja de voluntario en un local de adopci\u00f3n de animales tiene cierta gracia, la misma r\u00e1pidamente se diluye cuando en forma intempestiva ella poco menos que lo arrastra incorpor\u00e1ndolo al coche. A partir de all\u00ed resulta incongruente comprobar los r\u00fasticos procedimientos que ella emplea para conquistarlo; su atrevido comportamiento lo demuestra cuando <span class=\"Apple-converted-space\">\u00a0 <\/span>se desnuda en la playa frente a \u00e9l tratando de seducirlo, o bien cuando violentamente irrumpe en una fiesta donde \u00e9l celebra con sus compa\u00f1eros de clase el final de los estudios.<span class=\"Apple-converted-space\">\u00a0<\/span><\/p>\n<p class=\"p4\">Aunque Lawrence despliega una energ\u00eda irrefrenable a lo largo de esta historia, lo cierto es que su inestable, inmaduro y absurdo personaje impide que pueda existir el m\u00ednimo de empat\u00eda requerido. Eso es debido a una pobre marcaci\u00f3n actoral impresa por el realizador, quien parece estar convencido de que de ese modo la pel\u00edcula provocar\u00e1 hilaridad a la audiencia. Adem\u00e1s el contradictorio libreto destaca en Percy a un joven con madurez suficiente en su comportamiento sin que demuestre ser el antisocial muchacho como lo creen sus padres.<\/p>\n<p class=\"p4\">Tanto<span class=\"Apple-converted-space\">\u00a0 <\/span>Stupnitsky y su coguionista tratan de demostrar el empoderamiento femenino a trav\u00e9s de la conducta torpe e idiota de una mujer liberada; claro est\u00e1 que \u00e9sa no es la manera en que el<span class=\"Apple-converted-space\">\u00a0 \u00a0 <\/span>movimiento #metoo persigue su objetivo.<\/p>\n<p class=\"p4\">Para rematar este sexista e innocuo relato pretendidamente c\u00f3mico, el fl\u00e1cido gui\u00f3n nutrido de pobres di\u00e1logos trata de ser complaciente demostrando c\u00f3mo a la postre sus principales personajes arribar\u00e1n a un feliz desenlace.<span class=\"Apple-converted-space\">\u00a0 <\/span>En el elenco n\u00edtidamente sobresalen Lawrence y Barth Feldman, aunque es de lamentar que hayan brindado sus talentos al servicio de este fallido y prescindible proyecto.<span class=\"Apple-converted-space\">\u00a0<\/span><\/p>\n<p class=\"p4\">COEUR DE SLUSH. Canad\u00e1, 2023. Un film de Mariloup Wolfe. 115 minutos<\/p>\n<p><img loading=\"lazy\" decoding=\"async\" class=\"alignnone size-medium wp-image-511214\" src=\"https:\/\/diarioelpopular.com\/wp-content\/uploads\/2023\/06\/COEUR-DE-SLUSH.avif-Liliane-SkellyFrancois-Le--tourneau-y-Camille-Felton-300x168.jpg\" alt=\"\" width=\"300\" height=\"168\" srcset=\"https:\/\/diarioelpopular.com\/wp-content\/uploads\/2023\/06\/COEUR-DE-SLUSH.avif-Liliane-SkellyFrancois-Le--tourneau-y-Camille-Felton.jpg 300w, https:\/\/diarioelpopular.com\/wp-content\/uploads\/2023\/06\/COEUR-DE-SLUSH.avif-Liliane-SkellyFrancois-Le--tourneau-y-Camille-Felton-130x73.jpg 130w\" sizes=\"auto, (max-width: 300px) 100vw, 300px\" \/><\/p>\n<p class=\"p1\"><em><strong>Liliane Skelly, Fran\u00e7ois L\u00e9tourneau y Camille Felton en C\u0152UR DE SLUSH<\/strong><\/em><\/p>\n<p>&nbsp;<\/p>\n<p class=\"p4\">Esta comedia juvenil de Mariloup Wolfe est\u00e1 basada en la novela de la escritora Sarah-Maude Beauchesne narrando las peripecias de una joven adolescente durante sus vacaciones de verano en los Cantones del Este de Quebec.<\/p>\n<p class=\"p4\">La adaptaci\u00f3n realizada por la autora se centra en Billie (Liliane Skelly), una chica de 16 a\u00f1os que emocionalmente se siente retrasada como mujer; con su menstruaci\u00f3n tard\u00eda, sus piernas un poco largas, unido al factor de no haber tenido experiencia sentimental alguna, hace que su vida contraste con la de su hermana mayor Annete (Camille Felton), m\u00e1s elocuente y chispeante. Ambas hermanas guardan una buena relaci\u00f3n fraternal y en esos meses de verano, las dos se desempe\u00f1an como socorristas del parque acu\u00e1tico pr\u00f3ximo al lugar donde residen.<\/p>\n<p class=\"p4\">El nudo central del relato se produce cuando Annete despu\u00e9s de haber sido dejada de lado por Emile (Jacob Whiteduck-Lavoie), el gerente del parque con quien mantuvo un v\u00ednculo pasajero, se siente ahora atra\u00edda por el joven campe\u00f3n del ciclismo Pierre Forest (Joseph Delorey) que trabaja en el lugar. Por su parte Billie siente su coraz\u00f3n palpitar por vez primera cuando conoce al popular ciclista y de all\u00ed experimenta un amor a primera vista, lo que origina una fuerte fricci\u00f3n entre las dos hermanas. Asimismo, Billie atra\u00edda por Pierre trata de vivir su relaci\u00f3n amorosa con la mayor intensidad hasta vivir con \u00e9l su primera experiencia sexual; asimismo, con su propensi\u00f3n a la poes\u00eda ella vuelca en el papel poemas en que va relatando la variedad de sentimientos que emocionalmente la albergan.<\/p>\n<p class=\"p4\">Ciertamente el relato dista de ser original pero hay varios aspectos destacables. En primer lugar es el magn\u00edfico elenco donde la debutante Skelly deslumbra con la sensibilidad\u00a0 que logra transmitir en el personaje protag\u00f3nico; a su vez Felton como la perfecta hermana brinda convicci\u00f3n en el v\u00ednculo mantenido con Billie. Complementando el elenco el veterano Fran\u00e7ois L\u00e9tourneau en el rol de padre destila ternura preocup\u00e1ndose sobre lo qu\u00e9 acontece con sus dos hijas. A la simpat\u00eda donjuanesca que ofrece Delorey como el rompecorazones de ambas hermanas, el elenco se complete con Salma Serraji y Vivi-Anne Riel como las grandes amigas de Billie.<\/p>\n<p class=\"p4\">Complementando la lograda fotograf\u00eda de Simon-Pierre Gingras se halla la agradable banda sonora de Jean-Phi Goncalves animada con bellas canciones en donde la m\u00e1s popular\u00a0 es la de Joe Dassin Et si tu n\u2019existais pas que es la preferida de Pierre y que Billie la canta en p\u00fablico para tratar de atraerlo.<\/p>\n<p class=\"p4\">Teniendo como destinatario principal a un p\u00fablico adolescente, dentro de su liviandad Coeur de Slush no resulta demasiado memorable; con todo es loable la realizaci\u00f3n correcta de Wolfe al enfatizar la importancia de la unidad familiar ilustrando c\u00f3mo se fortalece el v\u00ednculo fraternal superando la rivalidad existente, al propio tiempo que resalta el valor de la amistad.<\/p>\n","protected":false},"excerpt":{"rendered":"<p>Natalia Aranguren y No\u00eblle Sch\u00f6nwald\u00a0 en SO MUCH TENDERNESS &nbsp; Por Jorge Gutman SO MUCH TENDERNESS. Canad\u00e1, 2022. Un film escrito y dirigido por Lina&hellip;<\/p>\n","protected":false},"author":99,"featured_media":511211,"comment_status":"open","ping_status":"open","sticky":false,"template":"","format":"standard","meta":{"footnotes":""},"categories":[80,81,2482,434],"tags":[],"class_list":["post-511210","post","type-post","status-publish","format-standard","has-post-thumbnail","hentry","category-cine-2","category-columnistas","category-espectaculo","category-hablemos-de-cine"],"_links":{"self":[{"href":"https:\/\/diarioelpopular.com\/index.php\/wp-json\/wp\/v2\/posts\/511210","targetHints":{"allow":["GET"]}}],"collection":[{"href":"https:\/\/diarioelpopular.com\/index.php\/wp-json\/wp\/v2\/posts"}],"about":[{"href":"https:\/\/diarioelpopular.com\/index.php\/wp-json\/wp\/v2\/types\/post"}],"author":[{"embeddable":true,"href":"https:\/\/diarioelpopular.com\/index.php\/wp-json\/wp\/v2\/users\/99"}],"replies":[{"embeddable":true,"href":"https:\/\/diarioelpopular.com\/index.php\/wp-json\/wp\/v2\/comments?post=511210"}],"version-history":[{"count":1,"href":"https:\/\/diarioelpopular.com\/index.php\/wp-json\/wp\/v2\/posts\/511210\/revisions"}],"predecessor-version":[{"id":511215,"href":"https:\/\/diarioelpopular.com\/index.php\/wp-json\/wp\/v2\/posts\/511210\/revisions\/511215"}],"wp:featuredmedia":[{"embeddable":true,"href":"https:\/\/diarioelpopular.com\/index.php\/wp-json\/wp\/v2\/media\/511211"}],"wp:attachment":[{"href":"https:\/\/diarioelpopular.com\/index.php\/wp-json\/wp\/v2\/media?parent=511210"}],"wp:term":[{"taxonomy":"category","embeddable":true,"href":"https:\/\/diarioelpopular.com\/index.php\/wp-json\/wp\/v2\/categories?post=511210"},{"taxonomy":"post_tag","embeddable":true,"href":"https:\/\/diarioelpopular.com\/index.php\/wp-json\/wp\/v2\/tags?post=511210"}],"curies":[{"name":"wp","href":"https:\/\/api.w.org\/{rel}","templated":true}]}}