{"id":511291,"date":"2023-07-06T15:28:29","date_gmt":"2023-07-06T19:28:29","guid":{"rendered":"https:\/\/diarioelpopular.com\/?p=511291"},"modified":"2023-07-06T15:28:29","modified_gmt":"2023-07-06T19:28:29","slug":"debemos-celebrar-el-dia-de-canada-esforzandonos-por-obtener-la-ciudadania-canadiense","status":"publish","type":"post","link":"https:\/\/diarioelpopular.com\/index.php\/2023\/07\/06\/debemos-celebrar-el-dia-de-canada-esforzandonos-por-obtener-la-ciudadania-canadiense\/","title":{"rendered":"Debemos celebrar el D\u00eda de Canad\u00e1 esforz\u00e1ndonos por obtener la ciudadan\u00eda canadiense"},"content":{"rendered":"<p class=\"p1\"><em><strong>Por Vilma Filici<\/strong><\/em><\/p>\n<p class=\"p1\"><em><strong>filici@filici.com<\/strong><\/em><\/p>\n<p class=\"p1\"><em><strong>TORONTO.<\/strong> <\/em>Seg\u00fan un informe de Estad\u00edsticas Canad\u00e1, el 16 de junio pasado la poblaci\u00f3n del pa\u00eds alcanz\u00f3 exactamente los 40 millones de habitantes, agregando m\u00e1s de un mill\u00f3n de nuevos residentes en un lapso de un a\u00f1o (desde enero del 2022 hasta enero de 2023) lo que significa una tasa del 2,7 por ciento, que es el aumento porcentual m\u00e1s alto en el pa\u00eds desde el a\u00f1o 1957, cuando fue del 3,3 por ciento.<\/p>\n<p class=\"p1\">Hay que considerar que la instituci\u00f3n gubernamental cuenta en tiempo real los nacimientos, las defunciones, los inmigrantes, los emigrantes, los residentes no permanentes y los migrantes interprovinciales, y que adem\u00e1s de llevar el conteo total del pa\u00eds tambi\u00e9n lleva la cuenta de la poblaci\u00f3n de cada provincia y territorio.<\/p>\n<p class=\"p1\">Pero en su informe, Estad\u00edsticas Canad\u00e1 revel\u00f3 un dato que me parece sumamente interesante, y es que de esos 40 millones de personas que viven en el pa\u00eds, alrededor de un mill\u00f3n, o mas exactamente la cantidad correspondiente al 2,5 por ciento de la poblaci\u00f3n, son residentes no permanentes (NPR) de Canad\u00e1. Es decir, son trabajadores temporales, solicitantes de refugio y estudiantes internacionales, entre otros.<\/p>\n<p class=\"p1\">Los residentes no permanentes (NPR) se comenzaron a contaron en el censo por primera vez en 1991, y constitu\u00edan el 0,8 por ciento de la poblaci\u00f3n. Ahora, en el censo del 2021, son 924,850 residentes, o sea el 2,5 por ciento de la poblaci\u00f3n total de Canad\u00e1, que el pasado jueves 30 de junio super\u00f3 los 40 millones de habitantes.<\/p>\n<p class=\"p1\">En otras palabras, este aproximadamente mill\u00f3n de personas no tienen derecho a voto y pueden ser sujeto a deportaci\u00f3n por diversas razones, como por ejemplo si cometen un delito. Sin embargo, pueden participar en sectores clave del pa\u00eds, como en el sistema de educaci\u00f3n postsecundaria y contribuir a la econom\u00eda como consumidores y trabajadores, si es que el gobierno les otorga un permiso de trabajo.<\/p>\n<p class=\"p1\">El informe tambi\u00e9n se\u00f1ala que de estos 924,850 residentes no permanentes en Canad\u00e1, solo el 40,1 por ciento es poseedor de un permiso de trabajo, y el 14,2 por ciento tiene un permiso de trabajo y estudio. Los que solo tienen un permiso de estudios (en su mayor\u00eda estudiantes internacionales) representan el 21,9 por ciento, mientras que los solicitantes de asilo (personas que buscan protecci\u00f3n como refugiados) representan el 15,1 por ciento. Las personas que viven de forma indocumentada en al pa\u00eds obviamente no fueron contadas.<\/p>\n<p class=\"p1\">Este informe fue dado a conocer en el marco de las celebraciones del D\u00eda de Canad\u00e1 el pasado viernes 1 de julio, y refleja una fotograf\u00eda de una Canad\u00e1 multicultural que realmente debe mucho de su desarrollo a la inmigraci\u00f3n que a\u00f1o con a\u00f1o llega procedente de los diversos pa\u00edses del mundo, entre ellos de Am\u00e9rica Latina.<\/p>\n<p class=\"p1\">As\u00ed, refleja que de cara al envejecimiento de la poblaci\u00f3n de Canad\u00e1, la disminuci\u00f3n de las tasas de fertilidad y la escasez de mano de obra, la econom\u00eda del pa\u00eds depende en gran medida de las personas que viven sin una residencia permanente en Canad\u00e1.<\/p>\n<p class=\"p1\">Por ejemplo, dice que la participaci\u00f3n de estas personas sin residencia permanente en la fuerza laboral del pa\u00eds es del 74,2 %, con m\u00e1s de un tercio (36,4 %) trabajando en ocupaciones de ventas y servicios, en comparaci\u00f3n con el 25 % del resto de la poblaci\u00f3n canadiense.<\/p>\n<p class=\"p1\">Tambi\u00e9n dice que estas personas sin residencia permanente en Canad\u00e1 pero que ya viven el pa\u00eds tienen un nivel educativo m\u00e1s alto en promedio que el resto de la poblaci\u00f3n canadiense, pero que sin embargo, la mayor\u00eda de ellos a menudo tienen ocupaciones que no requieren una educaci\u00f3n formal, lo que significa que la mayor\u00eda est\u00e1n sobrecalificados para sus trabajos actuales. En esta l\u00f3gica tambi\u00e9n se encuentran la mitad de los solicitantes de refugio, que son considerados que est\u00e1n sobrecalificados para sus trabajos.<\/p>\n<p class=\"p1\">Otro dato que destaca el informe es que las personas que viven en Canad\u00e1 sin residencia permanente son mucho m\u00e1s j\u00f3venes que el resto de la poblaci\u00f3n canadiense, con seis de cada 10 (60,1%) cayendo en el perfil de edad de adultos j\u00f3venes entre 25 y 34 a\u00f1os. En el resto de la poblaci\u00f3n, este segmente representa nada m\u00e1s el 18,4%. Aqu\u00ed tambi\u00e9n son relevantes los n\u00fameros de los solicitantes de refugio, ya que tienen una mayor diferencia de edad: casi una cuarta parte (22,7%) son ni\u00f1os menores de 15 a\u00f1os, porcentaje que es ligeramente m\u00e1s bajo que el segmento de adultos j\u00f3venes que buscan refugio: 26,4%.<\/p>\n<p class=\"p1\">Estos datos son sumamente importantes para tener en cuenta sobre todo en el marco de las celebraciones del D\u00eda de Canad\u00e1, nuestra fiesta nacional, en la cual todos nos sentimos incluidos y nos sentimos parte de esta gran naci\u00f3n independientemente de nuestro estatus migratorio.<\/p>\n<p class=\"p1\">Pero la realidad es que no todos somos iguales, porque tanto los residentes permanentes como los residentes no permanentes, los solicitantes de refugio y los indocumentados, son sujetos a ser deportados de Canad\u00e1 por razone diversas, como por ejemplo si cometen un delito. Los \u00fanicos que est\u00e1n exentos de una situaci\u00f3n dif\u00edcil como esa son los ciudadanos canadienses, por lo que es sumamente importante que una vez que reunamos todos los requisitos procedamos a tramitar nuestra ciudadan\u00eda.<\/p>\n<p class=\"p1\">Porque si una persona que no es ciudadana canadiense comete un acto criminal y es encontrada culpable de haberlo cometido, si el juez le da seis meses o m\u00e1s de condena, la persona pierde todos sus derechos a una apelaci\u00f3n ante el Consejo de Apelaciones de Inmigraci\u00f3n de Canad\u00e1, que es un cuerpo de apelaciones que tiene el poder para decidir si en el momento que se dio la orden de deportaci\u00f3n hubo un error de hechos, de interpretaci\u00f3n de los hechos, un error legal, una falta a los derechos de la persona, o si hay razones humanitarias y de compasi\u00f3n para que esta persona permanezca en el pa\u00eds aun teniendo un r\u00e9cord criminal.<\/p>\n<p class=\"p1\">Esta legislaci\u00f3n, conocida como Ley C-46, supuestamente tiene como objetivo atacar a los criminales de alto riesgo que llegan al pa\u00eds, a personas verdaderamente malas como narcotraficantes, casos en que realmente nadie quisiera tener a esas personas de vecinos. Pero por desgracia no son solamente estas las personas que est\u00e1n siendo afectadas con esta legislaci\u00f3n, ya que \u00e9ste es s\u00f3lo un grupo minoritario a quienes se les aplica la misma.<\/p>\n<p class=\"p1\">Pero lamentablemente en nuestra comunidad hay muchas personas que piensan que al tener la residencia permanente ya est\u00e1n libres de poder ser deportados, y eso los lleva a cometer muchos errores. Estoy hablando de personas que tienen problemas con las autoridades, ya sea por haber cometido hurto en un negocio, por haber manejado en estado de ebriedad o por haber asaltado a un miembro de su familia.<\/p>\n<p class=\"p1\">Estos son realmente cr\u00edmenes que son comunes y que lamentablemente a veces se cometen por cuestiones culturales, como por ejemplo personas que para educar a sus hijos usan la violencia, sin darse cuenta de que en Canad\u00e1 el golpear a un hijo es considerado asalto, y que si se usa un cintur\u00f3n o cualquier otro objeto en el acto, esto es considerado como asalto con un arma.<\/p>\n<p class=\"p1\">Definitivamente es un grave error no estar al tanto de que lo que una persona podr\u00eda considerar disciplina de acuerdo con su cultura, en Canad\u00e1 se considera un crimen, y espec\u00edficamente asalto a una persona, ya sea la esposa, los hijos o cualquier otro miembro de la familia.<\/p>\n","protected":false},"excerpt":{"rendered":"<p>Por Vilma Filici filici@filici.com TORONTO. Seg\u00fan un informe de Estad\u00edsticas Canad\u00e1, el 16 de junio pasado la poblaci\u00f3n del pa\u00eds alcanz\u00f3 exactamente los 40 millones&hellip;<\/p>\n","protected":false},"author":99,"featured_media":0,"comment_status":"open","ping_status":"open","sticky":false,"template":"","format":"standard","meta":{"footnotes":""},"categories":[81,25,290],"tags":[],"class_list":["post-511291","post","type-post","status-publish","format-standard","hentry","category-columnistas","category-inmigracion","category-inmigrando-a-canada"],"_links":{"self":[{"href":"https:\/\/diarioelpopular.com\/index.php\/wp-json\/wp\/v2\/posts\/511291","targetHints":{"allow":["GET"]}}],"collection":[{"href":"https:\/\/diarioelpopular.com\/index.php\/wp-json\/wp\/v2\/posts"}],"about":[{"href":"https:\/\/diarioelpopular.com\/index.php\/wp-json\/wp\/v2\/types\/post"}],"author":[{"embeddable":true,"href":"https:\/\/diarioelpopular.com\/index.php\/wp-json\/wp\/v2\/users\/99"}],"replies":[{"embeddable":true,"href":"https:\/\/diarioelpopular.com\/index.php\/wp-json\/wp\/v2\/comments?post=511291"}],"version-history":[{"count":1,"href":"https:\/\/diarioelpopular.com\/index.php\/wp-json\/wp\/v2\/posts\/511291\/revisions"}],"predecessor-version":[{"id":511292,"href":"https:\/\/diarioelpopular.com\/index.php\/wp-json\/wp\/v2\/posts\/511291\/revisions\/511292"}],"wp:attachment":[{"href":"https:\/\/diarioelpopular.com\/index.php\/wp-json\/wp\/v2\/media?parent=511291"}],"wp:term":[{"taxonomy":"category","embeddable":true,"href":"https:\/\/diarioelpopular.com\/index.php\/wp-json\/wp\/v2\/categories?post=511291"},{"taxonomy":"post_tag","embeddable":true,"href":"https:\/\/diarioelpopular.com\/index.php\/wp-json\/wp\/v2\/tags?post=511291"}],"curies":[{"name":"wp","href":"https:\/\/api.w.org\/{rel}","templated":true}]}}