{"id":511310,"date":"2023-07-07T09:49:52","date_gmt":"2023-07-07T13:49:52","guid":{"rendered":"https:\/\/diarioelpopular.com\/?p=511310"},"modified":"2023-07-07T09:49:52","modified_gmt":"2023-07-07T13:49:52","slug":"xochitl-galvez-la-aspirante-a-la-presidencia-de-la-oposicion-en-mexico-que-llamo-machista-a-lopez-obrador","status":"publish","type":"post","link":"https:\/\/diarioelpopular.com\/index.php\/2023\/07\/07\/xochitl-galvez-la-aspirante-a-la-presidencia-de-la-oposicion-en-mexico-que-llamo-machista-a-lopez-obrador\/","title":{"rendered":"X\u00f3chitl G\u00e1lvez, la aspirante a la presidencia de la oposici\u00f3n en M\u00e9xico que llam\u00f3 \u201cmachista\u201d a L\u00f3pez Obrador"},"content":{"rendered":"<p><img loading=\"lazy\" decoding=\"async\" class=\"alignnone size-custom-big-size wp-image-511311\" src=\"https:\/\/diarioelpopular.com\/wp-content\/uploads\/2023\/07\/Screen-Shot-2023-07-07-at-9.44.36-AM-1200x627.png\" alt=\"\" width=\"1200\" height=\"627\" srcset=\"https:\/\/diarioelpopular.com\/wp-content\/uploads\/2023\/07\/Screen-Shot-2023-07-07-at-9.44.36-AM-1200x627.png 1200w, https:\/\/diarioelpopular.com\/wp-content\/uploads\/2023\/07\/Screen-Shot-2023-07-07-at-9.44.36-AM-300x157.png 300w, https:\/\/diarioelpopular.com\/wp-content\/uploads\/2023\/07\/Screen-Shot-2023-07-07-at-9.44.36-AM-768x401.png 768w, https:\/\/diarioelpopular.com\/wp-content\/uploads\/2023\/07\/Screen-Shot-2023-07-07-at-9.44.36-AM-1990x1039.png 1990w, https:\/\/diarioelpopular.com\/wp-content\/uploads\/2023\/07\/Screen-Shot-2023-07-07-at-9.44.36-AM-636x332.png 636w, https:\/\/diarioelpopular.com\/wp-content\/uploads\/2023\/07\/Screen-Shot-2023-07-07-at-9.44.36-AM-140x73.png 140w, https:\/\/diarioelpopular.com\/wp-content\/uploads\/2023\/07\/Screen-Shot-2023-07-07-at-9.44.36-AM.png 1024w\" sizes=\"auto, (max-width: 1200px) 100vw, 1200px\" \/><\/p>\n<p>&nbsp;<\/p>\n<h4 class=\"story-header-description\"><em>&#8211; La senadora del PAN, X\u00f3chitl G\u00e1lvez, public\u00f3 el pasdo 3 de junio un video con un mensaje a AMLO: \u201cUd. me va a entregar la banda presidencial y yo se la voy a recibir con una amplia sonrisa\u201d.<\/em><\/h4>\n<p>&nbsp;<\/p>\n<p class=\"story-contents__font-paragraph \">La senadora<a href=\"https:\/\/elcomercio.pe\/noticias\/xochitl-galvez\/\" target=\"_blank\" rel=\"noopener\">\u00a0X\u00f3chitl G\u00e1lvez\u00a0<\/a>se registr\u00f3 este martes 4 de julio como aspirante a ser la candidata presidencial del Frente Amplio por<a href=\"https:\/\/elcomercio.pe\/mundo\/mexico\/\" target=\"_blank\" rel=\"noopener\">\u00a0M\u00e9xico<\/a>, alianza formada por los partidos Acci\u00f3n Nacional (PAN), Revolucionario Institucional (PRI) y de la Revoluci\u00f3n Democr\u00e1tica (PRD).<\/p>\n<div data-ads-name=\"\/28253241\/elcomercio\/web\/post\/mundo\/caja3\" data-ads-dimensions-m=\"[[300, 100], [320, 50], [300, 50], [320, 100], [300, 250]]\" data-bloque=\"3\" data-prebid-enabled=\"true\">\n<p class=\"story-contents__font-paragraph \">Hace unos d\u00edas, X\u00f3chitl G\u00e1lvez public\u00f3 un video en Twitter donde llam\u00f3 \u201cmachista\u201d a AMLO y le dijo: \u201cUd. me va a entregar la banda presidencial y yo se la voy a recibir con una amplia sonrisa\u201d.<\/p>\n<\/div>\n<div class=\"story-contents__embed embed-script\" data-type=\"twitter\">\n<p class=\"story-contents__font-paragraph \">\u201cSe\u00f1or presidente, usted dice que fulano o zutano me van a poner de candidata, porque usted no puede coincidir que una mujer fuerte y capaz pueda ganarse por s\u00ed misma una posici\u00f3n en la pol\u00edtica\u201d, sostuvo la senadora del PAN.<\/p>\n<p class=\"story-contents__font-paragraph \">\u201cUsted no puede imaginar que una mujer obtenga una candidatura por m\u00e9ritos propios,\u00a0porque usted se\u00f1or presidente es un machista. Las \u00fanicas mujeres que usted respeta, es la que usted impone, porque a los machos como usted, les asusta una mujer inteligente e independiente\u201d, agreg\u00f3.<\/p>\n<p class=\"story-contents__font-paragraph \">Seg\u00fan detalla<a href=\"https:\/\/elcomercio.pe\/mundo\/mexico\/mexico-amlo-dice-que-la-senadora-xochitl-galvez-sera-la-candidata-presidencial-opositora-andres-manuel-lopez-obrador-ultimas-noticia\/\" target=\"_blank\" rel=\"noopener\">\u00a0la agencia EFE\u00a0<\/a>el 3 de julio, AMLO dijo que el empresario\u00a0Claudio X. Gonz\u00e1lez,\u00a0uno de sus mayores rivales pol\u00edticos, hab\u00eda seleccionado a\u00a0G\u00e1lvez\u00a0como candidata.<\/p>\n<p class=\"story-contents__font-paragraph \">\u201cTengo toda la informaci\u00f3n de que \u00e9l llev\u00f3 a cabo las consultas para que los represente, a este grupo,\u00a0X\u00f3chitl G\u00e1lvez. Hace como 15 d\u00edas, de 15 d\u00edas a 1 mes. me enter\u00e9, mis gargantas profundas (me informaron), y fue un proceso de consulta arriba con los que no dan la cara, pero s\u00ed act\u00faan y son los que aportan dinero\u201d, dijo entonces el presidente de M\u00e9xico.<\/p>\n<h2 class=\"story-contents__header\">\u00bfQui\u00e9n es X\u00f3chitl G\u00e1lvez?<\/h2>\n<p class=\"story-contents__font-paragraph \">Bertha X\u00f3chitl G\u00e1lvez Ruiz es senadora del PAN desde el 2018. Naci\u00f3 en Hidalgo en 1963. Estudi\u00f3 ingenier\u00eda en Computaci\u00f3n en la Universidad Nacional Aut\u00f3noma de M\u00e9xico (UNAM). Tiene especialidades en rob\u00f3tica, inteligencia artificial, edificios inteligentes, sustentabilidad y ahorro de energ\u00eda.<\/p>\n<p class=\"story-contents__font-paragraph \">X\u00f3chitl G\u00e1lvez es presidenta de la comisi\u00f3n de Asuntos Ind\u00edgenas. Tambi\u00e9n integra las comisiones de Anticorrupci\u00f3n, Transparencia y Participaci\u00f3n Ciudadana, de Zonas Metropolitanas y Movilidad, de Medio Ambiente, Recursos Naturales y Cambio Clim\u00e1tico, de Energ\u00eda y de Reforma Agraria.<\/p>\n<p class=\"story-contents__font-paragraph \">Tambi\u00e9n integra la Comisi\u00f3n Especial para el seguimiento a la implementaci\u00f3n de la agenda 2030 en M\u00e9xico.<\/p>\n<p class=\"story-contents__font-paragraph \">En 1992 fund\u00f3 la empresa High Tech Services, la cual se dedica al desarrollo de proyectos tecnol\u00f3gicos enfocados en el dise\u00f1o de edificios y en \u00e1reas inteligentes, ahorro de energ\u00eda, automatizaci\u00f3n de procesos, seguridad y telecomunicaciones, seg\u00fan detalla la p\u00e1gina del\u00a0<a href=\"https:\/\/www.senado.gob.mx\/65\/senador\/1262\/\" target=\"_blank\" rel=\"noopener\">Senado mexicano.<\/a><\/p>\n<p class=\"story-contents__font-paragraph \">X\u00f3chitl G\u00e1lvez \u201cingres\u00f3 al servicio p\u00fablico durante la administraci\u00f3n del ex presidente Vicente Fox Quesada (2000\u20132006) como integrante del gabinete ampliado a cargo de la Oficina para el Desarrollo de los Pueblos Ind\u00edgenas y, posteriormente, fue la primera Directora General de la Comisi\u00f3n Nacional para el Desarrollo de los Pueblos Ind\u00edgenas (CDI)\u201d, se\u00f1ala la p\u00e1gina del Senado.<\/p>\n<p class=\"story-contents__font-paragraph \">Fue candidata en 2010 al gobierno del estado de Hidalgo por la coalici\u00f3n \u201cHidalgo nos Une\u201d (PAN \u2013 PRD). En 2012 fue candidata al Senado de la Rep\u00fablica por el estado de Hidalgo por el Partido Acci\u00f3n Nacional (PAN).<\/p>\n<p class=\"story-contents__font-paragraph \">En el 2015 fue electa Jefa de la Delegaci\u00f3n Miguel Hidalgo.<\/p>\n<p class=\"story-contents__font-paragraph \">Entre sus distinciones destacan el premio Zazil en el \u00e1rea social y humanitario en 1995, el Latin American\u2019s New Business Elite de la Revista Business Week en 1998 y la Presea Pericles de la Fundaci\u00f3n Amparo en el 2000.<\/p>\n<p>&nbsp;<\/p>\n<\/div>\n","protected":false},"excerpt":{"rendered":"<p>&nbsp; &#8211; La senadora del PAN, X\u00f3chitl G\u00e1lvez, public\u00f3 el pasdo 3 de junio un video con un mensaje a AMLO: \u201cUd. me va a&hellip;<\/p>\n","protected":false},"author":99,"featured_media":511311,"comment_status":"open","ping_status":"open","sticky":false,"template":"","format":"standard","meta":{"footnotes":""},"categories":[23],"tags":[],"class_list":["post-511310","post","type-post","status-publish","format-standard","has-post-thumbnail","hentry","category-latinoamerica"],"_links":{"self":[{"href":"https:\/\/diarioelpopular.com\/index.php\/wp-json\/wp\/v2\/posts\/511310","targetHints":{"allow":["GET"]}}],"collection":[{"href":"https:\/\/diarioelpopular.com\/index.php\/wp-json\/wp\/v2\/posts"}],"about":[{"href":"https:\/\/diarioelpopular.com\/index.php\/wp-json\/wp\/v2\/types\/post"}],"author":[{"embeddable":true,"href":"https:\/\/diarioelpopular.com\/index.php\/wp-json\/wp\/v2\/users\/99"}],"replies":[{"embeddable":true,"href":"https:\/\/diarioelpopular.com\/index.php\/wp-json\/wp\/v2\/comments?post=511310"}],"version-history":[{"count":1,"href":"https:\/\/diarioelpopular.com\/index.php\/wp-json\/wp\/v2\/posts\/511310\/revisions"}],"predecessor-version":[{"id":511312,"href":"https:\/\/diarioelpopular.com\/index.php\/wp-json\/wp\/v2\/posts\/511310\/revisions\/511312"}],"wp:featuredmedia":[{"embeddable":true,"href":"https:\/\/diarioelpopular.com\/index.php\/wp-json\/wp\/v2\/media\/511311"}],"wp:attachment":[{"href":"https:\/\/diarioelpopular.com\/index.php\/wp-json\/wp\/v2\/media?parent=511310"}],"wp:term":[{"taxonomy":"category","embeddable":true,"href":"https:\/\/diarioelpopular.com\/index.php\/wp-json\/wp\/v2\/categories?post=511310"},{"taxonomy":"post_tag","embeddable":true,"href":"https:\/\/diarioelpopular.com\/index.php\/wp-json\/wp\/v2\/tags?post=511310"}],"curies":[{"name":"wp","href":"https:\/\/api.w.org\/{rel}","templated":true}]}}