{"id":511317,"date":"2023-07-07T10:10:57","date_gmt":"2023-07-07T14:10:57","guid":{"rendered":"https:\/\/diarioelpopular.com\/?p=511317"},"modified":"2023-07-07T10:10:57","modified_gmt":"2023-07-07T14:10:57","slug":"threads-la-competencia-de-twitter-alcanzo-los-30-millones-de-suscriptores-en-tan-solo-un-dia","status":"publish","type":"post","link":"https:\/\/diarioelpopular.com\/index.php\/2023\/07\/07\/threads-la-competencia-de-twitter-alcanzo-los-30-millones-de-suscriptores-en-tan-solo-un-dia\/","title":{"rendered":"Threads, la competencia de Twitter, alcanz\u00f3 los 30 millones de suscriptores en tan solo un d\u00eda"},"content":{"rendered":"<p><img loading=\"lazy\" decoding=\"async\" class=\"alignnone size-custom-big-size wp-image-511318\" src=\"https:\/\/diarioelpopular.com\/wp-content\/uploads\/2023\/07\/Screen-Shot-2023-07-07-at-10.07.41-AM-1200x872.png\" alt=\"\" width=\"1200\" height=\"872\" srcset=\"https:\/\/diarioelpopular.com\/wp-content\/uploads\/2023\/07\/Screen-Shot-2023-07-07-at-10.07.41-AM-1200x872.png 1200w, https:\/\/diarioelpopular.com\/wp-content\/uploads\/2023\/07\/Screen-Shot-2023-07-07-at-10.07.41-AM-300x218.png 300w, https:\/\/diarioelpopular.com\/wp-content\/uploads\/2023\/07\/Screen-Shot-2023-07-07-at-10.07.41-AM-768x558.png 768w, https:\/\/diarioelpopular.com\/wp-content\/uploads\/2023\/07\/Screen-Shot-2023-07-07-at-10.07.41-AM-636x462.png 636w, https:\/\/diarioelpopular.com\/wp-content\/uploads\/2023\/07\/Screen-Shot-2023-07-07-at-10.07.41-AM-100x73.png 100w, https:\/\/diarioelpopular.com\/wp-content\/uploads\/2023\/07\/Screen-Shot-2023-07-07-at-10.07.41-AM.png 1024w\" sizes=\"auto, (max-width: 1200px) 100vw, 1200px\" \/><\/p>\n<p>&nbsp;<\/p>\n<h4 class=\"lead cita\"><strong><em>&#8211; La red fue lanzada este mi\u00e9rcoles y al jueves ya ten\u00eda esa cantidad de usuarios. Twitter suma 556 millones<\/em><\/strong><\/h4>\n<p>&nbsp;<\/p>\n<p>La nueva red social de Meta para competir con Twitter, Threads,\u00a0alcanz\u00f3 30 millones de abonados el jueves, menos de un d\u00eda despu\u00e9s de su lanzamiento,\u00a0anunci\u00f3 el presidente y director ejecutivo del grupo, Mark Zuckerberg.<\/p>\n<p>La aplicaci\u00f3n, que fue lanzada el mi\u00e9rcoles en 100 pa\u00edses y que funciona por el momento sin avisos publicitarios,\u00a0es la amenaza m\u00e1s grande hasta el momento para Twitter, propiedad de\u00a0<a href=\"https:\/\/www.elcolombiano.com\/cronologia\/noticias\/meta\/elon-musk\" target=\"_blank\" rel=\"noopener noreferrer\">Elon Musk<\/a>, debilitado ya por diferentes razones.<\/p>\n<p>\u201cWow, 30 millones de cuentas\u201d, escribi\u00f3 Zuckerberg el jueves en su cuenta. \u201cSe dir\u00eda que estamos ante algo excepcional, pero tenemos todav\u00eda mucho trabajo por delante para construir la aplicaci\u00f3n\u201d, a\u00f1adi\u00f3.<\/p>\n<p>M\u00e1s temprano hab\u00eda desafiado a Musk: \u201cVa a llevar algo de tiempo, pero creo que deber\u00eda haber una plataforma de conversaciones p\u00fablicas con m\u00e1s de 1.000 millones de personas.\u00a0Twitter tuvo la oportunidad de hacerlo pero no dio en el clavo. Ojal\u00e1 nosotros s\u00ed\u201d.<\/p>\n<p>Y\u00a0<b><a href=\"https:\/\/www.elcolombiano.com\/tendencias\/mark-zuckerberg-volvio-a-twitter-despues-de-11-anos-lanzar-satira-a-elon-musk-IC21896934\" target=\"_blank\" rel=\"noopener noreferrer\">en su primer tuit en m\u00e1s de una d\u00e9cada, public\u00f3 una meme\u00a0<\/a><\/b>donde se ve a un Hombre Ara\u00f1a se\u00f1alando a otro, en una aparente referencia al parecido entre las dos redes sociales.<\/p>\n<p>\u201cEsperamos que (Threads) pueda ser una plataforma abierta y acogedora para el debate\u201d, escribi\u00f3 el CEO de Instagram, Adam Mosseri. \u201cSi eso es lo que t\u00fa tambi\u00e9n quieres, lo mejor es ser amable\u201d.<\/p>\n<p><em><strong>\u00bfDemanda?<\/strong><\/em><\/p>\n<p>La reacci\u00f3n de Musk ante el desembarco de Threads salt\u00f3 con una amenaza de demanda horas despu\u00e9s de su presentaci\u00f3n.<\/p>\n<p>En una carta dirigida a Mark Zuckerberg, publicada el jueves por el medio de noticias en l\u00ednea Semafor, el abogado de Musk, Alex Spiro, acus\u00f3 a la compa\u00f1\u00eda de \u201capropiaci\u00f3n indebida ilegal de los secretos comerciales de Twitter y otra propiedad intelectual\u201d.<\/p>\n<p>Acus\u00f3 a Meta de contratar a decenas de exempleados de la empresa de Musk que \u201cten\u00edan y siguen teniendo acceso a los secretos comerciales de Twitter y otra informaci\u00f3n altamente confidencial\u201d.<\/p>\n<p>En la noche, Musk retuite\u00f3 una imagen que se\u00f1alaba que el logo de Threads parec\u00eda a una tenia. \u201cTambi\u00e9n metaf\u00f3ricamente\u201d, a\u00f1adi\u00f3.<\/p>\n<p>&nbsp;<\/p>\n","protected":false},"excerpt":{"rendered":"<p>&nbsp; &#8211; La red fue lanzada este mi\u00e9rcoles y al jueves ya ten\u00eda esa cantidad de usuarios. Twitter suma 556 millones &nbsp; La nueva red&hellip;<\/p>\n","protected":false},"author":99,"featured_media":511318,"comment_status":"open","ping_status":"open","sticky":false,"template":"","format":"standard","meta":{"footnotes":""},"categories":[24,11355],"tags":[],"class_list":["post-511317","post","type-post","status-publish","format-standard","has-post-thumbnail","hentry","category-mundo","category-tecnologia"],"_links":{"self":[{"href":"https:\/\/diarioelpopular.com\/index.php\/wp-json\/wp\/v2\/posts\/511317","targetHints":{"allow":["GET"]}}],"collection":[{"href":"https:\/\/diarioelpopular.com\/index.php\/wp-json\/wp\/v2\/posts"}],"about":[{"href":"https:\/\/diarioelpopular.com\/index.php\/wp-json\/wp\/v2\/types\/post"}],"author":[{"embeddable":true,"href":"https:\/\/diarioelpopular.com\/index.php\/wp-json\/wp\/v2\/users\/99"}],"replies":[{"embeddable":true,"href":"https:\/\/diarioelpopular.com\/index.php\/wp-json\/wp\/v2\/comments?post=511317"}],"version-history":[{"count":1,"href":"https:\/\/diarioelpopular.com\/index.php\/wp-json\/wp\/v2\/posts\/511317\/revisions"}],"predecessor-version":[{"id":511319,"href":"https:\/\/diarioelpopular.com\/index.php\/wp-json\/wp\/v2\/posts\/511317\/revisions\/511319"}],"wp:featuredmedia":[{"embeddable":true,"href":"https:\/\/diarioelpopular.com\/index.php\/wp-json\/wp\/v2\/media\/511318"}],"wp:attachment":[{"href":"https:\/\/diarioelpopular.com\/index.php\/wp-json\/wp\/v2\/media?parent=511317"}],"wp:term":[{"taxonomy":"category","embeddable":true,"href":"https:\/\/diarioelpopular.com\/index.php\/wp-json\/wp\/v2\/categories?post=511317"},{"taxonomy":"post_tag","embeddable":true,"href":"https:\/\/diarioelpopular.com\/index.php\/wp-json\/wp\/v2\/tags?post=511317"}],"curies":[{"name":"wp","href":"https:\/\/api.w.org\/{rel}","templated":true}]}}