{"id":511395,"date":"2023-07-12T09:48:57","date_gmt":"2023-07-12T13:48:57","guid":{"rendered":"https:\/\/diarioelpopular.com\/?p=511395"},"modified":"2023-07-12T09:48:57","modified_gmt":"2023-07-12T13:48:57","slug":"por-que-la-otan-no-acepta-por-el-momento-el-ingreso-de-ucrania","status":"publish","type":"post","link":"https:\/\/diarioelpopular.com\/index.php\/2023\/07\/12\/por-que-la-otan-no-acepta-por-el-momento-el-ingreso-de-ucrania\/","title":{"rendered":"Por qu\u00e9 la OTAN no acepta por el momento el ingreso de Ucrania"},"content":{"rendered":"<p><img loading=\"lazy\" decoding=\"async\" class=\"alignnone size-custom-big-size wp-image-511396\" src=\"https:\/\/diarioelpopular.com\/wp-content\/uploads\/2023\/07\/Screen-Shot-2023-07-12-at-9.48.05-AM-1200x677.png\" alt=\"\" width=\"1200\" height=\"677\" srcset=\"https:\/\/diarioelpopular.com\/wp-content\/uploads\/2023\/07\/Screen-Shot-2023-07-12-at-9.48.05-AM-1200x677.png 1200w, https:\/\/diarioelpopular.com\/wp-content\/uploads\/2023\/07\/Screen-Shot-2023-07-12-at-9.48.05-AM-300x169.png 300w, https:\/\/diarioelpopular.com\/wp-content\/uploads\/2023\/07\/Screen-Shot-2023-07-12-at-9.48.05-AM-768x433.png 768w, https:\/\/diarioelpopular.com\/wp-content\/uploads\/2023\/07\/Screen-Shot-2023-07-12-at-9.48.05-AM-636x359.png 636w, https:\/\/diarioelpopular.com\/wp-content\/uploads\/2023\/07\/Screen-Shot-2023-07-12-at-9.48.05-AM-129x73.png 129w, https:\/\/diarioelpopular.com\/wp-content\/uploads\/2023\/07\/Screen-Shot-2023-07-12-at-9.48.05-AM.png 1024w\" sizes=\"auto, (max-width: 1200px) 100vw, 1200px\" \/><\/p>\n<h5><em>Las bombas rusas han destruido las fachadas de los edificios en todo Bajmut.<\/em><\/h5>\n<p>&nbsp;<\/p>\n<p>&nbsp;<\/p>\n<p>&nbsp;<\/p>\n<div class=\"bbc-19j92fr ebmt73l0\" dir=\"ltr\">\n<ul>\n<li class=\"bbc-hhl7in e17g058b0\" dir=\"ltr\"><em><b>La OTAN aceptar\u00e1 a Ucrania, pero solo cuando los aliados lo decidan y el pa\u00eds cumpla con los requerimientos necesarios.<\/b><\/em><\/li>\n<\/ul>\n<p dir=\"ltr\">\n<\/div>\n<div class=\"bbc-19j92fr ebmt73l0\" dir=\"ltr\">\n<p class=\"bbc-hhl7in e17g058b0\" dir=\"ltr\">Este fue el mensaje que la alianza militar atl\u00e1ntica ofreci\u00f3 en un comunicado el martes, el primero de los dos d\u00edas de su cumbre anual en Vilna, la capital de Lituania.<\/p>\n<\/div>\n<div class=\"bbc-19j92fr ebmt73l0\" dir=\"ltr\">\n<p class=\"bbc-hhl7in e17g058b0\" dir=\"ltr\">Su director general, Jens Stoltenberg, se comprometi\u00f3 a agilizar la adhesi\u00f3n de Ucrania \u201cde un proceso de dos etapas a\u00a0un proceso de una sola etapa\u201d que pasar\u00e1 a depender de una decisi\u00f3n pol\u00edtica.<\/p>\n<\/div>\n<div class=\"bbc-19j92fr ebmt73l0\" dir=\"ltr\">\n<p class=\"bbc-hhl7in e17g058b0\" dir=\"ltr\">Tambi\u00e9n anunci\u00f3 la creaci\u00f3n de un nuevo Consejo OTAN-Ucrania, que celebrar\u00e1 su primer encuentro este mi\u00e9rcoles y otorgar\u00e1 a Kyiv el derecho de convocar reuniones de toda la alianza.<\/p>\n<\/div>\n<section class=\"bbc-1f5u21o e8sa160\" role=\"region\" aria-label=\"Publicidad 2\" aria-hidden=\"true\" data-e2e=\"advertisement\"><\/section>\n<div class=\"bbc-19j92fr ebmt73l0\" dir=\"ltr\">\n<p class=\"bbc-hhl7in e17g058b0\" dir=\"ltr\">Estos avances no indican, sin embargo, que la OTAN vaya a aceptar a Ucrania a corto o medio plazo, ya que ni siquiera ha indicado una posible fecha para el inicio del proceso.<\/p>\n<\/div>\n<div class=\"bbc-1n4f7vm ebmt73l0\" dir=\"ltr\"><\/div>\n<div class=\"bbc-19j92fr ebmt73l0\" dir=\"ltr\">\n<p class=\"bbc-hhl7in e17g058b0\" dir=\"ltr\">De hecho, el presidente ucraniano, Volodymyr Zelensky, calific\u00f3 como \u201cabsurdo\u201d que no haya un cronograma espec\u00edfico\u00a0y lament\u00f3 que no se haya contado con la voz de su gobierno en las negociaciones hasta la fecha.<\/p>\n<\/div>\n<div class=\"bbc-19j92fr ebmt73l0\" dir=\"ltr\">\n<p class=\"bbc-hhl7in e17g058b0\" dir=\"ltr\">\u201cParece que no hay disposici\u00f3n de invitar a Ucrania a la OTAN ni de que sea miembro de la alianza. Para Rusia, esto es un incentivo para continuar con su terror\u201d, sentenci\u00f3.<\/p>\n<\/div>\n<div class=\"bbc-19j92fr ebmt73l0\" dir=\"ltr\">\n<p class=\"bbc-hhl7in e17g058b0\" dir=\"ltr\">Detr\u00e1s de la reticencia de la alianza a integrar a Ucrania hay varios motivos de peso.<\/p>\n<\/div>\n<div class=\"bbc-19j92fr ebmt73l0\" dir=\"ltr\">\n<h2 id=\"La-guerra\" class=\"bbc-1f03ibc eglt09e0\" tabindex=\"-1\">La guerra<\/h2>\n<\/div>\n<div class=\"bbc-19j92fr ebmt73l0\" dir=\"ltr\">\n<p class=\"bbc-hhl7in e17g058b0\" dir=\"ltr\">Ucrania solicit\u00f3 por primera vez unirse a la OTAN en 2008, aunque dos a\u00f1os despu\u00e9s abandon\u00f3 su aspiraci\u00f3n al aprobar una ley que prohib\u00eda la adhesi\u00f3n a cualquier bloque militar.<\/p>\n<\/div>\n<div class=\"bbc-19j92fr ebmt73l0\" dir=\"ltr\">\n<p class=\"bbc-hhl7in e17g058b0\" dir=\"ltr\">Sin embargo, tras la anexi\u00f3n rusa de Crimea en 2014, Kyiv revoc\u00f3 esta ley, reafirm\u00f3 su deseo de unirse a la OTAN y estrech\u00f3 su cooperaci\u00f3n con la alianza.<\/p>\n<\/div>\n<div class=\"bbc-19j92fr ebmt73l0\" dir=\"ltr\">\n<p class=\"bbc-hhl7in e17g058b0\" dir=\"ltr\">Ya entonces el frente abierto con la disputa por Crimea supon\u00eda un importante obst\u00e1culo, a lo que se sum\u00f3 ese mismo a\u00f1o la guerra del Donb\u00e1s contra fuerzas prorrusas en el este del pa\u00eds.<\/p>\n<\/div>\n<div class=\"bbc-19j92fr ebmt73l0\" dir=\"ltr\">\n<p class=\"bbc-hhl7in e17g058b0\" dir=\"ltr\">Cuando un estado se une a la OTAN se compromete a la defensa colectiva bajo el Art\u00edculo 5 del Tratado del Atl\u00e1ntico Norte, que establece que un ataque contra uno de los miembros se considera un ataque contra todos.<\/p>\n<\/div>\n<div class=\"bbc-19j92fr ebmt73l0\" dir=\"ltr\">\n<p class=\"bbc-hhl7in e17g058b0\" dir=\"ltr\">En otras palabras, si Kyiv se une a la OTAN durante un conflicto en curso podr\u00eda activar la cl\u00e1usula de defensa mutua y\u00a0arrastrar a todos los pa\u00edses de la alianza a la guerra.<\/p>\n<\/div>\n<div class=\"bbc-19j92fr ebmt73l0\" dir=\"ltr\">\n<p class=\"bbc-hhl7in e17g058b0\" dir=\"ltr\">La invasi\u00f3n rusa de Ucrania, iniciada en febrero de 2022, ha puesto a\u00fan m\u00e1s de relevancia este peligro.<\/p>\n<\/div>\n<div class=\"bbc-19j92fr ebmt73l0\" dir=\"ltr\">\n<p class=\"bbc-hhl7in e17g058b0\" dir=\"ltr\">\u201cSi la guerra est\u00e1 en curso, estar\u00edamos todos en guerra (\u2026)\u00a0Estar\u00edamos en guerra con Rusia, si ese fuera el caso\u201d, declar\u00f3 el presidente de EE.UU., Joe Biden, cuando le preguntaron por la posible adhesi\u00f3n de Ucrania a la alianza en una entrevista con CNN el lunes, el d\u00eda previo al inicio de la cumbre.<\/p>\n<\/div>\n<div class=\"bbc-19j92fr ebmt73l0\" dir=\"ltr\">\n<p class=\"bbc-hhl7in e17g058b0\" dir=\"ltr\">Si bien la OTAN ha expresado su apoyo incondicional a Kyiv, con importantes aportes de armamento, equipos y financiaci\u00f3n de sus miembros, tambi\u00e9n se ha mostrado reticente a la hora de tramitar su inclusi\u00f3n en un corto o medio plazo.<\/p>\n<p dir=\"ltr\">\n<\/div>\n<div class=\"bbc-1ka88fa ebmt73l0\" dir=\"ltr\">\n<figure class=\"bbc-1qdcvv9 e1aczekt0\">\n<div class=\"bbc-172p16q ebmt73l0\" dir=\"ltr\">\n<div class=\"bbc-172p16q ebmt73l0\" dir=\"ltr\">\n<div class=\"bbc-189y18v ebmt73l0\" dir=\"ltr\">\n<div class=\"bbc-997y1y eihqrxw0\" data-e2e=\"image-placeholder\">\n<div class=\"lazyload-wrapper \"><img loading=\"lazy\" decoding=\"async\" class=\"e3vrtyk0 bbc-rb7xa0 e1mo64ex0\" src=\"https:\/\/ichef.bbci.co.uk\/news\/640\/cpsprodpb\/25f2\/live\/f6929b30-2036-11ee-941e-23d1e9ab75fa.jpg\" sizes=\"auto, (min-width: 1008px) 760px, 100vw\" srcset=\"https:\/\/ichef.bbci.co.uk\/news\/240\/cpsprodpb\/25f2\/live\/f6929b30-2036-11ee-941e-23d1e9ab75fa.jpg 240w, https:\/\/ichef.bbci.co.uk\/news\/320\/cpsprodpb\/25f2\/live\/f6929b30-2036-11ee-941e-23d1e9ab75fa.jpg 320w, https:\/\/ichef.bbci.co.uk\/news\/480\/cpsprodpb\/25f2\/live\/f6929b30-2036-11ee-941e-23d1e9ab75fa.jpg 480w, https:\/\/ichef.bbci.co.uk\/news\/624\/cpsprodpb\/25f2\/live\/f6929b30-2036-11ee-941e-23d1e9ab75fa.jpg 624w, https:\/\/ichef.bbci.co.uk\/news\/800\/cpsprodpb\/25f2\/live\/f6929b30-2036-11ee-941e-23d1e9ab75fa.jpg 800w\" alt=\"HiMars\" width=\"1024\" height=\"675\" \/><\/div>\n<\/div>\n<\/div>\n<\/div>\n<\/div><figcaption class=\"bbc-rhuvwm e6i104o0\" dir=\"ltr\">\n<h5><em>Los sistemas de lanzamiento de misiles HIMARS suministrados por los aliados est\u00e1n siendo una pieza clave en la defensa de Ucrania en la guerra.<\/em><\/h5>\n<\/figcaption>&nbsp;<\/p>\n<div class=\"bbc-172p16q ebmt73l0\" dir=\"ltr\">\n<div class=\"bbc-3edg7g ebmt73l0\" dir=\"ltr\"><\/div>\n<\/div>\n<\/figure>\n<\/div>\n<div class=\"bbc-19j92fr ebmt73l0\" dir=\"ltr\">\n<p class=\"bbc-hhl7in e17g058b0\" dir=\"ltr\">Una confrontaci\u00f3n militar directa con Rusia es un escenario que todos los aliados quieren evitar a toda costa, dado el alto riesgo de escalada y las consecuencias catastr\u00f3ficas de una posible guerra nuclear.<\/p>\n<\/div>\n<div class=\"bbc-19j92fr ebmt73l0\" dir=\"ltr\">\n<p class=\"bbc-hhl7in e17g058b0\" dir=\"ltr\">Hay que recordar que Rusia es una superpotencia at\u00f3mica y cuenta con el mayor n\u00famero de ojivas nucleares del planeta, unas 6.000, de las cuales m\u00e1s de 1.600 estar\u00edan desplegadas y listas para usar, seg\u00fan estimaciones.<\/p>\n<\/div>\n<div class=\"bbc-19j92fr ebmt73l0\" dir=\"ltr\">\n<p class=\"bbc-hhl7in e17g058b0\" dir=\"ltr\">Por otro lado, expertos creen que la adhesi\u00f3n de Ucrania a la OTAN en medio de un conflicto activo podr\u00eda sentar un precedente peligroso.<\/p>\n<\/div>\n<div class=\"bbc-19j92fr ebmt73l0\" dir=\"ltr\">\n<p class=\"bbc-hhl7in e17g058b0\" dir=\"ltr\">Que la alianza se implique en conflictos internacionales mediante la inclusi\u00f3n de nuevos miembros\u00a0podr\u00eda interpretarse como una provocaci\u00f3n\u00a0por parte de otros pa\u00edses -como China con el caso de Taiw\u00e1n- y dar lugar a m\u00e1s tensiones geopol\u00edticas.<\/p>\n<\/div>\n<div class=\"bbc-19j92fr ebmt73l0\" dir=\"ltr\">\n<p class=\"bbc-hhl7in e17g058b0\" dir=\"ltr\">La OTAN podr\u00eda, entonces, ofrecer a Ucrania una fecha provisional para su adhesi\u00f3n en caso de que acabe la guerra, pero expertos creen que esto ser\u00eda contraproducente, ya que dar\u00eda un motivo m\u00e1s al Kremlin para prolongar el conflicto de forma indefinida.<\/p>\n<\/div>\n<div class=\"bbc-19j92fr ebmt73l0\" dir=\"ltr\">\n<p class=\"bbc-hhl7in e17g058b0\" dir=\"ltr\">Adem\u00e1s, de cara a la opini\u00f3n p\u00fablica, esto reforzar\u00eda uno de los argumentos esgrimidos por el presidente Vladimir Putin para justificar la invasi\u00f3n: que Occidente fue el instigador de la guerra para expandir su poder militar y acercarlo a Rusia.<\/p>\n<\/div>\n<div class=\"bbc-19j92fr ebmt73l0\" dir=\"ltr\">\n<h2 id=\"La-falta-de-unanimidad\" class=\"bbc-1f03ibc eglt09e0\" tabindex=\"-1\">La falta de unanimidad<\/h2>\n<\/div>\n<div class=\"bbc-19j92fr ebmt73l0\" dir=\"ltr\">\n<p class=\"bbc-hhl7in e17g058b0\" dir=\"ltr\">Aceptar a Ucrania requerir\u00eda la aprobaci\u00f3n un\u00e1nime de los 31 miembros de la OTAN.<\/p>\n<\/div>\n<div class=\"bbc-19j92fr ebmt73l0\" dir=\"ltr\">\n<p class=\"bbc-hhl7in e17g058b0\" dir=\"ltr\">Si el proceso para incluir a Suecia -un pa\u00eds sin conflictos abiertos- se ha estancado durante meses por la reticencia de Turqu\u00eda, en el caso de Ucrania cabr\u00eda esperar una resistencia a\u00fan mayor.<\/p>\n<\/div>\n<div class=\"bbc-19j92fr ebmt73l0\" dir=\"ltr\">\n<p class=\"bbc-hhl7in e17g058b0\" dir=\"ltr\">En la cumbre de Lituania qued\u00f3 claro que\u00a0no todos los miembros apoyan por igual la adhesi\u00f3n de Ucrania.<\/p>\n<p dir=\"ltr\">\n<\/div>\n<div class=\"bbc-1ka88fa ebmt73l0\" dir=\"ltr\">\n<figure class=\"bbc-1qdcvv9 e1aczekt0\">\n<div class=\"bbc-172p16q ebmt73l0\" dir=\"ltr\">\n<div class=\"bbc-172p16q ebmt73l0\" dir=\"ltr\">\n<div class=\"bbc-189y18v ebmt73l0\" dir=\"ltr\">\n<div class=\"bbc-997y1y eihqrxw0\" data-e2e=\"image-placeholder\">\n<div class=\"lazyload-wrapper \"><img loading=\"lazy\" decoding=\"async\" class=\"e3vrtyk0 bbc-rb7xa0 e1mo64ex0\" src=\"https:\/\/ichef.bbci.co.uk\/news\/640\/cpsprodpb\/d1b4\/live\/3b694970-2037-11ee-941e-23d1e9ab75fa.jpg\" sizes=\"auto, (min-width: 1008px) 760px, 100vw\" srcset=\"https:\/\/ichef.bbci.co.uk\/news\/240\/cpsprodpb\/d1b4\/live\/3b694970-2037-11ee-941e-23d1e9ab75fa.jpg 240w, https:\/\/ichef.bbci.co.uk\/news\/320\/cpsprodpb\/d1b4\/live\/3b694970-2037-11ee-941e-23d1e9ab75fa.jpg 320w, https:\/\/ichef.bbci.co.uk\/news\/480\/cpsprodpb\/d1b4\/live\/3b694970-2037-11ee-941e-23d1e9ab75fa.jpg 480w, https:\/\/ichef.bbci.co.uk\/news\/624\/cpsprodpb\/d1b4\/live\/3b694970-2037-11ee-941e-23d1e9ab75fa.jpg 624w, https:\/\/ichef.bbci.co.uk\/news\/800\/cpsprodpb\/d1b4\/live\/3b694970-2037-11ee-941e-23d1e9ab75fa.jpg 800w\" alt=\"Reuni\u00f3n OTAN\" width=\"1024\" height=\"663\" \/><\/div>\n<\/div>\n<\/div>\n<\/div>\n<\/div><figcaption class=\"bbc-rhuvwm e6i104o0\" dir=\"ltr\">\n<h5><em>Hay divergencias entre los 31 miembros de la OTAN sobre la adhesi\u00f3n de Ucrania.<\/em><\/h5>\n<\/figcaption>&nbsp;<\/p>\n<div class=\"bbc-172p16q ebmt73l0\" dir=\"ltr\">\n<div class=\"bbc-3edg7g ebmt73l0\" dir=\"ltr\"><\/div>\n<\/div>\n<\/figure>\n<\/div>\n<div class=\"bbc-19j92fr ebmt73l0\" dir=\"ltr\">\n<p class=\"bbc-hhl7in e17g058b0\" dir=\"ltr\">Por un lado, los pa\u00edses del este de Europa, respaldados por Francia y Reino Unido, se han mostrado m\u00e1s favorables a aceptar a Ucrania en la OTAN.<\/p>\n<\/div>\n<div class=\"bbc-19j92fr ebmt73l0\" dir=\"ltr\">\n<p class=\"bbc-hhl7in e17g058b0\" dir=\"ltr\">Este grupo presion\u00f3 para que la palabra &#8220;invitaci\u00f3n&#8221; se incluyera en la declaraci\u00f3n, facilitando una v\u00eda r\u00e1pida a la membres\u00eda mediante una decisi\u00f3n pol\u00edtica.<\/p>\n<\/div>\n<div class=\"bbc-19j92fr ebmt73l0\" dir=\"ltr\">\n<p class=\"bbc-hhl7in e17g058b0\" dir=\"ltr\">En contraposici\u00f3n, Estados Unidos y Alemania se han mostrado m\u00e1s cautos sobre la posibilidad de acelerar la inclusi\u00f3n.<\/p>\n<\/div>\n<div class=\"bbc-19j92fr ebmt73l0\" dir=\"ltr\">\n<p class=\"bbc-hhl7in e17g058b0\" dir=\"ltr\">Biden fue claro: \u201cno creo que haya unanimidad en la OTAN\u00a0sobre si aceptar o no a Ucrania en la familia de la alianza ahora, en este momento, en medio de una guerra\u201d.<\/p>\n<\/div>\n<div class=\"bbc-19j92fr ebmt73l0\" dir=\"ltr\">\n<p class=\"bbc-hhl7in e17g058b0\" dir=\"ltr\">Estas tensiones internas reflejan las diferentes percepciones de los riesgos y las oportunidades que cada uno de los integrantes asocia a la adhesi\u00f3n de Ucrania.<\/p>\n<\/div>\n<div class=\"bbc-19j92fr ebmt73l0\" dir=\"ltr\">\n<p class=\"bbc-hhl7in e17g058b0\" dir=\"ltr\">Mientras algunos miembros creen que invitar a Ucrania es\u00a0un gesto de solidaridad\u00a0necesario frente a la agresi\u00f3n rusa, otros lo perciben como\u00a0una escalada de las tensiones con Mosc\u00fa que podr\u00eda poner en riesgo su propia seguridad y la estabilidad en Europa.<\/p>\n<\/div>\n<div class=\"bbc-19j92fr ebmt73l0\" dir=\"ltr\">\n<p class=\"bbc-hhl7in e17g058b0\" dir=\"ltr\">As\u00ed, pese a que la alianza ha afirmado que &#8220;el futuro de Ucrania est\u00e1 en la OTAN&#8221;, la falta de consenso entre sus miembros sobre cu\u00e1ndo y c\u00f3mo esto deber\u00eda ocurrir plantea una importante barrera para la adhesi\u00f3n de ese pa\u00eds.<\/p>\n<\/div>\n<div class=\"bbc-19j92fr ebmt73l0\" dir=\"ltr\">\n<h2 id=\"Democracia-y-fuerzas-armadas\" class=\"bbc-1f03ibc eglt09e0\" tabindex=\"-1\">Democracia y fuerzas armadas<\/h2>\n<\/div>\n<div class=\"bbc-19j92fr ebmt73l0\" dir=\"ltr\">\n<p class=\"bbc-hhl7in e17g058b0\" dir=\"ltr\">Incluso si hubiera unanimidad entre los miembros para la inclusi\u00f3n de Ucrania, y dejando de lado el problema de que el pa\u00eds est\u00e9 en guerra, tambi\u00e9n existen algunos obst\u00e1culos formales que dificultan la integraci\u00f3n del pa\u00eds en la OTAN.<\/p>\n<\/div>\n<div class=\"bbc-19j92fr ebmt73l0\" dir=\"ltr\">\n<p class=\"bbc-hhl7in e17g058b0\" dir=\"ltr\">De hecho, ya antes de la invasi\u00f3n rusa, Ucrania presentaba algunas deficiencias que le imped\u00edan ajustarse a los est\u00e1ndares de la organizaci\u00f3n, entre ellas su nivel de consolidaci\u00f3n democr\u00e1tica.<\/p>\n<\/div>\n<div class=\"bbc-19j92fr ebmt73l0\" dir=\"ltr\">\n<p class=\"bbc-hhl7in e17g058b0\" dir=\"ltr\">Biden afirm\u00f3 horas antes de la cumbre iniciada el martes que habr\u00eda \u201cotros requisitos que deben cumplirse, incluida la democratizaci\u00f3n\u201d para aceptar a Ucrania como pa\u00eds miembro.<\/p>\n<p dir=\"ltr\">\n<\/div>\n<div class=\"bbc-1ka88fa ebmt73l0\" dir=\"ltr\">\n<figure class=\"bbc-1qdcvv9 e1aczekt0\">\n<div class=\"bbc-172p16q ebmt73l0\" dir=\"ltr\">\n<div class=\"bbc-172p16q ebmt73l0\" dir=\"ltr\">\n<div class=\"bbc-189y18v ebmt73l0\" dir=\"ltr\">\n<div class=\"bbc-997y1y eihqrxw0\" data-e2e=\"image-placeholder\">\n<div class=\"lazyload-wrapper \"><img loading=\"lazy\" decoding=\"async\" class=\"e3vrtyk0 bbc-rb7xa0 e1mo64ex0\" src=\"https:\/\/ichef.bbci.co.uk\/news\/640\/cpsprodpb\/9fc7\/live\/a51a04e0-2037-11ee-941e-23d1e9ab75fa.jpg\" sizes=\"auto, (min-width: 1008px) 760px, 100vw\" srcset=\"https:\/\/ichef.bbci.co.uk\/news\/240\/cpsprodpb\/9fc7\/live\/a51a04e0-2037-11ee-941e-23d1e9ab75fa.jpg 240w, https:\/\/ichef.bbci.co.uk\/news\/320\/cpsprodpb\/9fc7\/live\/a51a04e0-2037-11ee-941e-23d1e9ab75fa.jpg 320w, https:\/\/ichef.bbci.co.uk\/news\/480\/cpsprodpb\/9fc7\/live\/a51a04e0-2037-11ee-941e-23d1e9ab75fa.jpg 480w, https:\/\/ichef.bbci.co.uk\/news\/624\/cpsprodpb\/9fc7\/live\/a51a04e0-2037-11ee-941e-23d1e9ab75fa.jpg 624w, https:\/\/ichef.bbci.co.uk\/news\/800\/cpsprodpb\/9fc7\/live\/a51a04e0-2037-11ee-941e-23d1e9ab75fa.jpg 800w\" alt=\"El presidente de Lituania, Gitanas Nauseda, el estadounidense, Joe Biden, y el secretario general de la OTAN, el noruego Jens Stoltenberg\" width=\"1024\" height=\"683\" \/><\/div>\n<\/div>\n<\/div>\n<\/div>\n<\/div><figcaption class=\"bbc-rhuvwm e6i104o0\" dir=\"ltr\">\n<h5><em>El presidente de Lituania, Gitanas Nauseda; el estadounidense, Joe Biden; y el secretario general de la OTAN, el noruego Jens Stoltenberg, al inicio de la cumbre.<\/em><\/h5>\n<\/figcaption>&nbsp;<\/p>\n<div class=\"bbc-172p16q ebmt73l0\" dir=\"ltr\">\n<div class=\"bbc-3edg7g ebmt73l0\" dir=\"ltr\"><\/div>\n<\/div>\n<\/figure>\n<\/div>\n<div class=\"bbc-19j92fr ebmt73l0\" dir=\"ltr\">\n<p class=\"bbc-hhl7in e17g058b0\" dir=\"ltr\">La OTAN espera de sus miembros un fuerte compromiso con los valores democr\u00e1ticos, como garant\u00edas de preservar el estado de derecho, buenas pr\u00e1cticas de gobierno y unos niveles aceptables de transparencia y lucha contra la corrupci\u00f3n.<\/p>\n<\/div>\n<div class=\"bbc-19j92fr ebmt73l0\" dir=\"ltr\">\n<p class=\"bbc-hhl7in e17g058b0\" dir=\"ltr\">Antes del inicio de la invasi\u00f3n en febrero del a\u00f1o pasado, la OTAN consideraba que\u00a0Ucrania no cumpl\u00eda con los est\u00e1ndares\u00a0requeridos en este campo.<\/p>\n<\/div>\n<div class=\"bbc-19j92fr ebmt73l0\" dir=\"ltr\">\n<p class=\"bbc-hhl7in e17g058b0\" dir=\"ltr\">Otro de los factores que la organizaci\u00f3n exige al pa\u00eds eslavo para su membres\u00eda es el compromiso con la modernizaci\u00f3n de las instituciones de defensa y seguridad.<\/p>\n<\/div>\n<div class=\"bbc-19j92fr ebmt73l0\" dir=\"ltr\">\n<p class=\"bbc-hhl7in e17g058b0\" dir=\"ltr\">Esto requerir\u00eda una\u00a0actualizaci\u00f3n de las fuerzas armadas\u00a0de Ucrania para garantizar su interoperabilidad con las de la OTAN.<\/p>\n<\/div>\n<div class=\"bbc-19j92fr ebmt73l0\" dir=\"ltr\">\n<p class=\"bbc-hhl7in e17g058b0\" dir=\"ltr\">Si bien Kyiv a\u00fan no ha demostrado alcanzar los niveles exigidos por la organizaci\u00f3n en estos dos aspectos, s\u00ed ha protagonizado algunos avances, tal y como se revel\u00f3 en la cumbre de Lituania.<\/p>\n<\/div>\n<div class=\"bbc-19j92fr ebmt73l0\" dir=\"ltr\">\n<p class=\"bbc-hhl7in e17g058b0\" dir=\"ltr\">La OTAN reconoci\u00f3 que el ej\u00e9rcito de Ucrania es cada vez m\u00e1s &#8220;interoperativo&#8221; y m\u00e1s &#8220;pol\u00edticamente integrado&#8221; con las fuerzas de la OTAN, y prometi\u00f3 seguir apoyando las reformas democr\u00e1ticas y de seguridad en Ucrania.<\/p>\n<\/div>\n<div class=\"bbc-19j92fr ebmt73l0\" dir=\"ltr\">\n<p class=\"bbc-hhl7in e17g058b0\" dir=\"ltr\">Por su parte, el Kremlin ha reiterado en varias ocasiones que la inclusi\u00f3n de Ucrania en la organizaci\u00f3n atl\u00e1ntica supone una amenaza a su seguridad y ha advertido sobre duras represalias.<\/p>\n<\/div>\n<div class=\"bbc-19j92fr ebmt73l0\" dir=\"ltr\">\n<p class=\"bbc-hhl7in e17g058b0\" dir=\"ltr\">&#8220;La adhesi\u00f3n de Ucrania a la OTAN tendr\u00e1\u00a0efectos muy, muy negativos en la arquitectura de seguridad de Europa\u201d, declar\u00f3 esta semana Dimitri Peskov, secretario de prensa del presidente de la Federaci\u00f3n Rusa.<\/p>\n<\/div>\n<div class=\"bbc-19j92fr ebmt73l0\" dir=\"ltr\">\n<p class=\"bbc-hhl7in e17g058b0\" dir=\"ltr\">Asegur\u00f3 que Kyiv, \u201ccomo miembro de la OTAN, se convertir\u00e1 en una amenaza para Rusia, lo que requerir\u00e1 una respuesta clara y firme&#8221;.<\/p>\n<\/div>\n<div class=\"bbc-19j92fr ebmt73l0\" dir=\"ltr\">\n<p class=\"bbc-hhl7in e17g058b0\" dir=\"ltr\">As\u00ed, el desarrollo de la guerra, la evoluci\u00f3n en las disensiones internas entre los aliados y la capacidad de adaptaci\u00f3n de Ucrania a los est\u00e1ndares de la OTAN ser\u00e1n los factores cruciales que marquen el camino de Kyiv hacia su integraci\u00f3n en la organizaci\u00f3n defensiva atl\u00e1ntica.<\/p>\n<\/div>\n","protected":false},"excerpt":{"rendered":"<p>Las bombas rusas han destruido las fachadas de los edificios en todo Bajmut. &nbsp; &nbsp; &nbsp; La OTAN aceptar\u00e1 a Ucrania, pero solo cuando los&hellip;<\/p>\n","protected":false},"author":99,"featured_media":511396,"comment_status":"open","ping_status":"open","sticky":false,"template":"","format":"standard","meta":{"footnotes":""},"categories":[24],"tags":[],"class_list":["post-511395","post","type-post","status-publish","format-standard","has-post-thumbnail","hentry","category-mundo"],"_links":{"self":[{"href":"https:\/\/diarioelpopular.com\/index.php\/wp-json\/wp\/v2\/posts\/511395","targetHints":{"allow":["GET"]}}],"collection":[{"href":"https:\/\/diarioelpopular.com\/index.php\/wp-json\/wp\/v2\/posts"}],"about":[{"href":"https:\/\/diarioelpopular.com\/index.php\/wp-json\/wp\/v2\/types\/post"}],"author":[{"embeddable":true,"href":"https:\/\/diarioelpopular.com\/index.php\/wp-json\/wp\/v2\/users\/99"}],"replies":[{"embeddable":true,"href":"https:\/\/diarioelpopular.com\/index.php\/wp-json\/wp\/v2\/comments?post=511395"}],"version-history":[{"count":1,"href":"https:\/\/diarioelpopular.com\/index.php\/wp-json\/wp\/v2\/posts\/511395\/revisions"}],"predecessor-version":[{"id":511397,"href":"https:\/\/diarioelpopular.com\/index.php\/wp-json\/wp\/v2\/posts\/511395\/revisions\/511397"}],"wp:featuredmedia":[{"embeddable":true,"href":"https:\/\/diarioelpopular.com\/index.php\/wp-json\/wp\/v2\/media\/511396"}],"wp:attachment":[{"href":"https:\/\/diarioelpopular.com\/index.php\/wp-json\/wp\/v2\/media?parent=511395"}],"wp:term":[{"taxonomy":"category","embeddable":true,"href":"https:\/\/diarioelpopular.com\/index.php\/wp-json\/wp\/v2\/categories?post=511395"},{"taxonomy":"post_tag","embeddable":true,"href":"https:\/\/diarioelpopular.com\/index.php\/wp-json\/wp\/v2\/tags?post=511395"}],"curies":[{"name":"wp","href":"https:\/\/api.w.org\/{rel}","templated":true}]}}