{"id":511563,"date":"2023-07-20T09:10:34","date_gmt":"2023-07-20T13:10:34","guid":{"rendered":"https:\/\/diarioelpopular.com\/?p=511563"},"modified":"2023-07-20T09:10:34","modified_gmt":"2023-07-20T13:10:34","slug":"ante-el-contagio-de-los-inutiles-enfrentamientos","status":"publish","type":"post","link":"https:\/\/diarioelpopular.com\/index.php\/2023\/07\/20\/ante-el-contagio-de-los-inutiles-enfrentamientos\/","title":{"rendered":"ANTE EL CONTAGIO\u00a0  DE LOS IN\u00daTILES ENFRENTAMIENTOS"},"content":{"rendered":"<p class=\"p4\"><b><i><span class=\"Apple-converted-space\">\u00a0<\/span>\u201cEs cierto que nuestras mentes se mundializan, pero nuestros corazones no se unen a otros; que es lo que en realidad, nos hace entendernos y atendernos, como ciudadanos de bondades y virtudes\u201d.<\/i><\/b><\/p>\n<p class=\"p5\"><b><i>=============================<\/i><\/b><\/p>\n<p class=\"p5\"><b><i>V\u00edctor CORCOBA HERRERO\/ Escritor<\/i><\/b><\/p>\n<p class=\"p5\"><b><i>corcoba@telefonica.net <\/i><\/b><\/p>\n<p class=\"p5\"><b>=============================<\/b><span class=\"Apple-converted-space\">\u00a0<\/span><\/p>\n<p class=\"p7\">La guerra entre nosotros es una enfermedad a la que hay que poner sanaci\u00f3n. No tiene sentido caminar solos, cuando nos mueve el mismo andar y nos conmueve id\u00e9ntico horizonte. Est\u00e1 bien conciliar aires y reconciliar navegaciones, para sumar remos y abrazar historias que nos fraternicen. Para desgracia nuestra, en diversos territorios resurgen pugnas y viejas divisiones que se cre\u00edan en parte superadas. En consecuencia, reconozco que es m\u00e1s necesario que nunca, modificar comportamientos y actitudes, ponerse de servicio y trabajar la concordia como abecedario de luz. Seguramente, tambi\u00e9n los consejos de seguridad, deban redoblar sus esfuerzos para achicar las violaciones colectivas, la esclavitud sexual y otras formas de terror, utilizadas como t\u00e1ctica de ataque, para someter y desplazar a las poblaciones. Abandonemos las luchas y protejamos la autosatisfacci\u00f3n de uno mismo, ser\u00e1 un buen prop\u00f3sito.<\/p>\n<p class=\"p8\">Necesitamos vernos, seguramente de otro modo y manera, conocernos y reconocernos m\u00e1s aut\u00e9nticos y transparentes, para aminorar las tensiones y cualquier amenaza que nos torture. Est\u00e1 visto que cuanto m\u00e1s dure este ambiente desolador y enfermizo, m\u00e1s se enraizar\u00e1 en la especie el veneno y las repercusiones ser\u00e1n impredecibles. Sin duda, hay que llamar al orden con la ayuda humanitaria, que es lo que realmente aglutina simpat\u00edas y no antipat\u00edas, convencerse de que tampoco tenemos que dejarnos vencer por la maldad, tomar la visi\u00f3n solidaria sobre la salud humana y planetaria, sabiendo que, frente a la multitud de crisis, nos queda el di\u00e1logo sincero y escucharnos m\u00e1s, no como un mero objeto productivo, sino como un ser en donaci\u00f3n colectiva, de participaci\u00f3n y de no resignarse, aunque para ello tengamos que enfrentarnos personalmente.<span class=\"Apple-converted-space\">\u00a0<\/span><\/p>\n<p class=\"p7\">En efecto, somos gente de acci\u00f3n, pero no podemos trabajar bajo el ca\u00f1\u00f3n de la desconfianza, requerimos el saneamiento de nuestros interiores, no para hacer un espect\u00e1culo, sino simplemente para desterrar de nosotros el orbe del sufrimiento, que est\u00e1 ah\u00ed en cualquier esquina del camino. Tampoco podemos cerrar el o\u00eddo al grito de tantos seres indefensos que resisten absurdas batallas, que suelen comenzar en nuestras propias familias, soportando el maltrato de una atm\u00f3sfera social, empedrada por el odio y la venganza. Indudablemente, la globalizaci\u00f3n est\u00e1 provocando un insistente desvelo de paralelismo, que va a inducir hacia multitud de oposiciones. Es cierto que nuestras mentes se mundializan, pero nuestros corazones no se unen a otros; que es lo que en realidad, nos hace entendernos y atendernos, como ciudadanos de bondades y virtudes.<\/p>\n<p class=\"p6\"><span class=\"Apple-converted-space\">\u00a0<\/span><\/p>\n<p class=\"p8\">Desde luego, el \u00fanico medio de evitar este tipo de situaciones bochornosas pasa por favorecer el encuentro y por establecer un final para el combate. En cualquier conflicto, para acabar con \u00e9l, es necesario mirarse a los ojos, practicar el coraz\u00f3n y sentir que el amor conjuga los latidos. Al fin y al cabo, todo se defiende con la raz\u00f3n y no con las armas. Sin ir m\u00e1s lejos, ah\u00ed tenemos la guerra de Ucrania, que amenaza con desencadenar una carrera armament\u00edstica mundial. Cuanto m\u00e1s dure esta ofensiva, ser\u00e1n m\u00e1s peligrosas sus secuelas, incluida la posibilidad de un conflicto m\u00e1s amplio, lo que nos demanda un cambio en el obrar, que no se sustente en la fuerza, sino que sea fruto de la victoria sobre nosotros mismos, sobre las potencias de las perversidades que nos desfiguran totalmente. Sin duda, otro mundo es posible cuando dos se entregan y hacen hogar.<\/p>\n<p class=\"p7\">Sea como fuere, la toxina de los contagios inhumanos nos viene deshumanizando, desde hace bastante tiempo; hasta el extremo, que nos hace falta volver a reencontrar el camino de lo arm\u00f3nico. Es una cuesti\u00f3n crucial. Los malditos intereses mundanos lo subordinan todo a su capricho; al deseo de los poderosos, mientras la desigualdad est\u00e1 cada d\u00eda m\u00e1s incrustada en la arquitectura financiera internacional, lo que acrecienta este c\u00edrculo vicioso, verdaderamente desolador en su propagaci\u00f3n. Tanto es as\u00ed, que el germen no puede ser m\u00e1s virulento. S\u00f3lo hay que ver que la mitad de la humanidad vive en pa\u00edses que se ven obligados a padecer el virus m\u00e1s tormentoso, pues se sienten forzados a gastar m\u00e1s en el servicio de su deuda que en salud y educaci\u00f3n, lo que significa nada menos que un desastre para el desarrollo. Ojal\u00e1 aprendamos a reprendernos en el curso de la vida, con la pujanza del esp\u00edritu y la toma de conciencia en valores. Toca, pues, \u00a1despertar!<\/p>\n<p class=\"p9\"><span class=\"s3\"><span class=\"Apple-converted-space\">\u00a0<\/span><\/span><b>V\u00edctor CORCOBA HERRERO\/ Escritor<\/b><\/p>\n<p class=\"p10\"><b><span class=\"Apple-converted-space\">\u00a0<\/span>HYPERLINK &#8220;mailto:corcoba@telefonica.net&#8221; <\/b><span class=\"s4\"><b>corcoba@telefonica.net<\/b><\/span><\/p>\n<p class=\"p10\"><b>20 de julio de 2023.-<\/b><\/p>\n","protected":false},"excerpt":{"rendered":"<p>\u00a0\u201cEs cierto que nuestras mentes se mundializan, pero nuestros corazones no se unen a otros; que es lo que en realidad, nos hace entendernos y&hellip;<\/p>\n","protected":false},"author":99,"featured_media":0,"comment_status":"open","ping_status":"open","sticky":false,"template":"","format":"standard","meta":{"footnotes":""},"categories":[11353,81],"tags":[],"class_list":["post-511563","post","type-post","status-publish","format-standard","hentry","category-algo-mas-que-palabras","category-columnistas"],"_links":{"self":[{"href":"https:\/\/diarioelpopular.com\/index.php\/wp-json\/wp\/v2\/posts\/511563","targetHints":{"allow":["GET"]}}],"collection":[{"href":"https:\/\/diarioelpopular.com\/index.php\/wp-json\/wp\/v2\/posts"}],"about":[{"href":"https:\/\/diarioelpopular.com\/index.php\/wp-json\/wp\/v2\/types\/post"}],"author":[{"embeddable":true,"href":"https:\/\/diarioelpopular.com\/index.php\/wp-json\/wp\/v2\/users\/99"}],"replies":[{"embeddable":true,"href":"https:\/\/diarioelpopular.com\/index.php\/wp-json\/wp\/v2\/comments?post=511563"}],"version-history":[{"count":1,"href":"https:\/\/diarioelpopular.com\/index.php\/wp-json\/wp\/v2\/posts\/511563\/revisions"}],"predecessor-version":[{"id":511564,"href":"https:\/\/diarioelpopular.com\/index.php\/wp-json\/wp\/v2\/posts\/511563\/revisions\/511564"}],"wp:attachment":[{"href":"https:\/\/diarioelpopular.com\/index.php\/wp-json\/wp\/v2\/media?parent=511563"}],"wp:term":[{"taxonomy":"category","embeddable":true,"href":"https:\/\/diarioelpopular.com\/index.php\/wp-json\/wp\/v2\/categories?post=511563"},{"taxonomy":"post_tag","embeddable":true,"href":"https:\/\/diarioelpopular.com\/index.php\/wp-json\/wp\/v2\/tags?post=511563"}],"curies":[{"name":"wp","href":"https:\/\/api.w.org\/{rel}","templated":true}]}}