{"id":511605,"date":"2023-07-21T07:53:14","date_gmt":"2023-07-21T11:53:14","guid":{"rendered":"https:\/\/diarioelpopular.com\/?p=511605"},"modified":"2023-07-21T07:53:14","modified_gmt":"2023-07-21T11:53:14","slug":"una-eleccion-de-palabras-lamentable-el-enojo-del-gobierno-britanico-con-la-union-europea-por-usar-el-termino-islas-malvinas-junto-a-falklands","status":"publish","type":"post","link":"https:\/\/diarioelpopular.com\/index.php\/2023\/07\/21\/una-eleccion-de-palabras-lamentable-el-enojo-del-gobierno-britanico-con-la-union-europea-por-usar-el-termino-islas-malvinas-junto-a-falklands\/","title":{"rendered":"&#8220;Una elecci\u00f3n de palabras lamentable&#8221;: el enojo del gobierno brit\u00e1nico con la Uni\u00f3n Europea por usar el t\u00e9rmino islas Malvinas junto a Falklands"},"content":{"rendered":"<p><img loading=\"lazy\" decoding=\"async\" class=\"alignnone size-custom-big-size wp-image-511606\" src=\"https:\/\/diarioelpopular.com\/wp-content\/uploads\/2023\/07\/Screen-Shot-2023-07-21-at-7.52.14-AM-1200x629.png\" alt=\"\" width=\"1200\" height=\"629\" srcset=\"https:\/\/diarioelpopular.com\/wp-content\/uploads\/2023\/07\/Screen-Shot-2023-07-21-at-7.52.14-AM-1200x629.png 1200w, https:\/\/diarioelpopular.com\/wp-content\/uploads\/2023\/07\/Screen-Shot-2023-07-21-at-7.52.14-AM-300x157.png 300w, https:\/\/diarioelpopular.com\/wp-content\/uploads\/2023\/07\/Screen-Shot-2023-07-21-at-7.52.14-AM-768x402.png 768w, https:\/\/diarioelpopular.com\/wp-content\/uploads\/2023\/07\/Screen-Shot-2023-07-21-at-7.52.14-AM-636x333.png 636w, https:\/\/diarioelpopular.com\/wp-content\/uploads\/2023\/07\/Screen-Shot-2023-07-21-at-7.52.14-AM-139x73.png 139w, https:\/\/diarioelpopular.com\/wp-content\/uploads\/2023\/07\/Screen-Shot-2023-07-21-at-7.52.14-AM.png 1024w\" sizes=\"auto, (max-width: 1200px) 100vw, 1200px\" \/><\/p>\n<h5><em>Argentina reclama la soberan\u00eda sobre este territorio brit\u00e1nico de ultramar en el suroeste del oc\u00e9ano Atl\u00e1ntico.<\/em><\/h5>\n<p>&nbsp;<\/p>\n<p>&nbsp;<\/p>\n<div class=\"bbc-19j92fr ebmt73l0\" dir=\"ltr\">\n<ul>\n<li class=\"bbc-hhl7in e17g058b0\" dir=\"ltr\"><em><b>El gobierno brit\u00e1nico critic\u00f3 a la Uni\u00f3n Europea (UE) por emplear en un documento oficial el nombre de islas Malvinas, que utiliza Argentina para referirse a las Malvinas\/Falklands.<\/b><\/em><\/li>\n<\/ul>\n<\/div>\n<div class=\"bbc-19j92fr ebmt73l0\" dir=\"ltr\">\n<p dir=\"ltr\">\n<p class=\"bbc-hhl7in e17g058b0\" dir=\"ltr\">La UE se refiri\u00f3 al territorio en disputa como &#8220;Islas Malvinas\/Falkland Islands&#8221; en una declaraci\u00f3n emitida esta semana despu\u00e9s de la cumbre en Bruselas con la Comunidad de Estados Latinoamericanos y Caribe\u00f1os (Celac), un grupo de 33 pa\u00edses que incluye a Argentina.<\/p>\n<\/div>\n<div class=\"bbc-19j92fr ebmt73l0\" dir=\"ltr\">\n<p class=\"bbc-hhl7in e17g058b0\" dir=\"ltr\">\u201cEn cuanto a la cuesti\u00f3n de la soberan\u00eda sobre las Islas Malvinas\/Falkland Islands, la Uni\u00f3n Europea tom\u00f3 nota de la posici\u00f3n hist\u00f3rica de la Celac basada en la importancia del di\u00e1logo y el respeto al derecho internacional en la soluci\u00f3n pac\u00edfica de controversias\u201d, dice el documento.<\/p>\n<\/div>\n<div class=\"bbc-19j92fr ebmt73l0\" dir=\"ltr\">\n<p class=\"bbc-hhl7in e17g058b0\" dir=\"ltr\">El portavoz del primer ministro de Reino Unido, Rishi Sunak, dijo que era una &#8220;elecci\u00f3n de palabras lamentable&#8221;.<\/p>\n<\/div>\n<section class=\"bbc-1f5u21o e8sa160\" role=\"region\" aria-label=\"Publicidad 2\" aria-hidden=\"true\" data-e2e=\"advertisement\"><\/section>\n<div class=\"bbc-19j92fr ebmt73l0\" dir=\"ltr\">\n<p class=\"bbc-hhl7in e17g058b0\" dir=\"ltr\">Sin embargo, la UE insisti\u00f3 en que no est\u00e1 tomando una posici\u00f3n sobre la disputa.<\/p>\n<\/div>\n<div class=\"bbc-1n4f7vm ebmt73l0\" dir=\"ltr\"><\/div>\n<div class=\"bbc-19j92fr ebmt73l0\" dir=\"ltr\">\n<p class=\"bbc-hhl7in e17g058b0\" dir=\"ltr\">Es la primera vez que la UE celebra una cumbre con la Celac desde que Reino Unido abandon\u00f3 el bloque europeo a principios de 2020.<\/p>\n<\/div>\n<div class=\"bbc-19j92fr ebmt73l0\" dir=\"ltr\">\n<p class=\"bbc-hhl7in e17g058b0\" dir=\"ltr\">Argentina reclama la soberan\u00eda sobre este territorio brit\u00e1nico de ultramar, en el suroeste del oc\u00e9ano Atl\u00e1ntico.<\/p>\n<\/div>\n<div class=\"bbc-19j92fr ebmt73l0\" dir=\"ltr\">\n<p class=\"bbc-hhl7in e17g058b0\" dir=\"ltr\">Cuando los reporteros brit\u00e1nicos le preguntaron sobre el uso de &#8220;Malvinas&#8221; por parte de la UE, el vocero de Sunak respondi\u00f3: &#8220;La opini\u00f3n del primer ministro es que habr\u00eda sido completamente inaceptable que la UE cuestionara el derecho de los habitantes de las islas a decidir su propio futuro&#8221;.<\/p>\n<\/div>\n<div class=\"bbc-19j92fr ebmt73l0\" dir=\"ltr\">\n<p class=\"bbc-hhl7in e17g058b0\" dir=\"ltr\">&#8220;Para ser claros, las\u00a0islas Falkland son brit\u00e1nicas, esa fue la elecci\u00f3n de sus propios habitantes&#8221;, dijo al referirse a los resultados del refer\u00e9ndum de 2013, en el que votaron abrumadoramente por seguir siendo un territorio de Reino Unido.<\/p>\n<\/div>\n<div class=\"bbc-19j92fr ebmt73l0\" dir=\"ltr\">\n<p class=\"bbc-hhl7in e17g058b0\" dir=\"ltr\">&#8220;La UE aclar\u00f3 que su posici\u00f3n sobre las islas no ha cambiado despu\u00e9s de su lamentable elecci\u00f3n de palabras&#8221;, agreg\u00f3.<\/p>\n<\/div>\n<div class=\"bbc-19j92fr ebmt73l0\" dir=\"ltr\">\n<h2 id=\"Triunfo-argentino\" class=\"bbc-1f03ibc eglt09e0\" tabindex=\"-1\">\u201cTriunfo argentino\u201d<\/h2>\n<\/div>\n<div class=\"bbc-19j92fr ebmt73l0\" dir=\"ltr\">\n<p class=\"bbc-hhl7in e17g058b0\" dir=\"ltr\">En un tuit, el secretario de Relaciones Exteriores brit\u00e1nico, James Cleverly, dijo que Argentina y la UE deber\u00edan &#8220;escuchar&#8221; la &#8220;elecci\u00f3n democr\u00e1tica&#8221; de los habitantes de las islas.<\/p>\n<\/div>\n<div class=\"bbc-19j92fr ebmt73l0\" dir=\"ltr\">\n<p class=\"bbc-hhl7in e17g058b0\" dir=\"ltr\">La Canciller\u00eda argentina celebr\u00f3 la referencia al tema de la soberan\u00eda como un &#8220;triunfo de la diplomacia argentina&#8221;, una idea que tuvo eco en algunos medios de ese pa\u00eds.<\/p>\n<\/div>\n<div class=\"bbc-19j92fr ebmt73l0\" dir=\"ltr\">\n<p class=\"bbc-hhl7in e17g058b0\" dir=\"ltr\">Pero, a diferencia de los medios brit\u00e1nicos, ni el gobierno ni la prensa en Argentina se centraron en el nombre utilizado para el territorio en disputa en la declaraci\u00f3n final de la cumbre.<\/p>\n<\/div>\n<div class=\"bbc-19j92fr ebmt73l0\" dir=\"ltr\">\n<p class=\"bbc-hhl7in e17g058b0\" dir=\"ltr\">M\u00e1s bien se enfocaron en el hecho de que la &#8220;cuesti\u00f3n de Malvinas&#8221; se incluyera en la misma, ya que la disputa no se mencion\u00f3 en las declaraciones posteriores a la cumbre entre la UE y la Celac de 2015 ni en la cumbre inaugural de 2013.<\/p>\n<\/div>\n<div class=\"bbc-19j92fr ebmt73l0\" dir=\"ltr\">\n<p class=\"bbc-hhl7in e17g058b0\" dir=\"ltr\">Hay informes de que Reino Unido hizo un esfuerzo diplom\u00e1tico para disuadir a la UE de mencionar la disputa en la declaraci\u00f3n final de esta semana.<\/p>\n<\/div>\n<div class=\"bbc-19j92fr ebmt73l0\" dir=\"ltr\">\n<h2 id=\"Profundamente-decepcionado\" class=\"bbc-1f03ibc eglt09e0\" tabindex=\"-1\">\u201cProfundamente decepcionado\u201d<\/h2>\n<\/div>\n<div class=\"bbc-19j92fr ebmt73l0\" dir=\"ltr\">\n<p class=\"bbc-hhl7in e17g058b0\" dir=\"ltr\">El portavoz de Asuntos Exteriores de la UE, Peter Stano, agreg\u00f3 que no pod\u00eda &#8220;expresar ninguna posici\u00f3n&#8221; porque los 27 estados miembros no hab\u00edan adoptado una visi\u00f3n colectiva sobre el asunto.<\/p>\n<\/div>\n<div class=\"bbc-19j92fr ebmt73l0\" dir=\"ltr\">\n<p class=\"bbc-hhl7in e17g058b0\" dir=\"ltr\">&#8220;La UE siempre est\u00e1 lista para escuchar la posici\u00f3n de nuestros socios y tomar nota de eso&#8221;, agreg\u00f3.<\/p>\n<\/div>\n<div class=\"bbc-19j92fr ebmt73l0\" dir=\"ltr\">\n<p class=\"bbc-hhl7in e17g058b0\" dir=\"ltr\">\u201cEn ese esp\u00edritu,\u00a0la UE tom\u00f3 nota del inter\u00e9s mostrado por Argentina y los estados de la Celac en abordar la cuesti\u00f3n de las Malvinas\/Falklands\u201d.<\/p>\n<\/div>\n<div class=\"bbc-19j92fr ebmt73l0\" dir=\"ltr\">\n<p class=\"bbc-hhl7in e17g058b0\" dir=\"ltr\">En un comunicado de prensa, el gobierno de las islas Malvinas\/Falklands dijo que est\u00e1 &#8220;profundamente decepcionado&#8221; por el lenguaje utilizado en la declaraci\u00f3n de la UE.<\/p>\n<\/div>\n<div class=\"bbc-19j92fr ebmt73l0\" dir=\"ltr\">\n<p class=\"bbc-hhl7in e17g058b0\" dir=\"ltr\">Teslyn Barkman, vicepresidenta de la Asamblea Legislativa del territorio, inst\u00f3 a los pa\u00edses de la UE a &#8220;respetar los deseos de los habitantes de las islas y referirse a nosotros por nuestro nombre propio&#8221;.<\/p>\n<\/div>\n<div class=\"bbc-19j92fr ebmt73l0\" dir=\"ltr\">\n<p class=\"bbc-hhl7in e17g058b0\" dir=\"ltr\">Las Malvinas\/Falklands fueron objeto de una guerra breve pero amarga entre Reino Unido y Argentina en 1982,\u00a0luego de que las fuerzas argentinas desembarcaran en las islas para reclamar el territorio.<\/p>\n<\/div>\n<div class=\"bbc-19j92fr ebmt73l0\" dir=\"ltr\">\n<p class=\"bbc-hhl7in e17g058b0\" dir=\"ltr\">El conflicto dur\u00f3 74 d\u00edas, con 655 argentinos, 255 brit\u00e1nicos y tres habitantes de las islas muertos, antes de que las fuerzas brit\u00e1nicas recuperaran el control total el 14 de junio de 1982.<\/p>\n<\/div>\n","protected":false},"excerpt":{"rendered":"<p>Argentina reclama la soberan\u00eda sobre este territorio brit\u00e1nico de ultramar en el suroeste del oc\u00e9ano Atl\u00e1ntico. &nbsp; &nbsp; El gobierno brit\u00e1nico critic\u00f3 a la Uni\u00f3n&hellip;<\/p>\n","protected":false},"author":99,"featured_media":511606,"comment_status":"open","ping_status":"open","sticky":false,"template":"","format":"standard","meta":{"footnotes":""},"categories":[24],"tags":[],"class_list":["post-511605","post","type-post","status-publish","format-standard","has-post-thumbnail","hentry","category-mundo"],"_links":{"self":[{"href":"https:\/\/diarioelpopular.com\/index.php\/wp-json\/wp\/v2\/posts\/511605","targetHints":{"allow":["GET"]}}],"collection":[{"href":"https:\/\/diarioelpopular.com\/index.php\/wp-json\/wp\/v2\/posts"}],"about":[{"href":"https:\/\/diarioelpopular.com\/index.php\/wp-json\/wp\/v2\/types\/post"}],"author":[{"embeddable":true,"href":"https:\/\/diarioelpopular.com\/index.php\/wp-json\/wp\/v2\/users\/99"}],"replies":[{"embeddable":true,"href":"https:\/\/diarioelpopular.com\/index.php\/wp-json\/wp\/v2\/comments?post=511605"}],"version-history":[{"count":1,"href":"https:\/\/diarioelpopular.com\/index.php\/wp-json\/wp\/v2\/posts\/511605\/revisions"}],"predecessor-version":[{"id":511607,"href":"https:\/\/diarioelpopular.com\/index.php\/wp-json\/wp\/v2\/posts\/511605\/revisions\/511607"}],"wp:featuredmedia":[{"embeddable":true,"href":"https:\/\/diarioelpopular.com\/index.php\/wp-json\/wp\/v2\/media\/511606"}],"wp:attachment":[{"href":"https:\/\/diarioelpopular.com\/index.php\/wp-json\/wp\/v2\/media?parent=511605"}],"wp:term":[{"taxonomy":"category","embeddable":true,"href":"https:\/\/diarioelpopular.com\/index.php\/wp-json\/wp\/v2\/categories?post=511605"},{"taxonomy":"post_tag","embeddable":true,"href":"https:\/\/diarioelpopular.com\/index.php\/wp-json\/wp\/v2\/tags?post=511605"}],"curies":[{"name":"wp","href":"https:\/\/api.w.org\/{rel}","templated":true}]}}