{"id":511649,"date":"2023-07-22T09:21:34","date_gmt":"2023-07-22T13:21:34","guid":{"rendered":"https:\/\/diarioelpopular.com\/?p=511649"},"modified":"2023-07-22T09:21:34","modified_gmt":"2023-07-22T13:21:34","slug":"del-fin-del-extractivismo-al-perdon-por-la-esclavitud-europa-y-latinoamerica-revisan-su-pasado","status":"publish","type":"post","link":"https:\/\/diarioelpopular.com\/index.php\/2023\/07\/22\/del-fin-del-extractivismo-al-perdon-por-la-esclavitud-europa-y-latinoamerica-revisan-su-pasado\/","title":{"rendered":"Del fin del extractivismo al perd\u00f3n por la esclavitud: Europa y Latinoam\u00e9rica revisan su pasado"},"content":{"rendered":"<p><img loading=\"lazy\" decoding=\"async\" class=\"alignnone size-custom-big-size wp-image-511650\" src=\"https:\/\/diarioelpopular.com\/wp-content\/uploads\/2023\/07\/Screen-Shot-2023-07-22-at-9.20.47-AM-1200x675.png\" alt=\"\" width=\"1200\" height=\"675\" srcset=\"https:\/\/diarioelpopular.com\/wp-content\/uploads\/2023\/07\/Screen-Shot-2023-07-22-at-9.20.47-AM-1200x675.png 1200w, https:\/\/diarioelpopular.com\/wp-content\/uploads\/2023\/07\/Screen-Shot-2023-07-22-at-9.20.47-AM-300x169.png 300w, https:\/\/diarioelpopular.com\/wp-content\/uploads\/2023\/07\/Screen-Shot-2023-07-22-at-9.20.47-AM-768x432.png 768w, https:\/\/diarioelpopular.com\/wp-content\/uploads\/2023\/07\/Screen-Shot-2023-07-22-at-9.20.47-AM-636x358.png 636w, https:\/\/diarioelpopular.com\/wp-content\/uploads\/2023\/07\/Screen-Shot-2023-07-22-at-9.20.47-AM-130x73.png 130w, https:\/\/diarioelpopular.com\/wp-content\/uploads\/2023\/07\/Screen-Shot-2023-07-22-at-9.20.47-AM.png 1024w\" sizes=\"auto, (max-width: 1200px) 100vw, 1200px\" \/><\/p>\n<h5><em>La presidenta de la comisi\u00f3n, Ursula von der Leyen, el del Consejo, Charles Michel, el presidente espa\u00f1ol, Pedro S\u00e1nchez, el de Argentina, Alberto Fern\u00e1ndez, del de Pa\u00edses Bajos, Mark Rutte, el de Finlandia, Petteri Orpo, el canciller de Alemania, Olaf Scholz y el primer ministro de San Vicente y Granadinas, Ralph Gonsalves, este lunes en Bruselas.<span class=\"a_m_m\">JOHANNA GERON (REUTERS)<\/span><\/em><\/h5>\n<p>&nbsp;<\/p>\n<p>&nbsp;<\/p>\n<h4 class=\"a_st\"><em>&#8211; La cumbre UE-Celac supuso un cambio en la ret\u00f3rica entre los bloques. Ante la conjunci\u00f3n de crisis, buscan reflotar las relaciones con discusiones importantes sobre desarrollo sostenible o reparaci\u00f3n<\/em><\/h4>\n<p>&nbsp;<\/p>\n<p class=\"\">Los l\u00edderes de la Uni\u00f3n Europea y Am\u00e9rica Latina han escenificado esta semana una de esas reconciliaciones de viejos amigos que se distancian y vuelven a buscarse en tiempos dif\u00edciles, aunque toque sacar unas cuantas verdades del pasado y ponerlas sobre la mesa para poder mirar al futuro m\u00e1s ligeros. Algo as\u00ed ha pasado en la\u00a0<a href=\"https:\/\/elpais.com\/internacional\/2023-07-17\/la-ue-promete-una-inversion-de-45000-millones-de-euros-a-america-latina-para-contrarrestar-el-empuje-de-china.html\" target=\"_blank\" rel=\"noopener\" data-link-track-dtm=\"\" data-mrf-link=\"https:\/\/elpais.com\/internacional\/2023-07-17\/la-ue-promete-una-inversion-de-45000-millones-de-euros-a-america-latina-para-contrarrestar-el-empuje-de-china.html\">reuni\u00f3n de la UE y los pa\u00edses de la Celac<\/a>\u00a0(Comunidad de Estados Latinoamericanos y Caribe\u00f1os), la primera en ocho a\u00f1os, celebrada en un momento complicado: con la escasez de combustibles provocada por la invasi\u00f3n de Rusia a Ucrania,\u00a0<a href=\"https:\/\/elpais.com\/opinion\/2023-06-01\/el-creciente-poder-de-china-en-america-latina.html\" target=\"_blank\" rel=\"noopener\" data-link-track-dtm=\"\" data-mrf-link=\"https:\/\/elpais.com\/opinion\/2023-06-01\/el-creciente-poder-de-china-en-america-latina.html\">la creciente influencia china sobre Am\u00e9rica Latina<\/a>\u00a0y la crisis clim\u00e1tica, que presenta a Latinoam\u00e9rica y su biodiversidad como tierra de soluciones.<\/p>\n<p class=\"\">En la cumbre, celebrada el lunes y el martes en Bruselas, los Veintisiete fueron claros: ante esta conjunci\u00f3n de crisis, necesitan nuevos socios comerciales, y los pa\u00edses de Am\u00e9rica Latina y el Caribe, una de las principales regiones exportadoras de materias primas, alimentos y con grand\u00edsimas reservas de\u00a0<a href=\"https:\/\/elpais.com\/internacional\/2022-02-08\/la-fiebre-del-litio-despierta-los-nacionalismos-en-america-latina.html\" target=\"_blank\" rel=\"noopener\" data-link-track-dtm=\"\" data-mrf-link=\"https:\/\/elpais.com\/internacional\/2022-02-08\/la-fiebre-del-litio-despierta-los-nacionalismos-en-america-latina.html\">minerales clave como el litio<\/a>, son una opci\u00f3n natural y conveniente para Europa, el principal inversor en la regi\u00f3n. \u201cEste es un nuevo comienzo para una vieja amistad. Europa aspira a ser el socio preferente de Am\u00e9rica Latina\u201d, dijo la presidenta de la Comisi\u00f3n Europea, la alemana Ursula von der Leyen, en el foro empresarial paralelo a la cumbre celebrado el lunes, en el que la UE prometi\u00f3 45.000 millones de euros (50.500 millones de d\u00f3lares) en planes de financiaci\u00f3n\u00a0<a href=\"https:\/\/elpais.com\/internacional\/2023-07-18\/conectividad-en-colombia-energias-limpias-en-argentina-o-vacunas-en-mexico-el-menu-de-las-inversiones-europeas-en-america-latina.html\" target=\"_blank\" rel=\"noopener\" data-link-track-dtm=\"\" data-mrf-link=\"https:\/\/elpais.com\/internacional\/2023-07-18\/conectividad-en-colombia-energias-limpias-en-argentina-o-vacunas-en-mexico-el-menu-de-las-inversiones-europeas-en-america-latina.html\">a trav\u00e9s de su herramienta Global Gateway<\/a>, con la que pretenden movilizar inversiones p\u00fablicas y privadas para el desarrollo sostenible.<\/p>\n<p class=\"\">La alta funcionaria europea destac\u00f3 la cultura y los valores comunes de los dos continentes, pero tambi\u00e9n la importancia que ambos le dan a los negocios. \u201cCreemos que la oferta de Europa para la regi\u00f3n es diferente y significativa. Tenemos el inter\u00e9s mutuo de ver que Am\u00e9rica Latina, el Caribe y Europa despliegan todo su potencial. Compartimos el inter\u00e9s com\u00fan de ver crecer nuestras industrias, desarrollar cadenas de valor locales y que cada vez m\u00e1s personas asciendan a la clase media. No solo queremos hacer negocios juntos, sino que queremos prosperar juntos\u201d, a\u00f1adi\u00f3.<\/p>\n<p class=\"\">Pero la declaraci\u00f3n de intenciones de Von der Leyen no libr\u00f3 a los europeos de escuchar una y otra vez de boca de los l\u00edderes latinoamericanos que no est\u00e1n dispuestos a ser simplemente y una vez m\u00e1s una \u201ccantera de recursos naturales\u201d, como lo defini\u00f3 la secretaria de Exteriores mexicana, Alicia B\u00e1rcena; que\u00a0<a href=\"https:\/\/elpais.com\/america-futura\/2023-05-17\/esta-latinoamerica-condenada-a-economias-extractivistas.html\" target=\"_blank\" rel=\"noopener\" data-link-track-dtm=\"\" data-mrf-link=\"https:\/\/elpais.com\/america-futura\/2023-05-17\/esta-latinoamerica-condenada-a-economias-extractivistas.html\">no quieren ser una tierra condenada eternamente al extractivismo.<\/a>\u00a0\u201cNecesitamos una asociaci\u00f3n que ponga fin a la divisi\u00f3n internacional de trabajo que condena a Am\u00e9rica Latina y al Caribe a suministrar materias primas y mano de obra mal pagada y discriminada\u201d, dijo el presidente Luiz In\u00e1cio Lula da Silva en ese mismo evento, ante una audiencia con decenas de representantes de gobiernos y empresas europeas con intereses en la regi\u00f3n.<\/p>\n<h3 class=\"\">El perd\u00f3n y las reparaciones por la esclavitud<\/h3>\n<p class=\"\">Las demandas a los europeos no se quedaron ah\u00ed. Hubo otra, surgida principalmente de los l\u00edderes caribe\u00f1os, que no tuvo tanto eco en los medios, pero de vital importancia si de revisar las relaciones hist\u00f3ricas se trata: en la\u00a0<a href=\"https:\/\/www.consilium.europa.eu\/media\/65925\/st12000-es23.pdf\" target=\"_blank\" rel=\"noopener\" data-link-track-dtm=\"\" data-mrf-link=\"https:\/\/www.consilium.europa.eu\/media\/65925\/st12000-es23.pdf\">declaraci\u00f3n final<\/a>\u00a0hay una petici\u00f3n de perd\u00f3n por la esclavitud. \u201cReconocemos y lamentamos profundamente el inimaginable sufrimiento infligido a millones de hombres, mujeres y ni\u00f1os como consecuencia del comercio transatl\u00e1ntico de esclavos\u201d, se lee en el d\u00e9cimo punto del documento firmado un\u00e1nimemente por los 59 l\u00edderes de ambos lados del Atl\u00e1ntico presentes en la cumbre.<\/p>\n<p>&nbsp;<\/p>\n<h5 class=\"a_m a_m-h \"><span class=\"_db a_m_w _pr lb_btn\"><img loading=\"lazy\" decoding=\"async\" class=\"_re lazyload a_m-h\" src=\"https:\/\/imagenes.elpais.com\/resizer\/vzxf9SvjqdFCE2rFjFic-G3mL0Y=\/414x0\/cloudfront-eu-central-1.images.arcpublishing.com\/prisa\/KA54RXHFGBFWTCUVCUHJTXJWLE.jpg\" srcset=\"https:\/\/imagenes.elpais.com\/resizer\/vzxf9SvjqdFCE2rFjFic-G3mL0Y=\/414x0\/cloudfront-eu-central-1.images.arcpublishing.com\/prisa\/KA54RXHFGBFWTCUVCUHJTXJWLE.jpg 414w,https:\/\/imagenes.elpais.com\/resizer\/X7wzOvr5M5YKMKpEIyBS6bxH1P8=\/828x0\/cloudfront-eu-central-1.images.arcpublishing.com\/prisa\/KA54RXHFGBFWTCUVCUHJTXJWLE.jpg 640w,https:\/\/imagenes.elpais.com\/resizer\/_T6ZCHXrzEPf0RzCMEN8bV5yujo=\/980x0\/cloudfront-eu-central-1.images.arcpublishing.com\/prisa\/KA54RXHFGBFWTCUVCUHJTXJWLE.jpg 1000w,https:\/\/imagenes.elpais.com\/resizer\/eFgaK9T4EZ94cNp4af-GDkWZErU=\/1960x0\/cloudfront-eu-central-1.images.arcpublishing.com\/prisa\/KA54RXHFGBFWTCUVCUHJTXJWLE.jpg 1960w\" alt=\"Ilan Goldfajn, del BID, Lula, Usula von der Leyen, Pedro S\u00e1nchez y Sergio D\u00edaz-Granados\" width=\"414\" height=\"233\" \/><\/span><em>Ilan Goldfajn, del BID, Luiz In\u00e1cio Lula da Silva, \u00darsula Von der Leyer Pedro S\u00e1nchez, Sergio D\u00edaz Granados, de CAF en la inauguraci\u00f3n del foro de negocios paralelo a la cumbre UE-Celac.<span class=\"a_m_m\">OLIVIER MATTHYS (EFE)<\/p>\n<p><\/span><\/em><\/h5>\n<p class=\"\">En l\u00ednea con la Declaraci\u00f3n y el Programa de Acci\u00f3n de Durban, el plan de acci\u00f3n de ONU contra el racismo y la discriminaci\u00f3n, la declaraci\u00f3n reconoce la esclavitud como una \u201ctragedia atroz [&#8230;] no solo por su aborrecible barbarie, sino tambi\u00e9n por su magnitud, su car\u00e1cter organizado y, especialmente, su negaci\u00f3n de la esencia de las v\u00edctimas\u201d. El texto, adem\u00e1s, la considera un \u201ccrimen de lesa humanidad\u201d y refiere, a trav\u00e9s de la Celac, al\u00a0<a href=\"https:\/\/caricomreparations.org\/\" target=\"_blank\" rel=\"noopener\" data-link-track-dtm=\"\" data-mrf-link=\"https:\/\/caricomreparations.org\/\">plan de diez puntos de la Comunidad del Caribe<\/a>\u00a0para una justicia reparadora.<\/p>\n<p class=\"\">\u201cTenemos que abordar la discusi\u00f3n con franqueza\u201d, le dice a Am\u00e9rica Futura el colombiano Sergio D\u00edaz Granados, presidente de CAF-banco de desarrollo de Am\u00e9rica Latina y el Caribe, que particip\u00f3 en la cumbre como observador. \u201cTenemos claro que tenemos un problema de movilidad social dentro de Am\u00e9rica Latina. Esa movilidad social est\u00e1 frenada por generaciones. La pobreza se transmite de generaci\u00f3n en generaci\u00f3n. Es lo que hemos denominado la \u2018loter\u00eda de la cuna\u2019. Y est\u00e1 claro que entre m\u00e1s oscura es la piel, m\u00e1s garant\u00eda de exclusi\u00f3n y de pobreza hay\u201d, se\u00f1ala al citar estudios de su organismo que hablan de c\u00f3mo\u00a0<a href=\"https:\/\/elpais.com\/america-futura\/2022-12-05\/la-desigualdad-se-hereda-solo-el-12-de-los-hijos-de-padres-iletrados-termina-la-universidad.html#?rel=mas\" target=\"_blank\" rel=\"noopener\" data-link-track-dtm=\"\" data-mrf-link=\"https:\/\/elpais.com\/america-futura\/2022-12-05\/la-desigualdad-se-hereda-solo-el-12-de-los-hijos-de-padres-iletrados-termina-la-universidad.html\">la desigualdad se hereda<\/a>\u00a0y son necesarias m\u00e1s de 11 generaciones de media para salir del ciclo de la pobreza.<\/p>\n<p class=\"\">Para \u00e9l, para poder llevar a cabo reparaciones, romper el c\u00edrculo vicioso de la pobreza y la desigualdad y generar movilidad social, primero hay que entender esta realidad e ir a las causas que originan la pobreza. \u201cLa reparaci\u00f3n tiene que ir al acompa\u00f1amiento de las pol\u00edticas que ayudan a la movilidad social, que son esencialmente las de empleo y las de educaci\u00f3n\u201d, afirma.<\/p>\n<h3 class=\"\">El reto: acabar con el ciclo del extractivismo<\/h3>\n<p class=\"\">Como Lula, D\u00edaz Granados tambi\u00e9n alz\u00f3 la voz contra las econom\u00edas extractivistas en la sesi\u00f3n inaugural del foro de negocios paralelo a la cumbre, donde se anunci\u00f3 la\u00a0<a href=\"https:\/\/elpais.com\/internacional\/2023-07-18\/conectividad-en-colombia-energias-limpias-en-argentina-o-vacunas-en-mexico-el-menu-de-las-inversiones-europeas-en-america-latina.html\" target=\"_blank\" rel=\"noopener\" data-link-track-dtm=\"\" data-mrf-link=\"https:\/\/elpais.com\/internacional\/2023-07-18\/conectividad-en-colombia-energias-limpias-en-argentina-o-vacunas-en-mexico-el-menu-de-las-inversiones-europeas-en-america-latina.html\">millonaria agenda de inversiones en la regi\u00f3n<\/a>, un proyecto que ha tenido a CAF y al Banco Interamericano de Desarrollo (BID) como aliados. \u201cSi queremos un crecimiento sostenido que beneficie a Am\u00e9rica Latina y el Caribe, que beneficie Europa, que beneficie al mundo, vamos a requerir una nueva forma de hacer las cosas y no una repetici\u00f3n o m\u00e1s de lo mismo\u201d, dice el presidente del organismo multilateral, contento por haber escuchado ese mensaje no solo de los l\u00edderes latinoamericanos sino tambi\u00e9n de los europeos.<\/p>\n<p>&nbsp;<\/p>\n<h5 class=\"a_m a_m-h \"><span class=\"_db a_m_w\"><img loading=\"lazy\" decoding=\"async\" class=\"_re lazyload a_m-h\" src=\"https:\/\/imagenes.elpais.com\/resizer\/53m8ejf9VBHiyXFp3q-gppIcfWY=\/414x0\/cloudfront-eu-central-1.images.arcpublishing.com\/prisa\/A2SCUNA2YZYG6BHIUIE3RWIISU.jpg\" srcset=\"https:\/\/imagenes.elpais.com\/resizer\/53m8ejf9VBHiyXFp3q-gppIcfWY=\/414x0\/cloudfront-eu-central-1.images.arcpublishing.com\/prisa\/A2SCUNA2YZYG6BHIUIE3RWIISU.jpg 414w,https:\/\/imagenes.elpais.com\/resizer\/RQNSsssjyCUyfJ3cGD5FHlM4vLA=\/828x0\/cloudfront-eu-central-1.images.arcpublishing.com\/prisa\/A2SCUNA2YZYG6BHIUIE3RWIISU.jpg 640w,https:\/\/imagenes.elpais.com\/resizer\/rmBR-H9cN9Qg5Sp-BTbZWBjkrNc=\/980x0\/cloudfront-eu-central-1.images.arcpublishing.com\/prisa\/A2SCUNA2YZYG6BHIUIE3RWIISU.jpg 1000w,https:\/\/imagenes.elpais.com\/resizer\/RSJ2jHZFdrHKgaCWrE4QznXNfog=\/1960x0\/cloudfront-eu-central-1.images.arcpublishing.com\/prisa\/A2SCUNA2YZYG6BHIUIE3RWIISU.jpg 1960w\" alt=\"El salar de Uyuni de Bolivia tiene grandes reservas de litio.\" width=\"414\" height=\"276\" \/><\/span><em>El salar de Uyuni de Bolivia tiene grandes reservas de litio.<span class=\"a_m_m\">GETTY<\/p>\n<p><\/span><\/em><\/h5>\n<p class=\"\">Una vez reconocido el problema, la pregunta que dej\u00f3 la cumbre es c\u00f3mo romper ese ciclo del extractivismo. Qu\u00e9 herramientas usar para que las inversiones dejen beneficios en los pa\u00edses latinoamericanos y que esa riqueza genere bienestar, transferencia de tecnolog\u00eda, conocimiento y cadenas de valor en los pa\u00edses de donde salen los recursos, pero cuya poblaci\u00f3n no ha podido disfrutar hasta ahora mayoritariamente de ellos.<\/p>\n<p class=\"\">\u201cPara agregar valor a la producci\u00f3n y no ser solamente extractivistas, se requieren bienes p\u00fablicos. Por un lado, educaci\u00f3n, clima de negocios, competencia, infraestructura y luego se requiere innovaci\u00f3n\u201d, razona Fabrizio Opertti, gerente del Sector de Integraci\u00f3n y Comercio del BID en una conversaci\u00f3n con EL PA\u00cdS en el marco del foro de negocios paralelo a la cumbre. \u201cCon el litio, con los minerales cr\u00edticos, tenemos que trabajar en valor agregado, en investigaci\u00f3n y desarrollo, y ah\u00ed Europa puede cumplir un rol fundamental, que esa inversi\u00f3n traslade innovaci\u00f3n, investigaci\u00f3n y desarrollo\u201d, dice, al recordar que en el tri\u00e1ngulo formado por Argentina, Chile y Bolivia est\u00e1n dos tercios de las reservas de ese mineral descubiertas hasta ahora.<\/p>\n<p class=\"\">Por su parte, Ant\u00f3n Leis Garc\u00eda, director de la Agencia Espa\u00f1ola de Cooperaci\u00f3n Internacional para el Desarrollo (Aecid), destaca que Europa puede aportar unos est\u00e1ndares regulatorios altos en el \u00e1mbito medioambiental, laboral o de derechos humanos. Adem\u00e1s, dice, para generar cadenas de valor y que haya un mayor valor a\u00f1adido en los pa\u00edses latinoamericanos, ser\u00e1 fundamental el acompa\u00f1amiento de los actores de cooperaci\u00f3n tradicionales y los bancos de desarrollo al sector privado. \u201cLas empresas hoy son tambi\u00e9n motores de desarrollo sostenible\u201d, afirma Leis Garc\u00eda en declaraciones a EL PA\u00cdS. \u201cSe les pide un rendimiento econ\u00f3mico financiero, pero tambi\u00e9n un rendimiento social. Es un nuevo paso en una relaci\u00f3n, yo dir\u00eda m\u00e1s rica, y donde est\u00e9n todas estas prioridades verdes, digitales y sociales\u201d.<\/p>\n<p class=\"\">En ese sentido, Alicia Montalvo, gerenta de Acci\u00f3n Clim\u00e1tica de CAF, destaca que la UE en sus relaciones comerciales puede aportar m\u00e1s que la transferencia de tecnolog\u00eda o que un intercambio comercial. \u201cLo que aporta es todo lo que se deriva del Pacto Verde en este momento, o sea, un comportamiento sostenible por parte de las empresas, que en algunos casos incluso est\u00e1 siendo criticado tambi\u00e9n desde Am\u00e9rica Latina porque el reglamento de deforestaci\u00f3n o la posibilidad de un impuesto de compensaci\u00f3n de carbono en frontera se ven como amenazas para los flujos comerciales. Pero de lo que se trata es de que todos tengamos un comportamiento m\u00e1s sostenible y, de hecho, quienes estar\u00edan afectados tambi\u00e9n son los importadores europeos que eventualmente tendr\u00edan que pagar estos sobrecostes\u201d, se\u00f1ala Montalvo.<\/p>\n<p class=\"\">\u201cPara superar una econom\u00eda extractivista, hay que construir una sociedad de conocimiento para una econom\u00eda del conocimiento. Ese es el camino. Y es bastante complejo\u201d, indica Mariano Jabonero, secretario general de la Organizaci\u00f3n de Estados Iberoamericanos para la Educaci\u00f3n, la Ciencia y la Cultura (OEI). Y apunta tres claves para conseguirlo: una digitalizaci\u00f3n que permita acortar las brechas que durante la pandemia dejaron a la mitad de los ni\u00f1os de la regi\u00f3n \u201cdesconectados por imposici\u00f3n\u201d, una formaci\u00f3n profesional que sea pertinente para la econom\u00eda de la regi\u00f3n y permita una \u201cinserci\u00f3n laboral digna\u201d e inversi\u00f3n en ciencia e investigaci\u00f3n.<\/p>\n<p class=\"\">Sin duda ser\u00e1 un reto fuerte en la regi\u00f3n m\u00e1s desigual, donde se estima que casi\u00a0<a href=\"https:\/\/www.cepal.org\/es\/comunicados\/tasas-pobreza-america-latina-se-mantienen-2022-encima-niveles-prepandemia-alerta-la\" target=\"_blank\" rel=\"noopener\" data-link-track-dtm=\"\" data-mrf-link=\"https:\/\/www.cepal.org\/es\/comunicados\/tasas-pobreza-america-latina-se-mantienen-2022-encima-niveles-prepandemia-alerta-la\">un tercio de la poblaci\u00f3n<\/a>\u00a0vive en situaci\u00f3n de pobreza y\u00a0<a href=\"https:\/\/elpais.com\/america-futura\/2022-07-28\/desde-la-zona-cero-del-cambio-climatico-asi-afecta-la-crisis-ambiental-a-los-latinoamericanos.html\" target=\"_blank\" rel=\"noopener\" data-link-track-dtm=\"\" data-mrf-link=\"https:\/\/elpais.com\/america-futura\/2022-07-28\/desde-la-zona-cero-del-cambio-climatico-asi-afecta-la-crisis-ambiental-a-los-latinoamericanos.html\">una de las m\u00e1s afectadas por el cambio clim\u00e1tico<\/a>. Pero una regi\u00f3n tambi\u00e9n con recursos suficientes como para ser el principal exportador de alimentos del mundo, tener algunos de los pulmones verdes del planeta como la Amazonia, y donde tambi\u00e9n hay muchos ejemplos de emprendimientos que exportan valor agregado como el\u00a0<i>software<\/i>\u00a0de trazabilidad de ganado uruguayo, la ingenier\u00eda para la miner\u00eda de cobre o los servicios arquitect\u00f3nicos de detecci\u00f3n s\u00edsmica chilenos que destaca Opperti del BID, o la apuesta de Bogot\u00e1 para producir buses el\u00e9ctricos, que destaca D\u00edaz Granados de CAF.<\/p>\n<p class=\"\">Y quiz\u00e1s, lo mejor de todo, en este relanzamiento de las relaciones entre Europa, Am\u00e9rica Latina y el Caribe, es que por primera vez los pa\u00edses pudieron hablarse de t\u00fa a t\u00fa, sin la \u201carrogancia\u201d del pasado que reconoci\u00f3 el primer ministro saliente de Pa\u00edses Bajos Mark Rutte en la cumbre. \u201cEs la primera vez que con todas las letras pudimos hablar del extractivismo sin culpas\u201d, brome\u00f3 el presidente argentino Alberto Fern\u00e1ndez en la rueda de prensa del cierre de la cumbre. \u201cDemand\u00f3 cinco siglos, pero finalmente lo hemos conseguido\u201d.<\/p>\n","protected":false},"excerpt":{"rendered":"<p>La presidenta de la comisi\u00f3n, Ursula von der Leyen, el del Consejo, Charles Michel, el presidente espa\u00f1ol, Pedro S\u00e1nchez, el de Argentina, Alberto Fern\u00e1ndez, del&hellip;<\/p>\n","protected":false},"author":99,"featured_media":511650,"comment_status":"open","ping_status":"open","sticky":false,"template":"","format":"standard","meta":{"footnotes":""},"categories":[24],"tags":[],"class_list":["post-511649","post","type-post","status-publish","format-standard","has-post-thumbnail","hentry","category-mundo"],"_links":{"self":[{"href":"https:\/\/diarioelpopular.com\/index.php\/wp-json\/wp\/v2\/posts\/511649","targetHints":{"allow":["GET"]}}],"collection":[{"href":"https:\/\/diarioelpopular.com\/index.php\/wp-json\/wp\/v2\/posts"}],"about":[{"href":"https:\/\/diarioelpopular.com\/index.php\/wp-json\/wp\/v2\/types\/post"}],"author":[{"embeddable":true,"href":"https:\/\/diarioelpopular.com\/index.php\/wp-json\/wp\/v2\/users\/99"}],"replies":[{"embeddable":true,"href":"https:\/\/diarioelpopular.com\/index.php\/wp-json\/wp\/v2\/comments?post=511649"}],"version-history":[{"count":1,"href":"https:\/\/diarioelpopular.com\/index.php\/wp-json\/wp\/v2\/posts\/511649\/revisions"}],"predecessor-version":[{"id":511651,"href":"https:\/\/diarioelpopular.com\/index.php\/wp-json\/wp\/v2\/posts\/511649\/revisions\/511651"}],"wp:featuredmedia":[{"embeddable":true,"href":"https:\/\/diarioelpopular.com\/index.php\/wp-json\/wp\/v2\/media\/511650"}],"wp:attachment":[{"href":"https:\/\/diarioelpopular.com\/index.php\/wp-json\/wp\/v2\/media?parent=511649"}],"wp:term":[{"taxonomy":"category","embeddable":true,"href":"https:\/\/diarioelpopular.com\/index.php\/wp-json\/wp\/v2\/categories?post=511649"},{"taxonomy":"post_tag","embeddable":true,"href":"https:\/\/diarioelpopular.com\/index.php\/wp-json\/wp\/v2\/tags?post=511649"}],"curies":[{"name":"wp","href":"https:\/\/api.w.org\/{rel}","templated":true}]}}