{"id":511762,"date":"2023-07-26T10:36:37","date_gmt":"2023-07-26T14:36:37","guid":{"rendered":"https:\/\/diarioelpopular.com\/?p=511762"},"modified":"2023-07-26T10:36:37","modified_gmt":"2023-07-26T14:36:37","slug":"los-latinos-sobrepasan-ya-a-los-blancos-no-hispanos-en-texas-segun-el-censo-de-2022","status":"publish","type":"post","link":"https:\/\/diarioelpopular.com\/index.php\/2023\/07\/26\/los-latinos-sobrepasan-ya-a-los-blancos-no-hispanos-en-texas-segun-el-censo-de-2022\/","title":{"rendered":"Los latinos sobrepasan ya a los blancos no hispanos en Texas, seg\u00fan el censo de 2022"},"content":{"rendered":"<p><img loading=\"lazy\" decoding=\"async\" class=\"alignnone size-custom-full-size wp-image-511764\" src=\"https:\/\/diarioelpopular.com\/wp-content\/uploads\/2023\/07\/Screen-Shot-2023-07-26-at-10.35.37-AM-636x567.png\" alt=\"\" width=\"636\" height=\"567\" srcset=\"https:\/\/diarioelpopular.com\/wp-content\/uploads\/2023\/07\/Screen-Shot-2023-07-26-at-10.35.37-AM-636x567.png 636w, https:\/\/diarioelpopular.com\/wp-content\/uploads\/2023\/07\/Screen-Shot-2023-07-26-at-10.35.37-AM-300x267.png 300w, https:\/\/diarioelpopular.com\/wp-content\/uploads\/2023\/07\/Screen-Shot-2023-07-26-at-10.35.37-AM-768x684.png 768w, https:\/\/diarioelpopular.com\/wp-content\/uploads\/2023\/07\/Screen-Shot-2023-07-26-at-10.35.37-AM-82x73.png 82w, https:\/\/diarioelpopular.com\/wp-content\/uploads\/2023\/07\/Screen-Shot-2023-07-26-at-10.35.37-AM.png 1024w\" sizes=\"auto, (max-width: 636px) 100vw, 636px\" \/><\/p>\n<p>&nbsp;<\/p>\n<h4 class=\"a_st\"><em>&#8211; En California y Nuevo M\u00e9xico hace tiempo que son mayor\u00eda, gracias a un aumento a ritmo constante en las \u00faltimas d\u00e9cadas<\/em><\/h4>\n<p>&nbsp;<\/p>\n<p class=\"\">El gran temor del racista trumpismo,\u00a0<a href=\"https:\/\/elpais.com\/cultura\/2021-02-17\/suketu-mehta-los-trumpistas-temen-que-ee-uu-deje-de-ser-un-pais-blanco-en-2044.html\" data-link-track-dtm=\"\" data-mrf-link=\"https:\/\/elpais.com\/cultura\/2021-02-17\/suketu-mehta-los-trumpistas-temen-que-ee-uu-deje-de-ser-un-pais-blanco-en-2044.html\">que Estados Unidos deje de ser un pa\u00eds blanco y angl\u00f3fono<\/a>, va camino de convertirse en realidad. Los latinos superan ya en n\u00famero a los blancos no hispanos en Texas, seg\u00fan datos del \u00faltimo censo.<\/p>\n<p class=\"\">Los latinos, o hispanos -la denominaci\u00f3n es indistinta-, representan alrededor del 40,2% de la poblaci\u00f3n del Estado, ligeramente por delante de los blancos no hispanos, que suponen el 39,8% del censo. El\u00a0<i>sorpasso<\/i>\u00a0no se limita s\u00f3lo a Texas, puesto que en California y Nuevo M\u00e9xico hace tiempo que son mayor\u00eda.<\/p>\n<p class=\"\">Los resultados no son sorprendentes, ya que la poblaci\u00f3n latina, principalmente mexicana, en Texas y en el pa\u00eds en general ha aumentado a un ritmo constante en las \u00faltimas d\u00e9cadas. En 2020, el censo revel\u00f3 que algo m\u00e1s de una cuarta parte de todos los ni\u00f1os de EE UU son latinos, con un aumento de m\u00e1s de un mill\u00f3n en s\u00f3lo una d\u00e9cada.<\/p>\n<p class=\"\">Seg\u00fan datos del instituto de estudios Pew Research, la poblaci\u00f3n de habla hispana de EE UU alcanz\u00f3 los 62,1 millones en 2020, lo que representa el 19% de todos los estadounidenses y el segundo grupo demogr\u00e1fico del pa\u00eds. Seg\u00fan el mismo censo, un 39% de los californianos eran tambi\u00e9n hispanos, ligeramente por encima de los blancos (35%), as\u00ed como el 49,3% de los habitantes de Nuevo M\u00e9xico. Por tanto, son tres los Estados donde la poblaci\u00f3n hispana o latina es mayor\u00eda. Nuevo M\u00e9xico tiene desde finales de la primera d\u00e9cada del siglo el mayor porcentaje de hispanos.<\/p>\n<p class=\"\">El vuelco demogr\u00e1fico de Texas se produjo probablemente hacia 2022, seg\u00fan la oficina federal del censo. Durante a\u00f1os, las estimaciones no oficiales hab\u00edan venido mostrando que los latinos iban camino de superar en n\u00famero a los blancos no hispanos, lo que refleja d\u00e9cadas de transformaci\u00f3n. De los 12 millones de latinos que se calcula viven en Texas, muchos se concentran en San Antonio, la ciudad con mayor porcentaje (en torno al 64%).<\/p>\n<p class=\"\">Tras el 40,2% de latinos o hispanos, los texanos son, en este orden, \u201cblancos no latinos\u201d (39,8% del censo), negros (13,4%), asi\u00e1ticos (5,7%), mestizos (dos o m\u00e1s razas, 2,3%), indios nativos de EE UU y Alaska (1,1%) y, finalmente, nativos de Haw\u00e1i o las islas del Pac\u00edfico (0,2%), seg\u00fan la clasificaci\u00f3n racial que a diario salta del censo a cualquier formulario o encuesta: en EE UU es obligatorio definirse, identificarse con una de las casillas. Los datos corresponden a un censo con fecha 1 de julio de 2022. \u201cLas cifras suman m\u00e1s del 100% porque los latinos pueden ser de cualquier raza\u201d, avisa la estad\u00edstica oficial, lo que a\u00f1ade complejidad a una identidad que la Administraci\u00f3n pretende definir como \u00fanica.<\/p>\n<p class=\"\">Texas tuvo mayor\u00eda blanca desde 1885 hasta 2004, cuando la poblaci\u00f3n blanca no hispana cay\u00f3 por primera vez por debajo del 50%. Es el segundo Estado m\u00e1s poblado por detr\u00e1s de California, donde las personas de color han representado el 95% de su crecimiento demogr\u00e1fico en la \u00faltima d\u00e9cada, seg\u00fan el censo de 2020. En Texas, California, Haw\u00e1i, Maryland, Nevada y Nuevo M\u00e9xico los blancos no hispanos representan menos del 50% de la poblaci\u00f3n. En paralelo a esta pujanza demogr\u00e1fica,\u00a0<a href=\"https:\/\/elpais.com\/cultura\/2022-12-07\/el-espanol-avanza-imparable-en-estados-unidos.html\" data-link-track-dtm=\"\" data-mrf-link=\"https:\/\/elpais.com\/cultura\/2022-12-07\/el-espanol-avanza-imparable-en-estados-unidos.html\">avanza tambi\u00e9n imparable el uso del espa\u00f1ol<\/a>. Fue el idioma no ingl\u00e9s m\u00e1s hablado en los hogares estadounidenses (62%) en 2019, 12 veces m\u00e1s que los cuatro siguientes m\u00e1s comunes (chino, tagalo, vietnamita y \u00e1rabe). M\u00e1s de\u00a0<a href=\"https:\/\/elpais.com\/babelia\/2022-12-30\/yuri-herrera-el-discurso-del-monolinguismo-en-estados-unidos-corre-paralelo-al-supremacismo-blanco.html\" data-link-track-dtm=\"\" data-mrf-link=\"https:\/\/elpais.com\/babelia\/2022-12-30\/yuri-herrera-el-discurso-del-monolinguismo-en-estados-unidos-corre-paralelo-al-supremacismo-blanco.html\">la mitad (55%) de los castellanoparlantes han nacido en EE UU<\/a>.<\/p>\n<h2 class=\"\">Abbott, demandado por instalar una barrera en el r\u00edo Grande<\/h2>\n<p class=\"\">El Estado de Texas, en manos del gobernador republicano Gregg Abbott,\u00a0<a href=\"https:\/\/elpais.com\/internacional\/2022-08-08\/el-gobernador-de-texas-envia-a-miles-de-inmigrantes-a-washington-y-nueva-york-para-presionar-a-la-casa-blanca.html\" data-link-track-dtm=\"\" data-mrf-link=\"https:\/\/elpais.com\/internacional\/2022-08-08\/el-gobernador-de-texas-envia-a-miles-de-inmigrantes-a-washington-y-nueva-york-para-presionar-a-la-casa-blanca.html\">env\u00eda desde hace m\u00e1s de un a\u00f1o a Nueva York o Washington a miles de migrantes<\/a>\u00a0que cruzan desde M\u00e9xico, como forma de presionar al Gobierno federal sobre la situaci\u00f3n que se vive en la frontera.<\/p>\n<p class=\"\">Como respuesta, este mismo lunes,\u00a0<a href=\"https:\/\/elpais.com\/internacional\/2023-07-25\/la-administracion-de-biden-demanda-a-texas-por-el-muro-flotante-para-frenar-la-migracion.html\" data-link-track-dtm=\"\" data-mrf-link=\"https:\/\/elpais.com\/internacional\/2023-07-25\/la-administracion-de-biden-demanda-a-texas-por-el-muro-flotante-para-frenar-la-migracion.html\">el Departamento de Justicia ha demandado al Estado por una barrera flotante<\/a>\u00a0en el r\u00edo Grande (o r\u00edo Bravo), que forma parte del programa de seguridad fronteriza de Abbott, la denominada\u00a0<i>Operaci\u00f3n Lone Star<\/i>.<\/p>\n<p class=\"\">La instalaci\u00f3n de\u00a0<a href=\"https:\/\/elpais.com\/internacional\/2023-07-20\/texas-instala-un-muro-flotante-para-frenar-migracion.html\" data-link-track-dtm=\"\" data-mrf-link=\"https:\/\/elpais.com\/internacional\/2023-07-20\/texas-instala-un-muro-flotante-para-frenar-migracion.html\">la barrera, de unos 300 metros<\/a>, pretende disuadir a los migrantes de cruzar a nado desde M\u00e9xico. Washington alega que la cadena de boyas viola la ley federal, mientras Abbott ha deso\u00eddo una petici\u00f3n del Departamento de Justicia para retirarla. Abbott culpa a la Administraci\u00f3n del presidente Joe Biden del gran n\u00famero de inmigrantes que cruzan irregularmente la frontera todos los d\u00edas.<\/p>\n","protected":false},"excerpt":{"rendered":"<p>&nbsp; &#8211; En California y Nuevo M\u00e9xico hace tiempo que son mayor\u00eda, gracias a un aumento a ritmo constante en las \u00faltimas d\u00e9cadas &nbsp; El&hellip;<\/p>\n","protected":false},"author":99,"featured_media":511764,"comment_status":"open","ping_status":"open","sticky":false,"template":"","format":"standard","meta":{"footnotes":""},"categories":[24],"tags":[],"class_list":["post-511762","post","type-post","status-publish","format-standard","has-post-thumbnail","hentry","category-mundo"],"_links":{"self":[{"href":"https:\/\/diarioelpopular.com\/index.php\/wp-json\/wp\/v2\/posts\/511762","targetHints":{"allow":["GET"]}}],"collection":[{"href":"https:\/\/diarioelpopular.com\/index.php\/wp-json\/wp\/v2\/posts"}],"about":[{"href":"https:\/\/diarioelpopular.com\/index.php\/wp-json\/wp\/v2\/types\/post"}],"author":[{"embeddable":true,"href":"https:\/\/diarioelpopular.com\/index.php\/wp-json\/wp\/v2\/users\/99"}],"replies":[{"embeddable":true,"href":"https:\/\/diarioelpopular.com\/index.php\/wp-json\/wp\/v2\/comments?post=511762"}],"version-history":[{"count":1,"href":"https:\/\/diarioelpopular.com\/index.php\/wp-json\/wp\/v2\/posts\/511762\/revisions"}],"predecessor-version":[{"id":511765,"href":"https:\/\/diarioelpopular.com\/index.php\/wp-json\/wp\/v2\/posts\/511762\/revisions\/511765"}],"wp:featuredmedia":[{"embeddable":true,"href":"https:\/\/diarioelpopular.com\/index.php\/wp-json\/wp\/v2\/media\/511764"}],"wp:attachment":[{"href":"https:\/\/diarioelpopular.com\/index.php\/wp-json\/wp\/v2\/media?parent=511762"}],"wp:term":[{"taxonomy":"category","embeddable":true,"href":"https:\/\/diarioelpopular.com\/index.php\/wp-json\/wp\/v2\/categories?post=511762"},{"taxonomy":"post_tag","embeddable":true,"href":"https:\/\/diarioelpopular.com\/index.php\/wp-json\/wp\/v2\/tags?post=511762"}],"curies":[{"name":"wp","href":"https:\/\/api.w.org\/{rel}","templated":true}]}}