{"id":511797,"date":"2023-07-27T09:52:48","date_gmt":"2023-07-27T13:52:48","guid":{"rendered":"https:\/\/diarioelpopular.com\/?p=511797"},"modified":"2023-07-27T09:52:48","modified_gmt":"2023-07-27T13:52:48","slug":"vehiculo-electrico-causo-millonaria-perdida-por-incendio-en-barco-con-3-000-autos-nuevos","status":"publish","type":"post","link":"https:\/\/diarioelpopular.com\/index.php\/2023\/07\/27\/vehiculo-electrico-causo-millonaria-perdida-por-incendio-en-barco-con-3-000-autos-nuevos\/","title":{"rendered":"Veh\u00edculo el\u00e9ctrico caus\u00f3 millonaria p\u00e9rdida por incendio en barco con 3.000 autos nuevos"},"content":{"rendered":"<p><img loading=\"lazy\" decoding=\"async\" class=\"alignnone size-custom-big-size wp-image-511798\" src=\"https:\/\/diarioelpopular.com\/wp-content\/uploads\/2023\/07\/64c112e1b1200-1200x720.jpg\" alt=\"\" width=\"1200\" height=\"720\" srcset=\"https:\/\/diarioelpopular.com\/wp-content\/uploads\/2023\/07\/64c112e1b1200-1200x720.jpg 1200w, https:\/\/diarioelpopular.com\/wp-content\/uploads\/2023\/07\/64c112e1b1200-300x180.jpg 300w, https:\/\/diarioelpopular.com\/wp-content\/uploads\/2023\/07\/64c112e1b1200-768x461.jpg 768w, https:\/\/diarioelpopular.com\/wp-content\/uploads\/2023\/07\/64c112e1b1200-636x382.jpg 636w, https:\/\/diarioelpopular.com\/wp-content\/uploads\/2023\/07\/64c112e1b1200-122x73.jpg 122w, https:\/\/diarioelpopular.com\/wp-content\/uploads\/2023\/07\/64c112e1b1200.jpg 1024w\" sizes=\"auto, (max-width: 1200px) 100vw, 1200px\" \/><\/p>\n<p>&nbsp;<\/p>\n<div class=\"epigraph-container lead\">\n<h4 id=\"p789890-m791-790-792\" class=\"article-epigraph \"><em>El carguero viajaba desde Alemania hasta Egipto. Esto es lo que se sabe. La bater\u00eda de un veh\u00edculo el\u00e9ctrico se incendi\u00f3, seg\u00fan inform\u00f3 la Guardia Costera.<\/em><\/h4>\n<\/div>\n<div class=\"temasdeldia tags-en-articulo\"><\/div>\n<div><\/div>\n<div>Al menos una persona ha muerto y otras 16 han resultado heridas en un incendio declarado en un buque de carga en el Mar del Norte, a unos treinta kil\u00f3metros de la costa de Pa\u00edses Bajos, que viajaba desde Alemania con destino a Egipto con unos 3.000 veh\u00edculos a bordo.<\/p>\n<p>Seg\u00fan inform\u00f3 la Guardia Costera neerlandesa, el carguero est\u00e1 todav\u00eda en llamas a casi 30 kil\u00f3metros de la costa de Pa\u00edses Bajos, aunque los 23 miembros de la tripulaci\u00f3n que iba a bordo han sido ya evacuados:\u00a0algunos fueron trasladados a tierra en un barco de los servicios de salvamento mar\u00edtimo y otros han sido llevados en helic\u00f3ptero.<\/p><\/div>\n<div><\/div>\n<div>Un miembro de la tripulaci\u00f3n muri\u00f3 y otros 16 resultaron heridos y fueron trasladados en ambulancias a hospitales cercanos a la costa con problemas respiratorios, aunque ninguno de ellos est\u00e1 en peligro, seg\u00fan los servicios de seguridad regionales.<\/p>\n<p>El buque Fremantle Highway navegaba bajo bandera paname\u00f1a y parti\u00f3 del puerto alem\u00e1n de Bremerhaven hacia Port Said, en Egipto, y llevaba unos 3.000 autom\u00f3viles a bordo, de los cuales 350 eran Mercedes-Benz y 25 eran coches el\u00e9ctricos.\u00a0El fuego se inici\u00f3 en uno de esos veh\u00edculos el\u00e9ctricos y se propag\u00f3 r\u00e1pidamente al resto, seg\u00fan la Guardia Costera.<\/p>\n<p>La propia tripulaci\u00f3n trat\u00f3 de controlar el incendio, pero debido a su intensidad, no le fue posible, lo que llev\u00f3 a siete de ellos a saltar del barco de forma controlada hasta que llegaron los servicios de rescate y los sacaron del agua.<\/p>\n<p>Adem\u00e1s de las autoridades oficiales, tambi\u00e9n acudi\u00f3 al rescate de la tripulaci\u00f3n un barco pesquero que navegaba por la zona cuando se declar\u00f3 el incendio.<\/p>\n<p>El fuego contin\u00faa descontrolado, sobre todo en la parte delantera del barco, mientras la Guardia Costera est\u00e1 tratando de controlarlo desde su propio buque porque ya no es seguro trasladar a los bomberos a bordo del carguero.<\/p>\n<p>Un remolcador logr\u00f3 conectar un cable al Fremantle Highway para evitar que se desv\u00ede, asegurando as\u00ed que las importantes rutas mar\u00edtimas hacia y desde Alemania no est\u00e9n bloqueadas, puesto que hay una corriente fuerte de viento, aunque la Guardia Costera subray\u00f3 que se est\u00e1n teniendo en cuenta todos los escenarios, incluido que el carguero pueda estar ya hundi\u00e9ndose.<\/p><\/div>\n","protected":false},"excerpt":{"rendered":"<p>&nbsp; El carguero viajaba desde Alemania hasta Egipto. Esto es lo que se sabe. La bater\u00eda de un veh\u00edculo el\u00e9ctrico se incendi\u00f3, seg\u00fan inform\u00f3 la&hellip;<\/p>\n","protected":false},"author":99,"featured_media":511798,"comment_status":"open","ping_status":"open","sticky":false,"template":"","format":"standard","meta":{"footnotes":""},"categories":[24],"tags":[],"class_list":["post-511797","post","type-post","status-publish","format-standard","has-post-thumbnail","hentry","category-mundo"],"_links":{"self":[{"href":"https:\/\/diarioelpopular.com\/index.php\/wp-json\/wp\/v2\/posts\/511797","targetHints":{"allow":["GET"]}}],"collection":[{"href":"https:\/\/diarioelpopular.com\/index.php\/wp-json\/wp\/v2\/posts"}],"about":[{"href":"https:\/\/diarioelpopular.com\/index.php\/wp-json\/wp\/v2\/types\/post"}],"author":[{"embeddable":true,"href":"https:\/\/diarioelpopular.com\/index.php\/wp-json\/wp\/v2\/users\/99"}],"replies":[{"embeddable":true,"href":"https:\/\/diarioelpopular.com\/index.php\/wp-json\/wp\/v2\/comments?post=511797"}],"version-history":[{"count":1,"href":"https:\/\/diarioelpopular.com\/index.php\/wp-json\/wp\/v2\/posts\/511797\/revisions"}],"predecessor-version":[{"id":511799,"href":"https:\/\/diarioelpopular.com\/index.php\/wp-json\/wp\/v2\/posts\/511797\/revisions\/511799"}],"wp:featuredmedia":[{"embeddable":true,"href":"https:\/\/diarioelpopular.com\/index.php\/wp-json\/wp\/v2\/media\/511798"}],"wp:attachment":[{"href":"https:\/\/diarioelpopular.com\/index.php\/wp-json\/wp\/v2\/media?parent=511797"}],"wp:term":[{"taxonomy":"category","embeddable":true,"href":"https:\/\/diarioelpopular.com\/index.php\/wp-json\/wp\/v2\/categories?post=511797"},{"taxonomy":"post_tag","embeddable":true,"href":"https:\/\/diarioelpopular.com\/index.php\/wp-json\/wp\/v2\/tags?post=511797"}],"curies":[{"name":"wp","href":"https:\/\/api.w.org\/{rel}","templated":true}]}}