{"id":512027,"date":"2023-08-08T09:05:10","date_gmt":"2023-08-08T13:05:10","guid":{"rendered":"https:\/\/diarioelpopular.com\/?p=512027"},"modified":"2023-08-08T09:05:10","modified_gmt":"2023-08-08T13:05:10","slug":"cronicas-yasuni-y-choco-andino-su-futuro-deciden-las-urnas","status":"publish","type":"post","link":"https:\/\/diarioelpopular.com\/index.php\/2023\/08\/08\/cronicas-yasuni-y-choco-andino-su-futuro-deciden-las-urnas\/","title":{"rendered":"CR\u00d3NICAS. Yasun\u00ed y Choc\u00f3 Andino, su Futuro Deciden las Urnas"},"content":{"rendered":"<p class=\"p1\"><em><strong>Por: Luc\u00eda P. de Garc\u00eda<\/strong><\/em><\/p>\n<p class=\"p1\"><em><strong>Toronto.-<\/strong><\/em> En 2007, ante la Asamblea General de Naciones Unidas, el entonces Presidente de Ecuador, Rafael Correa, lanz\u00f3 al mundo una propuesta: mantener indefinidamente en el subsuelo Amaz\u00f3nico m\u00e1s de 920 millones de barriles de petr\u00f3leo de la zona intangible del Parque Nacional Yasun\u00ed, beneficiando al planeta al evitar que lleguen a la atm\u00f3sfera m\u00e1s de 407 millones de toneladas de CO2. Sin embargo, como para el desarrollo del pa\u00eds eran vitales los m\u00e1s de 7.500 millones de d\u00f3lares que dejar\u00eda de recibir por no efectuar esa explotaci\u00f3n, la propuesta incluy\u00f3 que, bajo el criterio de econom\u00eda ecol\u00f3gica, ambiental y de recursos naturales, los estados, empresas, entidades y particulares compensen al pa\u00eds con la mitad de esa suma, es decir 3.600 millones, abonados por partes durante trece a\u00f1os. El dinero, que ser\u00eda administrado por el Programa de las Naciones Unidas para el Desarrollo (PNUD), se destinar\u00eda a conservaci\u00f3n, desarrollo ambiental y para proteger a los pueblos ind\u00edgenas en aislamiento voluntario. Si alg\u00fan gobierno decidiera extraer ese petr\u00f3leo se devolver\u00edan los aportes, pues los Certificados de Garant\u00eda Yasun\u00ed \u201cno devienen intereses ni tienen fecha de vencimiento\u201d.<\/p>\n<p class=\"p1\">La iniciativa conocida como Yasun\u00ed-ITT, por los yacimientos Ishpingo, Tambococha y Tiputini, suscit\u00f3 gran alegr\u00eda dentro del pa\u00eds, donde se multiplicaron los eventos para la recolecci\u00f3n de fondos. Igual sucedi\u00f3 en el exterior, donde se desarroll\u00f3 una campa\u00f1a en la que participaron<span class=\"Apple-converted-space\">\u00a0 <\/span>con gran entusiasmo j\u00f3venes, ambientalistas, ONG pro Naturaleza.<span class=\"Apple-converted-space\">\u00a0<\/span><\/p>\n<p class=\"p1\">Y no era para menos. El n\u00facleo del Yasun\u00ed, de un mill\u00f3n de hect\u00e1reas, es el \u00e1rea protegida m\u00e1s grande del Ecuador y es Reserva de la Bi\u00f3sfera por designaci\u00f3n internacional. Yasun\u00ed es el lugar m\u00e1s biodiverso del planeta, un santuario de belleza y riqueza. Contiene m\u00e1s especies de \u00e1rboles que Canad\u00e1 y Estados Unidos juntos, m\u00e1s especies de animales que Europa, una infinita variedad de flora todav\u00eda por estudiar, lo que abre las puertas a la medicina y a la ciencia.<\/p>\n<p class=\"p1\">Pero la comunidad internacional no respondi\u00f3 como se esperaba. \u00bfIncomprensi\u00f3n del tema, indiferencia, desidia, o como se rumoraba, temor a sentar un precedente que por sobre los intereses pol\u00edticos y econ\u00f3micos est\u00e1n los de la Naturaleza? Dif\u00edcil conocer. Lo cierto es que hasta agosto 2013, la suma recolectada apenas lleg\u00f3 a 13 millones y medio de d\u00f3lares.<span class=\"Apple-converted-space\">\u00a0<\/span><\/p>\n<p class=\"p1\">En contraste, el mismo a\u00f1o y s\u00f3lo en un mes, julio-agosto, el \u201cIce Bucket Challenge\u201d, reto de echarse encima un balde de agua helada para recolectar fondos de alivio a la enfermedad de Lou Gehrig (esclerosis lateral amiotr\u00f3fica ELA), alcanz\u00f3 la suma de 100,9 millones de d\u00f3lares. En el reto participaron mandatarios, pol\u00edticos y figuras de renombre de todos los continentes.<\/p>\n<p class=\"p1\">Ante la realidad, el Presidente Correa cancel\u00f3 su propuesta e inici\u00f3 la explotaci\u00f3n petrolera en el 0.1 % del Yasun\u00ed-ITT. Fue una gran desilusi\u00f3n, un golpe extremadamente duro para Ecuador.<span class=\"Apple-converted-space\">\u00a0<\/span><\/p>\n<p class=\"p1\">La poblaci\u00f3n sali\u00f3 a protestar. De esa rebeld\u00eda naci\u00f3 el Colectivo Yasunidos, que desde entonces ha impulsado la recolecci\u00f3n de firmas para que seg\u00fan lo que dicta la Constituci\u00f3n en estos casos, sea la ciudadan\u00eda la que decida sobre la explotaci\u00f3n petrolera del Yasun\u00ed. Pese a los inconvenientes interpuestos por varias instancias gubernamentales, en 2022 se acept\u00f3 que Yasunidos s\u00ed contaba con las r\u00fabricas de respaldo necesarias para efectuar una Consulta Popular.<span class=\"Apple-converted-space\">\u00a0<\/span><\/p>\n<p class=\"p1\">Similar calvario tuvo que pasar el Colectivo Quito Sin Miner\u00eda, cuyas firmas fueron rechazadas por pretextos de las mismas instancias gubernamentales, que finalmente tuvieron que aceptarlas. El Colectivo est\u00e1 integrado por organizaciones y pueblos del noroccidente de la capital. Desde hace veinte a\u00f1os defiende \u201cSu Para\u00edso\u201d, uno de los \u00faltimos bosques que rodean a la urbe. El Choc\u00f3 Andino anualmente limpia de la atm\u00f3sfera m\u00e1s de 266.000 toneladas de carbono, ayudando a disminuir el calentamiento global. Del Choc\u00f3 provienen los alimentos naturales que llegan a Quito y a otros lugares de la Serran\u00eda; del Choc\u00f3 nacen los r\u00edos que ba\u00f1an ecosistemas y amparan m\u00e1s de 3.000 especies de flora, 640 variedades de aves, 300 vestigios arqueol\u00f3gicos, lugares tur\u00edsticos, mientras dirigen sus aguas a la Costa norte del Ecuador.<span class=\"Apple-converted-space\">\u00a0<\/span><\/p>\n<p class=\"p1\">La Consulta del Choc\u00f3 Andino s\u00f3lo se har\u00e1 en las parroquias de esa zona y en Quito. La intenci\u00f3n es lograr que se proh\u00edba la explotaci\u00f3n de metales, algunas mineras ya lo est\u00e1n haciendo pese a que ninguna ha cumplido el requisito constitucional de tener el consentimiento previo de los posibles afectados, e impedir que el gobierno siga autorizando m\u00e1s proyectos mineros.<span class=\"Apple-converted-space\">\u00a0<\/span><\/p>\n<p class=\"p1\">La Consulta Popular sobre el Yasun\u00ed-ITT y el Choc\u00f3 Andino se realizar\u00e1 el domingo 20 de agosto, junto a la elecci\u00f3n anticipada de Presidente, Vicepresidente y Asamble\u00edstas generada en mayo, cuando el Presidente Guillermo Lasso decret\u00f3 la Muerte Cruzada.<span class=\"Apple-converted-space\">\u00a0<\/span><\/p>\n<p class=\"p1\">Sobre el Yasun\u00ed, todos los ciudadanos del Ecuador deber\u00e1n contestar Si o NO a la \u00fanica interrogante: \u201c\u00bfEst\u00e1 usted de acuerdo en que el gobierno ecuatoriano mantenga el crudo del ITT, conocido como bloque 43, indefinidamente en el Subsuelo?\u201d<\/p>\n<p class=\"p1\">Sobre el Choc\u00f3 Andino s\u00f3lo deben responder los ciudadanos de cada una de las parroquias de esa zona y de Quito. Si bien hay una pregunta, hay cuatro variantes que especifican si se trata de miner\u00eda met\u00e1lica a escala artesanal, a peque\u00f1a escala, a mediana escala, o a gran escala. <span class=\"Apple-converted-space\">\u00a0 \u00a0 \u00a0 \u00a0 \u00a0 \u00a0 <\/span>La interrogante dice: \u201c\u00bfEst\u00e1 usted de acuerdo con que se proh\u00edba la explotaci\u00f3n de miner\u00eda met\u00e1lica de \u2026 (escala seg\u00fan el caso) dentro del \u00c1rea de Importancia Ecol\u00f3gica, Cultural y de Desarrollo Productivo Sostenible conformada por los territorios de las parroquias\u2026 (se nombra a las respectivas parroquias) que conforman la Mancomunidad del Choc\u00f3 Andino?<\/p>\n<p class=\"p1\">Conciudadanos: esta es la primera vez que en el mundo se realiza este tipo de Consulta Popular. Analicemos si conviene el accionar de empresas que adem\u00e1s de contaminar el entorno obtienen excelentes ganancias y apenas dejan \u201climosnas\u201d a los pueblos, o si es mejor preservar los suelos, el agua, el aire que nos dan vida a todos. Ecuador tiene la oportunidad de sentar un precedente que har\u00e1 historia. Pong\u00e1monos a la altura de semejante responsabilidad y votemos a conciencia, con amor a nuestra Patria, a nuestros hijos, a nuestros nietos, brindando esperanza a las futuras generaciones que tienen el derecho de vivir en \u00e9ste, nuestro \u00fanico hogar, la Tierra, maravilloso regalo del Creador\u2026<span class=\"Apple-converted-space\">\u00a0<\/span><\/p>\n","protected":false},"excerpt":{"rendered":"<p>Por: Luc\u00eda P. de Garc\u00eda Toronto.- En 2007, ante la Asamblea General de Naciones Unidas, el entonces Presidente de Ecuador, Rafael Correa, lanz\u00f3 al mundo&hellip;<\/p>\n","protected":false},"author":99,"featured_media":0,"comment_status":"open","ping_status":"open","sticky":false,"template":"","format":"standard","meta":{"footnotes":""},"categories":[21],"tags":[],"class_list":["post-512027","post","type-post","status-publish","format-standard","hentry","category-canada"],"_links":{"self":[{"href":"https:\/\/diarioelpopular.com\/index.php\/wp-json\/wp\/v2\/posts\/512027","targetHints":{"allow":["GET"]}}],"collection":[{"href":"https:\/\/diarioelpopular.com\/index.php\/wp-json\/wp\/v2\/posts"}],"about":[{"href":"https:\/\/diarioelpopular.com\/index.php\/wp-json\/wp\/v2\/types\/post"}],"author":[{"embeddable":true,"href":"https:\/\/diarioelpopular.com\/index.php\/wp-json\/wp\/v2\/users\/99"}],"replies":[{"embeddable":true,"href":"https:\/\/diarioelpopular.com\/index.php\/wp-json\/wp\/v2\/comments?post=512027"}],"version-history":[{"count":1,"href":"https:\/\/diarioelpopular.com\/index.php\/wp-json\/wp\/v2\/posts\/512027\/revisions"}],"predecessor-version":[{"id":512028,"href":"https:\/\/diarioelpopular.com\/index.php\/wp-json\/wp\/v2\/posts\/512027\/revisions\/512028"}],"wp:attachment":[{"href":"https:\/\/diarioelpopular.com\/index.php\/wp-json\/wp\/v2\/media?parent=512027"}],"wp:term":[{"taxonomy":"category","embeddable":true,"href":"https:\/\/diarioelpopular.com\/index.php\/wp-json\/wp\/v2\/categories?post=512027"},{"taxonomy":"post_tag","embeddable":true,"href":"https:\/\/diarioelpopular.com\/index.php\/wp-json\/wp\/v2\/tags?post=512027"}],"curies":[{"name":"wp","href":"https:\/\/api.w.org\/{rel}","templated":true}]}}