{"id":512042,"date":"2023-08-08T09:35:19","date_gmt":"2023-08-08T13:35:19","guid":{"rendered":"https:\/\/diarioelpopular.com\/?p=512042"},"modified":"2023-08-08T09:35:19","modified_gmt":"2023-08-08T13:35:19","slug":"como-las-carceles-de-america-latina-se-volvieron-centros-de-comando-de-algunas-de-las-principales-bandas-narco-de-la-region","status":"publish","type":"post","link":"https:\/\/diarioelpopular.com\/index.php\/2023\/08\/08\/como-las-carceles-de-america-latina-se-volvieron-centros-de-comando-de-algunas-de-las-principales-bandas-narco-de-la-region\/","title":{"rendered":"C\u00f3mo las c\u00e1rceles de Am\u00e9rica Latina se volvieron centros de comando de algunas de las principales bandas narco de la regi\u00f3n"},"content":{"rendered":"<p><img loading=\"lazy\" decoding=\"async\" class=\"alignnone size-custom-big-size wp-image-512043\" src=\"https:\/\/diarioelpopular.com\/wp-content\/uploads\/2023\/08\/Screen-Shot-2023-08-08-at-9.34.41-AM-1200x781.png\" alt=\"\" width=\"1200\" height=\"781\" srcset=\"https:\/\/diarioelpopular.com\/wp-content\/uploads\/2023\/08\/Screen-Shot-2023-08-08-at-9.34.41-AM-1200x781.png 1200w, https:\/\/diarioelpopular.com\/wp-content\/uploads\/2023\/08\/Screen-Shot-2023-08-08-at-9.34.41-AM-300x195.png 300w, https:\/\/diarioelpopular.com\/wp-content\/uploads\/2023\/08\/Screen-Shot-2023-08-08-at-9.34.41-AM-768x500.png 768w, https:\/\/diarioelpopular.com\/wp-content\/uploads\/2023\/08\/Screen-Shot-2023-08-08-at-9.34.41-AM-85x55.png 85w, https:\/\/diarioelpopular.com\/wp-content\/uploads\/2023\/08\/Screen-Shot-2023-08-08-at-9.34.41-AM-636x414.png 636w, https:\/\/diarioelpopular.com\/wp-content\/uploads\/2023\/08\/Screen-Shot-2023-08-08-at-9.34.41-AM-112x73.png 112w, https:\/\/diarioelpopular.com\/wp-content\/uploads\/2023\/08\/Screen-Shot-2023-08-08-at-9.34.41-AM.png 1024w\" sizes=\"auto, (max-width: 1200px) 100vw, 1200px\" \/><\/p>\n<p>&nbsp;<\/p>\n<p>&nbsp;<\/p>\n<div class=\"bbc-19j92fr ebmt73l0\" dir=\"ltr\">\n<ul>\n<li class=\"bbc-hhl7in e17g058b0\" dir=\"ltr\"><em><b>En Ecuador, las prisiones son epicentro de una crisis de seguridad p\u00fablica in\u00e9dita. En Brasil o Venezuela, grupos criminales nacidos tras las rejas se expanden por la regi\u00f3n. Y en Centroam\u00e9rica, los gobiernos toman medidas extremas ante el poder ejercido por pandillas desde las c\u00e1rceles.<\/b><\/em><\/li>\n<\/ul>\n<p dir=\"ltr\">\n<\/div>\n<div class=\"bbc-19j92fr ebmt73l0\" dir=\"ltr\">\n<p class=\"bbc-hhl7in e17g058b0\" dir=\"ltr\">A lo largo de Am\u00e9rica Latina, distintas penitenciar\u00edas creadas por los Estados para mejorar la seguridad de quienes est\u00e1n fuera de ellas han tenido un efecto inverso al buscado: se volvieron centros de comando de importantes organizaciones criminales.<\/p>\n<\/div>\n<div class=\"bbc-19j92fr ebmt73l0\" dir=\"ltr\">\n<p class=\"bbc-hhl7in e17g058b0\" dir=\"ltr\">Por lo general esas bandas surgidas y dirigidas desde prisiones tienen el narcotr\u00e1fico como principal fuente de ingresos. Pero los especialistas creen que algunas han incursionado en otras modalidades de delitos, desde extorsiones hasta miner\u00eda ilegal.<\/p>\n<\/div>\n<div class=\"bbc-19j92fr ebmt73l0\" dir=\"ltr\">\n<p class=\"bbc-hhl7in e17g058b0\" dir=\"ltr\">\u201cYa no es la prisi\u00f3n como la hab\u00edamos pensado\u201d, dice Gustavo Fondevila, un experto del Centro de investigaci\u00f3n y docencia econ\u00f3micas (Cide) de M\u00e9xico.<\/p>\n<\/div>\n<section class=\"bbc-1f5u21o e8sa160\" role=\"region\" aria-label=\"Publicidad 2\" aria-hidden=\"true\" data-e2e=\"advertisement\"><\/section>\n<div class=\"bbc-19j92fr ebmt73l0\" dir=\"ltr\">\n<p class=\"bbc-hhl7in e17g058b0\" dir=\"ltr\">\u201cEstas c\u00e1rceles de la regi\u00f3n\u00a0se han convertido en conductores de violencia: constru\u00eds una prisi\u00f3n en un lugar y aumenta el nivel de criminalidad en esa zona\u201d, agrega Fondevila en di\u00e1logo con BBC Mundo.<\/p>\n<\/div>\n<div class=\"bbc-1n4f7vm ebmt73l0\" dir=\"ltr\"><\/div>\n<div class=\"bbc-19j92fr ebmt73l0\" dir=\"ltr\">\n<p class=\"bbc-hhl7in e17g058b0\" dir=\"ltr\">\u201cEs un Estado paralelo dentro de las prisiones\u201d.<\/p>\n<\/div>\n<div class=\"bbc-19j92fr ebmt73l0\" dir=\"ltr\">\n<h2 id=\"Un-caso-emblem\u00e1tico\" class=\"bbc-1f03ibc eglt09e0\" tabindex=\"-1\">Un caso emblem\u00e1tico<\/h2>\n<\/div>\n<div class=\"bbc-19j92fr ebmt73l0\" dir=\"ltr\">\n<p class=\"bbc-hhl7in e17g058b0\" dir=\"ltr\">El desaf\u00edo de las c\u00e1rceles para los pa\u00edses latinoamericanos ha crecido a medida que sus celdas se desbordaron de reclusos en las \u00faltimas d\u00e9cadas,\u00a0sin pol\u00edticas efectivas para acompa\u00f1ar esa tendencia y rehabilitarlos.<\/p>\n<\/div>\n<div class=\"bbc-19j92fr ebmt73l0\" dir=\"ltr\">\n<p class=\"bbc-hhl7in e17g058b0\" dir=\"ltr\">La poblaci\u00f3n carcelaria en Am\u00e9rica, excluido Estados Unidos, creci\u00f3 m\u00e1s que al doble desde 2000, seg\u00fan el World Prison Brief, un informe mundial de datos penitenciarios publicado en 2021 por el Instituto para la Investigaci\u00f3n de Pol\u00edticas de Crimen y Justicia (ICPR, por sus siglas en ingl\u00e9s).<\/p>\n<\/div>\n<div class=\"bbc-19j92fr ebmt73l0\" dir=\"ltr\">\n<p class=\"bbc-hhl7in e17g058b0\" dir=\"ltr\">Ese aumento en la cantidad de presos lleg\u00f3 a 200% en Sudam\u00e9rica, de acuerdo al estudio, y 77% en Centroam\u00e9rica.<\/p>\n<p dir=\"ltr\">\n<\/div>\n<div class=\"bbc-1ka88fa ebmt73l0\" dir=\"ltr\">\n<figure class=\"bbc-1qdcvv9 e1aczekt0\">\n<div class=\"bbc-172p16q ebmt73l0\" dir=\"ltr\">\n<div class=\"bbc-172p16q ebmt73l0\" dir=\"ltr\">\n<div class=\"bbc-189y18v ebmt73l0\" dir=\"ltr\">\n<div class=\"bbc-997y1y eihqrxw0\" data-e2e=\"image-placeholder\">\n<div class=\"lazyload-wrapper \"><img loading=\"lazy\" decoding=\"async\" class=\"e3vrtyk0 bbc-rb7xa0 e1mo64ex0\" src=\"https:\/\/ichef.bbci.co.uk\/news\/640\/cpsprodpb\/3016\/live\/e27ff060-30ea-11ee-8f52-fbf70e4bf742.jpg\" sizes=\"auto, (min-width: 1008px) 760px, 100vw\" srcset=\"https:\/\/ichef.bbci.co.uk\/news\/240\/cpsprodpb\/3016\/live\/e27ff060-30ea-11ee-8f52-fbf70e4bf742.jpg 240w, https:\/\/ichef.bbci.co.uk\/news\/320\/cpsprodpb\/3016\/live\/e27ff060-30ea-11ee-8f52-fbf70e4bf742.jpg 320w, https:\/\/ichef.bbci.co.uk\/news\/480\/cpsprodpb\/3016\/live\/e27ff060-30ea-11ee-8f52-fbf70e4bf742.jpg 480w, https:\/\/ichef.bbci.co.uk\/news\/624\/cpsprodpb\/3016\/live\/e27ff060-30ea-11ee-8f52-fbf70e4bf742.jpg 624w, https:\/\/ichef.bbci.co.uk\/news\/800\/cpsprodpb\/3016\/live\/e27ff060-30ea-11ee-8f52-fbf70e4bf742.jpg 800w\" alt=\"Celda repleta de presos en una prisi\u00f3n temporaria de Cali, Colombia.\" width=\"1080\" height=\"720\" \/><\/div>\n<\/div>\n<\/div>\n<\/div>\n<\/div><figcaption class=\"bbc-rhuvwm e6i104o0\" dir=\"ltr\">\n<h5><em>Las c\u00e1rceles latinoamericanas se han desbordado de presos en las \u00faltimas d\u00e9cadas.<\/em><\/h5>\n<p>&nbsp;<\/p>\n<\/figcaption><div class=\"bbc-172p16q ebmt73l0\" dir=\"ltr\">\n<div class=\"bbc-3edg7g ebmt73l0\" dir=\"ltr\"><\/div>\n<\/div>\n<\/figure>\n<\/div>\n<div class=\"bbc-19j92fr ebmt73l0\" dir=\"ltr\">\n<p class=\"bbc-hhl7in e17g058b0\" dir=\"ltr\">En Brasil, donde la poblaci\u00f3n carcelaria se multiplic\u00f3 por 3,5 desde el inicio de este siglo, un grupo surgido en los \u201990 dentro de una c\u00e1rcel de S\u00e3o Paulo pas\u00f3 a ser considerado en las \u00faltimas d\u00e9cadas\u00a0<i class=\"bbc-h1y5j7 eih42320\">la mayor organizaci\u00f3n criminal del pa\u00eds y quiz\u00e1s de Sudam\u00e9rica: el Primer Comando de la Capital (PCC).<\/i><\/p>\n<\/div>\n<div class=\"bbc-19j92fr ebmt73l0\" dir=\"ltr\">\n<p class=\"bbc-hhl7in e17g058b0\" dir=\"ltr\">Concebido inicialmente como un gremio de protecci\u00f3n de presos con estatuto propio, el PCC se fortaleci\u00f3 dentro de las c\u00e1rceles hasta que en 2006 mostr\u00f3 su capacidad de actuar en las calles con una serie de ataques violentos que ba\u00f1aron de sangre y paralizaron la mayor ciudad de Am\u00e9rica Latina.<\/p>\n<\/div>\n<div class=\"bbc-19j92fr ebmt73l0\" dir=\"ltr\">\n<p class=\"bbc-hhl7in e17g058b0\" dir=\"ltr\">\u201cEl crimen fortalece el crimen\u201d, es uno de los lemas del PCC.<\/p>\n<\/div>\n<div class=\"bbc-19j92fr ebmt73l0\" dir=\"ltr\">\n<p class=\"bbc-hhl7in e17g058b0\" dir=\"ltr\">El grupo se expandi\u00f3 cuando las autoridades enviaron a sus l\u00edderes a c\u00e1rceles en otros estados de Brasil en las que reclut\u00f3 m\u00e1s miembros, hasta reunir hoy cerca de 30.000 integrantes dentro y fuera de las prisiones, indican estudios.<\/p>\n<\/div>\n<div class=\"bbc-19j92fr ebmt73l0\" dir=\"ltr\">\n<p class=\"bbc-hhl7in e17g058b0\" dir=\"ltr\">Bajo el liderazgo de Marcos Herbas Camacho, alias \u201cMarcola\u201d y preso desde 1999, el PCC ampli\u00f3 sus operaciones de narcotr\u00e1fico al controlar rutas internacionales desde Paraguay, Bolivia y otros pa\u00edses\u00a0de la regi\u00f3n.<\/p>\n<p dir=\"ltr\">\n<\/div>\n<div class=\"bbc-1ka88fa ebmt73l0\" dir=\"ltr\">\n<figure class=\"bbc-1qdcvv9 e1aczekt0\">\n<div class=\"bbc-172p16q ebmt73l0\" dir=\"ltr\">\n<div class=\"bbc-172p16q ebmt73l0\" dir=\"ltr\">\n<div class=\"bbc-189y18v ebmt73l0\" dir=\"ltr\">\n<div class=\"bbc-997y1y eihqrxw0\" data-e2e=\"image-placeholder\">\n<div class=\"lazyload-wrapper \"><img loading=\"lazy\" decoding=\"async\" class=\"e3vrtyk0 bbc-rb7xa0 e1mo64ex0\" src=\"https:\/\/ichef.bbci.co.uk\/news\/640\/cpsprodpb\/db8b\/live\/e6ea59f0-30eb-11ee-8f52-fbf70e4bf742.jpg\" sizes=\"auto, (min-width: 1008px) 760px, 100vw\" srcset=\"https:\/\/ichef.bbci.co.uk\/news\/240\/cpsprodpb\/db8b\/live\/e6ea59f0-30eb-11ee-8f52-fbf70e4bf742.jpg 240w, https:\/\/ichef.bbci.co.uk\/news\/320\/cpsprodpb\/db8b\/live\/e6ea59f0-30eb-11ee-8f52-fbf70e4bf742.jpg 320w, https:\/\/ichef.bbci.co.uk\/news\/480\/cpsprodpb\/db8b\/live\/e6ea59f0-30eb-11ee-8f52-fbf70e4bf742.jpg 480w, https:\/\/ichef.bbci.co.uk\/news\/624\/cpsprodpb\/db8b\/live\/e6ea59f0-30eb-11ee-8f52-fbf70e4bf742.jpg 624w, https:\/\/ichef.bbci.co.uk\/news\/800\/cpsprodpb\/db8b\/live\/e6ea59f0-30eb-11ee-8f52-fbf70e4bf742.jpg 800w\" alt=\"El l\u00edder del Primer Comando de la Capital (PCC) de Brasil, Marcos Camacho, alias Marcola, es trasladado de la prisi\u00f3n por guardias fuertemente armados.\" width=\"1080\" height=\"720\" \/><\/div>\n<\/div>\n<\/div>\n<\/div>\n<\/div><figcaption class=\"bbc-rhuvwm e6i104o0\" dir=\"ltr\">\n<h5><em>El PCC se volvi\u00f3 el mayor grupo criminal brasile\u00f1o bajo el liderazgo de presos como Marcola, hoy recluido en una c\u00e1rcel de m\u00e1xima seguridad en Brasilia.<\/em><\/h5>\n<p>&nbsp;<\/p>\n<\/figcaption><div class=\"bbc-172p16q ebmt73l0\" dir=\"ltr\">\n<div class=\"bbc-3edg7g ebmt73l0\" dir=\"ltr\"><\/div>\n<\/div>\n<\/figure>\n<\/div>\n<div class=\"bbc-19j92fr ebmt73l0\" dir=\"ltr\">\n<p class=\"bbc-hhl7in e17g058b0\" dir=\"ltr\">En paralelo, ampli\u00f3 sus ganancias con otros delitos como asaltos a bancos o ventas de tel\u00e9fonos robados.<\/p>\n<\/div>\n<div class=\"bbc-19j92fr ebmt73l0\" dir=\"ltr\">\n<p class=\"bbc-hhl7in e17g058b0\" dir=\"ltr\">Este a\u00f1o, un informe de la ONU cit\u00f3 reportes sobre la infiltraci\u00f3n en operaciones de extracci\u00f3n ilegal de oro en la Amazon\u00eda por parte del PCC y\u00a0Comando Vermelho, otro poderoso grupo narco brasile\u00f1o nacido en una c\u00e1rcel de R\u00edo de Janeiro.<\/p>\n<\/div>\n<div class=\"bbc-19j92fr ebmt73l0\" dir=\"ltr\">\n<p class=\"bbc-hhl7in e17g058b0\" dir=\"ltr\">\u201cA\u00fan dentro de la prisi\u00f3n, los grupos como por ejemplo el PCC no han limitado completamente su comunicaci\u00f3n con lo que ocurre en las calles. Cuando hablamos de presos de mayor poder y centralidad en la organizaci\u00f3n, seguro tienen la posibilidad de mantener las influencias, los lucros (y) la organizaci\u00f3n de los negocios\u201d, dice Betina Barros, una soci\u00f3loga e investigadora del Foro Brasile\u00f1o de Seguridad P\u00fablica, a BBC Mundo.<\/p>\n<\/div>\n<div class=\"bbc-19j92fr ebmt73l0\" dir=\"ltr\">\n<p class=\"bbc-hhl7in e17g058b0\" dir=\"ltr\">De hecho, el PCC es un caso emblem\u00e1tico de lo que sucede a diferente escala en otras partes de la regi\u00f3n.<\/p>\n<\/div>\n<div class=\"bbc-19j92fr ebmt73l0\" dir=\"ltr\">\n<h2 id=\"El-efecto-es-parad\u00f3jico\" class=\"bbc-1f03ibc eglt09e0\" tabindex=\"-1\">\u201cEl efecto es parad\u00f3jico\u201d<\/h2>\n<\/div>\n<div class=\"bbc-19j92fr ebmt73l0\" dir=\"ltr\">\n<p class=\"bbc-hhl7in e17g058b0\" dir=\"ltr\">En lugar de controlar el interior de la c\u00e1rcel de Tocor\u00f3n, las autoridades de Venezuela pasaron la responsabilidad a los propios presos.<\/p>\n<\/div>\n<div class=\"bbc-19j92fr ebmt73l0\" dir=\"ltr\">\n<p class=\"bbc-hhl7in e17g058b0\" dir=\"ltr\">As\u00ed, adem\u00e1s de una discoteca, un casino y un zool\u00f3gico, surgi\u00f3 en 2014 en esa penitenciar\u00eda del centro-norte del pa\u00eds\u00a0el Tren de Aragua, otra transnacional del crimen latinoamericano.<\/p>\n<\/div>\n<div class=\"bbc-19j92fr ebmt73l0\" dir=\"ltr\">\n<p class=\"bbc-hhl7in e17g058b0\" dir=\"ltr\">A esta banda que suma cerca de 3.000 miembros le atribuyen, aparte de narcotr\u00e1fico, una amplia gama de delitos: desde extorsi\u00f3n y secuestro hasta trata de personas o sicariato (y tambi\u00e9n miner\u00eda ilegal de oro como el PCC, con el que ha establecido v\u00ednculos seg\u00fan autoridades brasile\u00f1as).<\/p>\n<p dir=\"ltr\">\n<\/div>\n<div class=\"bbc-1ka88fa ebmt73l0\" dir=\"ltr\">\n<figure class=\"bbc-1qdcvv9 e1aczekt0\">\n<div class=\"bbc-172p16q ebmt73l0\" dir=\"ltr\">\n<div class=\"bbc-172p16q ebmt73l0\" dir=\"ltr\">\n<div class=\"bbc-189y18v ebmt73l0\" dir=\"ltr\">\n<div class=\"bbc-997y1y eihqrxw0\" data-e2e=\"image-placeholder\">\n<div class=\"lazyload-wrapper \"><img loading=\"lazy\" decoding=\"async\" class=\"e3vrtyk0 bbc-rb7xa0 e1mo64ex0\" src=\"https:\/\/ichef.bbci.co.uk\/news\/640\/cpsprodpb\/3f9f\/live\/4de34100-30ef-11ee-8f52-fbf70e4bf742.jpg\" sizes=\"auto, (min-width: 1008px) 760px, 100vw\" srcset=\"https:\/\/ichef.bbci.co.uk\/news\/240\/cpsprodpb\/3f9f\/live\/4de34100-30ef-11ee-8f52-fbf70e4bf742.jpg 240w, https:\/\/ichef.bbci.co.uk\/news\/320\/cpsprodpb\/3f9f\/live\/4de34100-30ef-11ee-8f52-fbf70e4bf742.jpg 320w, https:\/\/ichef.bbci.co.uk\/news\/480\/cpsprodpb\/3f9f\/live\/4de34100-30ef-11ee-8f52-fbf70e4bf742.jpg 480w, https:\/\/ichef.bbci.co.uk\/news\/624\/cpsprodpb\/3f9f\/live\/4de34100-30ef-11ee-8f52-fbf70e4bf742.jpg 624w, https:\/\/ichef.bbci.co.uk\/news\/800\/cpsprodpb\/3f9f\/live\/4de34100-30ef-11ee-8f52-fbf70e4bf742.jpg 800w\" alt=\"Un miembro de la Guardia Nacional venezolana durante un operativo en un laboratorio de drogas.\" width=\"1080\" height=\"764\" \/><\/div>\n<\/div>\n<\/div>\n<\/div>\n<\/div><figcaption class=\"bbc-rhuvwm e6i104o0\" dir=\"ltr\">\n<h5><em>El tr\u00e1fico de drogas ha fortalecido a distintas bandas en las c\u00e1rceles latinoamericanas. Pero no es su \u00fanica actividad il\u00edcita.<\/em><\/h5>\n<p>&nbsp;<\/p>\n<\/figcaption><div class=\"bbc-172p16q ebmt73l0\" dir=\"ltr\">\n<div class=\"bbc-3edg7g ebmt73l0\" dir=\"ltr\"><\/div>\n<\/div>\n<\/figure>\n<\/div>\n<div class=\"bbc-19j92fr ebmt73l0\" dir=\"ltr\">\n<p class=\"bbc-hhl7in e17g058b0\" dir=\"ltr\">La figura m\u00e1s visible del tren de Aragua, H\u00e9ctor Rusthenford \u201cNi\u00f1o\u201d Guerrero, \u201cest\u00e1 protegida dentro de Tocor\u00f3n y controla toda la operaci\u00f3n desde all\u00ed\u201d, se\u00f1al\u00f3 Ronna R\u00edsquez, una periodista e investigadora venezolana autora de un libro sobre la banda, en una entrevista en mayo.<\/p>\n<\/div>\n<div class=\"bbc-19j92fr ebmt73l0\" dir=\"ltr\">\n<p class=\"bbc-hhl7in e17g058b0\" dir=\"ltr\">La falta de control de c\u00e1rceles sobrepobladas tambi\u00e9n ha quedado en evidencia en Ecuador, donde el gobierno decret\u00f3 la semana pasada el estado de excepci\u00f3n en un sistema penitenciario que ha sido escenario de una serie masacres con m\u00e1s de 450 muertos desde 2020.<\/p>\n<\/div>\n<div class=\"bbc-19j92fr ebmt73l0\" dir=\"ltr\">\n<p class=\"bbc-hhl7in e17g058b0\" dir=\"ltr\">Detr\u00e1s de la violencia carcelaria ecuatoriana los expertos ven una guerra de bandas\u00a0que tambi\u00e9n se ha derramado a las calles, donde se dispararon los homicidios, las balaceras y los atentados mientras el pa\u00eds se convert\u00eda en un centro de distribuci\u00f3n regional de droga.<\/p>\n<\/div>\n<div class=\"bbc-19j92fr ebmt73l0\" dir=\"ltr\">\n<p class=\"bbc-hhl7in e17g058b0\" dir=\"ltr\">\u201cYo dir\u00eda que Ecuador es un narcoestado gobernado desde las c\u00e1rceles por el crimen organizado\u201d, sostuvo Carla \u00c1lvarez, docente e investigadora en temas de seguridad, en una entrevista d\u00edas atr\u00e1s.<\/p>\n<p dir=\"ltr\">\n<\/div>\n<div class=\"bbc-1ka88fa ebmt73l0\" dir=\"ltr\">\n<figure class=\"bbc-1qdcvv9 e1aczekt0\">\n<div class=\"bbc-172p16q ebmt73l0\" dir=\"ltr\">\n<div class=\"bbc-172p16q ebmt73l0\" dir=\"ltr\">\n<div class=\"bbc-189y18v ebmt73l0\" dir=\"ltr\">\n<div class=\"bbc-997y1y eihqrxw0\" data-e2e=\"image-placeholder\">\n<div class=\"lazyload-wrapper \"><img loading=\"lazy\" decoding=\"async\" class=\"e3vrtyk0 bbc-rb7xa0 e1mo64ex0\" src=\"https:\/\/ichef.bbci.co.uk\/news\/640\/cpsprodpb\/a893\/live\/a6c0f860-30f1-11ee-8f52-fbf70e4bf742.jpg\" sizes=\"auto, (min-width: 1008px) 760px, 100vw\" srcset=\"https:\/\/ichef.bbci.co.uk\/news\/240\/cpsprodpb\/a893\/live\/a6c0f860-30f1-11ee-8f52-fbf70e4bf742.jpg 240w, https:\/\/ichef.bbci.co.uk\/news\/320\/cpsprodpb\/a893\/live\/a6c0f860-30f1-11ee-8f52-fbf70e4bf742.jpg 320w, https:\/\/ichef.bbci.co.uk\/news\/480\/cpsprodpb\/a893\/live\/a6c0f860-30f1-11ee-8f52-fbf70e4bf742.jpg 480w, https:\/\/ichef.bbci.co.uk\/news\/624\/cpsprodpb\/a893\/live\/a6c0f860-30f1-11ee-8f52-fbf70e4bf742.jpg 624w, https:\/\/ichef.bbci.co.uk\/news\/800\/cpsprodpb\/a893\/live\/a6c0f860-30f1-11ee-8f52-fbf70e4bf742.jpg 800w\" alt=\"Una mujer llora fuera de una prisi\u00f3n en Guayaquil, Ecuador.\" width=\"1080\" height=\"721\" \/><\/div>\n<\/div>\n<\/div>\n<\/div>\n<\/div><figcaption class=\"bbc-rhuvwm e6i104o0\" dir=\"ltr\">\n<h5><em>Las c\u00e1rceles se volvieron el epicentro de la ola de violencia que sacude a Ecuador.<\/em><\/h5>\n<p>&nbsp;<\/p>\n<\/figcaption><div class=\"bbc-172p16q ebmt73l0\" dir=\"ltr\">\n<div class=\"bbc-3edg7g ebmt73l0\" dir=\"ltr\"><\/div>\n<\/div>\n<\/figure>\n<\/div>\n<div class=\"bbc-19j92fr ebmt73l0\" dir=\"ltr\">\n<p class=\"bbc-hhl7in e17g058b0\" dir=\"ltr\">Sin llegar a esos extremos, otros pa\u00edses de la regi\u00f3n han visto crecer el reto del tr\u00e1fico de drogas detr\u00e1s de las rejas.<\/p>\n<\/div>\n<div class=\"bbc-19j92fr ebmt73l0\" dir=\"ltr\">\n<p class=\"bbc-hhl7in e17g058b0\" dir=\"ltr\">En Argentina han detenido a varias personas acusadas de transportar kilos de coca\u00edna al mando de cabecillas presos de \u201cLos Monos\u201d, una banda narco de la ciudad de Rosario, y recientemente revelaron que un expiloto de aviaci\u00f3n que otrora abastec\u00eda al grupo\u00a0manejaba una red activa de distribuci\u00f3n de drogas y lavado de dinero desde la c\u00e1rcel de Ezeiza.<\/p>\n<\/div>\n<div class=\"bbc-19j92fr ebmt73l0\" dir=\"ltr\">\n<p class=\"bbc-hhl7in e17g058b0\" dir=\"ltr\">En M\u00e9xico, donde capos narcos como Joaqu\u00edn \u201cEl Chapo\u201d Guzm\u00e1n mantuvieron sus gigantescos negocios il\u00edcitos en prisiones de m\u00e1xima seguridad, se estima que desde las c\u00e1rceles se realizan hasta millones de llamadas telef\u00f3nicas de extorsi\u00f3n por a\u00f1o.<\/p>\n<\/div>\n<div class=\"bbc-19j92fr ebmt73l0\" dir=\"ltr\">\n<p class=\"bbc-hhl7in e17g058b0\" dir=\"ltr\">Algunos gobernantes latinoamericanos han admitido sin ambages que las mafias dominan sus centros de reclusi\u00f3n.<\/p>\n<p dir=\"ltr\">\n<\/div>\n<div class=\"bbc-1ka88fa ebmt73l0\" dir=\"ltr\">\n<figure class=\"bbc-1qdcvv9 e1aczekt0\">\n<div class=\"bbc-172p16q ebmt73l0\" dir=\"ltr\">\n<div class=\"bbc-172p16q ebmt73l0\" dir=\"ltr\">\n<div class=\"bbc-189y18v ebmt73l0\" dir=\"ltr\">\n<div class=\"bbc-997y1y eihqrxw0\" data-e2e=\"image-placeholder\">\n<div class=\"lazyload-wrapper \"><img loading=\"lazy\" decoding=\"async\" class=\"e3vrtyk0 bbc-rb7xa0 e1mo64ex0\" src=\"https:\/\/ichef.bbci.co.uk\/news\/640\/cpsprodpb\/0f78\/live\/bf3a9350-30f2-11ee-8f52-fbf70e4bf742.jpg\" sizes=\"auto, (min-width: 1008px) 760px, 100vw\" srcset=\"https:\/\/ichef.bbci.co.uk\/news\/240\/cpsprodpb\/0f78\/live\/bf3a9350-30f2-11ee-8f52-fbf70e4bf742.jpg 240w, https:\/\/ichef.bbci.co.uk\/news\/320\/cpsprodpb\/0f78\/live\/bf3a9350-30f2-11ee-8f52-fbf70e4bf742.jpg 320w, https:\/\/ichef.bbci.co.uk\/news\/480\/cpsprodpb\/0f78\/live\/bf3a9350-30f2-11ee-8f52-fbf70e4bf742.jpg 480w, https:\/\/ichef.bbci.co.uk\/news\/624\/cpsprodpb\/0f78\/live\/bf3a9350-30f2-11ee-8f52-fbf70e4bf742.jpg 624w, https:\/\/ichef.bbci.co.uk\/news\/800\/cpsprodpb\/0f78\/live\/bf3a9350-30f2-11ee-8f52-fbf70e4bf742.jpg 800w\" alt=\"Armas largas y cortas confiscadas en una prisi\u00f3n de Honduras.\" width=\"1080\" height=\"719\" \/><\/div>\n<\/div>\n<\/div>\n<\/div>\n<\/div><figcaption class=\"bbc-rhuvwm e6i104o0\" dir=\"ltr\">\n<h5><em>En c\u00e1rceles de Honduras y otros pa\u00edses de la regi\u00f3n se han encontrado armas de distintos calibres.<\/em><\/h5>\n<p>&nbsp;<\/p>\n<\/figcaption><div class=\"bbc-172p16q ebmt73l0\" dir=\"ltr\">\n<div class=\"bbc-3edg7g ebmt73l0\" dir=\"ltr\"><\/div>\n<\/div>\n<\/figure>\n<\/div>\n<div class=\"bbc-19j92fr ebmt73l0\" dir=\"ltr\">\n<p class=\"bbc-hhl7in e17g058b0\" dir=\"ltr\">\u201cIniciamos actividades para que las c\u00e1rceles dejen de ser escuelas del crimen y romper el ciclo con el crimen organizado\u201d, afirm\u00f3 Jos\u00e9 Manuel Zelaya, secretario de Estado de Defensa Nacional de Honduras, semanas atr\u00e1s.<\/p>\n<\/div>\n<div class=\"bbc-19j92fr ebmt73l0\" dir=\"ltr\">\n<p class=\"bbc-hhl7in e17g058b0\" dir=\"ltr\">Adem\u00e1s de planificar la construcci\u00f3n de un presidio para unos 2.000 l\u00edderes pandilleros en un archipi\u00e9lago del Caribe, el gobierno hondure\u00f1o ha tomado medidas extremas para combatir el delito como toques de queda, estados de excepci\u00f3n en buena parte del pa\u00eds y la militarizaci\u00f3n de c\u00e1rceles hacinadas tras varias masacres.<\/p>\n<\/div>\n<div class=\"bbc-19j92fr ebmt73l0\" dir=\"ltr\">\n<p class=\"bbc-hhl7in e17g058b0\" dir=\"ltr\">Esa estrategia de \u201cmano dura\u201d parece copiada de la que ha desplegado el presidente salvadore\u00f1o Nayib Bukele para reducir el enorme poder que ten\u00edan las maras dentro y fuera de las prisiones de su pa\u00eds, incluida la inauguraci\u00f3n de una megac\u00e1rcel para supuestos pandilleros este a\u00f1o.<\/p>\n<\/div>\n<div class=\"bbc-19j92fr ebmt73l0\" dir=\"ltr\">\n<p class=\"bbc-hhl7in e17g058b0\" dir=\"ltr\">Con la tasa de homicidios desplom\u00e1ndose en El Salvador, Bukele goza de gran popularidad nivel dom\u00e9stico y es se\u00f1alado por ciertos pol\u00edticos de la regi\u00f3n como un ejemplo a seguir.<\/p>\n<p dir=\"ltr\">\n<\/div>\n<div class=\"bbc-1ka88fa ebmt73l0\" dir=\"ltr\">\n<figure class=\"bbc-1qdcvv9 e1aczekt0\">\n<div class=\"bbc-172p16q ebmt73l0\" dir=\"ltr\">\n<div class=\"bbc-172p16q ebmt73l0\" dir=\"ltr\">\n<div class=\"bbc-189y18v ebmt73l0\" dir=\"ltr\">\n<div class=\"bbc-997y1y eihqrxw0\" data-e2e=\"image-placeholder\">\n<div class=\"lazyload-wrapper \"><img loading=\"lazy\" decoding=\"async\" class=\"e3vrtyk0 bbc-rb7xa0 e1mo64ex0\" src=\"https:\/\/ichef.bbci.co.uk\/news\/640\/cpsprodpb\/15db\/live\/dcbe3330-30f4-11ee-8f52-fbf70e4bf742.jpg\" sizes=\"auto, (min-width: 1008px) 760px, 100vw\" srcset=\"https:\/\/ichef.bbci.co.uk\/news\/240\/cpsprodpb\/15db\/live\/dcbe3330-30f4-11ee-8f52-fbf70e4bf742.jpg 240w, https:\/\/ichef.bbci.co.uk\/news\/320\/cpsprodpb\/15db\/live\/dcbe3330-30f4-11ee-8f52-fbf70e4bf742.jpg 320w, https:\/\/ichef.bbci.co.uk\/news\/480\/cpsprodpb\/15db\/live\/dcbe3330-30f4-11ee-8f52-fbf70e4bf742.jpg 480w, https:\/\/ichef.bbci.co.uk\/news\/624\/cpsprodpb\/15db\/live\/dcbe3330-30f4-11ee-8f52-fbf70e4bf742.jpg 624w, https:\/\/ichef.bbci.co.uk\/news\/800\/cpsprodpb\/15db\/live\/dcbe3330-30f4-11ee-8f52-fbf70e4bf742.jpg 800w\" alt=\"Presos en la megaprisi\u00f3n Cecot de El Salvador.\" width=\"1080\" height=\"720\" \/><\/div>\n<\/div>\n<\/div>\n<\/div>\n<\/div><figcaption class=\"bbc-rhuvwm e6i104o0\" dir=\"ltr\">\n<h5><em>La pol\u00edtica carcelaria de Bukele ha llamado la atenci\u00f3n a nivel internacional.<\/em><\/h5>\n<p>&nbsp;<\/p>\n<\/figcaption><div class=\"bbc-172p16q ebmt73l0\" dir=\"ltr\">\n<div class=\"bbc-3edg7g ebmt73l0\" dir=\"ltr\"><\/div>\n<\/div>\n<\/figure>\n<\/div>\n<div class=\"bbc-19j92fr ebmt73l0\" dir=\"ltr\">\n<p class=\"bbc-hhl7in e17g058b0\" dir=\"ltr\">Pero algunos advierten que este pa\u00eds paga un costo demasiado alto para recuperar la seguridad p\u00fablica, con la erosi\u00f3n de libertades civiles, abusos de las fuerzas de seguridad y concentraci\u00f3n de poder en el presidente.<\/p>\n<\/div>\n<div class=\"bbc-19j92fr ebmt73l0\" dir=\"ltr\">\n<p class=\"bbc-hhl7in e17g058b0\" dir=\"ltr\">Otros recuerdan que las apuestas tan solo a punir suelen volverse un bumer\u00e1n en Am\u00e9rica Latina.<\/p>\n<\/div>\n<div class=\"bbc-19j92fr ebmt73l0\" dir=\"ltr\">\n<p class=\"bbc-hhl7in e17g058b0\" dir=\"ltr\">\u201cEn contextos de alta victimizaci\u00f3n, la gente quiere mano dura. Se entiende perfectamente: quiere salir a la calle sin miedo\u201d, dice Fondevila.<\/p>\n<\/div>\n<div class=\"bbc-19j92fr ebmt73l0\" dir=\"ltr\">\n<p class=\"bbc-hhl7in e17g058b0\" dir=\"ltr\">\u201cPero la respuesta de meter en prisi\u00f3n a todo el mundo por cualquier cosa a la regi\u00f3n le ha salido muy mal y el efecto es parad\u00f3jico: metemos gente en prisi\u00f3n para estar tranquilos\u00a0y esta gente vuelve a la sociedad desde adentro de la prisi\u00f3n con cr\u00edmenes cada vez m\u00e1s graves y complejos\u201d.<\/p>\n<\/div>\n","protected":false},"excerpt":{"rendered":"<p>&nbsp; &nbsp; En Ecuador, las prisiones son epicentro de una crisis de seguridad p\u00fablica in\u00e9dita. En Brasil o Venezuela, grupos criminales nacidos tras las rejas&hellip;<\/p>\n","protected":false},"author":99,"featured_media":512043,"comment_status":"open","ping_status":"open","sticky":false,"template":"","format":"standard","meta":{"footnotes":""},"categories":[23],"tags":[],"class_list":["post-512042","post","type-post","status-publish","format-standard","has-post-thumbnail","hentry","category-latinoamerica"],"_links":{"self":[{"href":"https:\/\/diarioelpopular.com\/index.php\/wp-json\/wp\/v2\/posts\/512042","targetHints":{"allow":["GET"]}}],"collection":[{"href":"https:\/\/diarioelpopular.com\/index.php\/wp-json\/wp\/v2\/posts"}],"about":[{"href":"https:\/\/diarioelpopular.com\/index.php\/wp-json\/wp\/v2\/types\/post"}],"author":[{"embeddable":true,"href":"https:\/\/diarioelpopular.com\/index.php\/wp-json\/wp\/v2\/users\/99"}],"replies":[{"embeddable":true,"href":"https:\/\/diarioelpopular.com\/index.php\/wp-json\/wp\/v2\/comments?post=512042"}],"version-history":[{"count":1,"href":"https:\/\/diarioelpopular.com\/index.php\/wp-json\/wp\/v2\/posts\/512042\/revisions"}],"predecessor-version":[{"id":512044,"href":"https:\/\/diarioelpopular.com\/index.php\/wp-json\/wp\/v2\/posts\/512042\/revisions\/512044"}],"wp:featuredmedia":[{"embeddable":true,"href":"https:\/\/diarioelpopular.com\/index.php\/wp-json\/wp\/v2\/media\/512043"}],"wp:attachment":[{"href":"https:\/\/diarioelpopular.com\/index.php\/wp-json\/wp\/v2\/media?parent=512042"}],"wp:term":[{"taxonomy":"category","embeddable":true,"href":"https:\/\/diarioelpopular.com\/index.php\/wp-json\/wp\/v2\/categories?post=512042"},{"taxonomy":"post_tag","embeddable":true,"href":"https:\/\/diarioelpopular.com\/index.php\/wp-json\/wp\/v2\/tags?post=512042"}],"curies":[{"name":"wp","href":"https:\/\/api.w.org\/{rel}","templated":true}]}}