{"id":512158,"date":"2023-08-14T09:24:44","date_gmt":"2023-08-14T13:24:44","guid":{"rendered":"https:\/\/diarioelpopular.com\/?p=512158"},"modified":"2023-08-14T09:24:44","modified_gmt":"2023-08-14T13:24:44","slug":"quien-es-javier-milei-y-cuales-son-las-radicales-propuestas-con-las-que-gano-las-primarias-en-argentina","status":"publish","type":"post","link":"https:\/\/diarioelpopular.com\/index.php\/2023\/08\/14\/quien-es-javier-milei-y-cuales-son-las-radicales-propuestas-con-las-que-gano-las-primarias-en-argentina\/","title":{"rendered":"Qui\u00e9n es Javier Milei y cu\u00e1les son las radicales propuestas con las que gan\u00f3 las primarias en Argentina"},"content":{"rendered":"<p><img loading=\"lazy\" decoding=\"async\" class=\"alignnone size-custom-big-size wp-image-512159\" src=\"https:\/\/diarioelpopular.com\/wp-content\/uploads\/2023\/08\/Screen-Shot-2023-08-14-at-9.24.02-AM-1200x638.png\" alt=\"\" width=\"1200\" height=\"638\" srcset=\"https:\/\/diarioelpopular.com\/wp-content\/uploads\/2023\/08\/Screen-Shot-2023-08-14-at-9.24.02-AM-1200x638.png 1200w, https:\/\/diarioelpopular.com\/wp-content\/uploads\/2023\/08\/Screen-Shot-2023-08-14-at-9.24.02-AM-300x160.png 300w, https:\/\/diarioelpopular.com\/wp-content\/uploads\/2023\/08\/Screen-Shot-2023-08-14-at-9.24.02-AM-768x408.png 768w, https:\/\/diarioelpopular.com\/wp-content\/uploads\/2023\/08\/Screen-Shot-2023-08-14-at-9.24.02-AM-636x338.png 636w, https:\/\/diarioelpopular.com\/wp-content\/uploads\/2023\/08\/Screen-Shot-2023-08-14-at-9.24.02-AM-137x73.png 137w, https:\/\/diarioelpopular.com\/wp-content\/uploads\/2023\/08\/Screen-Shot-2023-08-14-at-9.24.02-AM.png 1024w\" sizes=\"auto, (max-width: 1200px) 100vw, 1200px\" \/><\/p>\n<h5><em>Javier Milei se convirti\u00f3 en el ganador de las elecciones primarias en Argentina.<\/em><\/h5>\n<p>&nbsp;<\/p>\n<p>&nbsp;<\/p>\n<div class=\"bbc-19j92fr ebmt73l0\" dir=\"ltr\">\n<ul>\n<li class=\"bbc-hhl7in e17g058b0\" dir=\"ltr\"><b>&#8220;No vine a guiar corderos, vine a despertar leones\u201d.<\/b><\/li>\n<\/ul>\n<p dir=\"ltr\">\n<\/div>\n<div class=\"bbc-19j92fr ebmt73l0\" dir=\"ltr\">\n<p class=\"bbc-hhl7in e17g058b0\" dir=\"ltr\">Con esta frase, el candidato a la presidencia de Argentina Javier Milei, representante del partido La Libertad Avanza, defini\u00f3 su desembarco en la pol\u00edtica y su sorpresivo triunfo, este domingo, en las elecciones primarias del pa\u00eds.<\/p>\n<\/div>\n<div class=\"bbc-19j92fr ebmt73l0\" dir=\"ltr\">\n<p class=\"bbc-hhl7in e17g058b0\" dir=\"ltr\">Con un 30% de los votos, Milei, de 52 a\u00f1os, se convierte as\u00ed\u00a0en favorito para ganar las elecciones presidenciales,\u00a0que se realizar\u00e1n el pr\u00f3ximo 22 de octubre.<\/p>\n<\/div>\n<div class=\"bbc-19j92fr ebmt73l0\" dir=\"ltr\">\n<p class=\"bbc-hhl7in e17g058b0\" dir=\"ltr\">El candidato, que se define como de orientaci\u00f3n libertaria, sobrepas\u00f3 a las dos fuerzas que han gobernado durante las \u00faltimas dos d\u00e9cadas: el macrismo (Juntos por el Cambio), que obtuvo el 28% de los votos, y la coalici\u00f3n oficialista peronista-kirchnerista, Uni\u00f3n por la Patria, que sac\u00f3 el 27%.<\/p>\n<\/div>\n<section class=\"bbc-1f5u21o e8sa160\" role=\"region\" aria-label=\"Publicidad 2\" aria-hidden=\"true\" data-e2e=\"advertisement\"><\/section>\n<div class=\"bbc-19j92fr ebmt73l0\" dir=\"ltr\">\n<p class=\"bbc-hhl7in e17g058b0\" dir=\"ltr\">Pero aunque el resultado sea sorpresivo -las encuestas apenas le daban un 20% de los votos-, lo cierto es que Javier Milei se ha convertido en un pol\u00e9mico fen\u00f3meno pol\u00edtico en Argentina en los \u00faltimos a\u00f1os.<\/p>\n<\/div>\n<div class=\"bbc-1n4f7vm ebmt73l0\" dir=\"ltr\"><\/div>\n<div class=\"bbc-19j92fr ebmt73l0\" dir=\"ltr\">\n<p class=\"bbc-hhl7in e17g058b0\" dir=\"ltr\">Economista y amante de los perros, Milei ha sacudido los debates pol\u00edticos de los \u00faltimos a\u00f1os con propuestas como dolarizar la econom\u00eda, privatizar las empresas p\u00fablicas del Estado y cerrar (\u201cdinamitar\u201d, en sus propias palabras) el Banco Central.<\/p>\n<\/div>\n<div class=\"bbc-19j92fr ebmt73l0\" dir=\"ltr\">\n<p class=\"bbc-hhl7in e17g058b0\" dir=\"ltr\">Tambi\u00e9n ha lanzado ideas como la de permitir la compraventa de armas en la Argentina y la venta de \u00f3rganos.<\/p>\n<\/div>\n<div class=\"bbc-19j92fr ebmt73l0\" dir=\"ltr\">\n<p class=\"bbc-hhl7in e17g058b0\" dir=\"ltr\">A esto se suma su oposici\u00f3n a la legalizaci\u00f3n del aborto y la educaci\u00f3n en temas de g\u00e9nero e identidad en las escuelas p\u00fablicas.<\/p>\n<\/div>\n<div class=\"bbc-19j92fr ebmt73l0\" dir=\"ltr\">\n<p class=\"bbc-hhl7in e17g058b0\" dir=\"ltr\">Pero tal vez su cr\u00edtica directa a los sectores tradicionales de la pol\u00edtica argentina, a quienes llama de forma despectiva la \u201ccasta\u201d, ha sido lo que lo ha llevado a conectar con los electores m\u00e1s j\u00f3venes, descontentos con el actual estado de cosas en el pa\u00eds.<\/p>\n<\/div>\n<div class=\"bbc-19j92fr ebmt73l0\" dir=\"ltr\">\n<p class=\"bbc-hhl7in e17g058b0\" dir=\"ltr\">Milei ha sido comparado con otros pol\u00edticos de extrema derecha como el expresidente de Estados Unidos Donald Trump y el de Brasil, Jair Bolsonaro.<\/p>\n<\/div>\n<div class=\"bbc-19j92fr ebmt73l0\" dir=\"ltr\">\n<p class=\"bbc-hhl7in e17g058b0\" dir=\"ltr\">&#8220;Hemos logrado construir esta alternativa competitiva que no solo dar\u00e1 fin al kirchnerismo sino que adem\u00e1s dar\u00e1 fin a la casta pol\u00edtica parasitaria chorra (ladrona) e in\u00fatil que hay en este pa\u00eds\u201d, asegur\u00f3 una vez se hicieron oficiales los resultados.<\/p>\n<\/div>\n<div class=\"bbc-19j92fr ebmt73l0\" dir=\"ltr\">\n<p class=\"bbc-hhl7in e17g058b0\" dir=\"ltr\">Pero, \u00bfcu\u00e1les son sus propuestas, que muchos analistas han calificado algunas de ellas como\u00a0\u201cradicales y exc\u00e9ntricas\u201d?<\/p>\n<p dir=\"ltr\">\n<\/div>\n<div class=\"bbc-1ka88fa ebmt73l0\" dir=\"ltr\">\n<figure class=\"bbc-1qdcvv9 e1aczekt0\">\n<div class=\"bbc-172p16q ebmt73l0\" dir=\"ltr\">\n<div class=\"bbc-172p16q ebmt73l0\" dir=\"ltr\">\n<div class=\"bbc-189y18v ebmt73l0\" dir=\"ltr\">\n<div class=\"bbc-997y1y eihqrxw0\" data-e2e=\"image-placeholder\">\n<div class=\"lazyload-wrapper \"><img loading=\"lazy\" decoding=\"async\" class=\"e3vrtyk0 bbc-rb7xa0 e1mo64ex0\" src=\"https:\/\/ichef.bbci.co.uk\/news\/640\/cpsprodpb\/cfc7\/live\/4857a310-3a7d-11ee-bde6-7ffba94c56ae.jpg\" sizes=\"auto, (min-width: 1008px) 760px, 100vw\" srcset=\"https:\/\/ichef.bbci.co.uk\/news\/240\/cpsprodpb\/cfc7\/live\/4857a310-3a7d-11ee-bde6-7ffba94c56ae.jpg 240w, https:\/\/ichef.bbci.co.uk\/news\/320\/cpsprodpb\/cfc7\/live\/4857a310-3a7d-11ee-bde6-7ffba94c56ae.jpg 320w, https:\/\/ichef.bbci.co.uk\/news\/480\/cpsprodpb\/cfc7\/live\/4857a310-3a7d-11ee-bde6-7ffba94c56ae.jpg 480w, https:\/\/ichef.bbci.co.uk\/news\/624\/cpsprodpb\/cfc7\/live\/4857a310-3a7d-11ee-bde6-7ffba94c56ae.jpg 624w, https:\/\/ichef.bbci.co.uk\/news\/800\/cpsprodpb\/cfc7\/live\/4857a310-3a7d-11ee-bde6-7ffba94c56ae.jpg 800w\" alt=\"Javier Milei\" width=\"1024\" height=\"587\" \/><\/div>\n<\/div>\n<\/div>\n<\/div>\n<\/div><figcaption class=\"bbc-rhuvwm e6i104o0\" dir=\"ltr\">\n<h5><em>Milei comenz\u00f3 como analista econ\u00f3mico en varios programas de televisi\u00f3n.<\/em><\/h5>\n<p>&nbsp;<\/p>\n<\/figcaption><div class=\"bbc-172p16q ebmt73l0\" dir=\"ltr\">\n<div class=\"bbc-3edg7g ebmt73l0\" dir=\"ltr\"><\/div>\n<\/div>\n<\/figure>\n<\/div>\n<div class=\"bbc-19j92fr ebmt73l0\" dir=\"ltr\">\n<h2 id=\"Dinamitar-el-Banco-Central\" class=\"bbc-1f03ibc eglt09e0\" tabindex=\"-1\">&#8220;Dinamitar el Banco Central&#8221;<\/h2>\n<\/div>\n<div class=\"bbc-19j92fr ebmt73l0\" dir=\"ltr\">\n<p class=\"bbc-hhl7in e17g058b0\" dir=\"ltr\">Actualmente Argentina vive una situaci\u00f3n cr\u00edtica debido a la alta inflaci\u00f3n que el a\u00f1o anterior alcanz\u00f3 el 100% anual.<\/p>\n<\/div>\n<div class=\"bbc-19j92fr ebmt73l0\" dir=\"ltr\">\n<p class=\"bbc-hhl7in e17g058b0\" dir=\"ltr\">Y de hecho, el fen\u00f3meno de Milei comenz\u00f3 con \u00e9l, que es economista de la Universidad de Belgrano, participando en programas de televisi\u00f3n como analista econ\u00f3mico.<\/p>\n<\/div>\n<div class=\"bbc-19j92fr ebmt73l0\" dir=\"ltr\">\n<p class=\"bbc-hhl7in e17g058b0\" dir=\"ltr\">En estos programas fue armando lo que es la base de su propuesta econ\u00f3mica: primero, la dolarizaci\u00f3n de la econom\u00eda, imitando el modelo de otros pa\u00edses de la regi\u00f3n como Ecuador.<\/p>\n<\/div>\n<div class=\"bbc-19j92fr ebmt73l0\" dir=\"ltr\">\n<p class=\"bbc-hhl7in e17g058b0\" dir=\"ltr\">\u201cLos ecuatorianos est\u00e1n much\u00edsimo mejor que los argentinos. Los n\u00fameros de Ecuador son impresionantes.\u00a0Se multiplic\u00f3 por diez el ingreso y se pulveriz\u00f3 la inflaci\u00f3n\u201d, le dijo Milei al diario espa\u00f1ol El Pa\u00eds.<\/p>\n<\/div>\n<div class=\"bbc-19j92fr ebmt73l0\" dir=\"ltr\">\n<p class=\"bbc-hhl7in e17g058b0\" dir=\"ltr\">Segundo, el cierre del Banco Central. Milei ha sostenido en varias entrevistas que la creaci\u00f3n de esta entidad -ocurrida en 1935- fue el inicio de todos los problemas del pa\u00eds.<\/p>\n<\/div>\n<div class=\"bbc-19j92fr ebmt73l0\" dir=\"ltr\">\n<p class=\"bbc-hhl7in e17g058b0\" dir=\"ltr\">Tercero:\u00a0una dr\u00e1stica reducci\u00f3n en el gasto p\u00fablico.\u00a0Entre sus propuestas se incluye la reducci\u00f3n de ministerios presidenciales a solo ocho (actualmente hay 18 ministerios, sin contar otras agencias del Estado).<\/p>\n<\/div>\n<div class=\"bbc-19j92fr ebmt73l0\" dir=\"ltr\">\n<p class=\"bbc-hhl7in e17g058b0\" dir=\"ltr\">\u201cEstamos dedicados a analizar una reforma del Estado donde pueda lograrse m\u00e1s eficiencia y menores costos. El gasto p\u00fablico total tiene que reducirse, pero no por cortes abruptos, ni mucho menos por licuaci\u00f3n con la inflaci\u00f3n, sino dando prioridad a ciertos gastos\u201d, le dijo al diario argentino La Naci\u00f3n Diana Mondino, economista de Ucema y miembro del equipo de gobierno de Milei.<\/p>\n<p dir=\"ltr\">\n<\/div>\n<div class=\"bbc-1ka88fa ebmt73l0\" dir=\"ltr\">\n<figure class=\"bbc-1qdcvv9 e1aczekt0\">\n<div class=\"bbc-172p16q ebmt73l0\" dir=\"ltr\">\n<div class=\"bbc-172p16q ebmt73l0\" dir=\"ltr\">\n<div class=\"bbc-189y18v ebmt73l0\" dir=\"ltr\">\n<div class=\"bbc-997y1y eihqrxw0\" data-e2e=\"image-placeholder\">\n<div class=\"lazyload-wrapper \"><img loading=\"lazy\" decoding=\"async\" class=\"e3vrtyk0 bbc-rb7xa0 e1mo64ex0\" src=\"https:\/\/ichef.bbci.co.uk\/news\/640\/cpsprodpb\/5fe4\/live\/81ac5b30-3a5d-11ee-bde6-7ffba94c56ae.jpg\" sizes=\"auto, (min-width: 1008px) 760px, 100vw\" srcset=\"https:\/\/ichef.bbci.co.uk\/news\/240\/cpsprodpb\/5fe4\/live\/81ac5b30-3a5d-11ee-bde6-7ffba94c56ae.jpg 240w, https:\/\/ichef.bbci.co.uk\/news\/320\/cpsprodpb\/5fe4\/live\/81ac5b30-3a5d-11ee-bde6-7ffba94c56ae.jpg 320w, https:\/\/ichef.bbci.co.uk\/news\/480\/cpsprodpb\/5fe4\/live\/81ac5b30-3a5d-11ee-bde6-7ffba94c56ae.jpg 480w, https:\/\/ichef.bbci.co.uk\/news\/624\/cpsprodpb\/5fe4\/live\/81ac5b30-3a5d-11ee-bde6-7ffba94c56ae.jpg 624w, https:\/\/ichef.bbci.co.uk\/news\/800\/cpsprodpb\/5fe4\/live\/81ac5b30-3a5d-11ee-bde6-7ffba94c56ae.jpg 800w\" alt=\"Los principales candidatos\" width=\"976\" height=\"749\" \/><\/div>\n<\/div>\n<\/div>\n<\/div>\n<\/div><figcaption class=\"bbc-rhuvwm e6i104o0\" dir=\"ltr\">\n<h5><em>Javier Milei (derecha abajo) super\u00f3 a los representantes de los partidos que han gobernado la Argentina en los \u00faltimos 20 a\u00f1os como Patricia Bullrich y Sergio Massa (arriba)<\/em><\/h5>\n<\/figcaption>&nbsp;<\/p>\n<div class=\"bbc-172p16q ebmt73l0\" dir=\"ltr\">\n<div class=\"bbc-3edg7g ebmt73l0\" dir=\"ltr\"><\/div>\n<\/div>\n<\/figure>\n<\/div>\n<div class=\"bbc-19j92fr ebmt73l0\" dir=\"ltr\">\n<p class=\"bbc-hhl7in e17g058b0\" dir=\"ltr\">El candidato de La Libertad Avanza propuso la reducci\u00f3n de subsidios a las empresas que prestan servicios y que el valor de la tarifa real sea transferido a los usuarios.<\/p>\n<\/div>\n<div class=\"bbc-19j92fr ebmt73l0\" dir=\"ltr\">\n<p class=\"bbc-hhl7in e17g058b0\" dir=\"ltr\">Otra propuesta que est\u00e1 en la carpeta es retirar el cepo al d\u00f3lar, que es una medida actual que limita la cantidad de d\u00f3lares que un ciudadano argentino puede adquirir por mes.<\/p>\n<\/div>\n<div class=\"bbc-19j92fr ebmt73l0\" dir=\"ltr\">\n<p class=\"bbc-hhl7in e17g058b0\" dir=\"ltr\">Estas propuestas, especialmente la de dolarizaci\u00f3n del pa\u00eds y la del cierre del Banco Central, han recibido fuerte cr\u00edticas de otros expertos econ\u00f3micos.<\/p>\n<\/div>\n<div class=\"bbc-19j92fr ebmt73l0\" dir=\"ltr\">\n<p class=\"bbc-hhl7in e17g058b0\" dir=\"ltr\">\u201cLa propuesta de cerrar el Banco Central significa retroceder a una discusi\u00f3n ya saldada dos siglos atr\u00e1s\u201d, se\u00f1al\u00f3 el economista Guido Agostinelli al diario P\u00e1gina 12.<\/p>\n<\/div>\n<div class=\"bbc-19j92fr ebmt73l0\" dir=\"ltr\">\n<p class=\"bbc-hhl7in e17g058b0\" dir=\"ltr\">El economista argumenta que el Estado necesita una regulaci\u00f3n del mercado financiero para resguardar los ahorros de los ciudadanos y agrega que ning\u00fan pa\u00eds desarrollado existe sin un banco central<\/p>\n<\/div>\n<div class=\"bbc-19j92fr ebmt73l0\" dir=\"ltr\">\n<p class=\"bbc-hhl7in e17g058b0\" dir=\"ltr\">\u201cLa experiencia m\u00e1s reciente donde no se pudo garantizar los dep\u00f3sitos de los ahorristas fue con el \u201ccorralito\u201d de Domingo Felipe Cavallo al frente del Ministerio de Econom\u00eda, que justamente hoy es reivindicado por toda el ala libertaria\u201d, a\u00f1adi\u00f3.<\/p>\n<p dir=\"ltr\">\n<\/div>\n<div class=\"bbc-1ka88fa ebmt73l0\" dir=\"ltr\">\n<figure class=\"bbc-1qdcvv9 e1aczekt0\">\n<div class=\"bbc-172p16q ebmt73l0\" dir=\"ltr\">\n<div class=\"bbc-172p16q ebmt73l0\" dir=\"ltr\">\n<div class=\"bbc-189y18v ebmt73l0\" dir=\"ltr\">\n<div class=\"bbc-997y1y eihqrxw0\" data-e2e=\"image-placeholder\">\n<div class=\"lazyload-wrapper \"><img loading=\"lazy\" decoding=\"async\" class=\"e3vrtyk0 bbc-rb7xa0 e1mo64ex0\" src=\"https:\/\/ichef.bbci.co.uk\/news\/640\/cpsprodpb\/b6af\/live\/1c603190-3a8d-11ee-bde6-7ffba94c56ae.jpg\" sizes=\"auto, (min-width: 1008px) 760px, 100vw\" srcset=\"https:\/\/ichef.bbci.co.uk\/news\/240\/cpsprodpb\/b6af\/live\/1c603190-3a8d-11ee-bde6-7ffba94c56ae.jpg 240w, https:\/\/ichef.bbci.co.uk\/news\/320\/cpsprodpb\/b6af\/live\/1c603190-3a8d-11ee-bde6-7ffba94c56ae.jpg 320w, https:\/\/ichef.bbci.co.uk\/news\/480\/cpsprodpb\/b6af\/live\/1c603190-3a8d-11ee-bde6-7ffba94c56ae.jpg 480w, https:\/\/ichef.bbci.co.uk\/news\/624\/cpsprodpb\/b6af\/live\/1c603190-3a8d-11ee-bde6-7ffba94c56ae.jpg 624w, https:\/\/ichef.bbci.co.uk\/news\/800\/cpsprodpb\/b6af\/live\/1c603190-3a8d-11ee-bde6-7ffba94c56ae.jpg 800w\" alt=\"Javier Milei saluda al \u00fablico\" width=\"1024\" height=\"642\" \/><\/div>\n<\/div>\n<\/div>\n<\/div>\n<\/div><figcaption class=\"bbc-rhuvwm e6i104o0\" dir=\"ltr\">\n<h5><em>Milei ha sido acusado de tener una actitud violenta frente a periodistas y cr\u00edticos.<\/em><\/h5>\n<p>&nbsp;<\/p>\n<\/figcaption><div class=\"bbc-172p16q ebmt73l0\" dir=\"ltr\">\n<div class=\"bbc-3edg7g ebmt73l0\" dir=\"ltr\"><\/div>\n<\/div>\n<\/figure>\n<\/div>\n<div class=\"bbc-19j92fr ebmt73l0\" dir=\"ltr\">\n<h2 id=\"Negacionismo-y-venta-de-\u00f3rganos\" class=\"bbc-1f03ibc eglt09e0\" tabindex=\"-1\">Negacionismo y venta de \u00f3rganos<\/h2>\n<\/div>\n<div class=\"bbc-19j92fr ebmt73l0\" dir=\"ltr\">\n<p class=\"bbc-hhl7in e17g058b0\" dir=\"ltr\">Pero m\u00e1s all\u00e1 de sus radicales propuestas econ\u00f3micas, es en el \u00e1mbito social donde sus ideas han causado mayor revuelo.<\/p>\n<\/div>\n<div class=\"bbc-19j92fr ebmt73l0\" dir=\"ltr\">\n<p class=\"bbc-hhl7in e17g058b0\" dir=\"ltr\">En varias ocasiones, especialmente durante la campa\u00f1a presidencial, Milei sostuvo que estaba a favor de que los argentinos pudieran comprar armas libremente, a ra\u00edz del incremento de los casos de inseguridad que se registran en algunas zonas del pa\u00eds.<\/p>\n<\/div>\n<div class=\"bbc-19j92fr ebmt73l0\" dir=\"ltr\">\n<p class=\"bbc-hhl7in e17g058b0\" dir=\"ltr\">Tal vez la propuesta m\u00e1s pol\u00e9mica ha sido la de legalizar el mercado de venta de \u00f3rganos, una actividad prohibida por la ley del pa\u00eds.<\/p>\n<\/div>\n<div class=\"bbc-19j92fr ebmt73l0\" dir=\"ltr\">\n<p class=\"bbc-hhl7in e17g058b0\" dir=\"ltr\">\u201cHay 7.500 personas sufriendo, esperando los trasplantes, hay algo que no est\u00e1 funcionando bien. Lo que propongo es buscar mecanismos de mercado para resolver este problema\u201d, dijo el candidato en el canal de televisi\u00f3n TN.<\/p>\n<\/div>\n<div class=\"bbc-19j92fr ebmt73l0\" dir=\"ltr\">\n<p class=\"bbc-hhl7in e17g058b0\" dir=\"ltr\">Esta afirmaci\u00f3n fue rechazada categ\u00f3ricamente por Carlos Soratti, director del Instituto Nacional Central \u00danico Coordinador de Ablaci\u00f3n e Implante (Incucai), que regula las donaciones de \u00f3rganos en el pa\u00eds.<\/p>\n<\/div>\n<div class=\"bbc-19j92fr ebmt73l0\" dir=\"ltr\">\n<p class=\"bbc-hhl7in e17g058b0\" dir=\"ltr\">\u201cEstas propuestas ex\u00f3ticas, que ya se dieron hace un siglo, hoy son absurdas. Este tema atrasa un siglo, desde el debate bio\u00e9tico que desarroll\u00f3 la historia del trasplante de \u00f3rganos a comienzos del siglo XX&#8221;, se\u00f1al\u00f3 en un comunicado.<\/p>\n<\/div>\n<div class=\"bbc-19j92fr ebmt73l0\" dir=\"ltr\">\n<p class=\"bbc-hhl7in e17g058b0\" dir=\"ltr\">Adem\u00e1s de estas declaraciones pol\u00e9micas, otro punto que ha generado debate en la opini\u00f3n p\u00fablica es su segunda en la boleta presidencial: la candidata a la vicepresidencia, Victoria Villarruel.<\/p>\n<p dir=\"ltr\">\n<\/div>\n<div class=\"bbc-1ka88fa ebmt73l0\" dir=\"ltr\">\n<figure class=\"bbc-1qdcvv9 e1aczekt0\">\n<div class=\"bbc-172p16q ebmt73l0\" dir=\"ltr\">\n<div class=\"bbc-172p16q ebmt73l0\" dir=\"ltr\">\n<div class=\"bbc-189y18v ebmt73l0\" dir=\"ltr\">\n<div class=\"bbc-997y1y eihqrxw0\" data-e2e=\"image-placeholder\">\n<div class=\"lazyload-wrapper \"><img loading=\"lazy\" decoding=\"async\" class=\"e3vrtyk0 bbc-rb7xa0 e1mo64ex0\" src=\"https:\/\/ichef.bbci.co.uk\/news\/640\/cpsprodpb\/4110\/live\/93e7c0b0-3a8e-11ee-bde6-7ffba94c56ae.jpg\" sizes=\"auto, (min-width: 1008px) 760px, 100vw\" srcset=\"https:\/\/ichef.bbci.co.uk\/news\/240\/cpsprodpb\/4110\/live\/93e7c0b0-3a8e-11ee-bde6-7ffba94c56ae.jpg 240w, https:\/\/ichef.bbci.co.uk\/news\/320\/cpsprodpb\/4110\/live\/93e7c0b0-3a8e-11ee-bde6-7ffba94c56ae.jpg 320w, https:\/\/ichef.bbci.co.uk\/news\/480\/cpsprodpb\/4110\/live\/93e7c0b0-3a8e-11ee-bde6-7ffba94c56ae.jpg 480w, https:\/\/ichef.bbci.co.uk\/news\/624\/cpsprodpb\/4110\/live\/93e7c0b0-3a8e-11ee-bde6-7ffba94c56ae.jpg 624w, https:\/\/ichef.bbci.co.uk\/news\/800\/cpsprodpb\/4110\/live\/93e7c0b0-3a8e-11ee-bde6-7ffba94c56ae.jpg 800w\" alt=\"Victoria Villarruel\" width=\"1024\" height=\"683\" \/><\/div>\n<\/div>\n<\/div>\n<\/div>\n<\/div><figcaption class=\"bbc-rhuvwm e6i104o0\" dir=\"ltr\">\n<h5><em>Victoria Villarruel es la candidata a la vicepresidencia de Javier Milei.<\/em><\/h5>\n<p>&nbsp;<\/p>\n<\/figcaption><div class=\"bbc-172p16q ebmt73l0\" dir=\"ltr\">\n<div class=\"bbc-3edg7g ebmt73l0\" dir=\"ltr\"><\/div>\n<\/div>\n<\/figure>\n<\/div>\n<div class=\"bbc-19j92fr ebmt73l0\" dir=\"ltr\">\n<p class=\"bbc-hhl7in e17g058b0\" dir=\"ltr\">Villarruel, quien es hija de militares, se ha destacado por poner en duda los delitos cometidos durante el r\u00e9gimen militar que gobern\u00f3 Argentina desde 1976 hasta 1983.<\/p>\n<\/div>\n<div class=\"bbc-19j92fr ebmt73l0\" dir=\"ltr\">\n<p class=\"bbc-hhl7in e17g058b0\" dir=\"ltr\">Entre ellos, la tortura y desaparici\u00f3n de miles de personas por parte de las fuerzas de seguridad.<\/p>\n<\/div>\n<div class=\"bbc-19j92fr ebmt73l0\" dir=\"ltr\">\n<p class=\"bbc-hhl7in e17g058b0\" dir=\"ltr\">\u201cHay que denunciar a los terroristas que hicieron atentados en los setenta, tomaron el poder, reescribieron la historia y se garantizaron la impunidad\u201d, dijo durante una reuni\u00f3n pol\u00edtica.<\/p>\n<\/div>\n<div class=\"bbc-19j92fr ebmt73l0\" dir=\"ltr\">\n<p class=\"bbc-hhl7in e17g058b0\" dir=\"ltr\">Es ella la que lidera las propuestas de desregulaci\u00f3n de la venta de armas y una reforma a la Justicia que podr\u00eda concederle la libertad de decenas de militares y polic\u00edas condenados por cr\u00edmenes de lesa humanidad.<\/p>\n<\/div>\n<div class=\"bbc-19j92fr ebmt73l0\" dir=\"ltr\">\n<p class=\"bbc-hhl7in e17g058b0\" dir=\"ltr\">\u201cEstamos en una situaci\u00f3n de amenaza al consenso m\u00ednimo, que es el rechazo al terrorismo de Estado\u201d, se\u00f1al\u00f3 en rechazo a estas posturas Ver\u00f3nica Torr\u00e1s, directora del instituto Memoria Abierta, al diario espa\u00f1ol La Verdad.<\/p>\n<\/div>\n<div class=\"bbc-19j92fr ebmt73l0\" dir=\"ltr\">\n<p class=\"bbc-hhl7in e17g058b0\" dir=\"ltr\">Pero estos no han sido los \u00fanicos aspectos pol\u00e9micos de su campa\u00f1a. A Milei se le ha acusado de tener comportamientos mis\u00f3ginos en distintos \u00e1mbitos pol\u00edticos.<\/p>\n<\/div>\n<div class=\"bbc-19j92fr ebmt73l0\" dir=\"ltr\">\n<p class=\"bbc-hhl7in e17g058b0\" dir=\"ltr\">Varios medios han rese\u00f1ado el maltrato que recibieron mujeres periodistas en el momento de entrevistarlo y analistas pol\u00edticos indican que su programa se opone a casi todos los planes dedicados a los temas de g\u00e9nero.<\/p>\n<\/div>\n<div class=\"bbc-19j92fr ebmt73l0\" dir=\"ltr\">\n<p class=\"bbc-hhl7in e17g058b0\" dir=\"ltr\">\u201cEn mi Gobierno no va a haber marxismo cultural y no voy a estar pidiendo perd\u00f3n por tener pene. Si de mi dependiera cerrar\u00eda el ministerio de la Mujer\u201d, dijo Milei en una entrevista.<\/p>\n<p dir=\"ltr\">\n<\/div>\n<div class=\"bbc-1ka88fa ebmt73l0\" dir=\"ltr\">\n<figure class=\"bbc-1qdcvv9 e1aczekt0\">\n<div class=\"bbc-172p16q ebmt73l0\" dir=\"ltr\">\n<div class=\"bbc-172p16q ebmt73l0\" dir=\"ltr\">\n<div class=\"bbc-189y18v ebmt73l0\" dir=\"ltr\">\n<div class=\"bbc-997y1y eihqrxw0\" data-e2e=\"image-placeholder\">\n<div class=\"lazyload-wrapper \"><img loading=\"lazy\" decoding=\"async\" class=\"e3vrtyk0 bbc-rb7xa0 e1mo64ex0\" src=\"https:\/\/ichef.bbci.co.uk\/news\/640\/cpsprodpb\/8ad7\/live\/21c08520-3a94-11ee-bde6-7ffba94c56ae.jpg\" sizes=\"auto, (min-width: 1008px) 760px, 100vw\" srcset=\"https:\/\/ichef.bbci.co.uk\/news\/240\/cpsprodpb\/8ad7\/live\/21c08520-3a94-11ee-bde6-7ffba94c56ae.jpg 240w, https:\/\/ichef.bbci.co.uk\/news\/320\/cpsprodpb\/8ad7\/live\/21c08520-3a94-11ee-bde6-7ffba94c56ae.jpg 320w, https:\/\/ichef.bbci.co.uk\/news\/480\/cpsprodpb\/8ad7\/live\/21c08520-3a94-11ee-bde6-7ffba94c56ae.jpg 480w, https:\/\/ichef.bbci.co.uk\/news\/624\/cpsprodpb\/8ad7\/live\/21c08520-3a94-11ee-bde6-7ffba94c56ae.jpg 624w, https:\/\/ichef.bbci.co.uk\/news\/800\/cpsprodpb\/8ad7\/live\/21c08520-3a94-11ee-bde6-7ffba94c56ae.jpg 800w\" alt=\"Javier Milei y su hermana Karina\" width=\"1024\" height=\"779\" \/><\/div>\n<\/div>\n<\/div>\n<\/div>\n<\/div><figcaption class=\"bbc-rhuvwm e6i104o0\" dir=\"ltr\">\n<h5><em>Javier Milei junto a su hermana Karina, quien se convertir\u00eda en primera Dama si llegara a conseguir la victoria en las elecciones de octubre.<\/em><\/h5>\n<\/figcaption>&nbsp;<\/p>\n<div class=\"bbc-172p16q ebmt73l0\" dir=\"ltr\">\n<div class=\"bbc-3edg7g ebmt73l0\" dir=\"ltr\"><\/div>\n<\/div>\n<\/figure>\n<\/div>\n<div class=\"bbc-19j92fr ebmt73l0\" dir=\"ltr\">\n<h2 id=\"Educaci\u00f3n-y-salud-fusionados\" class=\"bbc-1f03ibc eglt09e0\" tabindex=\"-1\">Educaci\u00f3n y salud fusionados<\/h2>\n<\/div>\n<div class=\"bbc-19j92fr ebmt73l0\" dir=\"ltr\">\n<p class=\"bbc-hhl7in e17g058b0\" dir=\"ltr\">Por supuesto, dentro de las propuestas de reducci\u00f3n del gasto p\u00fablico Milei ha sido claro que habr\u00e1n recortes los principales temas sociales: salud, educaci\u00f3n y desarrollo social.<\/p>\n<\/div>\n<div class=\"bbc-19j92fr ebmt73l0\" dir=\"ltr\">\n<p class=\"bbc-hhl7in e17g058b0\" dir=\"ltr\">Y la propuesta es directa: fusionar los tres ministerios que manejan estos temas en uno solo, al que llamar\u00eda de \u201cCapital Humano\u201d.<\/p>\n<\/div>\n<div class=\"bbc-19j92fr ebmt73l0\" dir=\"ltr\">\n<p class=\"bbc-hhl7in e17g058b0\" dir=\"ltr\">En el tema de salud se propone la creaci\u00f3n de un llamado \u201cseguro universal\u201d, en el que usuarios y m\u00e9dicos pacten los honorarios a pagar por servicios m\u00e9dicos.<\/p>\n<\/div>\n<div class=\"bbc-19j92fr ebmt73l0\" dir=\"ltr\">\n<p class=\"bbc-hhl7in e17g058b0\" dir=\"ltr\">En el campo de la eduaci\u00f3n, Milei propone un m\u00e9todo de \u201cvouchers\u201d, en el que la asistencia a los colegios no ser\u00e1 obligatoria ni gratuita.<\/p>\n<\/div>\n<div class=\"bbc-19j92fr ebmt73l0\" dir=\"ltr\">\n<p class=\"bbc-hhl7in e17g058b0\" dir=\"ltr\">\u201cEl sistema de la obligaci\u00f3n no funciona. Si quer\u00e9s estudiar, vas a tener un voucher y vas a poder estudiar. Se toma el dinero que recauda el Estado para esto y la divide entre los ni\u00f1os en edad escolar y se le da un voucher a los padres, para que ellos escojan el colegio que desean para sus hijos\u201d, se\u00f1al\u00f3.<\/p>\n<\/div>\n<div class=\"bbc-19j92fr ebmt73l0\" dir=\"ltr\">\n<p class=\"bbc-hhl7in e17g058b0\" dir=\"ltr\">Esto fue ampliamente rechazado en varios c\u00edrculos.<\/p>\n<\/div>\n<div class=\"bbc-19j92fr ebmt73l0\" dir=\"ltr\">\n<p class=\"bbc-hhl7in e17g058b0\" dir=\"ltr\">&#8220;La obligatoriedad educativa no es un arma que se le pone en la cabeza a la sociedad, sino un est\u00edmulo indispensable para la supervivencia. Me preocupa siempre la mirada violenta de las cosas que tiene\u201d, dijo la diputada de Juntos por el Cambio, Victoria Morales Gorleri, a la agencia de noticias Telam.<\/p>\n<\/div>\n<div class=\"bbc-19j92fr ebmt73l0\" dir=\"ltr\">\n<p class=\"bbc-hhl7in e17g058b0\" dir=\"ltr\">Sumada a las cr\u00edticas por los puntos de sus propuestas, actualmente la Justicia argentina est\u00e1 investigando a Milei por varios delitos.<\/p>\n<\/div>\n<div class=\"bbc-19j92fr ebmt73l0\" dir=\"ltr\">\n<p class=\"bbc-hhl7in e17g058b0\" dir=\"ltr\">Uno de ellos es por la presunta venta del apoyo a candidaturas a gobiernos regionales en la Argentina. Empresarios y pol\u00edticos han denunciado al candidato ultra liberal de exigir cerca de US$10.000 a cambio del respaldo de su partido para las elecciones provinciales que se desarrollan de forma paralela a la presidencial.<\/p>\n<\/div>\n<div class=\"bbc-19j92fr ebmt73l0\" dir=\"ltr\">\n<p class=\"bbc-hhl7in e17g058b0\" dir=\"ltr\">Ahora la carrera hacia la Casa Rosada ha quedado clara para su definici\u00f3n el pr\u00f3ximo 22 de octubre.<\/p>\n<\/div>\n<div class=\"bbc-19j92fr ebmt73l0\" dir=\"ltr\">\n<p class=\"bbc-hhl7in e17g058b0\" dir=\"ltr\">Adem\u00e1s de los resultados obtenidos por el movimiento de Javier Milei, Juntos por el Cambio, que representa al Macrismo y a la derecha moderada, eligi\u00f3 a la exministra de Seguridad Patricia Bullrich como su candidata.<\/p>\n<\/div>\n<div class=\"bbc-19j92fr ebmt73l0\" dir=\"ltr\">\n<p class=\"bbc-hhl7in e17g058b0\" dir=\"ltr\">Por su parte, el partido del oficialismo, Uni\u00f3n por la Patria, eligi\u00f3 al actual ministro de Econom\u00eda Sergio Massa para ser el candidato presidencial.<\/p>\n<\/div>\n","protected":false},"excerpt":{"rendered":"<p>Javier Milei se convirti\u00f3 en el ganador de las elecciones primarias en Argentina. &nbsp; &nbsp; &#8220;No vine a guiar corderos, vine a despertar leones\u201d. Con&hellip;<\/p>\n","protected":false},"author":99,"featured_media":512159,"comment_status":"open","ping_status":"open","sticky":false,"template":"","format":"standard","meta":{"footnotes":""},"categories":[23],"tags":[],"class_list":["post-512158","post","type-post","status-publish","format-standard","has-post-thumbnail","hentry","category-latinoamerica"],"_links":{"self":[{"href":"https:\/\/diarioelpopular.com\/index.php\/wp-json\/wp\/v2\/posts\/512158","targetHints":{"allow":["GET"]}}],"collection":[{"href":"https:\/\/diarioelpopular.com\/index.php\/wp-json\/wp\/v2\/posts"}],"about":[{"href":"https:\/\/diarioelpopular.com\/index.php\/wp-json\/wp\/v2\/types\/post"}],"author":[{"embeddable":true,"href":"https:\/\/diarioelpopular.com\/index.php\/wp-json\/wp\/v2\/users\/99"}],"replies":[{"embeddable":true,"href":"https:\/\/diarioelpopular.com\/index.php\/wp-json\/wp\/v2\/comments?post=512158"}],"version-history":[{"count":1,"href":"https:\/\/diarioelpopular.com\/index.php\/wp-json\/wp\/v2\/posts\/512158\/revisions"}],"predecessor-version":[{"id":512160,"href":"https:\/\/diarioelpopular.com\/index.php\/wp-json\/wp\/v2\/posts\/512158\/revisions\/512160"}],"wp:featuredmedia":[{"embeddable":true,"href":"https:\/\/diarioelpopular.com\/index.php\/wp-json\/wp\/v2\/media\/512159"}],"wp:attachment":[{"href":"https:\/\/diarioelpopular.com\/index.php\/wp-json\/wp\/v2\/media?parent=512158"}],"wp:term":[{"taxonomy":"category","embeddable":true,"href":"https:\/\/diarioelpopular.com\/index.php\/wp-json\/wp\/v2\/categories?post=512158"},{"taxonomy":"post_tag","embeddable":true,"href":"https:\/\/diarioelpopular.com\/index.php\/wp-json\/wp\/v2\/tags?post=512158"}],"curies":[{"name":"wp","href":"https:\/\/api.w.org\/{rel}","templated":true}]}}