{"id":512330,"date":"2023-08-21T09:30:35","date_gmt":"2023-08-21T13:30:35","guid":{"rendered":"https:\/\/diarioelpopular.com\/?p=512330"},"modified":"2023-08-21T09:30:35","modified_gmt":"2023-08-21T13:30:35","slug":"cambio-climatico-que-son-los-eventos-superemisores-y-por-que-es-tan-importante-controlarlos-para-el-futuro-del-planeta","status":"publish","type":"post","link":"https:\/\/diarioelpopular.com\/index.php\/2023\/08\/21\/cambio-climatico-que-son-los-eventos-superemisores-y-por-que-es-tan-importante-controlarlos-para-el-futuro-del-planeta\/","title":{"rendered":"Cambio clim\u00e1tico: qu\u00e9 son los eventos superemisores y por qu\u00e9 es tan importante controlarlos para el futuro del planeta"},"content":{"rendered":"<p><img loading=\"lazy\" decoding=\"async\" class=\"alignnone size-custom-big-size wp-image-512331\" src=\"https:\/\/diarioelpopular.com\/wp-content\/uploads\/2023\/08\/Screen-Shot-2023-08-21-at-9.29.48-AM-1200x635.png\" alt=\"\" width=\"1200\" height=\"635\" srcset=\"https:\/\/diarioelpopular.com\/wp-content\/uploads\/2023\/08\/Screen-Shot-2023-08-21-at-9.29.48-AM-1200x635.png 1200w, https:\/\/diarioelpopular.com\/wp-content\/uploads\/2023\/08\/Screen-Shot-2023-08-21-at-9.29.48-AM-300x159.png 300w, https:\/\/diarioelpopular.com\/wp-content\/uploads\/2023\/08\/Screen-Shot-2023-08-21-at-9.29.48-AM-768x407.png 768w, https:\/\/diarioelpopular.com\/wp-content\/uploads\/2023\/08\/Screen-Shot-2023-08-21-at-9.29.48-AM-636x337.png 636w, https:\/\/diarioelpopular.com\/wp-content\/uploads\/2023\/08\/Screen-Shot-2023-08-21-at-9.29.48-AM-138x73.png 138w, https:\/\/diarioelpopular.com\/wp-content\/uploads\/2023\/08\/Screen-Shot-2023-08-21-at-9.29.48-AM.png 1024w\" sizes=\"auto, (max-width: 1200px) 100vw, 1200px\" \/><\/p>\n<div class=\"bbc-1ka88fa ebmt73l0\" dir=\"ltr\">\n<figure class=\"bbc-1qdcvv9 e1aczekt0\">\n<div class=\"bbc-172p16q ebmt73l0\" dir=\"ltr\">\n<div class=\"bbc-172p16q ebmt73l0\" dir=\"ltr\">\n<div class=\"bbc-3edg7g ebmt73l0\" dir=\"ltr\"><\/div>\n<\/div>\n<\/div><figcaption class=\"bbc-rhuvwm e6i104o0\" dir=\"ltr\">\n<h5><em>El metano producido durante la extracci\u00f3n de petr\u00f3leo suele ser quemado, una pr\u00e1ctica que contamina el medio ambiente.<\/em><\/h5>\n<\/figcaption><div class=\"bbc-172p16q ebmt73l0\" dir=\"ltr\">\n<div class=\"bbc-3edg7g ebmt73l0\" dir=\"ltr\"><\/div>\n<\/div>\n<\/figure>\n<\/div>\n<div dir=\"ltr\"><\/div>\n<div dir=\"ltr\"><\/div>\n<p>&nbsp;<\/p>\n<div class=\"bbc-19j92fr ebmt73l0\" dir=\"ltr\">\n<ul>\n<li class=\"bbc-hhl7in e17g058b0\" dir=\"ltr\"><em><b>Cuando hablamos sobre el calentamiento global, todos los dedos suelen apuntar a un mismo culpable: el di\u00f3xido de carbono (CO2), un gas que producimos cuando quemamos combustibles f\u00f3siles como el carb\u00f3n, el petr\u00f3leo y el gas.<\/b><\/em><\/li>\n<\/ul>\n<p dir=\"ltr\">\n<\/div>\n<div class=\"bbc-19j92fr ebmt73l0\" dir=\"ltr\">\n<p class=\"bbc-hhl7in e17g058b0\" dir=\"ltr\">Pero seg\u00fan el Grupo Intergubernamental de Expertos sobre el Cambio Clim\u00e1tico -m\u00e1s conocido por sus siglas en ingl\u00e9s, IPCC-, m\u00e1s de un cuarto del llamado &#8220;efecto invernadero&#8221; es causado por otro gas:\u00a0el metano (CH4).<\/p>\n<\/div>\n<div class=\"bbc-19j92fr ebmt73l0\" dir=\"ltr\">\n<p class=\"bbc-hhl7in e17g058b0\" dir=\"ltr\">Quiz\u00e1s has escuchado hablar sobre el problema medioambiental que generan las vacas cuando eructan. Bueno, eso es metano, el principal componente del gas natural, que se produce por la descomposici\u00f3n o putrefacci\u00f3n de la\u00a0materia org\u00e1nica.<\/p>\n<\/div>\n<div class=\"bbc-19j92fr ebmt73l0\" dir=\"ltr\">\n<p class=\"bbc-hhl7in e17g058b0\" dir=\"ltr\">Aunque lo de las vacas puede sonar un tanto jocoso, lo cierto es que el CH4 preocupa bastante a los expertos porque es un gas\u00a0much\u00edsimo m\u00e1s da\u00f1ino\u00a0para nuestro medio ambiente que el di\u00f3xido de carbono.<\/p>\n<\/div>\n<section class=\"e1j2237y7 bbc-sswtix e8sa160\" role=\"region\" aria-label=\"Publicidad 2\" aria-hidden=\"true\" data-e2e=\"advertisement\"><\/section>\n<div class=\"bbc-19j92fr ebmt73l0\" dir=\"ltr\">\n<p class=\"bbc-hhl7in e17g058b0\" dir=\"ltr\">Cuando decimos &#8220;much\u00edsimo&#8221; no exageramos: seg\u00fan el Programa de las Naciones Unidas para el Medio Ambiente (PNUMA) &#8220;el metano es m\u00e1s de\u00a080 veces m\u00e1s potente que el di\u00f3xido de carbono\u00a0en su capacidad de calentamiento durante la docena de a\u00f1os que permanece en la atm\u00f3sfera&#8221;.<\/p>\n<\/div>\n<div class=\"bbc-1n4f7vm ebmt73l0\" dir=\"ltr\"><\/div>\n<div class=\"bbc-19j92fr ebmt73l0\" dir=\"ltr\">\n<p class=\"bbc-hhl7in e17g058b0\" dir=\"ltr\">El motivo -explica el organismo- es que &#8220;debido a su estructura qu\u00edmica, el metano atrapa m\u00e1s calor en la atm\u00f3sfera por mol\u00e9cula que el di\u00f3xido de carbono&#8221;.<\/p>\n<\/div>\n<div class=\"bbc-19j92fr ebmt73l0\" dir=\"ltr\">\n<p class=\"bbc-hhl7in e17g058b0\" dir=\"ltr\">Por eso el IPCC se\u00f1al\u00f3 que para lograr el objetivo de limitar el calentamiento global a no m\u00e1s de 2C\u00ba en comparaci\u00f3n con la era preindustrial, debemos urgentemente reducir en al menos\u00a0<b>un tercio<\/b>\u00a0las emisiones de CH4, una meta a la que se comprometieron 121 pa\u00edses en la Conferencia de Cambio Clim\u00e1tico en Glasgow, en 2021.<\/p>\n<\/div>\n<div class=\"bbc-19j92fr ebmt73l0\" dir=\"ltr\">\n<p class=\"bbc-hhl7in e17g058b0\" dir=\"ltr\">Pero los eructos de las vacas no son el \u00fanico desaf\u00edo para lograr esta meta, si bien la ganader\u00eda es responsable del 33% de las emisiones de metano producto de actividades humanas.<\/p>\n<\/div>\n<div class=\"bbc-19j92fr ebmt73l0\" dir=\"ltr\">\n<p class=\"bbc-hhl7in e17g058b0\" dir=\"ltr\">Seg\u00fan el PNUMA, la agricultura y los residuos org\u00e1nicos generan otro 30%.<\/p>\n<\/div>\n<div class=\"bbc-19j92fr ebmt73l0\" dir=\"ltr\">\n<p class=\"bbc-hhl7in e17g058b0\" dir=\"ltr\">Y la mayor fuente de este gas (35%) es la misma que genera la mayor\u00eda del di\u00f3xido de carbono: los combustibles f\u00f3siles.<\/p>\n<\/div>\n<div class=\"bbc-19j92fr ebmt73l0\" dir=\"ltr\">\n<p class=\"bbc-hhl7in e17g058b0\" dir=\"ltr\">Y una de las maneras que contamina esa industria es a trav\u00e9s de los llamados\u00a0&#8220;superemisores&#8221; de metano.<\/p>\n<\/div>\n<div class=\"bbc-19j92fr ebmt73l0\" dir=\"ltr\">\n<h2 id=\"Qu\u00e9-son\" class=\"bbc-1f03ibc eglt09e0\" tabindex=\"-1\">\u00bfQu\u00e9 son?<\/h2>\n<\/div>\n<div class=\"bbc-19j92fr ebmt73l0\" dir=\"ltr\">\n<p class=\"bbc-hhl7in e17g058b0\" dir=\"ltr\">Los superemisores son equipos, instalaciones u otras infraestructuras que -en general por culpa de fallas-\u00a0padecen fugas masivas\u00a0de metano.<\/p>\n<\/div>\n<div class=\"bbc-19j92fr ebmt73l0\" dir=\"ltr\">\n<p class=\"bbc-hhl7in e17g058b0\" dir=\"ltr\">Estos enormes escapes pueden llegar a durar semanas, liberando gigantes cantidades de CH4 a la atm\u00f3sfera.<\/p>\n<\/div>\n<div class=\"bbc-19j92fr ebmt73l0\" dir=\"ltr\">\n<p class=\"bbc-hhl7in e17g058b0\" dir=\"ltr\">Aunque la mayor\u00eda de las superemisiones ocurren en la industria del petr\u00f3leo y el gas, tambi\u00e9n se pueden producir durante la extracci\u00f3n de carb\u00f3n y en vertederos muy grandes, como puedes ver en este mapa.<\/p>\n<\/div>\n<div class=\"bbc-19j92fr ebmt73l0\" dir=\"ltr\">\n<p class=\"bbc-hhl7in e17g058b0\" dir=\"ltr\">Un estudio liderado por el cient\u00edfico Thomas Lauvaux del Laboratorio de Ciencias Ambientales y del Clima de la Universidad de Saclay, en Francia, publicado en 2022 en la revista Science, estim\u00f3 que entre 2019 y 2020 los superemisores liberaron cerca de\u00a08 millones de toneladas m\u00e9tricas\u00a0de metano al a\u00f1o durante la producci\u00f3n de petr\u00f3leo y gas.<\/p>\n<\/div>\n<div class=\"bbc-19j92fr ebmt73l0\" dir=\"ltr\">\n<p class=\"bbc-hhl7in e17g058b0\" dir=\"ltr\">Eso equivale a\u00a0entre el 8% y el 12% de las emisiones globales\u00a0anuales de CH4.<\/p>\n<\/div>\n<div class=\"bbc-19j92fr ebmt73l0\" dir=\"ltr\">\n<p class=\"bbc-hhl7in e17g058b0\" dir=\"ltr\">Pero, a pesar del enorme da\u00f1o medioambiental que provocan, hasta ahora ha sido dif\u00edcil frenar estas grandes p\u00e9rdidas.<\/p>\n<\/div>\n<div class=\"bbc-19j92fr ebmt73l0\" dir=\"ltr\">\n<p class=\"bbc-hhl7in e17g058b0\" dir=\"ltr\">Uno de los principales motivos es que para frenarlas primero hay que detectarlas. Y rastrear emisiones de metano es complicado, porque se trata de un gas incoloro e inodoro.<\/p>\n<\/div>\n<div class=\"bbc-19j92fr ebmt73l0\" dir=\"ltr\">\n<p class=\"bbc-hhl7in e17g058b0\" dir=\"ltr\">Con el fin de hallar y catalogar las p\u00e9rdidas de metano, el PNUMA lanz\u00f3 en octubre de 2021 el\u00a0Observatorio Internacional de Emisiones de Metano (IMEO, por sus siglas en ingl\u00e9s).<\/p>\n<\/div>\n<div class=\"bbc-19j92fr ebmt73l0\" dir=\"ltr\">\n<p class=\"bbc-hhl7in e17g058b0\" dir=\"ltr\">&#8220;El gran desaf\u00edo es saber exactamente cu\u00e1nto [metano] se est\u00e1 emitiendo, d\u00f3nde se est\u00e1 emitiendo y durante cu\u00e1nto tiempo se ha emitido para as\u00ed poder reducir las emisiones al nivel que necesitamos&#8221;, declar\u00f3 Manfredi Caltagirone, director del IMEO.<\/p>\n<\/div>\n<div class=\"bbc-sffzb7 e1hrqbfn0\">\n<div class=\"bbc-19j92fr ebmt73l0\" dir=\"ltr\">\n<h2 id=\"C\u00f3mo-lo-detectan\" class=\"bbc-1f03ibc eglt09e0\" tabindex=\"-1\">C\u00f3mo lo detectan<\/h2>\n<\/div>\n<\/div>\n<div class=\"bbc-19j92fr ebmt73l0\" dir=\"ltr\">\n<p class=\"bbc-hhl7in e17g058b0\" dir=\"ltr\">Giulia Ferrini, quien trabaja en la puesta en marcha del IMEO, se\u00f1al\u00f3 a BBC Mundo que para descubrir d\u00f3nde ocurren las p\u00e9rdidas &#8220;actualmente estamos limitados por<b>\u00a0im\u00e1genes satelitales<\/b>\u00a0provenientes del espacio&#8221;.<\/p>\n<p dir=\"ltr\">\n<\/div>\n<div class=\"bbc-1ka88fa ebmt73l0\" dir=\"ltr\">\n<figure class=\"bbc-1qdcvv9 e1aczekt0\">\n<div class=\"bbc-172p16q ebmt73l0\" dir=\"ltr\">\n<div class=\"bbc-172p16q ebmt73l0\" dir=\"ltr\">\n<div class=\"bbc-189y18v ebmt73l0\" dir=\"ltr\">\n<div class=\"bbc-997y1y eihqrxw0\" data-e2e=\"image-placeholder\">\n<div class=\"lazyload-wrapper \"><img loading=\"lazy\" decoding=\"async\" class=\"e3vrtyk0 bbc-rb7xa0 e1mo64ex0\" src=\"https:\/\/ichef.bbci.co.uk\/news\/640\/cpsprodpb\/3149\/production\/_130371621_2.jpg\" sizes=\"auto, (min-width: 1008px) 645px, 100vw\" srcset=\"https:\/\/ichef.bbci.co.uk\/news\/240\/cpsprodpb\/3149\/production\/_130371621_2.jpg 240w, https:\/\/ichef.bbci.co.uk\/news\/320\/cpsprodpb\/3149\/production\/_130371621_2.jpg 320w, https:\/\/ichef.bbci.co.uk\/news\/480\/cpsprodpb\/3149\/production\/_130371621_2.jpg 480w, https:\/\/ichef.bbci.co.uk\/news\/624\/cpsprodpb\/3149\/production\/_130371621_2.jpg 624w, https:\/\/ichef.bbci.co.uk\/news\/800\/cpsprodpb\/3149\/production\/_130371621_2.jpg 800w\" alt=\"Imagen de un sat\u00e9lite en el espacio con la Tierra detr\u00e1s\" width=\"976\" height=\"549\" \/><\/div>\n<\/div>\n<\/div>\n<\/div>\n<\/div><figcaption class=\"bbc-rhuvwm e6i104o0\" dir=\"ltr\">\n<h5><em>Los expertos utilizan im\u00e1genes satelitales para descubrir las grandes emisiones de metano.<\/em><\/h5>\n<\/figcaption>&nbsp;<\/p>\n<div class=\"bbc-172p16q ebmt73l0\" dir=\"ltr\">\n<div class=\"bbc-3edg7g ebmt73l0\" dir=\"ltr\"><\/div>\n<\/div>\n<\/figure>\n<\/div>\n<div class=\"bbc-19j92fr ebmt73l0\" dir=\"ltr\">\n<p class=\"bbc-hhl7in e17g058b0\" dir=\"ltr\">Estas im\u00e1genes son obtenidas por sensores especiales capaces de detectar la presencia de metano.<\/p>\n<\/div>\n<div class=\"bbc-19j92fr ebmt73l0\" dir=\"ltr\">\n<p class=\"bbc-hhl7in e17g058b0\" dir=\"ltr\">Por ejemplo, los investigadores franceses y estadounidenses que publicaron el estudio sobre superemisores en\u00a0<i class=\"bbc-h1y5j7 eih42320\">Science\u00a0<\/i>utilizaron informaci\u00f3n obtenida por el Sentinel-5 Precursor, un sat\u00e9lite de observaci\u00f3n terrestre desarrollado por la Agencia Espacial Europea (AEE).<\/p>\n<\/div>\n<div class=\"bbc-19j92fr ebmt73l0\" dir=\"ltr\">\n<p class=\"bbc-hhl7in e17g058b0\" dir=\"ltr\">El sat\u00e9lite llev\u00f3 un sensor llamado Tropospheric Monitoring Instrument (m\u00e1s conocido como Tropomi), que logr\u00f3 detectar cerca de\u00a01.800 superemisiones de metano\u00a0entre 2019 y 2020.<\/p>\n<\/div>\n<div class=\"bbc-19j92fr ebmt73l0\" dir=\"ltr\">\n<p class=\"bbc-hhl7in e17g058b0\" dir=\"ltr\">Ferrini advierte que el uso de im\u00e1genes satelitales tiene sus limitaciones.<\/p>\n<\/div>\n<div class=\"bbc-19j92fr ebmt73l0\" dir=\"ltr\">\n<p class=\"bbc-hhl7in e17g058b0\" dir=\"ltr\">&#8220;Es importante reconocer que los sat\u00e9lites pueden ver mejor algunas partes del mundo que otras, por lo que la detecci\u00f3n de superemisores puede estar sesgada por la capacidad de observaci\u00f3n de los sat\u00e9lites&#8221;, aclara.<\/p>\n<\/div>\n<div class=\"bbc-19j92fr ebmt73l0\" dir=\"ltr\">\n<p class=\"bbc-hhl7in e17g058b0\" dir=\"ltr\">No obstante, tambi\u00e9n afirma que &#8220;a medida que la tecnolog\u00eda mejora continuamente, el umbral de observaci\u00f3n se reduce significativamente, lo que significa que podemos detectar (y, por lo tanto, mitigar) eventos de emisiones m\u00e1s peque\u00f1os. Esto nos equipa para poder progresar m\u00e1s all\u00e1 de los grandes emisores&#8221;.<\/p>\n<\/div>\n<div class=\"bbc-19j92fr ebmt73l0\" dir=\"ltr\">\n<p class=\"bbc-hhl7in e17g058b0\" dir=\"ltr\">El objetivo del IMEO es &#8220;integrar datos de m\u00faltiples fuentes para, en \u00faltima instancia,\u00a0brindar al mundo un conjunto de datos totalmente transparente&#8221;.<\/p>\n<\/div>\n<div class=\"bbc-19j92fr ebmt73l0\" dir=\"ltr\">\n<p class=\"bbc-hhl7in e17g058b0\" dir=\"ltr\">&#8220;Solo con una s\u00f3lida comprensi\u00f3n de d\u00f3nde nos encontramos en t\u00e9rminos de emisiones de metano podemos desarrollar un plan claro y s\u00f3lido de mitigaci\u00f3n para proteger nuestro futuro&#8221;, dice la experta.<\/p>\n<\/div>\n<div class=\"bbc-19j92fr ebmt73l0\" dir=\"ltr\">\n<p class=\"bbc-hhl7in e17g058b0\" dir=\"ltr\">Ferrini se\u00f1ala que al brindar informaci\u00f3n de acceso p\u00fablico sobre d\u00f3nde se producen las grandes p\u00e9rdidas de metano &#8220;las partes interesadas de una variedad de sectores tienen\u00a0m\u00e1s motivaciones\u00a0para demostrar sus esfuerzos de mitigaci\u00f3n como parte de la lucha global contra el cambio clim\u00e1tico&#8221;.<\/p>\n<p dir=\"ltr\">\n<\/div>\n<div class=\"bbc-1ka88fa ebmt73l0\" dir=\"ltr\">\n<figure class=\"bbc-1qdcvv9 e1aczekt0\">\n<div class=\"bbc-172p16q ebmt73l0\" dir=\"ltr\">\n<div class=\"bbc-172p16q ebmt73l0\" dir=\"ltr\">\n<div class=\"bbc-189y18v ebmt73l0\" dir=\"ltr\">\n<div class=\"bbc-997y1y eihqrxw0\" data-e2e=\"image-placeholder\">\n<div class=\"lazyload-wrapper \"><img loading=\"lazy\" decoding=\"async\" class=\"e3vrtyk0 bbc-rb7xa0 e1mo64ex0\" src=\"https:\/\/ichef.bbci.co.uk\/news\/640\/cpsprodpb\/6879\/production\/_130354762_3.jpg\" sizes=\"auto, (min-width: 1008px) 645px, 100vw\" srcset=\"https:\/\/ichef.bbci.co.uk\/news\/240\/cpsprodpb\/6879\/production\/_130354762_3.jpg 240w, https:\/\/ichef.bbci.co.uk\/news\/320\/cpsprodpb\/6879\/production\/_130354762_3.jpg 320w, https:\/\/ichef.bbci.co.uk\/news\/480\/cpsprodpb\/6879\/production\/_130354762_3.jpg 480w, https:\/\/ichef.bbci.co.uk\/news\/624\/cpsprodpb\/6879\/production\/_130354762_3.jpg 624w, https:\/\/ichef.bbci.co.uk\/news\/800\/cpsprodpb\/6879\/production\/_130354762_3.jpg 800w\" alt=\"Imagen satelital de una superemisi\u00f3n.\" width=\"976\" height=\"749\" \/><\/div>\n<\/div>\n<\/div>\n<\/div>\n<\/div><figcaption class=\"bbc-rhuvwm e6i104o0\" dir=\"ltr\">\n<h5><em>Las superemisiones se detectan con im\u00e1genes satelitales.<\/em><\/h5>\n<\/figcaption>&nbsp;<\/p>\n<div class=\"bbc-172p16q ebmt73l0\" dir=\"ltr\">\n<div class=\"bbc-3edg7g ebmt73l0\" dir=\"ltr\"><\/div>\n<\/div>\n<\/figure>\n<\/div>\n<div class=\"bbc-19j92fr ebmt73l0\" dir=\"ltr\">\n<p class=\"bbc-hhl7in e17g058b0\" dir=\"ltr\">La experta, quien administra la Asociaci\u00f3n de Metano de Petr\u00f3leo y Gas 2.0 del PNUMA, afirma que ese sector, donde ocurre la mayor\u00eda de superemisiones, es el que tiene\u00a0el mayor potencial para arreglarlos\u00a0&#8220;de manera eficiente y rentable&#8221;.<\/p>\n<\/div>\n<div class=\"bbc-19j92fr ebmt73l0\" dir=\"ltr\">\n<p class=\"bbc-hhl7in e17g058b0\" dir=\"ltr\">&#8220;Tenemos evidencia de que muchas estrategias efectivas de mitigaci\u00f3n de metano costar\u00edan solo una fracci\u00f3n de las ganancias de la industria&#8221;, afirma.<\/p>\n<\/div>\n<div class=\"bbc-19j92fr ebmt73l0\" dir=\"ltr\">\n<h2 id=\"Soluci\u00f3n-a-corto-plazo\" class=\"bbc-1f03ibc eglt09e0\" tabindex=\"-1\">Soluci\u00f3n a corto plazo<\/h2>\n<\/div>\n<div class=\"bbc-19j92fr ebmt73l0\" dir=\"ltr\">\n<p class=\"bbc-hhl7in e17g058b0\" dir=\"ltr\">Los expertos en combatir el cambio clim\u00e1tico no solo se han enfocado en reducir las emisiones de metano debido a que es mucho m\u00e1s da\u00f1ino que el C02. Tambi\u00e9n lo pusieron como meta porque ser\u00eda\u00a0la soluci\u00f3n m\u00e1s r\u00e1pida.<\/p>\n<\/div>\n<div class=\"bbc-19j92fr ebmt73l0\" dir=\"ltr\">\n<p class=\"bbc-hhl7in e17g058b0\" dir=\"ltr\">Esto se debe a que un aspecto positivo del CH4 es que tiene una vida atmosf\u00e9rica\u00a0mucho m\u00e1s corta\u00a0que el di\u00f3xido de carbono (alrededor de 12 a\u00f1os en comparaci\u00f3n con los siglos que dura el CO2).<\/p>\n<\/div>\n<div class=\"bbc-19j92fr ebmt73l0\" dir=\"ltr\">\n<p class=\"bbc-hhl7in e17g058b0\" dir=\"ltr\">Por ello, si se logra frenar las emisiones de este gas, en poco m\u00e1s de una d\u00e9cada deber\u00edamos ver un cambio muy positivo.<\/p>\n<\/div>\n<div class=\"bbc-19j92fr ebmt73l0\" dir=\"ltr\">\n<p class=\"bbc-hhl7in e17g058b0\" dir=\"ltr\">Con esto en mente, el IMEO ha propuesto una ambiciosa meta: &#8220;si se reduce el metano antropog\u00e9nico (de origen humano) en un 45% en este decenio, se mantendr\u00eda el calentamiento por debajo del umbral establecido en el Acuerdo de Par\u00eds&#8221;, detalla en referencia al l\u00edmite de 1.5\u00baC.<\/p>\n<\/div>\n<div class=\"bbc-19j92fr ebmt73l0\" dir=\"ltr\">\n<p class=\"bbc-hhl7in e17g058b0\" dir=\"ltr\">&#8220;El metano es un factor determinante clave de la velocidad a la que se calienta el planeta&#8221;, explica Ferrini. &#8220;El di\u00f3xido de carbono determina la cantidad total de calentamiento, pero\u00a0el metano dicta qu\u00e9 tan r\u00e1pido ocurre el calentamiento\u00a0de nuestro planeta&#8221;.<\/p>\n<\/div>\n<div class=\"bbc-19j92fr ebmt73l0\" dir=\"ltr\">\n<p class=\"bbc-hhl7in e17g058b0\" dir=\"ltr\">&#8220;Por lo tanto, reducir las emisiones de metano es una oportunidad cr\u00edtica para limitar la velocidad del calentamiento a corto plazo a medida que contin\u00faan los esfuerzos de descarbonizaci\u00f3n m\u00e1s amplios&#8221;, concluye.<\/p>\n<\/div>\n","protected":false},"excerpt":{"rendered":"<p>El metano producido durante la extracci\u00f3n de petr\u00f3leo suele ser quemado, una pr\u00e1ctica que contamina el medio ambiente. &nbsp; Cuando hablamos sobre el calentamiento global,&hellip;<\/p>\n","protected":false},"author":99,"featured_media":512331,"comment_status":"open","ping_status":"open","sticky":false,"template":"","format":"standard","meta":{"footnotes":""},"categories":[24],"tags":[],"class_list":["post-512330","post","type-post","status-publish","format-standard","has-post-thumbnail","hentry","category-mundo"],"_links":{"self":[{"href":"https:\/\/diarioelpopular.com\/index.php\/wp-json\/wp\/v2\/posts\/512330","targetHints":{"allow":["GET"]}}],"collection":[{"href":"https:\/\/diarioelpopular.com\/index.php\/wp-json\/wp\/v2\/posts"}],"about":[{"href":"https:\/\/diarioelpopular.com\/index.php\/wp-json\/wp\/v2\/types\/post"}],"author":[{"embeddable":true,"href":"https:\/\/diarioelpopular.com\/index.php\/wp-json\/wp\/v2\/users\/99"}],"replies":[{"embeddable":true,"href":"https:\/\/diarioelpopular.com\/index.php\/wp-json\/wp\/v2\/comments?post=512330"}],"version-history":[{"count":1,"href":"https:\/\/diarioelpopular.com\/index.php\/wp-json\/wp\/v2\/posts\/512330\/revisions"}],"predecessor-version":[{"id":512332,"href":"https:\/\/diarioelpopular.com\/index.php\/wp-json\/wp\/v2\/posts\/512330\/revisions\/512332"}],"wp:featuredmedia":[{"embeddable":true,"href":"https:\/\/diarioelpopular.com\/index.php\/wp-json\/wp\/v2\/media\/512331"}],"wp:attachment":[{"href":"https:\/\/diarioelpopular.com\/index.php\/wp-json\/wp\/v2\/media?parent=512330"}],"wp:term":[{"taxonomy":"category","embeddable":true,"href":"https:\/\/diarioelpopular.com\/index.php\/wp-json\/wp\/v2\/categories?post=512330"},{"taxonomy":"post_tag","embeddable":true,"href":"https:\/\/diarioelpopular.com\/index.php\/wp-json\/wp\/v2\/tags?post=512330"}],"curies":[{"name":"wp","href":"https:\/\/api.w.org\/{rel}","templated":true}]}}