{"id":512381,"date":"2023-08-23T10:55:09","date_gmt":"2023-08-23T14:55:09","guid":{"rendered":"https:\/\/diarioelpopular.com\/?p=512381"},"modified":"2023-08-23T10:55:09","modified_gmt":"2023-08-23T14:55:09","slug":"por-que-el-incremento-de-la-temperatura-en-la-tierra-puede-hacer-que-aumenten-los-terremotos-y-las-erupciones-volcanicas","status":"publish","type":"post","link":"https:\/\/diarioelpopular.com\/index.php\/2023\/08\/23\/por-que-el-incremento-de-la-temperatura-en-la-tierra-puede-hacer-que-aumenten-los-terremotos-y-las-erupciones-volcanicas\/","title":{"rendered":"Por qu\u00e9 el incremento de la temperatura en la Tierra puede hacer que aumenten los terremotos y las erupciones volc\u00e1nicas"},"content":{"rendered":"<p><img loading=\"lazy\" decoding=\"async\" class=\"alignnone size-custom-big-size wp-image-512382\" src=\"https:\/\/diarioelpopular.com\/wp-content\/uploads\/2023\/08\/Screen-Shot-2023-08-23-at-10.54.30-AM-1200x722.png\" alt=\"\" width=\"1200\" height=\"722\" srcset=\"https:\/\/diarioelpopular.com\/wp-content\/uploads\/2023\/08\/Screen-Shot-2023-08-23-at-10.54.30-AM-1200x722.png 1200w, https:\/\/diarioelpopular.com\/wp-content\/uploads\/2023\/08\/Screen-Shot-2023-08-23-at-10.54.30-AM-300x181.png 300w, https:\/\/diarioelpopular.com\/wp-content\/uploads\/2023\/08\/Screen-Shot-2023-08-23-at-10.54.30-AM-768x462.png 768w, https:\/\/diarioelpopular.com\/wp-content\/uploads\/2023\/08\/Screen-Shot-2023-08-23-at-10.54.30-AM-636x383.png 636w, https:\/\/diarioelpopular.com\/wp-content\/uploads\/2023\/08\/Screen-Shot-2023-08-23-at-10.54.30-AM-121x73.png 121w, https:\/\/diarioelpopular.com\/wp-content\/uploads\/2023\/08\/Screen-Shot-2023-08-23-at-10.54.30-AM.png 1024w\" sizes=\"auto, (max-width: 1200px) 100vw, 1200px\" \/><\/p>\n<div class=\"bbc-1ka88fa ebmt73l0\" dir=\"ltr\">\n<figure class=\"bbc-1qdcvv9 e1aczekt0\">\n<div class=\"bbc-172p16q ebmt73l0\" dir=\"ltr\">\n<div class=\"bbc-172p16q ebmt73l0\" dir=\"ltr\">\n<div class=\"bbc-3edg7g ebmt73l0\" dir=\"ltr\"><\/div>\n<\/div>\n<\/div><figcaption class=\"bbc-rhuvwm e6i104o0\" dir=\"ltr\">\n<h5><em>El volc\u00e1n Fagradalsfjall, en la pen\u00ednsula de Reykjanes, Islandia.<\/em><\/h5>\n<p>&nbsp;<\/p>\n<\/figcaption><div class=\"bbc-172p16q ebmt73l0\" dir=\"ltr\">\n<div class=\"bbc-3edg7g ebmt73l0\" dir=\"ltr\"><\/div>\n<\/div>\n<\/figure>\n<\/div>\n<p>&nbsp;<\/p>\n<div class=\"bbc-19j92fr ebmt73l0\" dir=\"ltr\">\n<ul>\n<li class=\"bbc-hhl7in e17g058b0\" dir=\"ltr\"><em><b>El clima de la Tierra est\u00e1 cambiando r\u00e1pidamente.<\/b><\/em><\/li>\n<\/ul>\n<\/div>\n<div class=\"bbc-19j92fr ebmt73l0\" dir=\"ltr\">\n<p dir=\"ltr\">\n<p class=\"bbc-hhl7in e17g058b0\" dir=\"ltr\">En algunas \u00e1reas, el aumento de las temperaturas est\u00e1 incrementando la frecuencia y la probabilidad de incendios forestales y sequ\u00edas.<\/p>\n<\/div>\n<div class=\"bbc-19j92fr ebmt73l0\" dir=\"ltr\">\n<p class=\"bbc-hhl7in e17g058b0\" dir=\"ltr\">En otras, hace que los aguaceros y las tormentas sean m\u00e1s intensos o acelera el ritmo del derretimiento de los glaciares.<\/p>\n<\/div>\n<div class=\"bbc-19j92fr ebmt73l0\" dir=\"ltr\">\n<p class=\"bbc-hhl7in e17g058b0\" dir=\"ltr\">Julio de 2023 es una clara ilustraci\u00f3n de exactamente esto.<\/p>\n<\/div>\n<section class=\"bbc-1f5u21o e8sa160\" role=\"region\" aria-label=\"Publicidad 2\" aria-hidden=\"true\" data-e2e=\"advertisement\"><\/section>\n<div class=\"bbc-19j92fr ebmt73l0\" dir=\"ltr\">\n<p class=\"bbc-hhl7in e17g058b0\" dir=\"ltr\">Partes de Europa y Canad\u00e1 principalmente, han sido devastadas por incendios forestales, mientras que Pek\u00edn registr\u00f3 sus precipitaciones m\u00e1s intensas en al menos 140 a\u00f1os.<\/p>\n<\/div>\n<div class=\"bbc-1n4f7vm ebmt73l0\" dir=\"ltr\"><\/div>\n<div class=\"bbc-19j92fr ebmt73l0\" dir=\"ltr\">\n<p class=\"bbc-hhl7in e17g058b0\" dir=\"ltr\">Mirando hacia atr\u00e1s, entre 2000 y 2019, los\u00a0glaciares\u00a0del mundo perdieron alrededor de 267 gigatoneladas de hielo por a\u00f1o.<\/p>\n<\/div>\n<div class=\"bbc-19j92fr ebmt73l0\" dir=\"ltr\">\n<p class=\"bbc-hhl7in e17g058b0\" dir=\"ltr\">El derretimiento de los glaciares contribuye al aumento del nivel del mar (que actualmente crece aproximadamente 3,3 mil\u00edmetros por a\u00f1o) y a m\u00e1s peligros costeros, como inundaciones y erosi\u00f3n.<\/p>\n<\/div>\n<div class=\"bbc-19j92fr ebmt73l0\" dir=\"ltr\">\n<p class=\"bbc-hhl7in e17g058b0\" dir=\"ltr\">Pero las investigaciones sugieren que nuestro clima cambiante no solo puede influir en los peligros en la superficie de la Tierra.<\/p>\n<\/div>\n<div class=\"bbc-19j92fr ebmt73l0\" dir=\"ltr\">\n<p class=\"bbc-hhl7in e17g058b0\" dir=\"ltr\">El\u00a0cambio clim\u00e1tico, y espec\u00edficamente el aumento de las tasas de lluvia y el derretimiento de los glaciares, tambi\u00e9n podr\u00eda exacerbar los peligros debajo de la superficie de la Tierra, como los\u00a0terremotos\u00a0y las\u00a0erupciones volc\u00e1nicas.<\/p>\n<\/div>\n<div class=\"bbc-19j92fr ebmt73l0\" dir=\"ltr\">\n<p class=\"bbc-hhl7in e17g058b0\" dir=\"ltr\">La sequ\u00eda en Europa y Norteam\u00e9rica recibi\u00f3 mucha cobertura medi\u00e1tica reciente.<\/p>\n<\/div>\n<div class=\"bbc-19j92fr ebmt73l0\" dir=\"ltr\">\n<p class=\"bbc-hhl7in e17g058b0\" dir=\"ltr\">Pero el sexto informe de evaluaci\u00f3n del Grupo Intergubernamental de Expertos sobre el Cambio Clim\u00e1tico revel\u00f3 en 2021 que la precipitaci\u00f3n promedio en realidad aument\u00f3 en muchas regiones del mundo desde 1950.<\/p>\n<p dir=\"ltr\">\n<\/div>\n<div class=\"bbc-1ka88fa ebmt73l0\" dir=\"ltr\">\n<figure class=\"bbc-1qdcvv9 e1aczekt0\">\n<div class=\"bbc-172p16q ebmt73l0\" dir=\"ltr\">\n<div class=\"bbc-172p16q ebmt73l0\" dir=\"ltr\">\n<div class=\"bbc-189y18v ebmt73l0\" dir=\"ltr\">\n<div class=\"bbc-997y1y eihqrxw0\" data-e2e=\"image-placeholder\">\n<div class=\"lazyload-wrapper \"><img loading=\"lazy\" decoding=\"async\" class=\"e3vrtyk0 bbc-rb7xa0 e1mo64ex0\" src=\"https:\/\/ichef.bbci.co.uk\/news\/640\/cpsprodpb\/d99e\/live\/4e70e920-3891-11ee-bde6-7ffba94c56ae.jpg\" sizes=\"auto, (min-width: 1008px) 760px, 100vw\" srcset=\"https:\/\/ichef.bbci.co.uk\/news\/240\/cpsprodpb\/d99e\/live\/4e70e920-3891-11ee-bde6-7ffba94c56ae.jpg 240w, https:\/\/ichef.bbci.co.uk\/news\/320\/cpsprodpb\/d99e\/live\/4e70e920-3891-11ee-bde6-7ffba94c56ae.jpg 320w, https:\/\/ichef.bbci.co.uk\/news\/480\/cpsprodpb\/d99e\/live\/4e70e920-3891-11ee-bde6-7ffba94c56ae.jpg 480w, https:\/\/ichef.bbci.co.uk\/news\/624\/cpsprodpb\/d99e\/live\/4e70e920-3891-11ee-bde6-7ffba94c56ae.jpg 624w, https:\/\/ichef.bbci.co.uk\/news\/800\/cpsprodpb\/d99e\/live\/4e70e920-3891-11ee-bde6-7ffba94c56ae.jpg 800w\" alt=\"Masa de hielo flotando en el oc\u00e9ano con un glaciar de fondo.\" width=\"1024\" height=\"695\" \/><\/div>\n<\/div>\n<\/div>\n<\/div>\n<\/div><figcaption class=\"bbc-rhuvwm e6i104o0\" dir=\"ltr\">\n<h5><em>Entre 2000 y 2019, los glaciares del mundo perdieron alrededor de 267 gigatoneladas de hielo por a\u00f1o.<\/em><\/h5>\n<\/figcaption>&nbsp;<\/p>\n<div class=\"bbc-172p16q ebmt73l0\" dir=\"ltr\">\n<div class=\"bbc-3edg7g ebmt73l0\" dir=\"ltr\"><\/div>\n<\/div>\n<\/figure>\n<\/div>\n<div class=\"bbc-19j92fr ebmt73l0\" dir=\"ltr\">\n<p class=\"bbc-hhl7in e17g058b0\" dir=\"ltr\">Una atm\u00f3sfera m\u00e1s c\u00e1lida puede retener m\u00e1s vapor de agua, lo que posteriormente conduce a niveles m\u00e1s altos de precipitaci\u00f3n.<\/p>\n<\/div>\n<div class=\"bbc-19j92fr ebmt73l0\" dir=\"ltr\">\n<p class=\"bbc-hhl7in e17g058b0\" dir=\"ltr\">Curiosamente, los ge\u00f3logos han identificado durante mucho tiempo una relaci\u00f3n entre las tasas de lluvia y la actividad s\u00edsmica.<\/p>\n<\/div>\n<div class=\"bbc-19j92fr ebmt73l0\" dir=\"ltr\">\n<p class=\"bbc-hhl7in e17g058b0\" dir=\"ltr\">En el Himalaya, por ejemplo, la frecuencia de los terremotos est\u00e1 influenciada por el ciclo anual de precipitaciones de la\u00a0temporada de monzones de verano.<\/p>\n<\/div>\n<div class=\"bbc-19j92fr ebmt73l0\" dir=\"ltr\">\n<p class=\"bbc-hhl7in e17g058b0\" dir=\"ltr\">Las investigaciones revelan que el 48% de los terremotos del Himalaya ocurren durante los meses m\u00e1s secos previos al monz\u00f3n -marzo, abril y mayo-, mientras que solo el 16% ocurre en la temporada del monz\u00f3n.<\/p>\n<\/div>\n<div class=\"bbc-19j92fr ebmt73l0\" dir=\"ltr\">\n<p class=\"bbc-hhl7in e17g058b0\" dir=\"ltr\">Durante la temporada de monzones de verano, el peso de hasta 4 metros de lluvia comprime la corteza tanto vertical como horizontalmente, estabiliz\u00e1ndola.<\/p>\n<\/div>\n<div class=\"bbc-19j92fr ebmt73l0\" dir=\"ltr\">\n<p class=\"bbc-hhl7in e17g058b0\" dir=\"ltr\">Cuando esta agua desaparece en invierno, el &#8220;rebote&#8221; efectivo desestabiliza la regi\u00f3n y aumenta el n\u00famero de terremotos que se producen.<\/p>\n<\/div>\n<div class=\"bbc-19j92fr ebmt73l0\" dir=\"ltr\">\n<p class=\"bbc-hhl7in e17g058b0\" dir=\"ltr\">El cambio clim\u00e1tico podr\u00eda intensificar este fen\u00f3meno.<\/p>\n<\/div>\n<div class=\"bbc-19j92fr ebmt73l0\" dir=\"ltr\">\n<p class=\"bbc-hhl7in e17g058b0\" dir=\"ltr\">Los modelos clim\u00e1ticos proyectan que la intensidad de las lluvias monz\u00f3nicas en el sur de Asia aumentar\u00e1 en el futuro como resultado del cambio clim\u00e1tico.<\/p>\n<\/div>\n<div class=\"bbc-19j92fr ebmt73l0\" dir=\"ltr\">\n<p class=\"bbc-hhl7in e17g058b0\" dir=\"ltr\">Esto podr\u00eda mejorar el rebote invernal y\u00a0causar m\u00e1s eventos s\u00edsmicos.<\/p>\n<\/div>\n<div class=\"bbc-19j92fr ebmt73l0\" dir=\"ltr\">\n<p class=\"bbc-hhl7in e17g058b0\" dir=\"ltr\">El impacto del peso del agua sobre la corteza terrestre va m\u00e1s all\u00e1 de la simple precipitaci\u00f3n; se extiende tambi\u00e9n a los glaciares.<\/p>\n<\/div>\n<div class=\"bbc-19j92fr ebmt73l0\" dir=\"ltr\">\n<p class=\"bbc-hhl7in e17g058b0\" dir=\"ltr\">Cuando la \u00faltima edad de hielo lleg\u00f3 a su fin hace aproximadamente 10.000 a\u00f1os, el derretimiento de grandes masas de hielo provoc\u00f3 que partes de la corteza terrestre se elevaran.<\/p>\n<\/div>\n<div class=\"bbc-19j92fr ebmt73l0\" dir=\"ltr\">\n<p class=\"bbc-hhl7in e17g058b0\" dir=\"ltr\">Este proceso, llamado\u00a0rebote isost\u00e1tico, se evidencia en las playas elevadas de Escocia, algunas de las cuales se encuentran hasta 45 metros sobre el nivel actual del mar.<\/p>\n<p dir=\"ltr\">\n<\/div>\n<div class=\"bbc-1ka88fa ebmt73l0\" dir=\"ltr\">\n<figure class=\"bbc-1qdcvv9 e1aczekt0\">\n<div class=\"bbc-172p16q ebmt73l0\" dir=\"ltr\">\n<div class=\"bbc-172p16q ebmt73l0\" dir=\"ltr\">\n<div class=\"bbc-189y18v ebmt73l0\" dir=\"ltr\">\n<div class=\"bbc-997y1y eihqrxw0\" data-e2e=\"image-placeholder\">\n<div class=\"lazyload-wrapper \"><img loading=\"lazy\" decoding=\"async\" class=\"e3vrtyk0 bbc-rb7xa0 e1mo64ex0\" src=\"https:\/\/ichef.bbci.co.uk\/news\/640\/cpsprodpb\/90f8\/live\/1cebc190-3891-11ee-bde6-7ffba94c56ae.jpg\" sizes=\"auto, (min-width: 1008px) 760px, 100vw\" srcset=\"https:\/\/ichef.bbci.co.uk\/news\/240\/cpsprodpb\/90f8\/live\/1cebc190-3891-11ee-bde6-7ffba94c56ae.jpg 240w, https:\/\/ichef.bbci.co.uk\/news\/320\/cpsprodpb\/90f8\/live\/1cebc190-3891-11ee-bde6-7ffba94c56ae.jpg 320w, https:\/\/ichef.bbci.co.uk\/news\/480\/cpsprodpb\/90f8\/live\/1cebc190-3891-11ee-bde6-7ffba94c56ae.jpg 480w, https:\/\/ichef.bbci.co.uk\/news\/624\/cpsprodpb\/90f8\/live\/1cebc190-3891-11ee-bde6-7ffba94c56ae.jpg 624w, https:\/\/ichef.bbci.co.uk\/news\/800\/cpsprodpb\/90f8\/live\/1cebc190-3891-11ee-bde6-7ffba94c56ae.jpg 800w\" alt=\"Una playa elevada en Loch Eriboll, Escocia.\" width=\"1024\" height=\"672\" \/><\/div>\n<\/div>\n<\/div>\n<\/div>\n<\/div><figcaption class=\"bbc-rhuvwm e6i104o0\" dir=\"ltr\">\n<h5><em>La playa de Loch Eriboll es una de las que registra elevaci\u00f3n del territorio en Escocia.<\/em><\/h5>\n<\/figcaption>&nbsp;<\/p>\n<div class=\"bbc-172p16q ebmt73l0\" dir=\"ltr\">\n<div class=\"bbc-3edg7g ebmt73l0\" dir=\"ltr\"><\/div>\n<\/div>\n<\/figure>\n<\/div>\n<div class=\"bbc-19j92fr ebmt73l0\" dir=\"ltr\">\n<p class=\"bbc-hhl7in e17g058b0\" dir=\"ltr\">La evidencia de Escandinavia sugiere que tal levantamiento, junto con la desestabilizaci\u00f3n de las placas tect\u00f3nicas de la regi\u00f3n, desencaden\u00f3 numerosos terremotos hace entre 11.000 y 7.000 a\u00f1os.<\/p>\n<\/div>\n<div class=\"bbc-19j92fr ebmt73l0\" dir=\"ltr\">\n<p class=\"bbc-hhl7in e17g058b0\" dir=\"ltr\">Algunos de estos terremotos incluso superaron la magnitud de 8,0, lo que indica destrucci\u00f3n severa y p\u00e9rdida de vidas.<\/p>\n<\/div>\n<div class=\"bbc-19j92fr ebmt73l0\" dir=\"ltr\">\n<p class=\"bbc-hhl7in e17g058b0\" dir=\"ltr\">La preocupaci\u00f3n es que el derretimiento continuo del hielo glacial hoy podr\u00eda tener efectos similares en otros lugares.<\/p>\n<\/div>\n<div class=\"bbc-19j92fr ebmt73l0\" dir=\"ltr\">\n<h2 id=\"Qu\u00e9-ocurre-con-la-actividad-volc\u00e1nica\" class=\"bbc-1f03ibc eglt09e0\" tabindex=\"-1\">\u00bfQu\u00e9 ocurre con la actividad volc\u00e1nica?<\/h2>\n<\/div>\n<div class=\"bbc-19j92fr ebmt73l0\" dir=\"ltr\">\n<p class=\"bbc-hhl7in e17g058b0\" dir=\"ltr\">La investigaci\u00f3n tambi\u00e9n ha encontrado una correlaci\u00f3n entre los cambios de carga glacial en la corteza terrestre y la aparici\u00f3n de actividad volc\u00e1nica.<\/p>\n<\/div>\n<div class=\"bbc-19j92fr ebmt73l0\" dir=\"ltr\">\n<p class=\"bbc-hhl7in e17g058b0\" dir=\"ltr\">Hace aproximadamente 5.500-4.500 a\u00f1os, el clima de la Tierra se enfri\u00f3 brevemente y los glaciares comenzaron a expandirse en Islandia.<\/p>\n<\/div>\n<div class=\"bbc-19j92fr ebmt73l0\" dir=\"ltr\">\n<p class=\"bbc-hhl7in e17g058b0\" dir=\"ltr\">El an\u00e1lisis de los dep\u00f3sitos de ceniza volc\u00e1nica repartidos por toda Europa sugiere que la actividad volc\u00e1nica en Islandia se redujo notablemente durante este per\u00edodo.<\/p>\n<\/div>\n<div class=\"bbc-19j92fr ebmt73l0\" dir=\"ltr\">\n<p class=\"bbc-hhl7in e17g058b0\" dir=\"ltr\">Hubo un aumento posterior en la actividad volc\u00e1nica despu\u00e9s del final de este per\u00edodo fr\u00edo, aunque con un retraso de varios cientos de a\u00f1os.<\/p>\n<\/div>\n<div class=\"bbc-19j92fr ebmt73l0\" dir=\"ltr\">\n<p class=\"bbc-hhl7in e17g058b0\" dir=\"ltr\">Este fen\u00f3meno puede explicarse por el peso de los glaciares que comprimen tanto la corteza terrestre como el manto subyacente (la mayor parte s\u00f3lida del interior de la Tierra).<\/p>\n<\/div>\n<div class=\"bbc-19j92fr ebmt73l0\" dir=\"ltr\">\n<p class=\"bbc-hhl7in e17g058b0\" dir=\"ltr\">Esto mantuvo el material que forma el manto bajo una presi\u00f3n m\u00e1s alta, lo que impidi\u00f3 que se derritiera y formara el magma necesario para las erupciones volc\u00e1nicas.<\/p>\n<\/div>\n<div class=\"bbc-19j92fr ebmt73l0\" dir=\"ltr\">\n<p class=\"bbc-hhl7in e17g058b0\" dir=\"ltr\">Sin embargo,\u00a0la desglaciaci\u00f3n y la p\u00e9rdida de peso asociada en la superficie de la Tierra permitieron que ocurriera un proceso llamado derretimiento por descompresi\u00f3n, donde una presi\u00f3n m\u00e1s baja facilita el derretimiento en el manto.<\/p>\n<\/div>\n<div class=\"bbc-19j92fr ebmt73l0\" dir=\"ltr\">\n<p class=\"bbc-hhl7in e17g058b0\" dir=\"ltr\">Tal fusi\u00f3n result\u00f3 en la formaci\u00f3n del magma l\u00edquido que aliment\u00f3 la actividad volc\u00e1nica subsiguiente en Islandia.<\/p>\n<p dir=\"ltr\">\n<\/div>\n<div class=\"bbc-1ka88fa ebmt73l0\" dir=\"ltr\">\n<figure class=\"bbc-1qdcvv9 e1aczekt0\">\n<div class=\"bbc-172p16q ebmt73l0\" dir=\"ltr\">\n<div class=\"bbc-172p16q ebmt73l0\" dir=\"ltr\">\n<div class=\"bbc-189y18v ebmt73l0\" dir=\"ltr\">\n<div class=\"bbc-997y1y eihqrxw0\" data-e2e=\"image-placeholder\">\n<div class=\"lazyload-wrapper \"><img loading=\"lazy\" decoding=\"async\" class=\"e3vrtyk0 bbc-rb7xa0 e1mo64ex0\" src=\"https:\/\/ichef.bbci.co.uk\/news\/640\/cpsprodpb\/8e7d\/live\/3deab770-3891-11ee-bde6-7ffba94c56ae.jpg\" sizes=\"auto, (min-width: 1008px) 760px, 100vw\" srcset=\"https:\/\/ichef.bbci.co.uk\/news\/240\/cpsprodpb\/8e7d\/live\/3deab770-3891-11ee-bde6-7ffba94c56ae.jpg 240w, https:\/\/ichef.bbci.co.uk\/news\/320\/cpsprodpb\/8e7d\/live\/3deab770-3891-11ee-bde6-7ffba94c56ae.jpg 320w, https:\/\/ichef.bbci.co.uk\/news\/480\/cpsprodpb\/8e7d\/live\/3deab770-3891-11ee-bde6-7ffba94c56ae.jpg 480w, https:\/\/ichef.bbci.co.uk\/news\/624\/cpsprodpb\/8e7d\/live\/3deab770-3891-11ee-bde6-7ffba94c56ae.jpg 624w, https:\/\/ichef.bbci.co.uk\/news\/800\/cpsprodpb\/8e7d\/live\/3deab770-3891-11ee-bde6-7ffba94c56ae.jpg 800w\" alt=\"Lluvias del monz\u00f3n en India.\" width=\"1024\" height=\"683\" \/><\/div>\n<\/div>\n<\/div>\n<\/div>\n<\/div><figcaption class=\"bbc-rhuvwm e6i104o0\" dir=\"ltr\">\n<h5><em>La frecuencia de los terremotos est\u00e1 influenciada por el ciclo anual de precipitaciones de la temporada de monzones de verano.<\/em><\/h5>\n<\/figcaption>&nbsp;<\/p>\n<div class=\"bbc-172p16q ebmt73l0\" dir=\"ltr\">\n<div class=\"bbc-3edg7g ebmt73l0\" dir=\"ltr\"><\/div>\n<\/div>\n<\/figure>\n<\/div>\n<div class=\"bbc-19j92fr ebmt73l0\" dir=\"ltr\">\n<p class=\"bbc-hhl7in e17g058b0\" dir=\"ltr\">Incluso hoy, este proceso es responsable de impulsar cierta actividad volc\u00e1nica en Islandia.<\/p>\n<\/div>\n<div class=\"bbc-19j92fr ebmt73l0\" dir=\"ltr\">\n<p class=\"bbc-hhl7in e17g058b0\" dir=\"ltr\">Las erupciones en dos volcanes, Gr\u00edmsv\u00f6tn y Katla, ocurren constantemente durante el per\u00edodo de verano, cuando los glaciares retroceden.<\/p>\n<\/div>\n<div class=\"bbc-19j92fr ebmt73l0\" dir=\"ltr\">\n<p class=\"bbc-hhl7in e17g058b0\" dir=\"ltr\">Por lo tanto, es factible que el retroceso de los glaciares en curso debido al calentamiento global pueda aumentar la actividad volc\u00e1nica en el futuro.<\/p>\n<\/div>\n<div class=\"bbc-19j92fr ebmt73l0\" dir=\"ltr\">\n<p class=\"bbc-hhl7in e17g058b0\" dir=\"ltr\">De todas formas, el lapso entre los cambios glaciales y la respuesta volc\u00e1nica es tranquilizador por ahora.<\/p>\n<\/div>\n<div class=\"bbc-19j92fr ebmt73l0\" dir=\"ltr\">\n<p class=\"bbc-hhl7in e17g058b0\" dir=\"ltr\">Los impactos de un clima cambiante son cada vez m\u00e1s evidentes, y\u00a0los fen\u00f3menos meteorol\u00f3gicos inusuales se han convertido en la norma y no en la excepci\u00f3n.<\/p>\n<\/div>\n<div class=\"bbc-19j92fr ebmt73l0\" dir=\"ltr\">\n<p class=\"bbc-hhl7in e17g058b0\" dir=\"ltr\">No obstante, los impactos indirectos del cambio clim\u00e1tico en el suelo, debajo de nuestros pies, no son ampliamente conocidos ni discutidos.<\/p>\n<\/div>\n<div class=\"bbc-19j92fr ebmt73l0\" dir=\"ltr\">\n<p class=\"bbc-hhl7in e17g058b0\" dir=\"ltr\">Esto debe cambiar si queremos minimizar los efectos del clima cambiante que ya se han puesto firmemente en marcha.<\/p>\n<\/div>\n","protected":false},"excerpt":{"rendered":"<p>El volc\u00e1n Fagradalsfjall, en la pen\u00ednsula de Reykjanes, Islandia. &nbsp; &nbsp; El clima de la Tierra est\u00e1 cambiando r\u00e1pidamente. En algunas \u00e1reas, el aumento de&hellip;<\/p>\n","protected":false},"author":99,"featured_media":512382,"comment_status":"open","ping_status":"open","sticky":false,"template":"","format":"standard","meta":{"footnotes":""},"categories":[24],"tags":[],"class_list":["post-512381","post","type-post","status-publish","format-standard","has-post-thumbnail","hentry","category-mundo"],"_links":{"self":[{"href":"https:\/\/diarioelpopular.com\/index.php\/wp-json\/wp\/v2\/posts\/512381","targetHints":{"allow":["GET"]}}],"collection":[{"href":"https:\/\/diarioelpopular.com\/index.php\/wp-json\/wp\/v2\/posts"}],"about":[{"href":"https:\/\/diarioelpopular.com\/index.php\/wp-json\/wp\/v2\/types\/post"}],"author":[{"embeddable":true,"href":"https:\/\/diarioelpopular.com\/index.php\/wp-json\/wp\/v2\/users\/99"}],"replies":[{"embeddable":true,"href":"https:\/\/diarioelpopular.com\/index.php\/wp-json\/wp\/v2\/comments?post=512381"}],"version-history":[{"count":1,"href":"https:\/\/diarioelpopular.com\/index.php\/wp-json\/wp\/v2\/posts\/512381\/revisions"}],"predecessor-version":[{"id":512383,"href":"https:\/\/diarioelpopular.com\/index.php\/wp-json\/wp\/v2\/posts\/512381\/revisions\/512383"}],"wp:featuredmedia":[{"embeddable":true,"href":"https:\/\/diarioelpopular.com\/index.php\/wp-json\/wp\/v2\/media\/512382"}],"wp:attachment":[{"href":"https:\/\/diarioelpopular.com\/index.php\/wp-json\/wp\/v2\/media?parent=512381"}],"wp:term":[{"taxonomy":"category","embeddable":true,"href":"https:\/\/diarioelpopular.com\/index.php\/wp-json\/wp\/v2\/categories?post=512381"},{"taxonomy":"post_tag","embeddable":true,"href":"https:\/\/diarioelpopular.com\/index.php\/wp-json\/wp\/v2\/tags?post=512381"}],"curies":[{"name":"wp","href":"https:\/\/api.w.org\/{rel}","templated":true}]}}