{"id":512660,"date":"2023-09-06T10:52:58","date_gmt":"2023-09-06T14:52:58","guid":{"rendered":"https:\/\/diarioelpopular.com\/?p=512660"},"modified":"2023-09-06T10:52:58","modified_gmt":"2023-09-06T14:52:58","slug":"que-se-sabe-de-la-red-de-trata-de-cubanos-reclutados-por-rusia-para-combatir-en-ucrania-que-fue-denunciada-por-el-gobierno-de-la-isla","status":"publish","type":"post","link":"https:\/\/diarioelpopular.com\/index.php\/2023\/09\/06\/que-se-sabe-de-la-red-de-trata-de-cubanos-reclutados-por-rusia-para-combatir-en-ucrania-que-fue-denunciada-por-el-gobierno-de-la-isla\/","title":{"rendered":"Qu\u00e9 se sabe de la red de trata de cubanos reclutados por Rusia para combatir en Ucrania que fue denunciada por el gobierno de la isla"},"content":{"rendered":"<p><img loading=\"lazy\" decoding=\"async\" class=\"alignnone size-custom-big-size wp-image-512661\" src=\"https:\/\/diarioelpopular.com\/wp-content\/uploads\/2023\/09\/Screen-Shot-2023-09-06-at-10.52.16-AM-1200x673.png\" alt=\"\" width=\"1200\" height=\"673\" srcset=\"https:\/\/diarioelpopular.com\/wp-content\/uploads\/2023\/09\/Screen-Shot-2023-09-06-at-10.52.16-AM-1200x673.png 1200w, https:\/\/diarioelpopular.com\/wp-content\/uploads\/2023\/09\/Screen-Shot-2023-09-06-at-10.52.16-AM-300x168.png 300w, https:\/\/diarioelpopular.com\/wp-content\/uploads\/2023\/09\/Screen-Shot-2023-09-06-at-10.52.16-AM-768x431.png 768w, https:\/\/diarioelpopular.com\/wp-content\/uploads\/2023\/09\/Screen-Shot-2023-09-06-at-10.52.16-AM-636x357.png 636w, https:\/\/diarioelpopular.com\/wp-content\/uploads\/2023\/09\/Screen-Shot-2023-09-06-at-10.52.16-AM-130x73.png 130w, https:\/\/diarioelpopular.com\/wp-content\/uploads\/2023\/09\/Screen-Shot-2023-09-06-at-10.52.16-AM.png 1024w\" sizes=\"auto, (max-width: 1200px) 100vw, 1200px\" \/><\/p>\n<h5><em>Andorf Velazquez Garc\u00eda y Alex Vegas D\u00edaz denunciaron que fueron llevados a Rusia mediante enga\u00f1os.<\/em><\/h5>\n<p>&nbsp;<\/p>\n<p>&nbsp;<\/p>\n<div class=\"bbc-19j92fr ebmt73l0\" dir=\"ltr\">\n<ul>\n<li class=\"bbc-hhl7in e17g058b0\" dir=\"ltr\"><em><b>Ciudadanos cubanos que viajan a Rusia y acaban combatiendo contra Ucrania.<\/b><\/em><\/li>\n<\/ul>\n<\/div>\n<div class=\"bbc-19j92fr ebmt73l0\" dir=\"ltr\">\n<p dir=\"ltr\">\n<p class=\"bbc-hhl7in e17g058b0\" dir=\"ltr\">Esa es la denuncia que hizo el gobierno de Cuba, que asegur\u00f3 haber<b>\u00a0<\/b>desmantelado una banda de tr\u00e1fico humano que se dedicaba a llevar cubanos a Rusia para reclutarlos como soldados y de esa forma participar en la guerra de Ucrania.<\/p>\n<\/div>\n<div class=\"bbc-19j92fr ebmt73l0\" dir=\"ltr\">\n<p class=\"bbc-hhl7in e17g058b0\" dir=\"ltr\">\u201cEl Ministerio del Interior detect\u00f3 y trabaja en la neutralizaci\u00f3n y desarticulaci\u00f3n de una red de tr\u00e1fico de personas que opera desde Rusia para incorporar a ciudadanos cubanos all\u00ed radicados, e incluso algunos procedentes de Cuba, a las fuerzas militares que participan en operaciones b\u00e9licas en Ucrania\u201d, dijo el Ministerio de Relaciones Exteriores de Cuba.<\/p>\n<\/div>\n<div class=\"bbc-19j92fr ebmt73l0\" dir=\"ltr\">\n<p class=\"bbc-hhl7in e17g058b0\" dir=\"ltr\">El gobierno se\u00f1al\u00f3 que no promueve que se permita o se patrocine que ciudadanos cubanos participen en acciones b\u00e9licas dentro del conflicto entre Ucrania y Rusia.<\/p>\n<\/div>\n<section class=\"bbc-1f5u21o e8sa160\" role=\"region\" aria-label=\"Publicidad 2\" aria-hidden=\"true\" data-e2e=\"advertisement\"><\/section>\n<div class=\"bbc-19j92fr ebmt73l0\" dir=\"ltr\">\n<p class=\"bbc-hhl7in e17g058b0\" dir=\"ltr\">\u201cCuba no forma parte del conflicto b\u00e9lico en Ucrania. Est\u00e1 actuando y actuar\u00e1 de manera en\u00e9rgica contra quien, desde el territorio nacional, participe en cualquier forma de trata de personas con fines de reclutamiento o mercenarismo para que ciudadanos cubanos hagan uso de las armas contra cualquier pa\u00eds\u201d, a\u00f1ade el documento.<\/p>\n<\/div>\n<div class=\"bbc-1n4f7vm ebmt73l0\" dir=\"ltr\"><\/div>\n<div class=\"bbc-19j92fr ebmt73l0\" dir=\"ltr\">\n<p class=\"bbc-hhl7in e17g058b0\" dir=\"ltr\">El comunicado del gobierno cubano responde al caso de varios j\u00f3venes cubanos que denunciaron en redes sociales que fueron llevados bajo enga\u00f1o a Rusia para participar en el conflicto.<\/p>\n<\/div>\n<div class=\"bbc-19j92fr ebmt73l0\" dir=\"ltr\">\n<p class=\"bbc-hhl7in e17g058b0\" dir=\"ltr\">Las denuncias, que fueron publicadas en varios medios locales e internacionales, estaban relacionadas con videos realizados por los j\u00f3venes Andorf Vel\u00e1zquez Garc\u00eda y Alex Vegas D\u00edaz.<\/p>\n<\/div>\n<div class=\"bbc-19j92fr ebmt73l0\" dir=\"ltr\">\n<p class=\"bbc-hhl7in e17g058b0\" dir=\"ltr\">Ambos j\u00f3venes denunciaron que hab\u00edan sido llevados desde Cuba hasta Rusia con la promesa de trabajar como alba\u00f1iles de construcci\u00f3n, pero una vez all\u00e1 fueron llevados a las zonas de reclutamiento militar.<\/p>\n<\/div>\n<div class=\"bbc-19j92fr ebmt73l0\" dir=\"ltr\">\n<p class=\"bbc-hhl7in e17g058b0\" dir=\"ltr\">\u201cNos hicieron firmar unos documentos y nos prometieron un sueldo y comida a cambio de un trabajo, pero la verdad es que nos est\u00e1n llevando a trabajar en la zona de guerra\u201d, le dijo Vel\u00e1zquez a la cadena de televisi\u00f3n Am\u00e9rica TeVe.<\/p>\n<p dir=\"ltr\">\n<\/div>\n<div class=\"bbc-1ka88fa ebmt73l0\" dir=\"ltr\">\n<figure class=\"bbc-1qdcvv9 e1aczekt0\">\n<div class=\"bbc-172p16q ebmt73l0\" dir=\"ltr\">\n<div class=\"bbc-172p16q ebmt73l0\" dir=\"ltr\">\n<div class=\"bbc-189y18v ebmt73l0\" dir=\"ltr\">\n<div class=\"bbc-997y1y eihqrxw0\" data-e2e=\"image-placeholder\">\n<div class=\"lazyload-wrapper \"><img loading=\"lazy\" decoding=\"async\" class=\"e3vrtyk0 bbc-rb7xa0 e1mo64ex0\" src=\"https:\/\/ichef.bbci.co.uk\/news\/640\/cpsprodpb\/825a\/live\/a470c0d0-4c0e-11ee-87dd-abd9ad5cf92e.jpg\" sizes=\"auto, (min-width: 1008px) 760px, 100vw\" srcset=\"https:\/\/ichef.bbci.co.uk\/news\/240\/cpsprodpb\/825a\/live\/a470c0d0-4c0e-11ee-87dd-abd9ad5cf92e.jpg 240w, https:\/\/ichef.bbci.co.uk\/news\/320\/cpsprodpb\/825a\/live\/a470c0d0-4c0e-11ee-87dd-abd9ad5cf92e.jpg 320w, https:\/\/ichef.bbci.co.uk\/news\/480\/cpsprodpb\/825a\/live\/a470c0d0-4c0e-11ee-87dd-abd9ad5cf92e.jpg 480w, https:\/\/ichef.bbci.co.uk\/news\/624\/cpsprodpb\/825a\/live\/a470c0d0-4c0e-11ee-87dd-abd9ad5cf92e.jpg 624w, https:\/\/ichef.bbci.co.uk\/news\/800\/cpsprodpb\/825a\/live\/a470c0d0-4c0e-11ee-87dd-abd9ad5cf92e.jpg 800w\" alt=\"Soldado Ucraniano. \" width=\"1024\" height=\"576\" \/><\/div>\n<\/div>\n<\/div>\n<\/div>\n<\/div><figcaption class=\"bbc-rhuvwm e6i104o0\" dir=\"ltr\">\n<h5><em>El uso de extranjeros para combatir en el conflicto con Ucrania ha involucrado a ciudadanos de varios pa\u00edses alrededor del mundo.<\/em><\/h5>\n<\/figcaption>&nbsp;<\/p>\n<div class=\"bbc-172p16q ebmt73l0\" dir=\"ltr\">\n<div class=\"bbc-3edg7g ebmt73l0\" dir=\"ltr\"><\/div>\n<\/div>\n<\/figure>\n<\/div>\n<div class=\"bbc-19j92fr ebmt73l0\" dir=\"ltr\">\n<p class=\"bbc-hhl7in e17g058b0\" dir=\"ltr\">\u201cEstamos en una ciudad que no conocemos, en una situaci\u00f3n en la que no queremos estar\u201d, a\u00f1adi\u00f3.<\/p>\n<\/div>\n<div class=\"bbc-19j92fr ebmt73l0\" dir=\"ltr\">\n<p class=\"bbc-hhl7in e17g058b0\" dir=\"ltr\">BBC Mundo se comunic\u00f3 con Mario Vel\u00e1zquez, padre de Vel\u00e1zquez y que reside en M\u00e9xico, pero declin\u00f3 hacer comentarios.<\/p>\n<\/div>\n<div class=\"bbc-19j92fr ebmt73l0\" dir=\"ltr\">\n<p class=\"bbc-hhl7in e17g058b0\" dir=\"ltr\">Hasta el momento no hay un dato oficial del gobierno ruso sobre la presencia de soldados cubanos en su ej\u00e9rcito.<\/p>\n<\/div>\n<div class=\"bbc-19j92fr ebmt73l0\" dir=\"ltr\">\n<p class=\"bbc-hhl7in e17g058b0\" dir=\"ltr\"><b>Sin embargo, en el mes de mayo se conoci\u00f3 que varios cubanos residentes en Rusia se hab\u00edan inscrito en el ej\u00e9rcito ruso.<\/b><\/p>\n<\/div>\n<div class=\"bbc-19j92fr ebmt73l0\" dir=\"ltr\">\n<p class=\"bbc-hhl7in e17g058b0\" dir=\"ltr\">Todo a ra\u00edz de la oferta que hab\u00eda hecho el gobierno de Mosc\u00fa de ofrecer la ciudadan\u00eda de forma expedita a los extranjeros y sus familias que se inscribieran en el ej\u00e9rcito.<\/p>\n<\/div>\n<div class=\"bbc-19j92fr ebmt73l0\" dir=\"ltr\">\n<p class=\"bbc-hhl7in e17g058b0\" dir=\"ltr\">Debido a que Rusia no le exige visa de turista a los cubanos para entrar, existe una creciente comunidad en el pa\u00eds. En 2019 se cont\u00f3 el ingreso de 28.000 cubanos, aunque se desconoce cu\u00e1ntos de ellos se quedaron de forma permanente en suelo ruso.<\/p>\n<\/div>\n<div class=\"bbc-19j92fr ebmt73l0\" dir=\"ltr\">\n<h2 id=\"De-alba\u00f1iles-a-soldados\" class=\"bbc-1f03ibc eglt09e0\" tabindex=\"-1\">De alba\u00f1iles a soldados<\/h2>\n<\/div>\n<div class=\"bbc-19j92fr ebmt73l0\" dir=\"ltr\">\n<p class=\"bbc-hhl7in e17g058b0\" dir=\"ltr\">El pasado mes de mayo el portal de noticias ruso Ryazan Gazette se\u00f1al\u00f3 que cubanos se estaban uniendo a las filas que combaten en territorio ucraniano.<\/p>\n<\/div>\n<div class=\"bbc-19j92fr ebmt73l0\" dir=\"ltr\">\n<p class=\"bbc-hhl7in e17g058b0\" dir=\"ltr\">De acuerdo a lo que se\u00f1alaba el medio ruso, los cubanos iban a recibir un pago \u00fanico por parte del gobierno de Mosc\u00fa y de la provincia de Riaz\u00e1n, donde fueron ubicados los soldados, de cerca de US$5.000.<\/p>\n<\/div>\n<div class=\"bbc-19j92fr ebmt73l0\" dir=\"ltr\">\n<p class=\"bbc-hhl7in e17g058b0\" dir=\"ltr\">Riaz\u00e1n est\u00e1 ubicada a unos 230 kil\u00f3metros al sur de Mosc\u00fa y all\u00ed operan varias bases militares.<\/p>\n<\/div>\n<div class=\"bbc-19j92fr ebmt73l0\" dir=\"ltr\">\n<p class=\"bbc-hhl7in e17g058b0\" dir=\"ltr\">A principios de ese mes, el presidente ruso,\u00a0<b>Vladimir Putin<\/b>, hab\u00eda expedido un decreto que concede la ciudadan\u00eda rusa de forma expedita a los extranjeros que se unan a la campa\u00f1a militar que Rusia adelanta en Ucrania.<\/p>\n<\/div>\n<div class=\"bbc-19j92fr ebmt73l0\" dir=\"ltr\">\n<p class=\"bbc-hhl7in e17g058b0\" dir=\"ltr\">La disposici\u00f3n presidencial, publicada en el portal estatal de informaci\u00f3n jur\u00eddica, se\u00f1ala que para adquirir la ciudadan\u00eda rusa mediante el procedimiento expr\u00e9s los extranjeros tendr\u00e1n que firmar un contrato de prestaci\u00f3n de servicio militar durante un a\u00f1o.<\/p>\n<p dir=\"ltr\">\n<\/div>\n<div class=\"bbc-1ka88fa ebmt73l0\" dir=\"ltr\">\n<figure class=\"bbc-1qdcvv9 e1aczekt0\">\n<div class=\"bbc-172p16q ebmt73l0\" dir=\"ltr\">\n<div class=\"bbc-172p16q ebmt73l0\" dir=\"ltr\">\n<div class=\"bbc-189y18v ebmt73l0\" dir=\"ltr\">\n<div class=\"bbc-997y1y eihqrxw0\" data-e2e=\"image-placeholder\">\n<div class=\"lazyload-wrapper \"><img loading=\"lazy\" decoding=\"async\" class=\"e3vrtyk0 bbc-rb7xa0 e1mo64ex0\" src=\"https:\/\/ichef.bbci.co.uk\/news\/640\/cpsprodpb\/9a48\/live\/40e8a440-4c10-11ee-9b58-cb80889117a8.jpg\" sizes=\"auto, (min-width: 1008px) 760px, 100vw\" srcset=\"https:\/\/ichef.bbci.co.uk\/news\/240\/cpsprodpb\/9a48\/live\/40e8a440-4c10-11ee-9b58-cb80889117a8.jpg 240w, https:\/\/ichef.bbci.co.uk\/news\/320\/cpsprodpb\/9a48\/live\/40e8a440-4c10-11ee-9b58-cb80889117a8.jpg 320w, https:\/\/ichef.bbci.co.uk\/news\/480\/cpsprodpb\/9a48\/live\/40e8a440-4c10-11ee-9b58-cb80889117a8.jpg 480w, https:\/\/ichef.bbci.co.uk\/news\/624\/cpsprodpb\/9a48\/live\/40e8a440-4c10-11ee-9b58-cb80889117a8.jpg 624w, https:\/\/ichef.bbci.co.uk\/news\/800\/cpsprodpb\/9a48\/live\/40e8a440-4c10-11ee-9b58-cb80889117a8.jpg 800w\" alt=\"Plaza central de Cuba\" width=\"1024\" height=\"684\" \/><\/div>\n<\/div>\n<\/div>\n<\/div>\n<\/div><figcaption class=\"bbc-rhuvwm e6i104o0\" dir=\"ltr\">\n<h5><em>El gobierno cubano se\u00f1al\u00f3 que se identific\u00f3 a una banda que estaba intentando traficar a ciudadanos cubanos hacia Rusia.<\/em><\/h5>\n<\/figcaption>&nbsp;<\/p>\n<div class=\"bbc-172p16q ebmt73l0\" dir=\"ltr\">\n<div class=\"bbc-3edg7g ebmt73l0\" dir=\"ltr\"><\/div>\n<\/div>\n<\/figure>\n<\/div>\n<div class=\"bbc-19j92fr ebmt73l0\" dir=\"ltr\">\n<p class=\"bbc-hhl7in e17g058b0\" dir=\"ltr\">Pero las revelaciones de estos j\u00f3venes fueron las que tomaron relevancia en los \u00faltimos d\u00edas, especialmente porque se\u00f1alan que fueron llevados con mentiras hasta Rusia.<\/p>\n<\/div>\n<div class=\"bbc-19j92fr ebmt73l0\" dir=\"ltr\">\n<p class=\"bbc-hhl7in e17g058b0\" dir=\"ltr\">Velazquez se\u00f1al\u00f3 que una vez llegados a Rusia, les hicieron unos ex\u00e1menes m\u00e9dicos para llevarlos al regimiento militar.<\/p>\n<\/div>\n<div class=\"bbc-19j92fr ebmt73l0\" dir=\"ltr\">\n<p class=\"bbc-hhl7in e17g058b0\" dir=\"ltr\">Sin embargo, como dijeron familiares de Vel\u00e1zquez en distintos medios, no fue finalmente reclutado debido a que solo tiene un ri\u00f1\u00f3n.<\/p>\n<\/div>\n<div class=\"bbc-19j92fr ebmt73l0\" dir=\"ltr\">\n<p class=\"bbc-hhl7in e17g058b0\" dir=\"ltr\">Pero otros cubanos que acompa\u00f1aron a Vel\u00e1zquez en el viaje, pero que no revelaron su identidad, se\u00f1alaron que hab\u00edan sido enga\u00f1ados mediante un contrato para remover los escombros en las ciudades rusas afectadas por la guerra, pero terminaron reclutados en el ej\u00e9rcito ruso.<\/p>\n<\/div>\n<div class=\"bbc-19j92fr ebmt73l0\" dir=\"ltr\">\n<p class=\"bbc-hhl7in e17g058b0\" dir=\"ltr\">Ellos tambi\u00e9n se\u00f1alaron que habr\u00eda unos 18 cubanos en la misma situaci\u00f3n.<\/p>\n<\/div>\n<div class=\"bbc-19j92fr ebmt73l0\" dir=\"ltr\">\n<p class=\"bbc-hhl7in e17g058b0\" dir=\"ltr\">Familiares de los j\u00f3venes cubanos se\u00f1alaron que dos mujeres, una de ellas de nacionalidad rusa, convencieron a los j\u00f3venes de firmar el contrato -que no estaba escrito en espa\u00f1ol- y despu\u00e9s los hicieron viajar.<\/p>\n<\/div>\n<div class=\"bbc-19j92fr ebmt73l0\" dir=\"ltr\">\n<p class=\"bbc-hhl7in e17g058b0\" dir=\"ltr\">\u201cLa se\u00f1ora nunca pudo explicar realmente lo del trabajo y ahora mi sobrino no sabe qu\u00e9 hacer en una ciudad en la que no conoce a nadie y en la que no hablan su idioma\u201d, explic\u00f3 Mayein Leyva, t\u00eda de Vel\u00e1zquez.<\/p>\n<\/div>\n<div class=\"bbc-19j92fr ebmt73l0\" dir=\"ltr\">\n<p class=\"bbc-hhl7in e17g058b0\" dir=\"ltr\">\u201cMi hijo fue enga\u00f1ado como muchos otros j\u00f3venes que fueron enviados por el gobierno a una guerra\u201d, dijo el 26 de agosto Mario Vel\u00e1zquez en su p\u00e1gina de Facebook.<\/p>\n<\/div>\n<div class=\"bbc-1ka88fa ebmt73l0\" dir=\"ltr\">\n<figure class=\"bbc-1qdcvv9 e1aczekt0\">\n<div class=\"bbc-172p16q ebmt73l0\" dir=\"ltr\">\n<div class=\"bbc-189y18v ebmt73l0\" dir=\"ltr\">\n<div class=\"bbc-997y1y eihqrxw0\" data-e2e=\"image-placeholder\">\n<div class=\"lazyload-wrapper \"><img loading=\"lazy\" decoding=\"async\" class=\"e3vrtyk0 bbc-rb7xa0 e1mo64ex0\" src=\"https:\/\/ichef.bbci.co.uk\/news\/640\/cpsprodpb\/de3f\/live\/4aeb9a80-4c3b-11ee-9b58-cb80889117a8.jpg\" sizes=\"auto, (min-width: 1008px) 760px, 100vw\" srcset=\"https:\/\/ichef.bbci.co.uk\/news\/240\/cpsprodpb\/de3f\/live\/4aeb9a80-4c3b-11ee-9b58-cb80889117a8.jpg 240w, https:\/\/ichef.bbci.co.uk\/news\/320\/cpsprodpb\/de3f\/live\/4aeb9a80-4c3b-11ee-9b58-cb80889117a8.jpg 320w, https:\/\/ichef.bbci.co.uk\/news\/464\/cpsprodpb\/de3f\/live\/4aeb9a80-4c3b-11ee-9b58-cb80889117a8.jpg 464w\" alt=\"L\u00ednea divisoria\" width=\"464\" height=\"2\" \/><\/div>\n<\/div>\n<\/div>\n<\/div>\n<\/figure>\n<\/div>\n<div class=\"bbc-1ka88fa ebmt73l0\" dir=\"ltr\">\n<figure class=\"bbc-1qdcvv9 e1aczekt0\">\n<div class=\"bbc-172p16q ebmt73l0\" dir=\"ltr\">\n<div class=\"bbc-172p16q ebmt73l0\" dir=\"ltr\">\n<div class=\"bbc-189y18v ebmt73l0\" dir=\"ltr\">\n<div class=\"bbc-997y1y eihqrxw0\" data-e2e=\"image-placeholder\">\n<div class=\"lazyload-wrapper \"><img loading=\"lazy\" decoding=\"async\" class=\"e3vrtyk0 bbc-rb7xa0 e1mo64ex0\" src=\"https:\/\/ichef.bbci.co.uk\/news\/640\/cpsprodpb\/4c83\/live\/48b36fb0-4c39-11ee-9b58-cb80889117a8.jpg\" sizes=\"auto, (min-width: 1008px) 760px, 100vw\" srcset=\"https:\/\/ichef.bbci.co.uk\/news\/240\/cpsprodpb\/4c83\/live\/48b36fb0-4c39-11ee-9b58-cb80889117a8.jpg 240w, https:\/\/ichef.bbci.co.uk\/news\/320\/cpsprodpb\/4c83\/live\/48b36fb0-4c39-11ee-9b58-cb80889117a8.jpg 320w, https:\/\/ichef.bbci.co.uk\/news\/480\/cpsprodpb\/4c83\/live\/48b36fb0-4c39-11ee-9b58-cb80889117a8.jpg 480w, https:\/\/ichef.bbci.co.uk\/news\/624\/cpsprodpb\/4c83\/live\/48b36fb0-4c39-11ee-9b58-cb80889117a8.jpg 624w, https:\/\/ichef.bbci.co.uk\/news\/800\/cpsprodpb\/4c83\/live\/48b36fb0-4c39-11ee-9b58-cb80889117a8.jpg 800w\" alt=\"Vladimir Putin, presidente de Rusia, y Manuel Marrero Cruz (derecha), primer ministro de Cuba, en una reuni\u00f3n en junio en Mosc\u00fa.\" width=\"1024\" height=\"722\" \/><\/div>\n<\/div>\n<\/div>\n<\/div>\n<\/div><figcaption class=\"bbc-rhuvwm e6i104o0\" dir=\"ltr\">\n<h5><em>Vladimir Putin, presidente de Rusia, y Manuel Marrero Cruz (derecha), primer ministro de Cuba, en una reuni\u00f3n en junio en Mosc\u00fa.<\/em><\/h5>\n<\/figcaption>&nbsp;<\/p>\n<div class=\"bbc-172p16q ebmt73l0\" dir=\"ltr\">\n<div class=\"bbc-3edg7g ebmt73l0\" dir=\"ltr\"><\/div>\n<\/div>\n<\/figure>\n<\/div>\n<div class=\"bbc-19j92fr ebmt73l0\" dir=\"ltr\">\n<h2 id=\"Una-situaci\u00f3n-embarazosa-para-La-Habana\" class=\"bbc-1f03ibc eglt09e0\" tabindex=\"-1\">Una situaci\u00f3n embarazosa para La Habana<\/h2>\n<\/div>\n<div class=\"bbc-19j92fr ebmt73l0\" dir=\"ltr\">\n<p class=\"bbc-hhl7in e17g058b0\" dir=\"ltr\"><i class=\"bbc-h1y5j7 eih42320\"><b>An\u00e1lisis de Pascal Fletcher, BBC Monitoring en Miami<\/b><\/i><\/p>\n<\/div>\n<div class=\"bbc-19j92fr ebmt73l0\" dir=\"ltr\">\n<p class=\"bbc-hhl7in e17g058b0\" dir=\"ltr\">Aunque Cuba, aliada de Mosc\u00fa, no ha ocultado su apoyo pol\u00edtico a Rusia en su guerra en Ucrania, la revelaci\u00f3n de que j\u00f3venes cubanos han estado firmando contratos para servir en unidades militares rusas en Ucrania es embarazoso para La Habana.<\/p>\n<\/div>\n<div class=\"bbc-19j92fr ebmt73l0\" dir=\"ltr\">\n<p class=\"bbc-hhl7in e17g058b0\" dir=\"ltr\">El gobierno de Cuba prefiere utilizar el t\u00e9rmino &#8220;mercenarios&#8221; para condenar a los disidentes internos y a los activistas antigubernamentales que, seg\u00fan afirma, est\u00e1n financiados por el gobierno de Estados Unidos, por lo que escuchar a los medios cubanos en el exilio acusar a Rusia de utilizar a los cubanos como &#8220;mercenarios&#8221; y &#8220;carne de ca\u00f1\u00f3n&#8221; en Ucrania es un anatema para las autoridades cubanas.<\/p>\n<\/div>\n<div class=\"bbc-19j92fr ebmt73l0\" dir=\"ltr\">\n<p class=\"bbc-hhl7in e17g058b0\" dir=\"ltr\">Esto explicar\u00eda la firmeza del comunicado del Ministerio de Asuntos Exteriores cubano negando que tuviera algo que ver con un supuesto plan de reclutamiento de cubanos operado desde Rusia.<\/p>\n<\/div>\n<div class=\"bbc-19j92fr ebmt73l0\" dir=\"ltr\">\n<p class=\"bbc-hhl7in e17g058b0\" dir=\"ltr\">Sin embargo, m\u00e1s all\u00e1 de decir que &#8220;detect\u00f3&#8221; y que &#8220;trabaja en la neutralizaci\u00f3n&#8221; de lo que llam\u00f3 \u201cuna red de tr\u00e1fico de personas\u201d que reclutaba cubanos para unirse a unidades militares rusas en Ucrania, la declaraci\u00f3n cubana dio pocos detalles y dej\u00f3 preguntas sin respuesta.<\/p>\n<\/div>\n<div class=\"bbc-19j92fr ebmt73l0\" dir=\"ltr\">\n<p class=\"bbc-hhl7in e17g058b0\" dir=\"ltr\">Por ejemplo, muchos en las redes sociales se preguntaban c\u00f3mo era posible que las autoridades de ambos pa\u00edses desconocieran un esquema que implicaba la firma de contratos formales de servicios, incluidos seguros de vida, en ruso, y grupos de cubanos que volaban con sus pasaportes desde la isla a Rusia.<\/p>\n<\/div>\n<div class=\"bbc-19j92fr ebmt73l0\" dir=\"ltr\">\n<p class=\"bbc-hhl7in e17g058b0\" dir=\"ltr\">Tambi\u00e9n podr\u00eda ser inc\u00f3modo para las autoridades cubanas la admisi\u00f3n por parte de los j\u00f3venes, seg\u00fan lo dicho a los medios de comunicaci\u00f3n cubanos en el exilio, de que firmaron contratos para trabajar en Rusia porque necesitaban el dinero para ayudar a sus familias, dadas las terribles condiciones econ\u00f3micas actuales en el pa\u00eds sancionado por Estados Unidos.<\/p>\n<\/div>\n<div class=\"bbc-19j92fr ebmt73l0\" dir=\"ltr\">\n<p class=\"bbc-hhl7in e17g058b0\" dir=\"ltr\">Tambi\u00e9n mencionaron que les prometieron la posibilidad de una posible residencia en Rusia, un atractivo para muchos j\u00f3venes cubanos que buscan desesperadamente emigrar del pa\u00eds golpeado por la crisis.<\/p>\n<\/div>\n<div class=\"bbc-19j92fr ebmt73l0\" dir=\"ltr\">\n<p class=\"bbc-hhl7in e17g058b0\" dir=\"ltr\">Muchos recordar\u00e1n tambi\u00e9n que Cuba, en el curso de su Revoluci\u00f3n de izquierda, tiene una historia de vuelos clandestinos, env\u00edos o despliegues de combatientes en apoyo de aliados en todo el mundo, como por ejemplo en Etiop\u00eda en la d\u00e9cada de 1970 y en Angola en las d\u00e9cadas de 1970 y 1980.<\/p>\n<\/div>\n<div class=\"bbc-1ka88fa ebmt73l0\" dir=\"ltr\">\n<figure class=\"bbc-1qdcvv9 e1aczekt0\">\n<div class=\"bbc-172p16q ebmt73l0\" dir=\"ltr\">\n<div class=\"bbc-189y18v ebmt73l0\" dir=\"ltr\">\n<div class=\"bbc-997y1y eihqrxw0\" data-e2e=\"image-placeholder\">\n<div class=\"lazyload-wrapper \"><img loading=\"lazy\" decoding=\"async\" class=\"e3vrtyk0 bbc-rb7xa0 e1mo64ex0\" src=\"https:\/\/ichef.bbci.co.uk\/news\/640\/cpsprodpb\/3c5a\/live\/eaf33130-4c38-11ee-9b58-cb80889117a8.jpg\" sizes=\"auto, (min-width: 1008px) 760px, 100vw\" srcset=\"https:\/\/ichef.bbci.co.uk\/news\/240\/cpsprodpb\/3c5a\/live\/eaf33130-4c38-11ee-9b58-cb80889117a8.jpg 240w, https:\/\/ichef.bbci.co.uk\/news\/320\/cpsprodpb\/3c5a\/live\/eaf33130-4c38-11ee-9b58-cb80889117a8.jpg 320w, https:\/\/ichef.bbci.co.uk\/news\/464\/cpsprodpb\/3c5a\/live\/eaf33130-4c38-11ee-9b58-cb80889117a8.jpg 464w\" alt=\"L\u00ednea divisoria.\" width=\"464\" height=\"2\" \/><\/div>\n<\/div>\n<\/div>\n<\/div>\n<\/figure>\n<\/div>\n<div class=\"bbc-19j92fr ebmt73l0\" dir=\"ltr\">\n<h2 id=\"Mercenarios-que-combaten-por-Rusia\" class=\"bbc-1f03ibc eglt09e0\" tabindex=\"-1\">Mercenarios que combaten por Rusia<\/h2>\n<\/div>\n<div class=\"bbc-19j92fr ebmt73l0\" dir=\"ltr\">\n<p class=\"bbc-hhl7in e17g058b0\" dir=\"ltr\">Pero este no es el primer caso que se conoce de intento de reclutar mercenarios extranjeros para ayudar al ej\u00e9rcito ruso en su campa\u00f1a en Ucrania. Tambi\u00e9n hay muchos soldados extranjeros que voluntariamente est\u00e1n combatiendo a favor de Kyiv.<\/p>\n<\/div>\n<div class=\"bbc-19j92fr ebmt73l0\" dir=\"ltr\">\n<p class=\"bbc-hhl7in e17g058b0\" dir=\"ltr\">Adem\u00e1s del ya conocido Grupo Wagner, que funciona en Rusia como una fuerza paramilitar en algunas zonas de Ucrania y en otras partes del mundo, tambi\u00e9n se ha logrado detectar la presencia de unidades con soldados de otros pa\u00edses.<\/p>\n<p dir=\"ltr\">\n<\/div>\n<div class=\"bbc-1ka88fa ebmt73l0\" dir=\"ltr\">\n<figure class=\"bbc-1qdcvv9 e1aczekt0\">\n<div class=\"bbc-172p16q ebmt73l0\" dir=\"ltr\">\n<div class=\"bbc-172p16q ebmt73l0\" dir=\"ltr\">\n<div class=\"bbc-189y18v ebmt73l0\" dir=\"ltr\">\n<div class=\"bbc-997y1y eihqrxw0\" data-e2e=\"image-placeholder\">\n<div class=\"lazyload-wrapper \"><img loading=\"lazy\" decoding=\"async\" class=\"e3vrtyk0 bbc-rb7xa0 e1mo64ex0\" src=\"https:\/\/ichef.bbci.co.uk\/news\/640\/cpsprodpb\/63d9\/live\/7f85ffe0-4c10-11ee-9b58-cb80889117a8.jpg\" sizes=\"auto, (min-width: 1008px) 760px, 100vw\" srcset=\"https:\/\/ichef.bbci.co.uk\/news\/240\/cpsprodpb\/63d9\/live\/7f85ffe0-4c10-11ee-9b58-cb80889117a8.jpg 240w, https:\/\/ichef.bbci.co.uk\/news\/320\/cpsprodpb\/63d9\/live\/7f85ffe0-4c10-11ee-9b58-cb80889117a8.jpg 320w, https:\/\/ichef.bbci.co.uk\/news\/480\/cpsprodpb\/63d9\/live\/7f85ffe0-4c10-11ee-9b58-cb80889117a8.jpg 480w, https:\/\/ichef.bbci.co.uk\/news\/624\/cpsprodpb\/63d9\/live\/7f85ffe0-4c10-11ee-9b58-cb80889117a8.jpg 624w, https:\/\/ichef.bbci.co.uk\/news\/800\/cpsprodpb\/63d9\/live\/7f85ffe0-4c10-11ee-9b58-cb80889117a8.jpg 800w\" alt=\"Relaciones Mosc\u00fa La Habana\" width=\"1024\" height=\"681\" \/><\/div>\n<\/div>\n<\/div>\n<\/div>\n<\/div><figcaption class=\"bbc-rhuvwm e6i104o0\" dir=\"ltr\">\n<h5><em>Cuba y Rusia han mantenido una estrecha relaci\u00f3n en los \u00faltimos a\u00f1os, sin embargo, el gobierno de La Habana se ha abstenido de apoyar la invasi\u00f3n rusa en Ucrania.<\/em><\/h5>\n<\/figcaption><div class=\"bbc-172p16q ebmt73l0\" dir=\"ltr\">\n<div class=\"bbc-3edg7g ebmt73l0\" dir=\"ltr\"><\/div>\n<\/div>\n<\/figure>\n<\/div>\n<div class=\"bbc-19j92fr ebmt73l0\" dir=\"ltr\">\n<p class=\"bbc-hhl7in e17g058b0\" dir=\"ltr\">De acuerdo al reporte hecho por el Servicio Ruso de la BBC, el a\u00f1o pasado se supo que el Kremlin, a trav\u00e9s del Grupo Wagner, estaba reclutando sirios para participar en las hostilidades en Ucrania.<\/p>\n<\/div>\n<div class=\"bbc-19j92fr ebmt73l0\" dir=\"ltr\">\n<p class=\"bbc-hhl7in e17g058b0\" dir=\"ltr\">Decenas de personas en toda Siria, que se encuentra devastada por la guerra civil, expresaron inter\u00e9s en unirse a los combates, inform\u00f3 BBC Rusia.<\/p>\n<\/div>\n<div class=\"bbc-19j92fr ebmt73l0\" dir=\"ltr\">\n<p class=\"bbc-hhl7in e17g058b0\" dir=\"ltr\">Como inform\u00f3 el Instituto Americano para el Estudio de la Guerra (ISW) en marzo de 2022, el Kremlin anunci\u00f3 su disposici\u00f3n a acoger en Ucrania a \u201c16.000 combatientes de Oriente Medio\u201d.<\/p>\n<\/div>\n<div class=\"bbc-19j92fr ebmt73l0\" dir=\"ltr\">\n<p class=\"bbc-hhl7in e17g058b0\" dir=\"ltr\">Numerosos medios de comunicaci\u00f3n sirios y usuarios de redes sociales afirmaron entonces que las fuerzas rusas estaban identificando y reclutando combatientes sirios dispuestos a luchar en Ucrania con contratos de seis meses.<\/p>\n<\/div>\n<div class=\"bbc-19j92fr ebmt73l0\" dir=\"ltr\">\n<p class=\"bbc-hhl7in e17g058b0\" dir=\"ltr\">En junio se inform\u00f3 de la muerte de un ciudadano iraqu\u00ed que luch\u00f3 como parte del Grupo Wagner en Ucrania.<\/p>\n<\/div>\n<div class=\"bbc-19j92fr ebmt73l0\" dir=\"ltr\">\n<p class=\"bbc-hhl7in e17g058b0\" dir=\"ltr\">Hasta el momento se desconoce si ciudadanos de otros pa\u00edses de Am\u00e9rica Latina han sido reclutados como mercenarios para ser parte de la invasi\u00f3n rusa en Ucrania.<\/p>\n<\/div>\n<div class=\"bbc-19j92fr ebmt73l0\" dir=\"ltr\">\n<p class=\"bbc-hhl7in e17g058b0\" dir=\"ltr\">En la avanzada diplom\u00e1tica en Am\u00e9rica Latina, Mosc\u00fa ha se\u00f1alado a Cuba como \u201csu gran aliado en la regi\u00f3n\u201d.<\/p>\n<\/div>\n<div class=\"bbc-19j92fr ebmt73l0\" dir=\"ltr\">\n<p class=\"bbc-hhl7in e17g058b0\" dir=\"ltr\">Sin embargo, el gobierno de La Habana ha sido m\u00e1s precavido en su manera de referirse a Rusia y sobre todo, en su posici\u00f3n frente al conflicto con Ucrania. Por ejemplo, en las distintas sesiones de la ONU donde se trat\u00f3 el tema, Cuba se abstuvo de dar su posici\u00f3n.<\/p>\n<\/div>\n","protected":false},"excerpt":{"rendered":"<p>Andorf Velazquez Garc\u00eda y Alex Vegas D\u00edaz denunciaron que fueron llevados a Rusia mediante enga\u00f1os. &nbsp; &nbsp; Ciudadanos cubanos que viajan a Rusia y acaban&hellip;<\/p>\n","protected":false},"author":99,"featured_media":512661,"comment_status":"open","ping_status":"open","sticky":false,"template":"","format":"standard","meta":{"footnotes":""},"categories":[24],"tags":[],"class_list":["post-512660","post","type-post","status-publish","format-standard","has-post-thumbnail","hentry","category-mundo"],"_links":{"self":[{"href":"https:\/\/diarioelpopular.com\/index.php\/wp-json\/wp\/v2\/posts\/512660","targetHints":{"allow":["GET"]}}],"collection":[{"href":"https:\/\/diarioelpopular.com\/index.php\/wp-json\/wp\/v2\/posts"}],"about":[{"href":"https:\/\/diarioelpopular.com\/index.php\/wp-json\/wp\/v2\/types\/post"}],"author":[{"embeddable":true,"href":"https:\/\/diarioelpopular.com\/index.php\/wp-json\/wp\/v2\/users\/99"}],"replies":[{"embeddable":true,"href":"https:\/\/diarioelpopular.com\/index.php\/wp-json\/wp\/v2\/comments?post=512660"}],"version-history":[{"count":1,"href":"https:\/\/diarioelpopular.com\/index.php\/wp-json\/wp\/v2\/posts\/512660\/revisions"}],"predecessor-version":[{"id":512662,"href":"https:\/\/diarioelpopular.com\/index.php\/wp-json\/wp\/v2\/posts\/512660\/revisions\/512662"}],"wp:featuredmedia":[{"embeddable":true,"href":"https:\/\/diarioelpopular.com\/index.php\/wp-json\/wp\/v2\/media\/512661"}],"wp:attachment":[{"href":"https:\/\/diarioelpopular.com\/index.php\/wp-json\/wp\/v2\/media?parent=512660"}],"wp:term":[{"taxonomy":"category","embeddable":true,"href":"https:\/\/diarioelpopular.com\/index.php\/wp-json\/wp\/v2\/categories?post=512660"},{"taxonomy":"post_tag","embeddable":true,"href":"https:\/\/diarioelpopular.com\/index.php\/wp-json\/wp\/v2\/tags?post=512660"}],"curies":[{"name":"wp","href":"https:\/\/api.w.org\/{rel}","templated":true}]}}