{"id":512715,"date":"2023-09-08T09:48:03","date_gmt":"2023-09-08T13:48:03","guid":{"rendered":"https:\/\/diarioelpopular.com\/?p=512715"},"modified":"2023-09-08T09:48:03","modified_gmt":"2023-09-08T13:48:03","slug":"por-un-cielo-azul-y-una-tierra-fecunda","status":"publish","type":"post","link":"https:\/\/diarioelpopular.com\/index.php\/2023\/09\/08\/por-un-cielo-azul-y-una-tierra-fecunda\/","title":{"rendered":"POR UN CIELO AZUL Y UNA TIERRA FECUNDA\u00a0"},"content":{"rendered":"<p class=\"p4\"><b><i><span class=\"Apple-converted-space\">\u00a0<\/span>\u201cConservemos la morada como nos ha sido servida, en brote permanente y no como una esfera cruel\u201d.<span class=\"Apple-converted-space\">\u00a0<\/span><\/i><\/b><\/p>\n<p class=\"p5\"><b><i>=============================<\/i><\/b><\/p>\n<p class=\"p5\"><b><i>V\u00edctor CORCOBA HERRERO\/ Escritor<\/i><\/b><\/p>\n<p class=\"p5\"><b><i>corcoba@telefonica.net <\/i><\/b><\/p>\n<p class=\"p5\"><b>=============================<\/b><span class=\"Apple-converted-space\">\u00a0<\/span><\/p>\n<p class=\"p7\">Somos una sociedad enferma. Tenemos que mejorar aires, tanto los del cielo como los de la tierra. Cu\u00e1nto m\u00e1s claro est\u00e9 el horizonte, mejor podremos divisarlo y acudir a que nos envuelva de entusiasmo. La contaminaci\u00f3n, el mero soplo corrompido, nos deja en el desaliento y sin ganas de vivir. De igual modo, los azotes naturales, a los que contribuimos con nuestras corruptas haza\u00f1as, y las adversidades que nos lanzamos unos contra otros, tambi\u00e9n nos proporcionan unos caminos irrespirables y una atm\u00f3sfera enlutada. De continuar as\u00ed, vamos a convertir el planeta en un cementerio despoblado existencialmente. Desde luego, cu\u00e1nto antes tenemos que enmendar actitudes y comportamientos. De lo contrario, acabaremos ahogados en nuestras propias miserias.<\/p>\n<p class=\"p7\">Tampoco es de ahora, lo percibimos desde hace tiempo, que las corrientes n\u00edtidas nos injertan bienestar en el alma; pues no derrumbemos la continuidad del linaje con agentes putrefactos. Nos merecemos respirar vida. Abandonemos el cultivo de la expiraci\u00f3n. Toca exhalar memoria hacendosa para aprender a reprendernos. Es cierto que nuestras sociedades est\u00e1n cada vez m\u00e1s interconectadas entre s\u00ed, pero tambi\u00e9n m\u00e1s fragmentadas, con m\u00e9todos de explotaci\u00f3n de los recursos que, aparte de degradarnos por completo como seres pensantes, nos causan un da\u00f1o profundo a toda la humanidad de hoy y de ma\u00f1ana.<span class=\"Apple-converted-space\">\u00a0<\/span><\/p>\n<p class=\"p8\">Sin duda, la civilizaci\u00f3n requiere hermanarse cuanto antes, pero el uso de la energ\u00eda no debe destruir nuestro esp\u00edritu fecundo. Hemos de intentar nuevos enfoques, que nos den esplendor y no declive vivencial. Por eso, es importante avanzar, claro que s\u00ed, pero no a cualquier precio. Conservemos la morada como nos ha sido servida, en brote permanente y no como una esfera cruel.<\/p>\n<p class=\"p7\">Indudablemente, el encuentro entre el azul cristalino del orbe y la clemencia humana es fecundo, en la medida en que genera una proximidad que regenera y acompa\u00f1a. En este sentido, nos alegra la pasi\u00f3n puesta recientemente por una asesora del Comit\u00e9 de los Derechos del Ni\u00f1o para un medioambiente limpio y sano. Cuenta a noticias de Naciones Unidas como desde que era ni\u00f1a estuvo en la lucha contra el cambio clim\u00e1tico y la degradaci\u00f3n de nuestros ecosistemas, demostrando cient\u00edficamente por ejemplo como era necesario prohibir las bolsas de pl\u00e1stico de su uso cotidiano. Seguramente, si fu\u00e9semos m\u00e1s garantes con la custodia de la casa com\u00fan y nos oy\u00e9ramos m\u00e1s todos, afrontar\u00edamos esta transformaci\u00f3n, que en realidad es una metamorfosis integral e integradora, de modos y maneras de vivir, lo que requiere del verdadero esfuerzo tanto individual como colectivo.<span class=\"Apple-converted-space\">\u00a0<\/span><\/p>\n<p class=\"p7\">Desde luego, la sanaci\u00f3n humanitaria es fundamental. Debe ser capaz de cuidarse de s\u00ed misma y de la naturaleza. \u00danicamente, de esta forma podremos levantar cabeza y tejer nuevos h\u00e1bitos de confianza en el futuro. Por consiguiente, la apuesta por un cielo azul y una tierra fecunda, requiere del valor personal y del compromiso de todos y, en particular, de los pa\u00edses con mayores capacidades. Junto a esto, hay que fomentar un modelo cultural de avance en el saber estar y en el ser solidario, centrado en la relaci\u00f3n cordial entre semejantes y, adem\u00e1s, en alianza entre el ser humano y el entorno natural.<span class=\"Apple-converted-space\">\u00a0<\/span><\/p>\n<p class=\"p7\">Se trata, en consecuencia, de poner en acci\u00f3n el canje, ya no solo de \u00e9poca, tambi\u00e9n de dimensi\u00f3n econ\u00f3mica, social y ambiental; sabiendo que el v\u00ednculo m\u00e1s esencial que tenemos entre s\u00ed, es que todos moramos en este peque\u00f1o astro, del que formamos parte con nuestro propio cuerpo. La tarea pasa por purificar la brisa que nos alienta o por proteger el agua del manantial que nos vivifica. Esto nos exige entendernos y atendernos mutuamente, entrar en di\u00e1logo y salir convencidos de que lo celeste y lo terrenal han de coaligarse, destronando dominios y dominadores. Al fin y al cabo, la mayor fertilidad de nuestro paso por la madre tierra, pasa por ejercer las buenas pr\u00e1cticas del amor de amar amor.<\/p>\n<p class=\"p7\">Si realmente tenemos en cuenta que somos hijos del afecto; y que, cualquiera de nosotros, estamos llamados a vivir y a dejar vivir, \u00a1hag\u00e1moslo as\u00ed! Dejemos de dar continuidad a este deterioro humano, verdaderamente deshumanizador y sanguinario. La c\u00e1tedra viviente lleva tiempo advirti\u00e9ndonos de que tenemos que poner m\u00e1s alma que armas por los caminos, m\u00e1s ciencia y conciencia que inconsciencia e insensibilidad por las v\u00edas del tiempo, m\u00e1s coraz\u00f3n y poes\u00eda que malignidad y poder avasallador entre los espacios. Ojal\u00e1 se retome a la sabidur\u00eda de lo vivido, abandonemos el endiosamiento, y nos pongamos con voluntad a servir como poetas en guardia; sin obviar el querer, porque cada uno es necesario para proyectar savia. Colaboremos y cooperemos en la labor, con humildad y sencillez. En esto radica el gozo.<\/p>\n<p class=\"p9\"><b>V\u00edctor CORCOBA HERRERO\/ Escritor<\/b><\/p>\n<p class=\"p9\"><b><span class=\"Apple-converted-space\">\u00a0<\/span>HYPERLINK &#8220;mailto:corcoba@telefonica.net&#8221; <\/b><span class=\"s4\"><b>corcoba@telefonica.net<\/b><\/span><\/p>\n<p class=\"p9\"><b>08 de septiembre de 2023.-<\/b><\/p>\n","protected":false},"excerpt":{"rendered":"<p>\u00a0\u201cConservemos la morada como nos ha sido servida, en brote permanente y no como una esfera cruel\u201d.\u00a0 ============================= V\u00edctor CORCOBA HERRERO\/ Escritor corcoba@telefonica.net =============================\u00a0 Somos&hellip;<\/p>\n","protected":false},"author":99,"featured_media":0,"comment_status":"open","ping_status":"open","sticky":false,"template":"","format":"standard","meta":{"footnotes":""},"categories":[11353,81],"tags":[],"class_list":["post-512715","post","type-post","status-publish","format-standard","hentry","category-algo-mas-que-palabras","category-columnistas"],"_links":{"self":[{"href":"https:\/\/diarioelpopular.com\/index.php\/wp-json\/wp\/v2\/posts\/512715","targetHints":{"allow":["GET"]}}],"collection":[{"href":"https:\/\/diarioelpopular.com\/index.php\/wp-json\/wp\/v2\/posts"}],"about":[{"href":"https:\/\/diarioelpopular.com\/index.php\/wp-json\/wp\/v2\/types\/post"}],"author":[{"embeddable":true,"href":"https:\/\/diarioelpopular.com\/index.php\/wp-json\/wp\/v2\/users\/99"}],"replies":[{"embeddable":true,"href":"https:\/\/diarioelpopular.com\/index.php\/wp-json\/wp\/v2\/comments?post=512715"}],"version-history":[{"count":1,"href":"https:\/\/diarioelpopular.com\/index.php\/wp-json\/wp\/v2\/posts\/512715\/revisions"}],"predecessor-version":[{"id":512716,"href":"https:\/\/diarioelpopular.com\/index.php\/wp-json\/wp\/v2\/posts\/512715\/revisions\/512716"}],"wp:attachment":[{"href":"https:\/\/diarioelpopular.com\/index.php\/wp-json\/wp\/v2\/media?parent=512715"}],"wp:term":[{"taxonomy":"category","embeddable":true,"href":"https:\/\/diarioelpopular.com\/index.php\/wp-json\/wp\/v2\/categories?post=512715"},{"taxonomy":"post_tag","embeddable":true,"href":"https:\/\/diarioelpopular.com\/index.php\/wp-json\/wp\/v2\/tags?post=512715"}],"curies":[{"name":"wp","href":"https:\/\/api.w.org\/{rel}","templated":true}]}}