{"id":512742,"date":"2023-09-09T10:39:44","date_gmt":"2023-09-09T14:39:44","guid":{"rendered":"https:\/\/diarioelpopular.com\/?p=512742"},"modified":"2023-09-09T10:39:44","modified_gmt":"2023-09-09T14:39:44","slug":"la-justicia-de-ee-uu-condena-a-argentina-a-pagar-unos-16-000-millones-de-dolares-por-la-expropiacion-de-ypf","status":"publish","type":"post","link":"https:\/\/diarioelpopular.com\/index.php\/2023\/09\/09\/la-justicia-de-ee-uu-condena-a-argentina-a-pagar-unos-16-000-millones-de-dolares-por-la-expropiacion-de-ypf\/","title":{"rendered":"La Justicia de EE UU condena a Argentina a pagar unos 16.000 millones de d\u00f3lares por la expropiaci\u00f3n de YPF"},"content":{"rendered":"<p><img loading=\"lazy\" decoding=\"async\" class=\"alignnone size-custom-big-size wp-image-512743\" src=\"https:\/\/diarioelpopular.com\/wp-content\/uploads\/2023\/09\/Screen-Shot-2023-09-09-at-10.38.51-AM-1200x800.png\" alt=\"\" width=\"1200\" height=\"800\" srcset=\"https:\/\/diarioelpopular.com\/wp-content\/uploads\/2023\/09\/Screen-Shot-2023-09-09-at-10.38.51-AM-1200x800.png 1200w, https:\/\/diarioelpopular.com\/wp-content\/uploads\/2023\/09\/Screen-Shot-2023-09-09-at-10.38.51-AM-300x200.png 300w, https:\/\/diarioelpopular.com\/wp-content\/uploads\/2023\/09\/Screen-Shot-2023-09-09-at-10.38.51-AM-768x512.png 768w, https:\/\/diarioelpopular.com\/wp-content\/uploads\/2023\/09\/Screen-Shot-2023-09-09-at-10.38.51-AM-636x424.png 636w, https:\/\/diarioelpopular.com\/wp-content\/uploads\/2023\/09\/Screen-Shot-2023-09-09-at-10.38.51-AM-109x73.png 109w, https:\/\/diarioelpopular.com\/wp-content\/uploads\/2023\/09\/Screen-Shot-2023-09-09-at-10.38.51-AM.png 1024w\" sizes=\"auto, (max-width: 1200px) 100vw, 1200px\" \/><\/p>\n<h5><em>Un ni\u00f1o en una manifestaci\u00f3n a favor de la expropiaci\u00f3n de YPF, el 3 mayo de 2012 en Buenos Aires.\u00a0\u00a0<span class=\"a_m_m\">NATACHA PISARENKO (AP)<\/span><\/em><\/h5>\n<p>&nbsp;<\/p>\n<p>&nbsp;<\/p>\n<h4 class=\"a_st\"><em>&#8211; El Gobierno argentino apelar\u00e1 el fallo de una jueza de Nueva York en favor de un fondo y del grupo Petersen<\/em><\/h4>\n<p>&nbsp;<\/p>\n<p class=\"\">Argentina sufri\u00f3 una dura derrota legal este viernes en los tribunales estadounidenses por la\u00a0<a href=\"https:\/\/cincodias.elpais.com\/companias\/2023-03-31\/una-juez-de-ee-uu-condena-a-argentina-por-la-expropiacion-de-ypf.html\" target=\"_blank\" rel=\"noopener\" data-link-track-dtm=\"\" data-mrf-link=\"https:\/\/cincodias.elpais.com\/companias\/2023-03-31\/una-juez-de-ee-uu-condena-a-argentina-por-la-expropiacion-de-ypf.html\">causa abierta contra el Estado sudamericano por la expropiaci\u00f3n de YPF<\/a>\u00a0en 2012, bajo la presidencia de Cristina Fern\u00e1ndez de Kirchner, cuando su socio mayoritario era la espa\u00f1ola Repsol.<\/p>\n<p class=\"\">La jueza de distrito de Manhattan, Loretta Preska, hab\u00eda determinado en marzo que Argentina \u201cincumpli\u00f3 el contrato\u201d de YPF, pero faltaba conocer el monto de la indemnizaci\u00f3n.\u00a0<a href=\"http:\/\/ep00.epimg.net\/descargables\/2023\/09\/08\/e5463047ba776875154f0d6f3acffa8b.pdf\" target=\"_blank\" rel=\"noopener\" data-link-track-dtm=\"\" data-mrf-link=\"http:\/\/ep00.epimg.net\/descargables\/2023\/09\/08\/e5463047ba776875154f0d6f3acffa8b.pdf\">En su fallo de este viernes<\/a>, no fij\u00f3 una cifra, pero consider\u00f3 adecuado el esquema de compensaci\u00f3n propuesto por el fondo Burford Capital, que compr\u00f3 el pleito a socios de Repsol y pide unos 16.000 millones de d\u00f3lares. El Gobierno argentino ya ha anticipado que apelar\u00e1.<\/p>\n<p class=\"\">La jueza dio la raz\u00f3n a Burford Capital al considerar como fecha de expropiaci\u00f3n el 16 de abril de 2012, cuando\u00a0<a href=\"https:\/\/elpais.com\/noticias\/axel-kicillof\/\" target=\"_blank\" rel=\"noopener\" data-link-track-dtm=\"\" data-mrf-link=\"https:\/\/elpais.com\/noticias\/axel-kicillof\/\">el entonces ministro de Econom\u00eda y hoy gobernador bonaerense, Axel Kicillof,<\/a>\u00a0fue nombrado interventor de la empresa.<\/p>\n<p class=\"\">Argentina solicitaba que fuese el 7 de mayo de 2012, cuando se aprob\u00f3 la ley de expropiaci\u00f3n. Las acciones de la petrolera cayeron un 25% en esas tres semanas, lo que pod\u00eda suponer una gran diferencia a la hora de fijar la indemnizaci\u00f3n. Sin embargo, Preska tambi\u00e9n avala el modelo de valoraci\u00f3n de los demandantes, que usa la relaci\u00f3n entre precio y beneficio m\u00e1s alta de los dos a\u00f1os previos de cotizaci\u00f3n en Bolsa, y no la inmediatamente anterior a la obligaci\u00f3n de lanzar la oferta, as\u00ed que la diferencia no habr\u00eda sido tanta con una u otra fecha.<\/p>\n<p class=\"\">Con ese sistema de valoraci\u00f3n, Burford solicitaba 8.430 millones de d\u00f3lares m\u00e1s intereses. En un fallo de 25 p\u00e1ginas, Preska dio tambi\u00e9n la raz\u00f3n a los litigantes al fijar una tasa de inter\u00e9s del 8%, aunque es inter\u00e9s simple y no compuesto, que habr\u00eda elevado a\u00fan m\u00e1s la factura. La jueza hab\u00eda publicado una primera versi\u00f3n de su decisi\u00f3n en que se\u00f1alaba que los intereses empezaban a contar desde mayo de 2023, lo que ha creado algo de confusi\u00f3n inicial. Luego ha corregido y ese 8% se debe pagar desde mayo de 2012, seg\u00fan el fallo final.<\/p>\n<p class=\"\">La jueza ha pedido a las partes que hagan sus propuestas definitivas de acuerdo con su decisi\u00f3n para fijar la cuant\u00eda definitiva. En todo caso, la decisi\u00f3n puede ser recurrida a un tribunal superior, con lo que a\u00fan pueden pasar a\u00f1os antes de una resoluci\u00f3n definitiva.<\/p>\n<p class=\"\">Burford Capital es un fondo que se dedica a la compra de derechos de juicio de empresas quebradas para llevar a cabo denuncias por grandes sumas, una metodolog\u00eda similar a la que usan los fondos buitre con los t\u00edtulos de deuda. El fondo demand\u00f3 al Estado argentino tras adquirir los derechos a Petersen Energ\u00eda Inversora y Petersen Energ\u00eda, dos sociedades espa\u00f1olas del grupo de la familia argentina Eskenazy, que ten\u00edan el 25% de las acciones de YPF.<\/p>\n<p class=\"\">Esas compa\u00f1\u00edas est\u00e1n en concurso de acreedores porque se endeudaron para comprar su participaci\u00f3n en YPF, devaluada con la expropiaci\u00f3n. Repsol les prest\u00f3 1.500 millones para que le comprasen acciones. La petrolera ejecut\u00f3 t\u00edtulos de YPF que ten\u00eda en prenda ante el impago y ahora podr\u00eda acabar recuperando una parte de la deuda pendiente en el concurso de acreedores.<\/p>\n<p class=\"\">El fondo tiene derecho a aproximadamente el 70% de la indemnizaci\u00f3n, mientras que el resto ir\u00e1 a esas sociedades hasta el momento insolventes,\u00a0<a href=\"https:\/\/storage.courtlistener.com\/recap\/gov.uscourts.nysd.440752\/gov.uscourts.nysd.440752.1.0_1.pdf\" target=\"_blank\" rel=\"noopener\" data-link-track-dtm=\"\" data-mrf-link=\"https:\/\/storage.courtlistener.com\/recap\/gov.uscourts.nysd.440752\/gov.uscourts.nysd.440752.1.0_1.pdf\">desde las que se present\u00f3 la demanda en 2015<\/a>. Las acciones de Burford, que cotiza en Londres y Wall Street, se han disparado m\u00e1s de un 20% al conocerse la decisi\u00f3n. La compa\u00f1\u00eda\u00a0<a href=\"https:\/\/www.sec.gov\/Archives\/edgar\/data\/1714174\/000171417423000101\/tmb-20230908xex99d1.htm\" target=\"_blank\" rel=\"noopener\" data-link-track-dtm=\"\" data-mrf-link=\"https:\/\/www.sec.gov\/Archives\/edgar\/data\/1714174\/000171417423000101\/tmb-20230908xex99d1.htm\">ha comunicado a la Comisi\u00f3n de Valores y Bolsa de Estados Unidos\u00a0<\/a>que har\u00e1 una valoraci\u00f3n del fallo tras la revisi\u00f3n y an\u00e1lisis de la decisi\u00f3n.<\/p>\n<p class=\"\">En su decisi\u00f3n de marzo, la magistrada ya hab\u00eda fallado a favor de los litigantes por considerar que el Estado no ofreci\u00f3 una compensaci\u00f3n a todos los accionistas cuando decidi\u00f3 nacionalizar el 51% de las acciones de YPF que estaban en manos de Repsol. Seg\u00fan el estatuto de YPF, si alguien compraba m\u00e1s del 15% de la empresa deber\u00eda ofrecer lo mismo a todos.<\/p>\n<p class=\"\">Preska dej\u00f3 a la compa\u00f1\u00eda fuera del litigio. Eso significa que ser\u00e1 el Estado argentino y no la empresa (que conserva el 49% de sus acciones en manos privadas) quien deber\u00e1 pagar la indemnizaci\u00f3n.<\/p>\n<p class=\"\">Argentina no est\u00e1 en condiciones de afrontar ese pago. El golpe provocado por una sequ\u00eda sin precedentes en el campo argentino, el motor econ\u00f3mico del pa\u00eds,\u00a0<a href=\"https:\/\/elpais.com\/argentina\/2023-07-17\/argentina-agota-las-reservas-del-banco-central-mientras-negocia-contrarreloj-con-el-fmi.html\" target=\"_blank\" rel=\"noopener\" data-link-track-dtm=\"\" data-mrf-link=\"https:\/\/elpais.com\/argentina\/2023-07-17\/argentina-agota-las-reservas-del-banco-central-mientras-negocia-contrarreloj-con-el-fmi.html\">ha dejado las reservas del banco central bajo m\u00ednimos<\/a>\u00a0en este 2023. Con un historial r\u00e9cord de cese de pagos en las \u00faltimas d\u00e9cadas, Argentina tiene adem\u00e1s muy limitado el acceso a los mercados de cr\u00e9dito. Su deuda p\u00fablica supera los 400.000 millones de d\u00f3lares, equivalente al 85% del PIB, y el Gobierno ha debido refinanciar el pr\u00e9stamo de 44.000 millones recibido del Fondo Monetario Internacional en 2018.<\/p>\n<p class=\"\">El fallo, que ser\u00e1 apelado por Argentina, se conoce en medio de la campa\u00f1a electoral. El kirchnerista Axel Kicillof aspira a ser reelegido como gobernador de la provincia de Buenos Aires, la m\u00e1s poblada de Argentina, mientras que el ministro de Econom\u00eda actual,\u00a0<a href=\"https:\/\/elpais.com\/noticias\/sergio-tomas-massa\/\" target=\"_blank\" rel=\"noopener\" data-link-track-dtm=\"\" data-mrf-link=\"https:\/\/elpais.com\/noticias\/sergio-tomas-massa\/\">Sergio Massa, es candidato a presidente<\/a>. Su rival\u00a0<a href=\"https:\/\/elpais.com\/noticias\/patricia-bullrich\/\" target=\"_blank\" rel=\"noopener\" data-link-track-dtm=\"\" data-mrf-link=\"https:\/\/elpais.com\/noticias\/patricia-bullrich\/\">Patricia Bullrich<\/a>, de la coalici\u00f3n opositora de centroderecha Juntos por el Cambio, us\u00f3 el fallo para disparar contra el Gobierno. \u201cSiempre me opuse a la barbaridad de una expropiaci\u00f3n sin cumplir con la Constituci\u00f3n. Ahora que la paguen de su bolsillo\u201d, tuite\u00f3.<\/p>\n<p class=\"\">Las elecciones generales est\u00e1n previstas para el 22 de octubre. Si ning\u00fan candidato a presidente gana con el 45% de los votos u obtiene el 40% con 10 puntos de ventaja sobre el segundo habr\u00e1 segunda vuelta entre los dos m\u00e1s votados el 19 de noviembre.<\/p>\n","protected":false},"excerpt":{"rendered":"<p>Un ni\u00f1o en una manifestaci\u00f3n a favor de la expropiaci\u00f3n de YPF, el 3 mayo de 2012 en Buenos Aires.\u00a0\u00a0NATACHA PISARENKO (AP) &nbsp; &nbsp; &#8211;&hellip;<\/p>\n","protected":false},"author":99,"featured_media":512743,"comment_status":"open","ping_status":"open","sticky":false,"template":"","format":"standard","meta":{"footnotes":""},"categories":[23],"tags":[],"class_list":["post-512742","post","type-post","status-publish","format-standard","has-post-thumbnail","hentry","category-latinoamerica"],"_links":{"self":[{"href":"https:\/\/diarioelpopular.com\/index.php\/wp-json\/wp\/v2\/posts\/512742","targetHints":{"allow":["GET"]}}],"collection":[{"href":"https:\/\/diarioelpopular.com\/index.php\/wp-json\/wp\/v2\/posts"}],"about":[{"href":"https:\/\/diarioelpopular.com\/index.php\/wp-json\/wp\/v2\/types\/post"}],"author":[{"embeddable":true,"href":"https:\/\/diarioelpopular.com\/index.php\/wp-json\/wp\/v2\/users\/99"}],"replies":[{"embeddable":true,"href":"https:\/\/diarioelpopular.com\/index.php\/wp-json\/wp\/v2\/comments?post=512742"}],"version-history":[{"count":1,"href":"https:\/\/diarioelpopular.com\/index.php\/wp-json\/wp\/v2\/posts\/512742\/revisions"}],"predecessor-version":[{"id":512744,"href":"https:\/\/diarioelpopular.com\/index.php\/wp-json\/wp\/v2\/posts\/512742\/revisions\/512744"}],"wp:featuredmedia":[{"embeddable":true,"href":"https:\/\/diarioelpopular.com\/index.php\/wp-json\/wp\/v2\/media\/512743"}],"wp:attachment":[{"href":"https:\/\/diarioelpopular.com\/index.php\/wp-json\/wp\/v2\/media?parent=512742"}],"wp:term":[{"taxonomy":"category","embeddable":true,"href":"https:\/\/diarioelpopular.com\/index.php\/wp-json\/wp\/v2\/categories?post=512742"},{"taxonomy":"post_tag","embeddable":true,"href":"https:\/\/diarioelpopular.com\/index.php\/wp-json\/wp\/v2\/tags?post=512742"}],"curies":[{"name":"wp","href":"https:\/\/api.w.org\/{rel}","templated":true}]}}