{"id":512779,"date":"2023-09-12T09:59:12","date_gmt":"2023-09-12T13:59:12","guid":{"rendered":"https:\/\/diarioelpopular.com\/?p=512779"},"modified":"2023-09-12T09:59:12","modified_gmt":"2023-09-12T13:59:12","slug":"el-curioso-origen-de-la-palabra-idiota-y-por-que-hay-quienes-creen-que-valdria-la-pena-recuperarlo","status":"publish","type":"post","link":"https:\/\/diarioelpopular.com\/index.php\/2023\/09\/12\/el-curioso-origen-de-la-palabra-idiota-y-por-que-hay-quienes-creen-que-valdria-la-pena-recuperarlo\/","title":{"rendered":"El curioso origen de la palabra \u201cidiota\u201d (y por qu\u00e9 hay quienes creen que valdr\u00eda la pena recuperarlo)"},"content":{"rendered":"<p><img loading=\"lazy\" decoding=\"async\" class=\"alignnone size-custom-big-size wp-image-512780\" src=\"https:\/\/diarioelpopular.com\/wp-content\/uploads\/2023\/09\/Screen-Shot-2023-09-12-at-9.58.22-AM-1200x676.png\" alt=\"\" width=\"1200\" height=\"676\" srcset=\"https:\/\/diarioelpopular.com\/wp-content\/uploads\/2023\/09\/Screen-Shot-2023-09-12-at-9.58.22-AM-1200x676.png 1200w, https:\/\/diarioelpopular.com\/wp-content\/uploads\/2023\/09\/Screen-Shot-2023-09-12-at-9.58.22-AM-300x169.png 300w, https:\/\/diarioelpopular.com\/wp-content\/uploads\/2023\/09\/Screen-Shot-2023-09-12-at-9.58.22-AM-768x433.png 768w, https:\/\/diarioelpopular.com\/wp-content\/uploads\/2023\/09\/Screen-Shot-2023-09-12-at-9.58.22-AM-636x358.png 636w, https:\/\/diarioelpopular.com\/wp-content\/uploads\/2023\/09\/Screen-Shot-2023-09-12-at-9.58.22-AM-130x73.png 130w, https:\/\/diarioelpopular.com\/wp-content\/uploads\/2023\/09\/Screen-Shot-2023-09-12-at-9.58.22-AM.png 1024w\" sizes=\"auto, (max-width: 1200px) 100vw, 1200px\" \/><\/p>\n<div class=\"bbc-1ka88fa ebmt73l0\" dir=\"ltr\">\n<figure class=\"bbc-1qdcvv9 e1aczekt0\">\n<div class=\"bbc-172p16q ebmt73l0\" dir=\"ltr\">\n<div class=\"bbc-172p16q ebmt73l0\" dir=\"ltr\">\n<div class=\"bbc-3edg7g ebmt73l0\" dir=\"ltr\"><\/div>\n<\/div>\n<\/div><figcaption class=\"bbc-rhuvwm e6i104o0\" dir=\"ltr\">\n<h5><em>La palabra idiota, en griego.<\/em><\/h5>\n<\/figcaption><div class=\"bbc-172p16q ebmt73l0\" dir=\"ltr\">\n<div class=\"bbc-3edg7g ebmt73l0\" dir=\"ltr\"><\/div>\n<\/div>\n<\/figure>\n<\/div>\n<p>&nbsp;<\/p>\n<div class=\"bbc-19j92fr ebmt73l0\" dir=\"ltr\">\n<p class=\"bbc-hhl7in e17g058b0\" dir=\"ltr\">&#8220;<b><i class=\"bbc-h1y5j7 eih42320\">El peor analfabeto<\/i><\/b><\/p>\n<\/div>\n<div class=\"bbc-19j92fr ebmt73l0\" dir=\"ltr\">\n<p class=\"bbc-hhl7in e17g058b0\" dir=\"ltr\"><i class=\"bbc-h1y5j7 eih42320\">Es el analfabeto pol\u00edtico.<\/i><\/p>\n<\/div>\n<div class=\"bbc-19j92fr ebmt73l0\" dir=\"ltr\">\n<p class=\"bbc-hhl7in e17g058b0\" dir=\"ltr\"><i class=\"bbc-h1y5j7 eih42320\">\u00c9l no oye, no habla<\/i><\/p>\n<\/div>\n<div class=\"bbc-19j92fr ebmt73l0\" dir=\"ltr\">\n<p class=\"bbc-hhl7in e17g058b0\" dir=\"ltr\"><i class=\"bbc-h1y5j7 eih42320\">ni participa en los acontecimientos pol\u00edticos.<\/i><\/p>\n<\/div>\n<div class=\"bbc-19j92fr ebmt73l0\" dir=\"ltr\">\n<p class=\"bbc-hhl7in e17g058b0\" dir=\"ltr\"><i class=\"bbc-h1y5j7 eih42320\">el precio de los frijoles, del pescado,<\/i><\/p>\n<\/div>\n<div class=\"bbc-19j92fr ebmt73l0\" dir=\"ltr\">\n<p class=\"bbc-hhl7in e17g058b0\" dir=\"ltr\"><i class=\"bbc-h1y5j7 eih42320\">de la harina, del alquiler, del calzado<\/i><\/p>\n<\/div>\n<div class=\"bbc-19j92fr ebmt73l0\" dir=\"ltr\">\n<p class=\"bbc-hhl7in e17g058b0\" dir=\"ltr\"><i class=\"bbc-h1y5j7 eih42320\">y de las medicinas<\/i><\/p>\n<\/div>\n<div class=\"bbc-19j92fr ebmt73l0\" dir=\"ltr\">\n<p class=\"bbc-hhl7in e17g058b0\" dir=\"ltr\"><i class=\"bbc-h1y5j7 eih42320\">dependen de las decisiones pol\u00edticas&#8221;<\/i>.<\/p>\n<\/div>\n<div class=\"bbc-19j92fr ebmt73l0\" dir=\"ltr\">\n<p class=\"bbc-hhl7in e17g058b0\" dir=\"ltr\">Ese analfabeto pol\u00edtico del poema que se le atribuye al dramaturgo alem\u00e1n Bertolt Brecht es, en otras palabras,\u00a0un idiota, en su significado casi original.<\/p>\n<\/div>\n<div class=\"bbc-19j92fr ebmt73l0\" dir=\"ltr\">\n<p class=\"bbc-hhl7in e17g058b0\" dir=\"ltr\">La palabra &#8216;idiota&#8217; viene del griego \u1f30\u03b4\u03b9\u1f7d\u03c4\u03b7\u03c2\u00a0<i class=\"bbc-h1y5j7 eih42320\">idi\u1e53t\u0113s<\/i>\u00a0y originalmente no era un adjetivo irrespetuoso, despectivo ni insultante.<\/p>\n<\/div>\n<div class=\"bbc-19j92fr ebmt73l0\" dir=\"ltr\">\n<p class=\"bbc-hhl7in e17g058b0\" dir=\"ltr\">Tampoco ten\u00eda ninguna relaci\u00f3n con la inteligencia de la persona a la que se refer\u00eda.<\/p>\n<\/div>\n<div class=\"bbc-19j92fr ebmt73l0\" dir=\"ltr\">\n<p class=\"bbc-hhl7in e17g058b0\" dir=\"ltr\">Se usaba para referirse a alguien promedio o un ciudadano privado, a diferencia de un erudito o alguien que actuaba en nombre del Estado u ocupaba un cargo p\u00fablico.<\/p>\n<\/div>\n<div class=\"bbc-19j92fr ebmt73l0\" dir=\"ltr\">\n<p class=\"bbc-hhl7in e17g058b0\" dir=\"ltr\">Pero como los griegos valoraban mucho la participaci\u00f3n c\u00edvica, reconociendo que sin ella la democracia colapsaba, se esperaba que\u00a0todos los ciudadanos estuvieran interesados, y versados, \u200b\u200ben los asuntos p\u00fablicos. O sea, que no fuera idiotas.<\/p>\n<\/div>\n<div class=\"bbc-19j92fr ebmt73l0\" dir=\"ltr\">\n<p class=\"bbc-hhl7in e17g058b0\" dir=\"ltr\">Mantenerse al margen de la vida p\u00fablica era un signo de ignorancia, de falta de educaci\u00f3n, de desinformaci\u00f3n y de abandono del deber.<\/p>\n<\/div>\n<div class=\"bbc-19j92fr ebmt73l0\" dir=\"ltr\">\n<p class=\"bbc-hhl7in e17g058b0\" dir=\"ltr\">Quien no contribu\u00eda en los debates, declar\u00f3 Pericles, el gran estadista de Atenas, era considerado &#8220;no como falto de ambici\u00f3n sino como absolutamente in\u00fatil\u201d.<\/p>\n<\/div>\n<div class=\"bbc-19j92fr ebmt73l0\" dir=\"ltr\">\n<p class=\"bbc-hhl7in e17g058b0\" dir=\"ltr\">Es en ese contexto que, con el tiempo,\u00a0<i class=\"bbc-h1y5j7 eih42320\">idi\u1e53t\u0113s<\/i>\u00a0comenz\u00f3 a adquirir una connotaci\u00f3n negativa, y a transformarse en un t\u00e9rmino de reproche y desd\u00e9n.<\/p>\n<\/div>\n<div class=\"bbc-19j92fr ebmt73l0\" dir=\"ltr\">\n<p class=\"bbc-hhl7in e17g058b0\" dir=\"ltr\">Vivir s\u00f3lo una vida privada no era ser plenamente humano.<\/p>\n<\/div>\n<div class=\"bbc-19j92fr ebmt73l0\" dir=\"ltr\">\n<p class=\"bbc-hhl7in e17g058b0\" dir=\"ltr\">&#8220;Si la conducta y el discurso de un hombre dejaban de ser pol\u00edticos, se volv\u00edan idiotas: egoc\u00e9ntricos, indiferentes a las necesidades de su pr\u00f3jimo, inconsecuentes en s\u00ed mismos&#8221;, explica Christopher Berry en su libro &#8220;La idea de una comunidad democr\u00e1tica&#8221;.<\/p>\n<\/div>\n<div class=\"bbc-19j92fr ebmt73l0\" dir=\"ltr\">\n<p class=\"bbc-hhl7in e17g058b0\" dir=\"ltr\">Y esa clase de idiotez era quiz\u00e1s m\u00e1s grave\u00a0que la que result\u00f3 de la metamorfosis que hab\u00eda empezado y llevar\u00eda a la palabra a convertirse en lo que dice ahora la Real Academia:<\/p>\n<\/div>\n<div class=\"bbc-19j92fr ebmt73l0\" dir=\"ltr\">\n<p class=\"bbc-hhl7in e17g058b0\" dir=\"ltr\"><i class=\"bbc-h1y5j7 eih42320\">1. adj. Tonto o corto de entendimiento. U. t. c. s. U. t. c. insulto.<\/i><\/p>\n<\/div>\n<div class=\"bbc-19j92fr ebmt73l0\" dir=\"ltr\">\n<p class=\"bbc-hhl7in e17g058b0\" dir=\"ltr\"><i class=\"bbc-h1y5j7 eih42320\">2. adj. Engre\u00eddo sin fundamento para ello. U. t. c. s.<\/i><\/p>\n<\/div>\n<div class=\"bbc-19j92fr ebmt73l0\" dir=\"ltr\">\n<h2 id=\"De-la-pol\u00edtica-a-la-medicina\" class=\"bbc-1f03ibc eglt09e0\" tabindex=\"-1\">De la pol\u00edtica a la medicina<\/h2>\n<\/div>\n<div class=\"bbc-1ka88fa ebmt73l0\" dir=\"ltr\">\n<figure class=\"bbc-1qdcvv9 e1aczekt0\">\n<div class=\"bbc-172p16q ebmt73l0\" dir=\"ltr\">\n<div class=\"bbc-172p16q ebmt73l0\" dir=\"ltr\">\n<div class=\"bbc-189y18v ebmt73l0\" dir=\"ltr\">\n<div class=\"bbc-997y1y eihqrxw0\" data-e2e=\"image-placeholder\">\n<div class=\"lazyload-wrapper \"><img loading=\"lazy\" decoding=\"async\" class=\"e3vrtyk0 bbc-rb7xa0 e1mo64ex0\" src=\"https:\/\/ichef.bbci.co.uk\/news\/640\/cpsprodpb\/667a\/live\/cd979070-3b87-11ee-bde6-7ffba94c56ae.jpg\" sizes=\"auto, (min-width: 1008px) 760px, 100vw\" srcset=\"https:\/\/ichef.bbci.co.uk\/news\/240\/cpsprodpb\/667a\/live\/cd979070-3b87-11ee-bde6-7ffba94c56ae.jpg 240w, https:\/\/ichef.bbci.co.uk\/news\/320\/cpsprodpb\/667a\/live\/cd979070-3b87-11ee-bde6-7ffba94c56ae.jpg 320w, https:\/\/ichef.bbci.co.uk\/news\/480\/cpsprodpb\/667a\/live\/cd979070-3b87-11ee-bde6-7ffba94c56ae.jpg 480w, https:\/\/ichef.bbci.co.uk\/news\/624\/cpsprodpb\/667a\/live\/cd979070-3b87-11ee-bde6-7ffba94c56ae.jpg 624w, https:\/\/ichef.bbci.co.uk\/news\/800\/cpsprodpb\/667a\/live\/cd979070-3b87-11ee-bde6-7ffba94c56ae.jpg 800w\" alt=\"Acr\u00f3polis, Atenas\" width=\"2121\" height=\"1414\" \/><\/div>\n<\/div>\n<\/div>\n<\/div>\n<\/div><figcaption class=\"bbc-rhuvwm e6i104o0\" dir=\"ltr\">\n<h5><em>En la antigua Grecia, participar en pol\u00edtica era crucial.<\/em><\/h5>\n<\/figcaption>&nbsp;<\/p>\n<div class=\"bbc-172p16q ebmt73l0\" dir=\"ltr\">\n<div class=\"bbc-3edg7g ebmt73l0\" dir=\"ltr\"><\/div>\n<\/div>\n<\/figure>\n<\/div>\n<div class=\"bbc-19j92fr ebmt73l0\" dir=\"ltr\">\n<p class=\"bbc-hhl7in e17g058b0\" dir=\"ltr\">Tras transformarse en un t\u00e9rmino peyorativo para quien renunciaba a participar en la pol\u00edtica que le afectaba, fue pasando a ser uno que denominaba a\u00a0alguien ignorante, burdo y sin instrucci\u00f3n.<\/p>\n<\/div>\n<div class=\"bbc-19j92fr ebmt73l0\" dir=\"ltr\">\n<p class=\"bbc-hhl7in e17g058b0\" dir=\"ltr\">Con esa interpretaci\u00f3n, lleg\u00f3 en el siglo III al lat\u00edn, y de ah\u00ed a otras lenguas.<\/p>\n<\/div>\n<div class=\"bbc-19j92fr ebmt73l0\" dir=\"ltr\">\n<p class=\"bbc-hhl7in e17g058b0\" dir=\"ltr\">Aunque el significado pol\u00edtico sobrevivi\u00f3 durante un tiempo, a medida que la cultura y las tradiciones de la antigua Grecia quedaron atr\u00e1s, el nuevo significado lo reemplaz\u00f3.<\/p>\n<\/div>\n<div class=\"bbc-19j92fr ebmt73l0\" dir=\"ltr\">\n<p class=\"bbc-hhl7in e17g058b0\" dir=\"ltr\">Luego otro hecho lo aferrar\u00eda a\u00fan m\u00e1s al significado actual.<\/p>\n<\/div>\n<div class=\"bbc-19j92fr ebmt73l0\" dir=\"ltr\">\n<p class=\"bbc-hhl7in e17g058b0\" dir=\"ltr\">A principio del siglo XX, los psic\u00f3logos franceses Alfred Binet y Theodore Simon crearon\u00a0la primera prueba de inteligencia moderna, que calculaba el coeficiente intelectual en funci\u00f3n de si los ni\u00f1os pod\u00edan realizar tareas como se\u00f1alarse la nariz y contar centavos.<\/p>\n<\/div>\n<div class=\"bbc-19j92fr ebmt73l0\" dir=\"ltr\">\n<p class=\"bbc-hhl7in e17g058b0\" dir=\"ltr\">Los psic\u00f3logos se enamoraron tanto de la naturaleza cient\u00edfica de las pruebas que crearon sistemas de clasificaci\u00f3n.<\/p>\n<\/div>\n<div class=\"bbc-19j92fr ebmt73l0\" dir=\"ltr\">\n<p class=\"bbc-hhl7in e17g058b0\" dir=\"ltr\">Cualquiera con un coeficiente intelectual superior a 70 se consideraba &#8220;normal&#8221;, y con m\u00e1s de 130, &#8220;superdotado&#8221;.<\/p>\n<\/div>\n<div class=\"bbc-19j92fr ebmt73l0\" dir=\"ltr\">\n<p class=\"bbc-hhl7in e17g058b0\" dir=\"ltr\">Para tratar con personas con CI menor de 70, inventaron una nomenclatura.<\/p>\n<\/div>\n<div class=\"bbc-19j92fr ebmt73l0\" dir=\"ltr\">\n<p class=\"bbc-hhl7in e17g058b0\" dir=\"ltr\">Un adulto con una edad mental menor de 3 a\u00f1os fue etiquetado como\u00a0\u201cidiota\u201d; entre 3 y 7, de\u00a0\u201cimb\u00e9cil\u201d; y entre 7 y 10, de\u00a0\u201cd\u00e9bil mental\u201d.<\/p>\n<\/div>\n<div class=\"bbc-19j92fr ebmt73l0\" dir=\"ltr\">\n<p class=\"bbc-hhl7in e17g058b0\" dir=\"ltr\">&#8220;Idiota&#8221; se convirti\u00f3 entonces en un t\u00e9rmino t\u00e9cnico usado en contextos legales y psiqui\u00e1tricos.<\/p>\n<\/div>\n<div class=\"bbc-19j92fr ebmt73l0\" dir=\"ltr\">\n<p class=\"bbc-hhl7in e17g058b0\" dir=\"ltr\">Utilizar ese vocablo, as\u00ed como ocurri\u00f3 con el latino &#8216;imb\u00e9cil&#8217; para denominar grados de minusval\u00eda ps\u00edquica, llev\u00f3 a que acabara tambi\u00e9n siendo un insulto que hace referencia a las dotes mentales del insultado.<\/p>\n<\/div>\n<div class=\"bbc-19j92fr ebmt73l0\" dir=\"ltr\">\n<p class=\"bbc-hhl7in e17g058b0\" dir=\"ltr\">En algunas culturas, &#8220;idiota&#8221;, as\u00ed como &#8220;imb\u00e9cil&#8221;, se dej\u00f3 de usar en la medicina unas d\u00e9cadas m\u00e1s tarde por considerarse ofensivo.<\/p>\n<\/div>\n<div class=\"bbc-19j92fr ebmt73l0\" dir=\"ltr\">\n<p class=\"bbc-hhl7in e17g058b0\" dir=\"ltr\">En espa\u00f1ol, no obstante, idiotismo o idiocia sigue apareciendo en la RAE como el nombre de un tipo de discapacidad intelectual:<\/p>\n<\/div>\n<div class=\"bbc-19j92fr ebmt73l0\" dir=\"ltr\">\n<p class=\"bbc-hhl7in e17g058b0\" dir=\"ltr\"><i class=\"bbc-h1y5j7 eih42320\">1. f. Med. Trastorno caracterizado por una deficiencia muy profunda de las facultades mentales, cong\u00e9nita o adquirida en las primeras edades de la vida<\/i>.<\/p>\n<\/div>\n<div class=\"bbc-19j92fr ebmt73l0\" dir=\"ltr\">\n<p class=\"bbc-hhl7in e17g058b0\" dir=\"ltr\"><b>De ah\u00ed que un idiota tambi\u00e9n signifique&#8230;<\/b><\/p>\n<\/div>\n<div class=\"bbc-19j92fr ebmt73l0\" dir=\"ltr\">\n<p class=\"bbc-hhl7in e17g058b0\" dir=\"ltr\"><i class=\"bbc-h1y5j7 eih42320\">4. adj. Med. Que padece de idiocia. U. t. c. s<\/i>.<\/p>\n<\/div>\n<div class=\"bbc-19j92fr ebmt73l0\" dir=\"ltr\">\n<h2 id=\"Tres-vidas\" class=\"bbc-1f03ibc eglt09e0\" tabindex=\"-1\">Tres vidas<\/h2>\n<\/div>\n<div class=\"e18mih2h1 bbc-9m7iam ebmt73l0\" dir=\"ltr\">\n<div class=\"bbc-vx18wi ebmt73l0\" dir=\"ltr\">\n<div class=\"bbc-vx18wi ebmt73l0\" dir=\"ltr\">\n<div class=\"bbc-rprdln ebmt73l0\" dir=\"ltr\">\n<div class=\"bbc-997y1y eihqrxw0\" data-e2e=\"image-placeholder\">\n<div class=\"lazyload-wrapper \"><img loading=\"lazy\" decoding=\"async\" class=\"e3vrtyk0 bbc-rb7xa0 e1mo64ex0\" src=\"https:\/\/ichef.bbci.co.uk\/news\/640\/cpsprodpb\/8058\/live\/ff195ca0-3b87-11ee-bde6-7ffba94c56ae.jpg\" sizes=\"auto, (min-width: 1008px) 760px, 100vw\" srcset=\"https:\/\/ichef.bbci.co.uk\/news\/240\/cpsprodpb\/8058\/live\/ff195ca0-3b87-11ee-bde6-7ffba94c56ae.jpg 240w, https:\/\/ichef.bbci.co.uk\/news\/320\/cpsprodpb\/8058\/live\/ff195ca0-3b87-11ee-bde6-7ffba94c56ae.jpg 320w, https:\/\/ichef.bbci.co.uk\/news\/480\/cpsprodpb\/8058\/live\/ff195ca0-3b87-11ee-bde6-7ffba94c56ae.jpg 480w, https:\/\/ichef.bbci.co.uk\/news\/624\/cpsprodpb\/8058\/live\/ff195ca0-3b87-11ee-bde6-7ffba94c56ae.jpg 624w, https:\/\/ichef.bbci.co.uk\/news\/800\/cpsprodpb\/8058\/live\/ff195ca0-3b87-11ee-bde6-7ffba94c56ae.jpg 800w\" alt=\"Dibujo y texto escrito a mano por Dostoevsky\" width=\"976\" height=\"1227\" \/><\/div>\n<\/div>\n<\/div>\n<div class=\"bbc-3edg7g ebmt73l0\" dir=\"ltr\"><\/div>\n<\/div>\n<\/div>\n<h5 class=\"bbc-1qdcvv9 e1aczekt0\"><em>&#8220;El idiota&#8221; del autor ruso Fi\u00f3dor Dostoyevski era el pr\u00edncipe Myshkin, y lo llamaban as\u00ed por su humildad, honestidad y amabilidad en una sociedad de farsantes e intrigantes falsos. (Dibujo y texto escrito a mano por Dostoevsky).<\/em><\/h5>\n<div class=\"bbc-vx18wi ebmt73l0\" dir=\"ltr\">\n<div class=\"bbc-3edg7g ebmt73l0\" dir=\"ltr\"><\/div>\n<\/div>\n<\/div>\n<div class=\"bbc-19j92fr ebmt73l0\" dir=\"ltr\">\n<p dir=\"ltr\">\n<p dir=\"ltr\">\n<p class=\"bbc-hhl7in e17g058b0\" dir=\"ltr\">A pesar de tan deslucida historia, desde el siglo XIX ha habido pensadores que abogan por que se use la palabra m\u00e1s ampliamente, pero eso s\u00ed, recuperando su significado original.<\/p>\n<\/div>\n<div class=\"bbc-19j92fr ebmt73l0\" dir=\"ltr\">\n<p class=\"bbc-hhl7in e17g058b0\" dir=\"ltr\">Uno de ellos es Walter C. Parker, profesor em\u00e9rito de la Universidad de Washington, para quien esa antigua etimolog\u00eda puede ser una herramienta valiosa para una comprensi\u00f3n contempor\u00e1nea de la democracia y la ciudadan\u00eda.<\/p>\n<\/div>\n<div class=\"bbc-19j92fr ebmt73l0\" dir=\"ltr\">\n<p class=\"bbc-hhl7in e17g058b0\" dir=\"ltr\">Parker, que se dedica a la educaci\u00f3n c\u00edvica, le explic\u00f3 a BBC Mundo que su prop\u00f3sito es ayudar a los individuos en la transici\u00f3n de ese mundo privado de familia y parentesco al mundo p\u00fablico de gobierno, una transici\u00f3n crucial pues &#8220;en las democracias liberales es el pueblo el que gobierna&#8221;.<\/p>\n<\/div>\n<div class=\"bbc-19j92fr ebmt73l0\" dir=\"ltr\">\n<p class=\"bbc-hhl7in e17g058b0\" dir=\"ltr\">&#8220;En ese sentido, podemos volver a Arist\u00f3teles hace 2.000 a\u00f1os, a quien suelo citar cuando escribo sobre idiotez. Para \u00e9l, un idiota es aquel cuya vida privada es su \u00fanica preocupaci\u00f3n, alguien que no toma iniciativa en pol\u00edtica.e<\/p>\n<\/div>\n<div class=\"bbc-19j92fr ebmt73l0\" dir=\"ltr\">\n<p class=\"bbc-hhl7in e17g058b0\" dir=\"ltr\">&#8220;Son personas inmaduras, con un desarrollo truncado, que pueden tener una vida social, pero no una vida p\u00fablica.<\/p>\n<\/div>\n<div class=\"bbc-19j92fr ebmt73l0\" dir=\"ltr\">\n<p class=\"bbc-hhl7in e17g058b0\" dir=\"ltr\">&#8220;As\u00ed que\u00a0hay una vida privada, una social y vida p\u00fablica,y para ser un individuo floreciente y prosperar se necesitan las tres&#8221;.<\/p>\n<\/div>\n<div class=\"bbc-19j92fr ebmt73l0\" dir=\"ltr\">\n<p class=\"bbc-hhl7in e17g058b0\" dir=\"ltr\">Pero, \u00bfc\u00f3mo podemos distinguir entre social y p\u00fablico?<\/p>\n<\/div>\n<div class=\"bbc-19j92fr ebmt73l0\" dir=\"ltr\">\n<p class=\"bbc-hhl7in e17g058b0\" dir=\"ltr\">Para Parker, quien mejor lo ha pensado desde Arist\u00f3teles ha sido la historiadora y fil\u00f3sofa Hannah Arendt.<\/p>\n<\/div>\n<div class=\"bbc-19j92fr ebmt73l0\" dir=\"ltr\">\n<p class=\"bbc-hhl7in e17g058b0\" dir=\"ltr\">&#8220;B\u00e1sicamente dice que todos podemos tener una vida social -con nuestros amigos y familiares, redes sociales, trabajo, juego-, sin necesariamente tener una vida p\u00fablica.<\/p>\n<\/div>\n<div class=\"bbc-19j92fr ebmt73l0\" dir=\"ltr\">\n<p class=\"bbc-hhl7in e17g058b0\" dir=\"ltr\"><b>&#8220;Una vida p\u00fablica es una vida pol\u00edtica.<\/b><\/p>\n<\/div>\n<div class=\"bbc-19j92fr ebmt73l0\" dir=\"ltr\">\n<p class=\"bbc-hhl7in e17g058b0\" dir=\"ltr\">&#8220;El ideal de la democracia liberal es que nosotros, el pueblo, participemos, estableciendo el gobierno y creando las reglas seg\u00fan las cuales viviremos juntos sin desgarrarnos, y trataremos de defendernos del tipo de vida p\u00fablica que no queremos.<\/p>\n<\/div>\n<div class=\"bbc-19j92fr ebmt73l0\" dir=\"ltr\">\n<p class=\"bbc-hhl7in e17g058b0\" dir=\"ltr\">&#8220;Pero el idiota rechaza todo eso. Simplemente se entierra en su vida privada y en su vida social, con lo que arriesga que seamos gobernados por quienes menos deseamos&#8221;, como ya advert\u00eda en &#8220;La Rep\u00fablica&#8221; el fil\u00f3sofo ateniense Plat\u00f3n.<\/p>\n<\/div>\n<div class=\"bbc-19j92fr ebmt73l0\" dir=\"ltr\">\n<p class=\"bbc-hhl7in e17g058b0\" dir=\"ltr\">Por eso Parker quiere rescatar el significado original del t\u00e9rmino.<\/p>\n<\/div>\n<div class=\"bbc-19j92fr ebmt73l0\" dir=\"ltr\">\n<p class=\"bbc-hhl7in e17g058b0\" dir=\"ltr\">&#8220;Porque nos sirve para hablar de lo que significa desarrollar una voz pol\u00edtica&#8221;, dice.<\/p>\n<\/div>\n<div class=\"bbc-19j92fr ebmt73l0\" dir=\"ltr\">\n<h2 id=\"No-podemos-ser-idiotas\" class=\"bbc-1f03ibc eglt09e0\" tabindex=\"-1\">&#8220;No podemos ser idiotas&#8221;<\/h2>\n<\/div>\n<div class=\"bbc-1ka88fa ebmt73l0\" dir=\"ltr\">\n<figure class=\"bbc-1qdcvv9 e1aczekt0\">\n<div class=\"bbc-172p16q ebmt73l0\" dir=\"ltr\">\n<div class=\"bbc-172p16q ebmt73l0\" dir=\"ltr\">\n<div class=\"bbc-189y18v ebmt73l0\" dir=\"ltr\">\n<div class=\"bbc-997y1y eihqrxw0\" data-e2e=\"image-placeholder\">\n<div class=\"lazyload-wrapper \"><img loading=\"lazy\" decoding=\"async\" class=\"e3vrtyk0 bbc-rb7xa0 e1mo64ex0\" src=\"https:\/\/ichef.bbci.co.uk\/news\/640\/cpsprodpb\/65a9\/live\/4b27fa10-3b8e-11ee-98b8-0bd3975a82b5.jpg\" sizes=\"auto, (min-width: 1008px) 760px, 100vw\" srcset=\"https:\/\/ichef.bbci.co.uk\/news\/240\/cpsprodpb\/65a9\/live\/4b27fa10-3b8e-11ee-98b8-0bd3975a82b5.jpg 240w, https:\/\/ichef.bbci.co.uk\/news\/320\/cpsprodpb\/65a9\/live\/4b27fa10-3b8e-11ee-98b8-0bd3975a82b5.jpg 320w, https:\/\/ichef.bbci.co.uk\/news\/480\/cpsprodpb\/65a9\/live\/4b27fa10-3b8e-11ee-98b8-0bd3975a82b5.jpg 480w, https:\/\/ichef.bbci.co.uk\/news\/624\/cpsprodpb\/65a9\/live\/4b27fa10-3b8e-11ee-98b8-0bd3975a82b5.jpg 624w, https:\/\/ichef.bbci.co.uk\/news\/800\/cpsprodpb\/65a9\/live\/4b27fa10-3b8e-11ee-98b8-0bd3975a82b5.jpg 800w\" alt=\"Dos personas hablando \" width=\"2229\" height=\"1253\" \/><\/div>\n<\/div>\n<\/div>\n<\/div>\n<\/div><figcaption class=\"bbc-rhuvwm e6i104o0\" dir=\"ltr\">\n<h5><em>Es crucial expresar y escuchar opiniones pol\u00edticas.<\/em><\/h5>\n<\/figcaption>&nbsp;<\/p>\n<div class=\"bbc-172p16q ebmt73l0\" dir=\"ltr\">\n<div class=\"bbc-3edg7g ebmt73l0\" dir=\"ltr\"><\/div>\n<\/div>\n<\/figure>\n<\/div>\n<div class=\"bbc-19j92fr ebmt73l0\" dir=\"ltr\">\n<p class=\"bbc-hhl7in e17g058b0\" dir=\"ltr\">Todo comienza en la escuela, opina Parker.<\/p>\n<\/div>\n<div class=\"bbc-19j92fr ebmt73l0\" dir=\"ltr\">\n<p class=\"bbc-hhl7in e17g058b0\" dir=\"ltr\">&#8220;En la ense\u00f1anza, hay que promover el debate de temas p\u00fablicos controvertidos con otras personas, cuyas opiniones sean afines o no.<\/p>\n<\/div>\n<div class=\"bbc-19j92fr ebmt73l0\" dir=\"ltr\">\n<p class=\"bbc-hhl7in e17g058b0\" dir=\"ltr\">&#8220;Eso no importa.<\/p>\n<\/div>\n<div class=\"bbc-19j92fr ebmt73l0\" dir=\"ltr\">\n<p class=\"bbc-hhl7in e17g058b0\" dir=\"ltr\">&#8220;Que las opiniones de alguien te gusten o no es importante en la vida social, pero no en la p\u00fablica, en la que tenemos que conectarnos y relacionarnos y hablar y escuchar a otras personas sin importar si coinciden contigo.<\/p>\n<\/div>\n<div class=\"bbc-19j92fr ebmt73l0\" dir=\"ltr\">\n<p class=\"bbc-hhl7in e17g058b0\" dir=\"ltr\">&#8220;El prop\u00f3sito de la educaci\u00f3n c\u00edvica es apuntalar la democracia liberal, que est\u00e1 en peligro hoy d\u00eda en todo el mundo, incluso en Estados Unidos, como hemos visto con el trumpismo&#8221;, afirma el experto.<\/p>\n<\/div>\n<div class=\"bbc-19j92fr ebmt73l0\" dir=\"ltr\">\n<p class=\"bbc-hhl7in e17g058b0\" dir=\"ltr\">Ese intercambio de opiniones tan importante en las \u00faltimas d\u00e9cadas tiene a menudo lugar en las redes sociales, que sirven como espacio de discusi\u00f3n, pero pueden ser una caja de resonancia de mentiras e informaci\u00f3n destructiva para la sociedad democr\u00e1tica.<\/p>\n<\/div>\n<div class=\"bbc-19j92fr ebmt73l0\" dir=\"ltr\">\n<p class=\"bbc-hhl7in e17g058b0\" dir=\"ltr\">&#8220;Siempre existe el peligro de que el idiota lleve su idiotez a la esfera p\u00fablica, para usar los t\u00e9rminos que estamos usando en el contexto en el que estamos hablando&#8221;, explica Parker.<\/p>\n<\/div>\n<div class=\"bbc-19j92fr ebmt73l0\" dir=\"ltr\">\n<p class=\"bbc-hhl7in e17g058b0\" dir=\"ltr\">Pero algo tambi\u00e9n &#8220;terrible&#8221;, lamenta el acad\u00e9mico, es la indiferencia.<\/p>\n<\/div>\n<div class=\"bbc-19j92fr ebmt73l0\" dir=\"ltr\">\n<p class=\"bbc-hhl7in e17g058b0\" dir=\"ltr\">Se ha documentado que las nuevas (y ya no tan nuevas) generaciones no est\u00e1n interesadas en sucesos de actualidad.<\/p>\n<\/div>\n<div class=\"bbc-19j92fr ebmt73l0\" dir=\"ltr\">\n<p class=\"bbc-hhl7in e17g058b0\" dir=\"ltr\">A pesar de vivir en en mundo en el que m\u00e1s gente que nunca tiene los medios para acceder a la informaci\u00f3n, optan por no prestar atenci\u00f3n. Sencillamente no les importa.<\/p>\n<\/div>\n<div class=\"bbc-19j92fr ebmt73l0\" dir=\"ltr\">\n<p class=\"bbc-hhl7in e17g058b0\" dir=\"ltr\">&#8220;Efectivamente estamos recibiendo cada vez m\u00e1s investigaciones que muestran que\u00a0los j\u00f3venes tienen una vida privada y social activa, pero no una vida p\u00fablica.<\/p>\n<\/div>\n<div class=\"bbc-19j92fr ebmt73l0\" dir=\"ltr\">\n<p class=\"bbc-hhl7in e17g058b0\" dir=\"ltr\">&#8220;Y eso es un semillero muy peligroso para la demagogia&#8221;, explica.<\/p>\n<p dir=\"ltr\">\n<\/div>\n<div class=\"bbc-1ka88fa ebmt73l0\" dir=\"ltr\">\n<figure class=\"bbc-1qdcvv9 e1aczekt0\">\n<div class=\"bbc-172p16q ebmt73l0\" dir=\"ltr\">\n<div class=\"bbc-172p16q ebmt73l0\" dir=\"ltr\">\n<div class=\"bbc-189y18v ebmt73l0\" dir=\"ltr\">\n<div class=\"bbc-997y1y eihqrxw0\" data-e2e=\"image-placeholder\">\n<div class=\"lazyload-wrapper \"><img loading=\"lazy\" decoding=\"async\" class=\"e3vrtyk0 bbc-rb7xa0 e1mo64ex0\" src=\"https:\/\/ichef.bbci.co.uk\/news\/640\/cpsprodpb\/3121\/live\/090c4d20-3b8e-11ee-98b8-0bd3975a82b5.jpg\" sizes=\"auto, (min-width: 1008px) 760px, 100vw\" srcset=\"https:\/\/ichef.bbci.co.uk\/news\/240\/cpsprodpb\/3121\/live\/090c4d20-3b8e-11ee-98b8-0bd3975a82b5.jpg 240w, https:\/\/ichef.bbci.co.uk\/news\/320\/cpsprodpb\/3121\/live\/090c4d20-3b8e-11ee-98b8-0bd3975a82b5.jpg 320w, https:\/\/ichef.bbci.co.uk\/news\/480\/cpsprodpb\/3121\/live\/090c4d20-3b8e-11ee-98b8-0bd3975a82b5.jpg 480w, https:\/\/ichef.bbci.co.uk\/news\/624\/cpsprodpb\/3121\/live\/090c4d20-3b8e-11ee-98b8-0bd3975a82b5.jpg 624w, https:\/\/ichef.bbci.co.uk\/news\/800\/cpsprodpb\/3121\/live\/090c4d20-3b8e-11ee-98b8-0bd3975a82b5.jpg 800w\" alt=\"Ilustraci\u00f3n de dictador\" width=\"1985\" height=\"1117\" \/><\/div>\n<\/div>\n<\/div>\n<\/div>\n<\/div><figcaption class=\"bbc-rhuvwm e6i104o0\" dir=\"ltr\">\n<h5><em>Arist\u00f3teles argumentaba que la demagogia puede llevar a la elecci\u00f3n de dem\u00f3cratas que terminan convertidos en tiranos.<\/em><\/h5>\n<\/figcaption>&nbsp;<\/p>\n<div class=\"bbc-172p16q ebmt73l0\" dir=\"ltr\">\n<div class=\"bbc-3edg7g ebmt73l0\" dir=\"ltr\"><\/div>\n<\/div>\n<\/figure>\n<\/div>\n<div class=\"bbc-19j92fr ebmt73l0\" dir=\"ltr\">\n<p class=\"bbc-hhl7in e17g058b0\" dir=\"ltr\">Ahora: exaltar la vida p\u00fablica no va en detrimento de las dos otras esferas, aclara Parker.<\/p>\n<\/div>\n<div class=\"bbc-19j92fr ebmt73l0\" dir=\"ltr\">\n<p class=\"bbc-hhl7in e17g058b0\" dir=\"ltr\">&#8220;El objetivo de reclamar el t\u00e9rmino idiotez no es negar o descartar de ninguna manera la importancia de la vida privada o social, que son tan cruciales para nuestro florecimiento como seres humanos.<\/p>\n<\/div>\n<div class=\"bbc-19j92fr ebmt73l0\" dir=\"ltr\">\n<p class=\"bbc-hhl7in e17g058b0\" dir=\"ltr\">&#8220;Ah\u00ed es donde existe nuestra familia, nuestros amigos y nuestro trabajo.<\/p>\n<\/div>\n<div class=\"bbc-19j92fr ebmt73l0\" dir=\"ltr\">\n<p class=\"bbc-hhl7in e17g058b0\" dir=\"ltr\">&#8220;Pero la persona p\u00fablica es el eslab\u00f3n perdido, si se quiere, para hacer posible que vivamos juntos en sociedad con nuestras diferencias intactas&#8221;.<\/p>\n<\/div>\n<div class=\"bbc-19j92fr ebmt73l0\" dir=\"ltr\">\n<p class=\"bbc-hhl7in e17g058b0\" dir=\"ltr\">Es en esa vida p\u00fablica, se\u00f1ala, donde aprendamos a tratar con a extra\u00f1os con diferentes ideolog\u00edas en diferentes culturas.<\/p>\n<\/div>\n<div class=\"bbc-19j92fr ebmt73l0\" dir=\"ltr\">\n<p class=\"bbc-hhl7in e17g058b0\" dir=\"ltr\">&#8220;El prop\u00f3sito es elaborar un\u00a0<i class=\"bbc-h1y5j7 eih42320\">modus vivendi<\/i>, del lat\u00edn, una forma de vivir que nos permita prosperar juntos sin matarnos unos a otros.<\/p>\n<\/div>\n<div class=\"bbc-19j92fr ebmt73l0\" dir=\"ltr\">\n<p class=\"bbc-hhl7in e17g058b0\" dir=\"ltr\">&#8220;Tenemos que cultivar el yo p\u00fablico y, para lograrlo, no podemos ser idiotas&#8221;.<\/p>\n<\/div>\n","protected":false},"excerpt":{"rendered":"<p>La palabra idiota, en griego. &nbsp; &#8220;El peor analfabeto Es el analfabeto pol\u00edtico. \u00c9l no oye, no habla ni participa en los acontecimientos pol\u00edticos. el&hellip;<\/p>\n","protected":false},"author":99,"featured_media":512780,"comment_status":"open","ping_status":"open","sticky":false,"template":"","format":"standard","meta":{"footnotes":""},"categories":[24],"tags":[],"class_list":["post-512779","post","type-post","status-publish","format-standard","has-post-thumbnail","hentry","category-mundo"],"_links":{"self":[{"href":"https:\/\/diarioelpopular.com\/index.php\/wp-json\/wp\/v2\/posts\/512779","targetHints":{"allow":["GET"]}}],"collection":[{"href":"https:\/\/diarioelpopular.com\/index.php\/wp-json\/wp\/v2\/posts"}],"about":[{"href":"https:\/\/diarioelpopular.com\/index.php\/wp-json\/wp\/v2\/types\/post"}],"author":[{"embeddable":true,"href":"https:\/\/diarioelpopular.com\/index.php\/wp-json\/wp\/v2\/users\/99"}],"replies":[{"embeddable":true,"href":"https:\/\/diarioelpopular.com\/index.php\/wp-json\/wp\/v2\/comments?post=512779"}],"version-history":[{"count":1,"href":"https:\/\/diarioelpopular.com\/index.php\/wp-json\/wp\/v2\/posts\/512779\/revisions"}],"predecessor-version":[{"id":512781,"href":"https:\/\/diarioelpopular.com\/index.php\/wp-json\/wp\/v2\/posts\/512779\/revisions\/512781"}],"wp:featuredmedia":[{"embeddable":true,"href":"https:\/\/diarioelpopular.com\/index.php\/wp-json\/wp\/v2\/media\/512780"}],"wp:attachment":[{"href":"https:\/\/diarioelpopular.com\/index.php\/wp-json\/wp\/v2\/media?parent=512779"}],"wp:term":[{"taxonomy":"category","embeddable":true,"href":"https:\/\/diarioelpopular.com\/index.php\/wp-json\/wp\/v2\/categories?post=512779"},{"taxonomy":"post_tag","embeddable":true,"href":"https:\/\/diarioelpopular.com\/index.php\/wp-json\/wp\/v2\/tags?post=512779"}],"curies":[{"name":"wp","href":"https:\/\/api.w.org\/{rel}","templated":true}]}}