{"id":512944,"date":"2023-09-19T10:16:25","date_gmt":"2023-09-19T14:16:25","guid":{"rendered":"https:\/\/diarioelpopular.com\/?p=512944"},"modified":"2023-09-19T10:16:25","modified_gmt":"2023-09-19T14:16:25","slug":"la-aspiracion-democratica-para-una-revolucion-espiritual","status":"publish","type":"post","link":"https:\/\/diarioelpopular.com\/index.php\/2023\/09\/19\/la-aspiracion-democratica-para-una-revolucion-espiritual\/","title":{"rendered":"LA ASPIRACI\u00d3N DEMOCR\u00c1TICA,\u00a0  PARA UNA REVOLUCI\u00d3N ESPIRITUAL"},"content":{"rendered":"<p class=\"p4\"><b><i>\u201cTenemos una misi\u00f3n encomendada para llevarla a buen t\u00e9rmino, que no es otra que la reconciliaci\u00f3n entre s\u00ed, lo que conlleva la paz en la tierra, de la que estamos tan necesitados actualmente\u201d.<span class=\"Apple-converted-space\">\u00a0<\/span><\/i><\/b><\/p>\n<p class=\"p6\"><b><i>=============================<\/i><\/b><\/p>\n<p class=\"p6\"><b><i>V\u00edctor CORCOBA HERRERO\/ Escritor<\/i><\/b><\/p>\n<p class=\"p6\"><b><i>corcoba@telefonica.net <\/i><\/b><\/p>\n<p class=\"p6\"><b>=============================<\/b><span class=\"Apple-converted-space\">\u00a0<\/span><\/p>\n<p class=\"p8\">El esp\u00edritu democr\u00e1tico se ha de concentrar en el respeto a los derechos humanos y se debe centrar en las personas. En este sentido, una buena gobernanza est\u00e1 pendiente de todos y necesita de la virtud, fortaleciendo las instituciones, supervisando y rindiendo cuentas en toda ocasi\u00f3n. Ciertamente, el momento presente no ayuda, reconocemos las numerosas amenazas a las que nos enfrentamos en tiempos tan tensos y turbulentos; pero, aunque haya presiones diversas que constri\u00f1an el espacio c\u00edvico, siempre nos queda el sue\u00f1o de convencer y de vencer con el di\u00e1logo, cimentado en la humildad. Sin duda, tenemos que evitar la furia de nuestros interiores, como ciudadanos de bien, para que no se levanten muros de resentimiento y odio.<span class=\"Apple-converted-space\">\u00a0<\/span><\/p>\n<p class=\"p8\">En verdad, sabemos que la coyuntura no es f\u00e1cil. Son muchas y variadas, las contempor\u00e1neas divisiones dram\u00e1ticas del mundo. Por eso, nos interesa el camino del acercamiento, la aclaraci\u00f3n de situaciones, sobre todo para hacer las paces y cultivar la aspiraci\u00f3n democr\u00e1tica, fase de nuestra propia historia humana, encaminada a transitar arm\u00f3nicamente y con iguales posibilidades. La violencia brutal, el empeoramiento de la pobreza, la ausencia de implicaci\u00f3n de los Estados sociales y democr\u00e1ticos de derecho, nos est\u00e1n dejando sin esperanza, lo que nos exige reconquistar continuamente, tanto el fervor por la libertad como por la dignidad humana. Quiz\u00e1s sea necesario recordar que el fundamento de la decencia es algo innato que nos trasciende hacia ese esp\u00edritu humanista, que nos aproxima. <span class=\"Apple-converted-space\">\u00a0<\/span><\/p>\n<p class=\"p8\">Hoy m\u00e1s que nunca, necesitamos sustentarnos en la aspiraci\u00f3n democr\u00e1tica de construir puentes de entendimiento, un ideal universalmente reconocido y uno de los valores y principios fundamentales de las Naciones Unidas. Los humanos tenemos que aprender a sentirnos familia, a luchar contra ese legado de esclavitudes que todav\u00eda persisten a trav\u00e9s de la desigualdad y los sistemas penitenciarios opresivos. Por cierto, en la independencia de la prensa es donde radica la base sobre la que se apoyan la democracia y la justicia. Crear opini\u00f3n e interpretar al poder con la evidencia, concurre a conciliar los \u00e1nimos y a fomentar el an\u00e1lisis entre los pueblos, cuyas energ\u00edas f\u00edsicas, morales y espirituales suelen ser disipadas en demasiadas ocasiones por la crueldad y la destrucci\u00f3n.<span class=\"Apple-converted-space\">\u00a0<\/span><\/p>\n<p class=\"p9\">La desinformaci\u00f3n o la informaci\u00f3n tergiversada nos envenena, polariza a las comunidades y erosiona la cordialidad en los organismos democr\u00e1ticos. Olvidamos, para desgracia de todos, que el derecho a la vida es fundamento de la autonom\u00eda y del v\u00ednculo fraterno. Reconstruir, en consecuencia, una cultura de la vida resulta especialmente urgente. Por otra parte, todas las gentes tienen el derecho a vivir y a hacerlo con plena nobleza. De lo contrario, la tranquilidad no existir\u00e1 ni tampoco la proclama de ilusionar a la pr\u00f3xima generaci\u00f3n. Instalarse en la indiferencia es inmoral. Debe sobrecogernos, el creciente n\u00famero de muertes de migrantes y refugiados, en una \u00e9poca en que los estragos de todo tipo, obligan a dejar sus hogares.<span class=\"Apple-converted-space\">\u00a0<\/span><\/p>\n<p class=\"p8\">Indudablemente, tenemos una misi\u00f3n encomendada para llevarla a buen t\u00e9rmino, que no es otra que la reconciliaci\u00f3n entre s\u00ed, lo que conlleva la paz en la tierra, de la que estamos tan necesitados actualmente. Las pol\u00edticas de divisi\u00f3n, sustentadas en la falsedad y en el veneno del odio, as\u00ed como las de distracci\u00f3n y entretenimiento que generan confusi\u00f3n a m\u00e1s no poder y riadas de desconciertos sin cesar, aparte de que impidan tomar medidas en conjunto ante el choque permanente entre pa\u00edses, dificulta entenderse para hablar de quietud en un orbe sumamente enfrentado. Tan solo una nueva consciencia de la rectitud del ser humano y de sus derechos inalienables, nos reconducir\u00e1 hacia ese bien com\u00fan universal y hacia un nuevo orden moral internacional.<span class=\"Apple-converted-space\">\u00a0<\/span><\/p>\n<p class=\"p8\">Las pol\u00edticas de ahora han de volverse m\u00e1s po\u00e9ticas, o si quieren, con menos intereses mundanos. Todo est\u00e1 en relaci\u00f3n, lo que requiere un fuerte grado de honestidad en los movimientos, en la imparcialidad de los sistemas jur\u00eddicos y en la transparencia de los procedimientos democr\u00e1ticos. Bajo estas premisas, tambi\u00e9n se requiere un buen talante y una n\u00edtida disposici\u00f3n para resolver las controversias con medios pac\u00edficos. Desde luego, hay que tener voluntad para llegar a los acuerdos y ser constructivos en el quehacer de cada aurora. Bajo este paraguas, si que podremos educar para la concordia, mediante el obrar de una espiritualidad que fomente la rec\u00edproca comprensi\u00f3n.<span class=\"Apple-converted-space\">\u00a0 <\/span>\u00a1Ojal\u00e1 encontremos el camino y nos reencontremos arm\u00f3nicamente latiendo unidos!<span class=\"Apple-converted-space\">\u00a0<\/span><\/p>\n<p class=\"p10\"><b>V\u00edctor CORCOBA HERRERO\/ Escritor<\/b><\/p>\n<p class=\"p10\"><b><span class=\"Apple-converted-space\">\u00a0<\/span>HYPERLINK &#8220;mailto:corcoba@telefonica.net&#8221; <\/b><span class=\"s4\"><b>corcoba@telefonica.net<\/b><\/span><\/p>\n<p class=\"p10\"><b>15 de septiembre de 2023.-<\/b><\/p>\n","protected":false},"excerpt":{"rendered":"<p>\u201cTenemos una misi\u00f3n encomendada para llevarla a buen t\u00e9rmino, que no es otra que la reconciliaci\u00f3n entre s\u00ed, lo que conlleva la paz en la&hellip;<\/p>\n","protected":false},"author":99,"featured_media":0,"comment_status":"open","ping_status":"open","sticky":false,"template":"","format":"standard","meta":{"footnotes":""},"categories":[11353,81],"tags":[],"class_list":["post-512944","post","type-post","status-publish","format-standard","hentry","category-algo-mas-que-palabras","category-columnistas"],"_links":{"self":[{"href":"https:\/\/diarioelpopular.com\/index.php\/wp-json\/wp\/v2\/posts\/512944","targetHints":{"allow":["GET"]}}],"collection":[{"href":"https:\/\/diarioelpopular.com\/index.php\/wp-json\/wp\/v2\/posts"}],"about":[{"href":"https:\/\/diarioelpopular.com\/index.php\/wp-json\/wp\/v2\/types\/post"}],"author":[{"embeddable":true,"href":"https:\/\/diarioelpopular.com\/index.php\/wp-json\/wp\/v2\/users\/99"}],"replies":[{"embeddable":true,"href":"https:\/\/diarioelpopular.com\/index.php\/wp-json\/wp\/v2\/comments?post=512944"}],"version-history":[{"count":1,"href":"https:\/\/diarioelpopular.com\/index.php\/wp-json\/wp\/v2\/posts\/512944\/revisions"}],"predecessor-version":[{"id":512945,"href":"https:\/\/diarioelpopular.com\/index.php\/wp-json\/wp\/v2\/posts\/512944\/revisions\/512945"}],"wp:attachment":[{"href":"https:\/\/diarioelpopular.com\/index.php\/wp-json\/wp\/v2\/media?parent=512944"}],"wp:term":[{"taxonomy":"category","embeddable":true,"href":"https:\/\/diarioelpopular.com\/index.php\/wp-json\/wp\/v2\/categories?post=512944"},{"taxonomy":"post_tag","embeddable":true,"href":"https:\/\/diarioelpopular.com\/index.php\/wp-json\/wp\/v2\/tags?post=512944"}],"curies":[{"name":"wp","href":"https:\/\/api.w.org\/{rel}","templated":true}]}}