{"id":512966,"date":"2023-09-20T11:33:44","date_gmt":"2023-09-20T15:33:44","guid":{"rendered":"https:\/\/diarioelpopular.com\/?p=512966"},"modified":"2023-09-20T11:33:44","modified_gmt":"2023-09-20T15:33:44","slug":"quienes-son-los-sijes-y-otras-4-claves-sobre-el-asesinato-de-un-lider-religioso-que-enfrenta-a-canada-e-india","status":"publish","type":"post","link":"https:\/\/diarioelpopular.com\/index.php\/2023\/09\/20\/quienes-son-los-sijes-y-otras-4-claves-sobre-el-asesinato-de-un-lider-religioso-que-enfrenta-a-canada-e-india\/","title":{"rendered":"Qui\u00e9nes son los sijes y otras 4 claves sobre el asesinato de un l\u00edder religioso que enfrenta a Canad\u00e1 e India"},"content":{"rendered":"<p><img loading=\"lazy\" decoding=\"async\" class=\"alignnone size-custom-big-size wp-image-512967\" src=\"https:\/\/diarioelpopular.com\/wp-content\/uploads\/2023\/09\/Screen-Shot-2023-09-20-at-11.33.01-AM-1200x673.png\" alt=\"\" width=\"1200\" height=\"673\" srcset=\"https:\/\/diarioelpopular.com\/wp-content\/uploads\/2023\/09\/Screen-Shot-2023-09-20-at-11.33.01-AM-1200x673.png 1200w, https:\/\/diarioelpopular.com\/wp-content\/uploads\/2023\/09\/Screen-Shot-2023-09-20-at-11.33.01-AM-300x168.png 300w, https:\/\/diarioelpopular.com\/wp-content\/uploads\/2023\/09\/Screen-Shot-2023-09-20-at-11.33.01-AM-768x431.png 768w, https:\/\/diarioelpopular.com\/wp-content\/uploads\/2023\/09\/Screen-Shot-2023-09-20-at-11.33.01-AM-636x357.png 636w, https:\/\/diarioelpopular.com\/wp-content\/uploads\/2023\/09\/Screen-Shot-2023-09-20-at-11.33.01-AM-130x73.png 130w, https:\/\/diarioelpopular.com\/wp-content\/uploads\/2023\/09\/Screen-Shot-2023-09-20-at-11.33.01-AM.png 1024w\" sizes=\"auto, (max-width: 1200px) 100vw, 1200px\" \/><\/p>\n<h5><em>El Templo Dorado, ubicado en la ciudad de Amritsar, es el lugar m\u00e1s sagrado para los sijes.<\/em><\/h5>\n<p>&nbsp;<\/p>\n<p>&nbsp;<\/p>\n<div class=\"bbc-19j92fr ebmt73l0\" dir=\"ltr\">\n<p class=\"bbc-hhl7in e17g058b0\" dir=\"ltr\"><em><b>-El asesinato de un prominente l\u00edder religioso sij que reivindicaba la creaci\u00f3n de una naci\u00f3n separada para los sijes en India provoc\u00f3 un choque diplom\u00e1tico entre esos dos pa\u00edses.<\/b><\/em><\/p>\n<p dir=\"ltr\">\n<\/div>\n<div class=\"bbc-19j92fr ebmt73l0\" dir=\"ltr\">\n<p class=\"bbc-hhl7in e17g058b0\" dir=\"ltr\">El primer ministro,\u00a0Justin Trudeau, afirm\u00f3 el lunes que hay \u201cacusaciones cre\u00edbles que podr\u00edan vincular\u201d al Estado indio con el asesinato, a lo cual India respondi\u00f3 calificando dichas acusaciones como \u201cabsurdas\u201d<\/p>\n<\/div>\n<div class=\"bbc-19j92fr ebmt73l0\" dir=\"ltr\">\n<p class=\"bbc-hhl7in e17g058b0\" dir=\"ltr\">Se trata de una larga controversia alrededor de una comunidad religiosa que se calcula que tiene unos 25 millones de fieles.<\/p>\n<\/div>\n<div class=\"bbc-19j92fr ebmt73l0\" dir=\"ltr\">\n<p class=\"bbc-hhl7in e17g058b0\" dir=\"ltr\">Estas son seis claves para entenderla:<\/p>\n<\/div>\n<section class=\"bbc-geybui\" role=\"region\" aria-label=\"Publicidad 2\" aria-hidden=\"true\" data-e2e=\"advertisement\"><\/section>\n<div class=\"bbc-19j92fr ebmt73l0\" dir=\"ltr\">\n<h2 id=\"Qui\u00e9nes-son-los-sijes-\" class=\"bbc-1f03ibc eglt09e0\" tabindex=\"-1\">\u00bfQui\u00e9nes son los sijes?<\/h2>\n<\/div>\n<div class=\"bbc-19j92fr ebmt73l0\" dir=\"ltr\">\n<p class=\"bbc-hhl7in e17g058b0\" dir=\"ltr\">El sijismo es una de las principales religiones del mundo.<\/p>\n<\/div>\n<div class=\"bbc-1n4f7vm ebmt73l0\" dir=\"ltr\"><\/div>\n<div class=\"bbc-19j92fr ebmt73l0\" dir=\"ltr\">\n<p class=\"bbc-hhl7in e17g058b0\" dir=\"ltr\">Fue fundada en el siglo XVI en el Punyab,\u00a0una regi\u00f3n que qued\u00f3 dividida entre India y Pakist\u00e1n tras el fin del dominio brit\u00e1nico en 1947.<\/p>\n<\/div>\n<div class=\"bbc-19j92fr ebmt73l0\" dir=\"ltr\">\n<p class=\"bbc-hhl7in e17g058b0\" dir=\"ltr\">Es el quinto grupo religioso con m\u00e1s devotos.<\/p>\n<\/div>\n<div class=\"bbc-19j92fr ebmt73l0\" dir=\"ltr\">\n<p class=\"bbc-hhl7in e17g058b0\" dir=\"ltr\">La gran mayor\u00eda vive en la India. Pero tambi\u00e9n existen importantes poblaciones en la di\u00e1spora.<\/p>\n<\/div>\n<div class=\"bbc-19j92fr ebmt73l0\" dir=\"ltr\">\n<p class=\"bbc-hhl7in e17g058b0\" dir=\"ltr\">Canad\u00e1 alberga la mayor poblaci\u00f3n fuera de la India, con unos 780.000 sijes, mientras que en Estados Unidos viven unos 500.000 y en el Reino Unido otros 500.000.<\/p>\n<p dir=\"ltr\">\n<\/div>\n<figure class=\"bbc-1qn0xuy\">\n<div class=\"bbc-18qcclp\"><picture><img loading=\"lazy\" decoding=\"async\" class=\"bbc-1uwua2r\" src=\"https:\/\/ichef.bbci.co.uk\/news\/640\/cpsprodpb\/58b1\/live\/31193030-5718-11ee-aa2a-cd42aad9d9a6.jpg\" sizes=\"auto, (min-width: 1008px) 760px, 100vw\" srcset=\"https:\/\/ichef.bbci.co.uk\/news\/240\/cpsprodpb\/58b1\/live\/31193030-5718-11ee-aa2a-cd42aad9d9a6.jpg 240w, https:\/\/ichef.bbci.co.uk\/news\/320\/cpsprodpb\/58b1\/live\/31193030-5718-11ee-aa2a-cd42aad9d9a6.jpg 320w, https:\/\/ichef.bbci.co.uk\/news\/480\/cpsprodpb\/58b1\/live\/31193030-5718-11ee-aa2a-cd42aad9d9a6.jpg 480w, https:\/\/ichef.bbci.co.uk\/news\/624\/cpsprodpb\/58b1\/live\/31193030-5718-11ee-aa2a-cd42aad9d9a6.jpg 624w, https:\/\/ichef.bbci.co.uk\/news\/800\/cpsprodpb\/58b1\/live\/31193030-5718-11ee-aa2a-cd42aad9d9a6.jpg 800w\" alt=\"Sijes\" width=\"1331\" height=\"748\" \/><\/picture><\/div><figcaption class=\"bbc-847f6b e6i104o0\" dir=\"ltr\">\n<h5><em>Una procesi\u00f3n religiosa sij con motivo del aniversario de su libro sagrado, el &#8216;Guru Granth Sahib&#8217;.<\/em><\/h5>\n<\/figcaption><\/figure>\n<p>&nbsp;<\/p>\n<p>&nbsp;<\/p>\n<div class=\"bbc-19j92fr ebmt73l0\" dir=\"ltr\">\n<h2 id=\"Por-qu\u00e9-algunos-sijes-piden-una-naci\u00f3n-separada-\" class=\"bbc-1f03ibc eglt09e0\" tabindex=\"-1\">\u00bfPor qu\u00e9 algunos sijes piden una naci\u00f3n separada?<\/h2>\n<\/div>\n<div class=\"bbc-19j92fr ebmt73l0\" dir=\"ltr\">\n<p class=\"bbc-hhl7in e17g058b0\" dir=\"ltr\">Algunos sijes reclaman la creaci\u00f3n de un pa\u00eds independiente para ellos, la Rep\u00fablica de Jalist\u00e1n.<\/p>\n<\/div>\n<div class=\"bbc-19j92fr ebmt73l0\" dir=\"ltr\">\n<p class=\"bbc-hhl7in e17g058b0\" dir=\"ltr\">El movimiento separatista tuvo su apogeo en la d\u00e9cada de 1980, cuando el estado indio de Punyab, que es de mayoritariamente sij, sufri\u00f3 una serie de ataques violentos y miles de muertes.<\/p>\n<\/div>\n<div class=\"bbc-19j92fr ebmt73l0\" dir=\"ltr\">\n<p class=\"bbc-hhl7in e17g058b0\" dir=\"ltr\">Pero perdi\u00f3 fuerza despu\u00e9s de que las fuerzas armadas indias llevaran a cabo operaciones especiales contra el mismo.<\/p>\n<\/div>\n<div class=\"bbc-19j92fr ebmt73l0\" dir=\"ltr\">\n<p class=\"bbc-hhl7in e17g058b0\" dir=\"ltr\">Seg\u00fan la profesora Shruti Kapila, de la Universidad de Cambridge, actualmente la discusi\u00f3n pol\u00edtica en el Punyab se ha alejado de los reclamos de independencia.<\/p>\n<\/div>\n<div class=\"bbc-19j92fr ebmt73l0\" dir=\"ltr\">\n<p class=\"bbc-hhl7in e17g058b0\" dir=\"ltr\">Sin embargo, muchos sijes de la di\u00e1spora siguen abogando por un Estado separado.<\/p>\n<p dir=\"ltr\">\n<\/div>\n<figure class=\"bbc-1qn0xuy\">\n<div class=\"bbc-18qcclp\"><picture><img loading=\"lazy\" decoding=\"async\" class=\"bbc-1uwua2r\" src=\"https:\/\/ichef.bbci.co.uk\/news\/640\/cpsprodpb\/924a\/live\/9b710110-5718-11ee-a938-efbbc9da0451.jpg\" sizes=\"auto, (min-width: 1008px) 760px, 100vw\" srcset=\"https:\/\/ichef.bbci.co.uk\/news\/240\/cpsprodpb\/924a\/live\/9b710110-5718-11ee-a938-efbbc9da0451.jpg 240w, https:\/\/ichef.bbci.co.uk\/news\/320\/cpsprodpb\/924a\/live\/9b710110-5718-11ee-a938-efbbc9da0451.jpg 320w, https:\/\/ichef.bbci.co.uk\/news\/480\/cpsprodpb\/924a\/live\/9b710110-5718-11ee-a938-efbbc9da0451.jpg 480w, https:\/\/ichef.bbci.co.uk\/news\/624\/cpsprodpb\/924a\/live\/9b710110-5718-11ee-a938-efbbc9da0451.jpg 624w, https:\/\/ichef.bbci.co.uk\/news\/800\/cpsprodpb\/924a\/live\/9b710110-5718-11ee-a938-efbbc9da0451.jpg 800w\" alt=\"Sijes en Canad\u00e1\" width=\"2048\" height=\"1152\" \/><\/picture><\/div><figcaption class=\"bbc-847f6b e6i104o0\" dir=\"ltr\">\n<h5><em>Sijes separatistas se manifiestan frente al consulado indio en Toronto.<\/em><\/h5>\n<\/figcaption><\/figure>\n<p>&nbsp;<\/p>\n<p>&nbsp;<\/p>\n<div class=\"bbc-19j92fr ebmt73l0\" dir=\"ltr\">\n<h2 id=\"Cu\u00e1l-es-la-posici\u00f3n-del-gobierno-indio-\" class=\"bbc-1f03ibc eglt09e0\" tabindex=\"-1\">\u00bfCu\u00e1l es la posici\u00f3n del gobierno indio?<\/h2>\n<\/div>\n<div class=\"bbc-19j92fr ebmt73l0\" dir=\"ltr\">\n<p class=\"bbc-hhl7in e17g058b0\" dir=\"ltr\">India se ha opuesto firmemente al movimiento separatista. Todos los partidos pol\u00edticos mayoritarios, incluidos los del Punyab, lo han rechazado.<\/p>\n<\/div>\n<div class=\"bbc-19j92fr ebmt73l0\" dir=\"ltr\">\n<p class=\"bbc-hhl7in e17g058b0\" dir=\"ltr\">En el pasado, las tensiones entre el separatismo sij y el gobierno de India fueron tales que resultaron en\u00a0dos de los incidentes m\u00e1s controvertidos de la historia moderna de la India: el asalto al Templo Dorado y el asesinato de Indira Gandhi.<\/p>\n<\/div>\n<div class=\"bbc-19j92fr ebmt73l0\" dir=\"ltr\">\n<p class=\"bbc-hhl7in e17g058b0\" dir=\"ltr\">En 1984, el Ej\u00e9rcito de India asalt\u00f3 ese templo, que es el lugar sagrado m\u00e1s importante para los sijes, y expuls\u00f3 a los militantes separatistas que se refugiaban ah\u00ed.<\/p>\n<\/div>\n<div class=\"bbc-19j92fr ebmt73l0\" dir=\"ltr\">\n<p class=\"bbc-hhl7in e17g058b0\" dir=\"ltr\">La operaci\u00f3n, ordenada por la entonces primera ministra Indira Gandhi, caus\u00f3 muchas muertes y da\u00f1os considerables al Templo Dorado.<\/p>\n<\/div>\n<div class=\"bbc-19j92fr ebmt73l0\" dir=\"ltr\">\n<p class=\"bbc-hhl7in e17g058b0\" dir=\"ltr\">Unos meses despu\u00e9s de la operaci\u00f3n, Gandhi fue asesinada en venganza por dos de sus guardaespaldas sijes, lo que provoc\u00f3 cuatro d\u00edas de disturbios violentos.<\/p>\n<\/div>\n<div class=\"bbc-19j92fr ebmt73l0\" dir=\"ltr\">\n<p class=\"bbc-hhl7in e17g058b0\" dir=\"ltr\">Miles de personas murieron, la mayor\u00eda de ellas sijes. Las estimaciones oscilan entre los 3.000 y los 17.000 muertos.<\/p>\n<\/div>\n<div class=\"bbc-19j92fr ebmt73l0\" dir=\"ltr\">\n<p class=\"bbc-hhl7in e17g058b0\" dir=\"ltr\">Jalist\u00e1n es una l\u00ednea roja para India porque las cicatrices de esa violencia a\u00fan est\u00e1n frescas.<\/p>\n<\/div>\n<div class=\"bbc-19j92fr ebmt73l0\" dir=\"ltr\">\n<h2 id=\"Qui\u00e9n-era-el-l\u00edder-asesinado-\" class=\"bbc-1f03ibc eglt09e0\" tabindex=\"-1\">\u00bfQui\u00e9n era el l\u00edder asesinado?<\/h2>\n<\/div>\n<figure class=\"bbc-1qn0xuy\">\n<div class=\"bbc-18qcclp\"><picture><img loading=\"lazy\" decoding=\"async\" class=\"bbc-1uwua2r\" src=\"https:\/\/ichef.bbci.co.uk\/news\/640\/cpsprodpb\/508f\/live\/11ae8fc0-5735-11ee-a938-efbbc9da0451.jpg\" sizes=\"auto, (min-width: 1008px) 760px, 100vw\" srcset=\"https:\/\/ichef.bbci.co.uk\/news\/240\/cpsprodpb\/508f\/live\/11ae8fc0-5735-11ee-a938-efbbc9da0451.jpg 240w, https:\/\/ichef.bbci.co.uk\/news\/320\/cpsprodpb\/508f\/live\/11ae8fc0-5735-11ee-a938-efbbc9da0451.jpg 320w, https:\/\/ichef.bbci.co.uk\/news\/480\/cpsprodpb\/508f\/live\/11ae8fc0-5735-11ee-a938-efbbc9da0451.jpg 480w, https:\/\/ichef.bbci.co.uk\/news\/624\/cpsprodpb\/508f\/live\/11ae8fc0-5735-11ee-a938-efbbc9da0451.jpg 624w, https:\/\/ichef.bbci.co.uk\/news\/800\/cpsprodpb\/508f\/live\/11ae8fc0-5735-11ee-a938-efbbc9da0451.jpg 800w\" alt=\"Hardeep Singh Nijjar\" width=\"976\" height=\"549\" \/><\/picture><\/div><figcaption class=\"bbc-847f6b e6i104o0\" dir=\"ltr\">\n<h5><em>Hardeep Singh Nijjar fue asesinado el pasado 18 de junio cuando sal\u00eda de un templo en British Columbia.<\/em><\/h5>\n<\/figcaption><\/figure>\n<div class=\"bbc-19j92fr ebmt73l0\" dir=\"ltr\">\n<p class=\"bbc-hhl7in e17g058b0\" dir=\"ltr\">Se llamaba Hardeep Singh Nijjar y ten\u00eda 45 a\u00f1os de edad. Era ciudadano canadiense y fue asesinado a tiros frente a un templo sij el 18 de junio en la provincia canadiense de Columbia Brit\u00e1nica.<\/p>\n<\/div>\n<div class=\"bbc-19j92fr ebmt73l0\" dir=\"ltr\">\n<p class=\"bbc-hhl7in e17g058b0\" dir=\"ltr\">Naci\u00f3 en el pueblo de Bharsinghpur, en la regi\u00f3n de Punyab, y se mud\u00f3 a Canad\u00e1 en 1997.<\/p>\n<\/div>\n<div class=\"bbc-19j92fr ebmt73l0\" dir=\"ltr\">\n<p class=\"bbc-hhl7in e17g058b0\" dir=\"ltr\">Trabaj\u00f3 como plomero y, luego, se convirti\u00f3 en un destacado l\u00edder sij.<\/p>\n<\/div>\n<div class=\"bbc-19j92fr ebmt73l0\" dir=\"ltr\">\n<p class=\"bbc-hhl7in e17g058b0\" dir=\"ltr\">El gobierno de India lo design\u00f3 como terrorista en 2020, por presuntos v\u00ednculos con Khalistan Tiger Force, un brazo armado del movimiento independentista, que opera en el estado indio de Punyab.<\/p>\n<\/div>\n<div class=\"bbc-19j92fr ebmt73l0\" dir=\"ltr\">\n<p class=\"bbc-hhl7in e17g058b0\" dir=\"ltr\">Sus seguidores calificaron estas acusaciones de \u201cinfundadas\u201d y afirmaron que hab\u00eda sido objeto de amenazas en el pasado por su activismo.<\/p>\n<\/div>\n<div class=\"bbc-19j92fr ebmt73l0\" dir=\"ltr\">\n<p class=\"bbc-hhl7in e17g058b0\" dir=\"ltr\">Seg\u00fan medios de comunicaci\u00f3n indios, en el momento de su muerte estaba trabajando en la organizaci\u00f3n de un refer\u00e9ndum no oficial en India con miras a la creaci\u00f3n de un Estado sij independiente.<\/p>\n<\/div>\n<div class=\"bbc-19j92fr ebmt73l0\" dir=\"ltr\">\n<p class=\"bbc-hhl7in e17g058b0\" dir=\"ltr\">Nijjar es la tercera figura sij prominente que ha muerto inesperadamente en los \u00faltimos meses.<\/p>\n<\/div>\n<div class=\"bbc-19j92fr ebmt73l0\" dir=\"ltr\">\n<h2 id=\"C\u00f3mo-afecta-esto-las-relaciones-entre-India-y-Canad\u00e1-\" class=\"bbc-1f03ibc eglt09e0\" tabindex=\"-1\">\u00bfC\u00f3mo afecta esto las relaciones entre India y Canad\u00e1?<\/h2>\n<\/div>\n<figure class=\"bbc-1qn0xuy\">\n<div class=\"bbc-18qcclp\"><picture><img loading=\"lazy\" decoding=\"async\" class=\"bbc-1uwua2r\" src=\"https:\/\/ichef.bbci.co.uk\/news\/640\/cpsprodpb\/752d\/live\/44dbf9d0-5719-11ee-93bf-c758a853042c.jpg\" sizes=\"auto, (min-width: 1008px) 760px, 100vw\" srcset=\"https:\/\/ichef.bbci.co.uk\/news\/240\/cpsprodpb\/752d\/live\/44dbf9d0-5719-11ee-93bf-c758a853042c.jpg 240w, https:\/\/ichef.bbci.co.uk\/news\/320\/cpsprodpb\/752d\/live\/44dbf9d0-5719-11ee-93bf-c758a853042c.jpg 320w, https:\/\/ichef.bbci.co.uk\/news\/480\/cpsprodpb\/752d\/live\/44dbf9d0-5719-11ee-93bf-c758a853042c.jpg 480w, https:\/\/ichef.bbci.co.uk\/news\/624\/cpsprodpb\/752d\/live\/44dbf9d0-5719-11ee-93bf-c758a853042c.jpg 624w, https:\/\/ichef.bbci.co.uk\/news\/800\/cpsprodpb\/752d\/live\/44dbf9d0-5719-11ee-93bf-c758a853042c.jpg 800w\" alt=\"Justin Trudeau y Narendra Modi\" width=\"2048\" height=\"1152\" \/><\/picture><\/div><figcaption class=\"bbc-847f6b e6i104o0\" dir=\"ltr\">\n<h5><em>El primer ministro, Justin Trudeau, y el primer ministro indio, Narendra Modi, en Nueva Delhi en 2018.<\/em><\/h5>\n<\/figcaption><\/figure>\n<p>&nbsp;<\/p>\n<p>&nbsp;<\/p>\n<div class=\"bbc-19j92fr ebmt73l0\" dir=\"ltr\">\n<p class=\"bbc-hhl7in e17g058b0\" dir=\"ltr\">India ha venido ejerciendo una presi\u00f3n creciente sobre los gobiernos de pa\u00edses con poblaciones sij importantes como Canad\u00e1 y\u00a0ha dicho abiertamente que no combatir lo que llama \u201cextremismo sij\u201d ser\u00eda un obst\u00e1culo para las buenas relaciones.<\/p>\n<\/div>\n<div class=\"bbc-19j92fr ebmt73l0\" dir=\"ltr\">\n<p class=\"bbc-hhl7in e17g058b0\" dir=\"ltr\">Por eso, las acusaciones de Trudeau han agriado las relaciones con India.<\/p>\n<\/div>\n<div class=\"bbc-19j92fr ebmt73l0\" dir=\"ltr\">\n<p class=\"bbc-hhl7in e17g058b0\" dir=\"ltr\">\u201cCon su alianza pol\u00edtica con los sijes radicales de Canad\u00e1, ha puesto cada vez m\u00e1s tensos los lazos bilaterales\u201d, dijo el destacado comentarista indio Bhrama Chellaney.<\/p>\n<\/div>\n<div class=\"bbc-19j92fr ebmt73l0\" dir=\"ltr\">\n<p class=\"bbc-hhl7in e17g058b0\" dir=\"ltr\">Hace apenas unos meses, los pa\u00edses avanzaban hacia la firma de un acuerdo de libre comercio. Ahora, las conversaciones est\u00e1n en pausa y se ha pospuesto una inminente misi\u00f3n comercial canadiense a India.<\/p>\n<\/div>\n<div class=\"bbc-19j92fr ebmt73l0\" dir=\"ltr\">\n<p class=\"bbc-hhl7in e17g058b0\" dir=\"ltr\">Adem\u00e1s del reciente desacuerdo por el asesinato del l\u00edder sij, la reuni\u00f3n de Trudeu con su hom\u00f3logo indio, Narendra Modi, en la cumbre del G20 fue descrita como \u201chelada\u201d.<\/p>\n<\/div>\n<div class=\"bbc-19j92fr ebmt73l0\" dir=\"ltr\">\n<p class=\"bbc-hhl7in e17g058b0\" dir=\"ltr\">Tras la misma, en una declaraci\u00f3n tajante, el gobierno indio manifest\u00f3 su \u201cfuerte preocupaci\u00f3n por las continuas actividades anti-India de elementos extremistas en Canad\u00e1\u201d, refiri\u00e9ndose al activismo separatista sij en ese pa\u00eds.<\/p>\n<\/div>\n<div class=\"bbc-19j92fr ebmt73l0\" dir=\"ltr\">\n<p class=\"bbc-hhl7in e17g058b0\" dir=\"ltr\">Canad\u00e1 e India mantienen fuertes lazos comerciales, ambos son miembros de la Mancomunidad de Naciones (Commonwealth of Nations) y son dos de las mayores econom\u00edas del planeta.<\/p>\n<\/div>\n<div class=\"bbc-19j92fr ebmt73l0\" dir=\"ltr\">\n<p class=\"bbc-hhl7in e17g058b0\" dir=\"ltr\">As\u00ed que, claramente, hay mucho en juego para ambos pa\u00edses.<\/p>\n<\/div>\n","protected":false},"excerpt":{"rendered":"<p>El Templo Dorado, ubicado en la ciudad de Amritsar, es el lugar m\u00e1s sagrado para los sijes. &nbsp; &nbsp; -El asesinato de un prominente l\u00edder&hellip;<\/p>\n","protected":false},"author":99,"featured_media":512967,"comment_status":"open","ping_status":"open","sticky":false,"template":"","format":"standard","meta":{"footnotes":""},"categories":[24],"tags":[],"class_list":["post-512966","post","type-post","status-publish","format-standard","has-post-thumbnail","hentry","category-mundo"],"_links":{"self":[{"href":"https:\/\/diarioelpopular.com\/index.php\/wp-json\/wp\/v2\/posts\/512966","targetHints":{"allow":["GET"]}}],"collection":[{"href":"https:\/\/diarioelpopular.com\/index.php\/wp-json\/wp\/v2\/posts"}],"about":[{"href":"https:\/\/diarioelpopular.com\/index.php\/wp-json\/wp\/v2\/types\/post"}],"author":[{"embeddable":true,"href":"https:\/\/diarioelpopular.com\/index.php\/wp-json\/wp\/v2\/users\/99"}],"replies":[{"embeddable":true,"href":"https:\/\/diarioelpopular.com\/index.php\/wp-json\/wp\/v2\/comments?post=512966"}],"version-history":[{"count":1,"href":"https:\/\/diarioelpopular.com\/index.php\/wp-json\/wp\/v2\/posts\/512966\/revisions"}],"predecessor-version":[{"id":512968,"href":"https:\/\/diarioelpopular.com\/index.php\/wp-json\/wp\/v2\/posts\/512966\/revisions\/512968"}],"wp:featuredmedia":[{"embeddable":true,"href":"https:\/\/diarioelpopular.com\/index.php\/wp-json\/wp\/v2\/media\/512967"}],"wp:attachment":[{"href":"https:\/\/diarioelpopular.com\/index.php\/wp-json\/wp\/v2\/media?parent=512966"}],"wp:term":[{"taxonomy":"category","embeddable":true,"href":"https:\/\/diarioelpopular.com\/index.php\/wp-json\/wp\/v2\/categories?post=512966"},{"taxonomy":"post_tag","embeddable":true,"href":"https:\/\/diarioelpopular.com\/index.php\/wp-json\/wp\/v2\/tags?post=512966"}],"curies":[{"name":"wp","href":"https:\/\/api.w.org\/{rel}","templated":true}]}}