{"id":513202,"date":"2023-09-29T10:17:19","date_gmt":"2023-09-29T14:17:19","guid":{"rendered":"https:\/\/diarioelpopular.com\/?p=513202"},"modified":"2023-09-29T10:17:19","modified_gmt":"2023-09-29T14:17:19","slug":"alimentarse-de-suenos-para-no-envejecer-es-buena-terapia","status":"publish","type":"post","link":"https:\/\/diarioelpopular.com\/index.php\/2023\/09\/29\/alimentarse-de-suenos-para-no-envejecer-es-buena-terapia\/","title":{"rendered":"ALIMENTARSE DE SUE\u00d1OS, PARA NO ENVEJECER,  ES BUENA TERAPIA"},"content":{"rendered":"<p class=\"p4\"><span class=\"s3\"><b><span class=\"Apple-converted-space\">\u00a0<\/span><\/b><\/span><b><i>\u201cLo trascendente est\u00e1 en compartir, en cooperar y en colaborar en el hacer, para que nadie se sienta una carga in\u00fatil y, lo que es peor, llegue a desear y pedir la muerte\u201d.<span class=\"Apple-converted-space\">\u00a0<\/span><\/i><\/b><\/p>\n<p class=\"p5\"><b><i>=============================<\/i><\/b><\/p>\n<p class=\"p5\"><b><i>V\u00edctor CORCOBA HERRERO\/ Escritor<\/i><\/b><\/p>\n<p class=\"p5\"><b><i>corcoba@telefonica.net <\/i><\/b><\/p>\n<p class=\"p5\"><b>=============================<\/b><span class=\"Apple-converted-space\">\u00a0<\/span><\/p>\n<p class=\"p7\">Puede que envejecer sea un asunto ineludible e irreversible, pero no necesariamente negativo. Todo tiene sus anversos y reversos. Lo significativo est\u00e1 en que nosotros no acortemos el entusiasmo existencial, crucific\u00e1ndonos a diario y olvidemos vivir, hacer familia y renovarnos. Para empezar, somos seres vivos, y como tales, necesitamos alentarnos y alimentarnos de anhelos, para poder rejuvenecernos cada d\u00eda. Ciertamente, con cada amanecer despertamos, sabiendo que lo mejor est\u00e1 a\u00fan por llegar.<span class=\"Apple-converted-space\">\u00a0<\/span><\/p>\n<p class=\"p7\">Lo importante radica en no desfallecer, en reinventarse como sociedad para todas las edades, con la esperanza de que unidos, mejoraremos la visi\u00f3n del ciclo vital y las correspondencias entre generaciones. Desde luego, con una duraci\u00f3n m\u00e1s larga deben acrecentarse las posibilidades, ya no s\u00f3lo para las personas mayores y sus hogares, sino tambi\u00e9n para la humanidad en su conjunto. Somos ciudadanos del mundo, con un fondo de humanidad que est\u00e1 internamente en todos, lo que hace que nada pueda resultarnos extra\u00f1o.<span class=\"Apple-converted-space\">\u00a0<\/span><\/p>\n<p class=\"p7\">Es evidente que hay que superar los estereotipos sociales, no marginar a nadie y aprender a convivir complement\u00e1ndose unos con otros, como agentes de proyectos compartidos. De ah\u00ed, la influencia formativa centrada en el ser, que es lo que verdaderamente nos hace apreciar la savia en todas sus fases, tanto abri\u00e9ndonos a las posibilidades como poniendo l\u00edmites. Al fin y al cabo, lo trascendente est\u00e1 en compartir, en cooperar y en colaborar en el hacer, para que nadie se sienta una carga in\u00fatil y, lo que es peor, llegue a desear y pedir la muerte.<span class=\"Apple-converted-space\">\u00a0<\/span><\/p>\n<p class=\"p7\">Resulta p\u00fablico y notorio, observar que nada nos envejece con m\u00e1s rapidez que el pensar incesantemente en que nos llega el ocaso; y, con ello, la p\u00e9rdida del esplendor. Pues no debe ser as\u00ed. A veces, olvidamos para desgracia nuestra, que los andares se cuentan por sonrisas, no por apenados pasos ni por l\u00e1grimas. Cualquier etapa de nuestra historia debe considerarse de manera positiva, si cabe a\u00fan m\u00e1s en la ancianidad, en la que la persona es particularmente vulnerable, v\u00edctima de la fragilidad humana.<span class=\"Apple-converted-space\">\u00a0<\/span><\/p>\n<p class=\"p7\">Comprender el envejecimiento nos ayudar\u00e1 a entendernos y a embellecernos mar adentro. Quiz\u00e1s nuestra gran tarea pendiente sea rejuvenecer el esp\u00edritu, en un tiempo en el que la mirada se torna libre y la vista serena. Activar los encuentros e impulsar los v\u00ednculos como una escuela de amor es saludable. Hoy m\u00e1s que nunca, tenemos que aprender de las generaciones mayores, salir del aislamiento, sumar las fuerzas para favorecer, sostener y sustentar el entusiasmo por vivir, desvivi\u00e9ndonos unos por otros con la ayuda, la prevenci\u00f3n del miedo y del rechazo.<span class=\"Apple-converted-space\">\u00a0<\/span><\/p>\n<p class=\"p7\">Nos precisamos mutuamente. Los a\u00f1os adicionales nos brindan la oportunidad del tiempo, del que tantas veces andamos escasos, para llevar a buen t\u00e9rmino nuevas actividades, ya no solo formativas, sino tambi\u00e9n de recreo y de realizaci\u00f3n. Los cultivos abandonados hay que protegerlos y asistirlos de coraz\u00f3n. En cualquier caso, y bajo este peregrinar por aqu\u00ed abajo, jam\u00e1s hay que dejarse atrapar por la tristeza. Recibir la gracia de una vida larga, debe hacernos repensar todav\u00eda m\u00e1s, para profundizar en la relaci\u00f3n entre latidos diversos.<span class=\"Apple-converted-space\">\u00a0<\/span><\/p>\n<p class=\"p7\">Precisamente, es bajo este contexto, como se crece uno m\u00e1s y se recrea, al sentirse y verse m\u00e1s alma que cuerpo. Esto es vital, ya que nadie puede vivir solo y sin acompa\u00f1amiento. Bajo esta corona de sabidur\u00eda y de voluntades, que injerta la edad, todo se hace m\u00e1s humanitario y m\u00e1s ternura nos inspiran los individuos en particular. La huella de nuestro paso, va a quedar para siempre sobre el camino, a la espera de encauzar la est\u00e9tica sembrada con la \u00e9tica vertida.<\/p>\n<p class=\"p7\">Sin duda, con buena salud y en un entorno propicio, los humanos debemos afrontar la problem\u00e1tica de la longevidad y liberar su potencial. Ellos, nuestros mayores, son un manantial excepcional de experiencias, que hemos de requerirles, para que se sientan activos, puedan participar plenamente y aporten contribuciones esenciales. Comencemos, pues, por cumplir las promesas de la Declaraci\u00f3n Universal de los Derechos Humanos para las personas mayores: entre todas las generaciones. \u00a1Hag\u00e1moslo ahora mismo; qu\u00e9 nunca es tarde para unir y reunirse!<\/p>\n<p class=\"p10\"><b>V\u00edctor CORCOBA HERRERO\/ Escritor<\/b><\/p>\n<p class=\"p10\"><b><span class=\"Apple-converted-space\">\u00a0<\/span>HYPERLINK &#8220;mailto:corcoba@telefonica.net&#8221; <\/b><span class=\"s4\"><b>corcoba@telefonica.net<\/b><\/span><\/p>\n<p class=\"p10\"><b>29 de septiembre de 2023.-<\/b><\/p>\n","protected":false},"excerpt":{"rendered":"<p>\u00a0\u201cLo trascendente est\u00e1 en compartir, en cooperar y en colaborar en el hacer, para que nadie se sienta una carga in\u00fatil y, lo que es&hellip;<\/p>\n","protected":false},"author":99,"featured_media":0,"comment_status":"open","ping_status":"open","sticky":false,"template":"","format":"standard","meta":{"footnotes":""},"categories":[11353,81],"tags":[],"class_list":["post-513202","post","type-post","status-publish","format-standard","hentry","category-algo-mas-que-palabras","category-columnistas"],"_links":{"self":[{"href":"https:\/\/diarioelpopular.com\/index.php\/wp-json\/wp\/v2\/posts\/513202","targetHints":{"allow":["GET"]}}],"collection":[{"href":"https:\/\/diarioelpopular.com\/index.php\/wp-json\/wp\/v2\/posts"}],"about":[{"href":"https:\/\/diarioelpopular.com\/index.php\/wp-json\/wp\/v2\/types\/post"}],"author":[{"embeddable":true,"href":"https:\/\/diarioelpopular.com\/index.php\/wp-json\/wp\/v2\/users\/99"}],"replies":[{"embeddable":true,"href":"https:\/\/diarioelpopular.com\/index.php\/wp-json\/wp\/v2\/comments?post=513202"}],"version-history":[{"count":1,"href":"https:\/\/diarioelpopular.com\/index.php\/wp-json\/wp\/v2\/posts\/513202\/revisions"}],"predecessor-version":[{"id":513203,"href":"https:\/\/diarioelpopular.com\/index.php\/wp-json\/wp\/v2\/posts\/513202\/revisions\/513203"}],"wp:attachment":[{"href":"https:\/\/diarioelpopular.com\/index.php\/wp-json\/wp\/v2\/media?parent=513202"}],"wp:term":[{"taxonomy":"category","embeddable":true,"href":"https:\/\/diarioelpopular.com\/index.php\/wp-json\/wp\/v2\/categories?post=513202"},{"taxonomy":"post_tag","embeddable":true,"href":"https:\/\/diarioelpopular.com\/index.php\/wp-json\/wp\/v2\/tags?post=513202"}],"curies":[{"name":"wp","href":"https:\/\/api.w.org\/{rel}","templated":true}]}}