{"id":513300,"date":"2023-10-05T10:06:19","date_gmt":"2023-10-05T14:06:19","guid":{"rendered":"https:\/\/diarioelpopular.com\/?p=513300"},"modified":"2023-10-05T10:06:19","modified_gmt":"2023-10-05T14:06:19","slug":"el-docente-hundido-y-la-educacion-en-estado-de-emergencia","status":"publish","type":"post","link":"https:\/\/diarioelpopular.com\/index.php\/2023\/10\/05\/el-docente-hundido-y-la-educacion-en-estado-de-emergencia\/","title":{"rendered":"EL DOCENTE HUNDIDO\u00a0  Y LA EDUCACI\u00d3N EN ESTADO DE EMERGENCIA"},"content":{"rendered":"<p class=\"p4\"><b><i>\u201cLo primordial no es atesorar titulaciones, sino templar el alma y juntar corazones para regar los desiertos\u201d.<span class=\"Apple-converted-space\">\u00a0<\/span><\/i><\/b><\/p>\n<p class=\"p5\"><b><i>=============================<\/i><\/b><\/p>\n<p class=\"p5\"><b><i>V\u00edctor CORCOBA HERRERO\/ Escritor<\/i><\/b><\/p>\n<p class=\"p5\"><b><i>corcoba@telefonica.net <\/i><\/b><\/p>\n<p class=\"p5\"><b>=============================<\/b><span class=\"Apple-converted-space\">\u00a0<\/span><\/p>\n<p class=\"p7\">El mundo tiene que trabajar unido y, para conseguirlo, no hay otro modo que formar personas responsables y maduras, capaces de reconstruir el tejido de las relaciones, con una humanidad menos dividida y m\u00e1s fraterna. Lo cruel de este escenario, es que los docentes suelen ser incomprendidos y, por ende, la educaci\u00f3n no levanta vuelos para retomar otros cielos m\u00e1s claros y humanos. Desde luego, un aprendizaje integrador y no excluyente, que universalice, contribuir\u00e1 a cimentar futuros sostenibles, invitando el encuentro. De ah\u00ed, el valor del tutor, en un momento de tantas dificultades. La pobreza, la riada de discriminaciones, el esp\u00edritu de la indiferencia, el cambio clim\u00e1tico y la multitud de contiendas, est\u00e1n impidiendo el avance de millones de criaturas. Para desgracia de toda la humanidad, la formaci\u00f3n prosigue floreciendo desigual entre la poblaci\u00f3n mundial globalizada, incapaz de sustentarse en los v\u00ednculos del entendimiento y de sostenerse en su objetivo, en parte porque todav\u00eda no se valora a la familia ni tampoco se trabaja por dignificar la profesi\u00f3n pedag\u00f3gica. Resulta aborrecible, por tanto, esa avaricia espiritual que llevan consigo los que sabiendo algo, no participan de su sabidur\u00eda para otros modos de actuaci\u00f3n.<span class=\"Apple-converted-space\">\u00a0<\/span><\/p>\n<p class=\"p7\">Capacitar a los profesores es vital para poder progresar en un orbe en continuo movimiento, comenzando por aumentar la motivaci\u00f3n de personas cualificadas. Educar no es \u00fanicamente transmitir contenidos, es formar en actitudes y ponernos en disposici\u00f3n de ser ciudadanos de bien, gentes de palabra y vida. Personalmente, pienso, que deber\u00edamos reconsiderar modos y maneras de vivir, lo que nos exige otro adiestramiento muy distinto al actual. No olvidemos que tan importante como el juicio de las cosas, es el conocimiento de uno mismo, el aprendizaje del coraz\u00f3n y el de las manos extendidas es fundamental, al menos para que la continuidad del linaje se consolide. Tampoco podemos centrarnos en el cuerpo tan solo, hay que profundizar en el esp\u00edritu. Se trata de hacer y deshacer lo que uno siente y forja, o lo que uno piensa y vive. Lo dif\u00edcil es dar lecci\u00f3n a quien no quiere aprender a reprenderse, es como sembrar en un campo sin labrarlo. La acci\u00f3n es muy complicada, ya que uno no sabe ni qu\u00e9 ense\u00f1ar, porque duda de todo; ni c\u00f3mo hacerlo, porque nadie le sigue; ni a quien preparar, porque nadie quiere estudiar ni aprender a estar y ser. La necedad suele gobernarnos, en un cosmos con pocos liderazgos mundiales.<\/p>\n<p class=\"p7\">La clave del mentor no reside tanto en guiar, como en despertar libremente cada mirada, desde el presente al futuro. Propiciar actos de esperanza es una bella tarea, para que los impulsos que nos separan confluyan en nuevas vibraciones, que fomenten la trascendencia, el di\u00e1logo y hasta el hallazgo de uno mismo, para proteger desde nuestro propio h\u00e1bitat hasta fomentar la fraternidad humana. Sin duda, la mejor manera de salir de este estado de emergencia, pasa por revivir una nueva belleza enraizada en los v\u00ednculos, que han de volverse poes\u00eda y revolverse en verso; o sea,<span class=\"Apple-converted-space\">\u00a0 <\/span>en valores aut\u00e9nticos, que es lo que al final nos hace aptos para gobernarnos en comuni\u00f3n y en comunidad. Al fin y al cabo, lo primordial no es atesorar titulaciones, sino templar el alma y juntar corazones para regar los desiertos. Est\u00e1 visto que el civismo es la piedra angular de las sociedades serenas, adelantadas y s\u00f3lidas. Sin embargo, los moradores del planeta se orientan hacia enfrentamientos que crean una tensi\u00f3n sin precedentes. Acusarse internamente de estar dormido, demuestra que la vida ha comenzado por vivirse. Nos vendr\u00e1 bien, pues, acelerar y multiplicar las acciones con tolerancia y esp\u00edritu solidario.<\/p>\n<p class=\"p7\">En cualquier caso, y ante esta bochornosa realidad por el camino de la indiferencia y el colapso, considero un buen prop\u00f3sito alcanzar un pacto mundial, a trav\u00e9s de una gobernanza global, revitalizando el multilateralismo con instituciones verdaderamente ecum\u00e9nicas, y con ense\u00f1antes implicados en la decisiva tarea educacional. Indudablemente, el esfuerzo es colectivo, lo que requiere tender puentes entre s\u00ed, asumiendo la diversidad y los cambios culturales. Hoy m\u00e1s que nunca, es preciso avivar los aut\u00e9nticos valores humanos dentro de una configuraci\u00f3n intercultural e interreligiosa. Sin duda, no es un momento para la pasividad, sino para el ejercicio en busca de soluciones. Junto al enorme impacto que comportar\u00e1 la inteligencia artificial en \u00e1reas como la educaci\u00f3n, la comunicaci\u00f3n o el mundo laboral, tenemos que activar en el nuevo contexto global, esa educaci\u00f3n integral, puntual y sin fronteras. Quiz\u00e1 la obra educativa que m\u00e1s urge en el mundo sea, precisamente, la de convencer para hacer familia y poder detener la crisis humanitaria, reduciendo brechas que nos distancian y restableciendo la confianza, sobre la base de los derechos y libertades.<span class=\"Apple-converted-space\">\u00a0<\/span><\/p>\n<p class=\"p9\"><b>V\u00edctor CORCOBA HERRERO\/ Escritor<\/b><\/p>\n<p class=\"p9\"><b><span class=\"Apple-converted-space\">\u00a0<\/span>HYPERLINK &#8220;mailto:corcoba@telefonica.net&#8221; <\/b><span class=\"s5\"><b>corcoba@telefonica.net<\/b><\/span><\/p>\n<p class=\"p9\"><b>06 de octubre de 2023.-<\/b><\/p>\n","protected":false},"excerpt":{"rendered":"<p>\u201cLo primordial no es atesorar titulaciones, sino templar el alma y juntar corazones para regar los desiertos\u201d.\u00a0 ============================= V\u00edctor CORCOBA HERRERO\/ Escritor corcoba@telefonica.net =============================\u00a0 El&hellip;<\/p>\n","protected":false},"author":99,"featured_media":0,"comment_status":"open","ping_status":"open","sticky":false,"template":"","format":"standard","meta":{"footnotes":""},"categories":[11353,81],"tags":[],"class_list":["post-513300","post","type-post","status-publish","format-standard","hentry","category-algo-mas-que-palabras","category-columnistas"],"_links":{"self":[{"href":"https:\/\/diarioelpopular.com\/index.php\/wp-json\/wp\/v2\/posts\/513300","targetHints":{"allow":["GET"]}}],"collection":[{"href":"https:\/\/diarioelpopular.com\/index.php\/wp-json\/wp\/v2\/posts"}],"about":[{"href":"https:\/\/diarioelpopular.com\/index.php\/wp-json\/wp\/v2\/types\/post"}],"author":[{"embeddable":true,"href":"https:\/\/diarioelpopular.com\/index.php\/wp-json\/wp\/v2\/users\/99"}],"replies":[{"embeddable":true,"href":"https:\/\/diarioelpopular.com\/index.php\/wp-json\/wp\/v2\/comments?post=513300"}],"version-history":[{"count":1,"href":"https:\/\/diarioelpopular.com\/index.php\/wp-json\/wp\/v2\/posts\/513300\/revisions"}],"predecessor-version":[{"id":513301,"href":"https:\/\/diarioelpopular.com\/index.php\/wp-json\/wp\/v2\/posts\/513300\/revisions\/513301"}],"wp:attachment":[{"href":"https:\/\/diarioelpopular.com\/index.php\/wp-json\/wp\/v2\/media?parent=513300"}],"wp:term":[{"taxonomy":"category","embeddable":true,"href":"https:\/\/diarioelpopular.com\/index.php\/wp-json\/wp\/v2\/categories?post=513300"},{"taxonomy":"post_tag","embeddable":true,"href":"https:\/\/diarioelpopular.com\/index.php\/wp-json\/wp\/v2\/tags?post=513300"}],"curies":[{"name":"wp","href":"https:\/\/api.w.org\/{rel}","templated":true}]}}