{"id":513700,"date":"2023-10-25T10:08:44","date_gmt":"2023-10-25T14:08:44","guid":{"rendered":"https:\/\/diarioelpopular.com\/?p=513700"},"modified":"2023-10-25T10:08:44","modified_gmt":"2023-10-25T14:08:44","slug":"el-jefe-de-la-onu-condena-los-ataques-de-hamas-pero-dice-que-no-ocurrieron-de-la-nada-y-embajador-de-israel-pide-su-dimision","status":"publish","type":"post","link":"https:\/\/diarioelpopular.com\/index.php\/2023\/10\/25\/el-jefe-de-la-onu-condena-los-ataques-de-hamas-pero-dice-que-no-ocurrieron-de-la-nada-y-embajador-de-israel-pide-su-dimision\/","title":{"rendered":"El jefe de la ONU condena los ataques de Ham\u00e1s, pero dice que &#8220;no ocurrieron de la nada&#8221; y embajador de Israel pide su dimisi\u00f3n"},"content":{"rendered":"<h5><img loading=\"lazy\" decoding=\"async\" class=\"alignnone size-custom-full-size wp-image-513701\" src=\"https:\/\/diarioelpopular.com\/wp-content\/uploads\/2023\/10\/Screen-Shot-2023-10-25-at-10.08.01-AM-636x358.png\" alt=\"\" width=\"636\" height=\"358\" srcset=\"https:\/\/diarioelpopular.com\/wp-content\/uploads\/2023\/10\/Screen-Shot-2023-10-25-at-10.08.01-AM-636x358.png 636w, https:\/\/diarioelpopular.com\/wp-content\/uploads\/2023\/10\/Screen-Shot-2023-10-25-at-10.08.01-AM-300x169.png 300w, https:\/\/diarioelpopular.com\/wp-content\/uploads\/2023\/10\/Screen-Shot-2023-10-25-at-10.08.01-AM-768x432.png 768w, https:\/\/diarioelpopular.com\/wp-content\/uploads\/2023\/10\/Screen-Shot-2023-10-25-at-10.08.01-AM-1200x675.png 1200w, https:\/\/diarioelpopular.com\/wp-content\/uploads\/2023\/10\/Screen-Shot-2023-10-25-at-10.08.01-AM-130x73.png 130w, https:\/\/diarioelpopular.com\/wp-content\/uploads\/2023\/10\/Screen-Shot-2023-10-25-at-10.08.01-AM.png 1024w\" sizes=\"auto, (max-width: 636px) 100vw, 636px\" \/>Antonio <em>Guterres realiz\u00f3 la intervenci\u00f3n inicial en el Consejo de Seguridad de la ONU.<\/em><\/h5>\n<p>&nbsp;<\/p>\n<p>&nbsp;<\/p>\n<div class=\"bbc-19j92fr ebmt73l0\" dir=\"ltr\">\n<ul>\n<li class=\"bbc-hhl7in e17g058b0\" dir=\"ltr\"><em><b>El discurso que pronunci\u00f3 el secretario general de Naciones Unidas este martes sobre el conflicto entre Israel y Ham\u00e1s y las consecuencias para los civiles palestinos en Gaza gener\u00f3 una fuerte protesta de la representaci\u00f3n israel\u00ed ante el organismo internacional.<\/b><\/em><\/li>\n<\/ul>\n<\/div>\n<div class=\"bbc-19j92fr ebmt73l0\" dir=\"ltr\">\n<p dir=\"ltr\">\n<p class=\"bbc-hhl7in e17g058b0\" dir=\"ltr\">El secretario general\u00a0Antonio Guterres\u00a0habl\u00f3 en una sesi\u00f3n del\u00a0Consejo de Seguridad de la ONU\u00a0en la que, adem\u00e1s de condenar el ataque de Ham\u00e1s contra la poblaci\u00f3n israel\u00ed del pasado 7 de octubre que dej\u00f3 m\u00e1s de 1.400 muertos, se\u00f1al\u00f3 que las acciones del grupo militante palestino no ocurrieron \u201cde la nada\u201d.<\/p>\n<\/div>\n<div class=\"bbc-19j92fr ebmt73l0\" dir=\"ltr\">\n<p class=\"bbc-hhl7in e17g058b0\" dir=\"ltr\">\u201cNada puede justificar matar, herir y secuestrar deliberadamente a civiles, ni el lanzamiento de cohetes contra objetivos civiles\u201d, dijo Guterres al llamar a la liberaci\u00f3n de los m\u00e1s de\u00a0200 secuestrados en poder de Ham\u00e1s\u00a0desde el ataque.<\/p>\n<\/div>\n<div class=\"bbc-19j92fr ebmt73l0\" dir=\"ltr\">\n<p class=\"bbc-hhl7in e17g058b0\" dir=\"ltr\">\u201cEs importante reconocer tambi\u00e9n que\u00a0los ataques de Ham\u00e1s no ocurrieron de la nada.\u00a0El pueblo palestino ha sido sometido a 56 a\u00f1os de ocupaci\u00f3n asfixiante\u201d, a\u00f1adi\u00f3.<\/p>\n<\/div>\n<section class=\"bbc-geybui\" role=\"region\" aria-label=\"Publicidad 2\" aria-hidden=\"true\" data-e2e=\"advertisement\"><\/section>\n<div class=\"bbc-19j92fr ebmt73l0\" dir=\"ltr\">\n<p class=\"bbc-hhl7in e17g058b0\" dir=\"ltr\">Dijo que los palestinos \u201chan visto\u00a0sus tierras constantemente devoradas por los asentamientos\u00a0y plagadas de violencia. Su econom\u00eda fue asfixiada. Su gente fue desplazada y sus hogares demolidos. Sus esperanzas de una soluci\u00f3n pol\u00edtica a su dif\u00edcil situaci\u00f3n se han ido desvaneciendo\u201d.<\/p>\n<\/div>\n<div class=\"bbc-1n4f7vm ebmt73l0\" dir=\"ltr\"><\/div>\n<div class=\"bbc-19j92fr ebmt73l0\" dir=\"ltr\">\n<p class=\"bbc-hhl7in e17g058b0\" dir=\"ltr\">Sus palabras generaron una en\u00e9rgica respuesta del embajador de Israel ante Naciones Unidas,\u00a0Gilad Erdan: \u201cEl secretario general, quien se muestra comprensivo por la campa\u00f1a de asesinatos en masa de ni\u00f1os, mujeres y ancianos, no es apto para encabezar la ONU\u201d, escribi\u00f3 en la res social X (antes Twitter).<\/p>\n<\/div>\n<div class=\"bbc-19j92fr ebmt73l0\" dir=\"ltr\">\n<p class=\"bbc-hhl7in e17g058b0\" dir=\"ltr\">\u201cLe pido que dimita inmediatamente.\u00a0No tiene justificaci\u00f3n ni sentido hablar con quienes muestran compasi\u00f3n por las m\u00e1s terribles atrocidades cometidas contra los ciudadanos de Israel y el pueblo jud\u00edo. Simplemente no hay palabras\u201d, a\u00f1adi\u00f3 en el mensaje.<\/p>\n<p dir=\"ltr\">\n<\/div>\n<figure class=\"bbc-1qn0xuy\">\n<div class=\"bbc-18qcclp\"><picture><img loading=\"lazy\" decoding=\"async\" class=\"bbc-1uwua2r\" src=\"https:\/\/ichef.bbci.co.uk\/news\/640\/cpsprodpb\/b9f5\/live\/ba60cd80-72d9-11ee-8139-61b1db4c8e2f.png\" sizes=\"auto, (min-width: 1008px) 760px, 100vw\" srcset=\"https:\/\/ichef.bbci.co.uk\/news\/240\/cpsprodpb\/b9f5\/live\/ba60cd80-72d9-11ee-8139-61b1db4c8e2f.png 240w, https:\/\/ichef.bbci.co.uk\/news\/320\/cpsprodpb\/b9f5\/live\/ba60cd80-72d9-11ee-8139-61b1db4c8e2f.png 320w, https:\/\/ichef.bbci.co.uk\/news\/480\/cpsprodpb\/b9f5\/live\/ba60cd80-72d9-11ee-8139-61b1db4c8e2f.png 480w, https:\/\/ichef.bbci.co.uk\/news\/624\/cpsprodpb\/b9f5\/live\/ba60cd80-72d9-11ee-8139-61b1db4c8e2f.png 624w, https:\/\/ichef.bbci.co.uk\/news\/800\/cpsprodpb\/b9f5\/live\/ba60cd80-72d9-11ee-8139-61b1db4c8e2f.png 800w\" alt=\"Antonio Guterres habla en el Consejo de Seguridad\" width=\"1279\" height=\"832\" \/><\/picture><\/div><figcaption class=\"bbc-847f6b e6i104o0\" dir=\"ltr\">\n<h5><em>Guterres dijo que ha habido &#8220;claras violaciones del derecho internacional humanitario&#8221; en Gaza.<\/em><\/h5>\n<\/figcaption><\/figure>\n<div class=\"bbc-19j92fr ebmt73l0\" dir=\"ltr\">\n<p dir=\"ltr\">\n<p dir=\"ltr\">\n<p class=\"bbc-hhl7in e17g058b0\" dir=\"ltr\">En su intervenci\u00f3n en la sesi\u00f3n del Consejo General, el ministro de Exteriores israel\u00ed,\u00a0Eli Cohen, tambi\u00e9n critic\u00f3 a Guterres y conden\u00f3 \u201cbrutal masacre\u201d de 1.400 personas y el secuestro de las m\u00e1s de 200 personas por parte de Ham\u00e1s.<\/p>\n<\/div>\n<div class=\"bbc-19j92fr ebmt73l0\" dir=\"ltr\">\n<p class=\"bbc-hhl7in e17g058b0\" dir=\"ltr\">\u201cSe\u00f1or secretario general, \u00bfen qu\u00e9 mundo vive usted?\u00a0Definitivamente ese no es nuestro mundo\u201d, afirm\u00f3.<\/p>\n<\/div>\n<div class=\"bbc-19j92fr ebmt73l0\" dir=\"ltr\">\n<p class=\"bbc-hhl7in e17g058b0\" dir=\"ltr\">M\u00e1s tarde, el portavoz del gobierno de Israel Lior Haiat dijo que el discurso del jefe de la ONU fue &#8220;un minuto de palabras vac\u00edas sobre las atrocidades cometidas por los terroristas de Ham\u00e1s&#8221; y una &#8220;justificaci\u00f3n para el terrorismo&#8221;.<\/p>\n<\/div>\n<div class=\"bbc-19j92fr ebmt73l0\" dir=\"ltr\">\n<p class=\"bbc-hhl7in e17g058b0\" dir=\"ltr\">&#8220;En lugar de apoyar a las v\u00edctimas, las culpa de una atrocidad que no hemos visto desde el Holocausto&#8221;, continu\u00f3. &#8220;En lugar de lanzar un mensaje que diga &#8216;Nunca m\u00e1s&#8217;, en realidad les est\u00e1 diciendo a los terroristas: &#8216;Pueden hacer eso, aceptamos su brutal terrorismo porque Israel tiene la culpa'&#8221;.<\/p>\n<\/div>\n<div class=\"bbc-19j92fr ebmt73l0\" dir=\"ltr\">\n<h4 id=\"Claras-violaciones-del-derecho-internacional-humanitario\" class=\"bbc-1f03ibc eglt09e0\" tabindex=\"-1\"><em>&#8220;Claras violaciones del derecho internacional humanitario&#8221;<\/em><\/h4>\n<\/div>\n<div class=\"bbc-19j92fr ebmt73l0\" dir=\"ltr\">\n<p class=\"bbc-hhl7in e17g058b0\" dir=\"ltr\">En su pronunciamiento, Guterres se\u00f1al\u00f3 que la situaci\u00f3n en Medio Oriente \u201cse agrava cada hora\u201d, por lo que hizo un llamado a una soluci\u00f3n pac\u00edfica del conflicto y el respeto a los derechos humanos de los civiles.<\/p>\n<\/div>\n<div class=\"bbc-19j92fr ebmt73l0\" dir=\"ltr\">\n<p class=\"bbc-hhl7in e17g058b0\" dir=\"ltr\">\u201cHe condenado inequ\u00edvocamente los horrendos y sin precedentes actos de terrorismo cometidos por Ham\u00e1s en Israel el 7 de octubre\u201d, expuso.<\/p>\n<\/div>\n<div class=\"bbc-19j92fr ebmt73l0\" dir=\"ltr\">\n<p class=\"bbc-hhl7in e17g058b0\" dir=\"ltr\">\u201cTodos los rehenes deben ser tratados humanamente y liberados inmediatamente y sin condiciones.\u00a0Observo con respeto la presencia entre nosotros de miembros de sus familias\u201d, a\u00f1adi\u00f3, pues entre la audiencia hab\u00eda familiares de personas secuestradas por Ham\u00e1s.<\/p>\n<p dir=\"ltr\">\n<\/div>\n<figure class=\"bbc-1qn0xuy\">\n<div class=\"bbc-18qcclp\"><picture><img loading=\"lazy\" decoding=\"async\" class=\"bbc-1uwua2r\" src=\"https:\/\/ichef.bbci.co.uk\/news\/640\/cpsprodpb\/ac9b\/live\/e3beb920-72ad-11ee-a503-4588075e3427.jpg\" sizes=\"auto, (min-width: 1008px) 760px, 100vw\" srcset=\"https:\/\/ichef.bbci.co.uk\/news\/240\/cpsprodpb\/ac9b\/live\/e3beb920-72ad-11ee-a503-4588075e3427.jpg 240w, https:\/\/ichef.bbci.co.uk\/news\/320\/cpsprodpb\/ac9b\/live\/e3beb920-72ad-11ee-a503-4588075e3427.jpg 320w, https:\/\/ichef.bbci.co.uk\/news\/480\/cpsprodpb\/ac9b\/live\/e3beb920-72ad-11ee-a503-4588075e3427.jpg 480w, https:\/\/ichef.bbci.co.uk\/news\/624\/cpsprodpb\/ac9b\/live\/e3beb920-72ad-11ee-a503-4588075e3427.jpg 624w, https:\/\/ichef.bbci.co.uk\/news\/800\/cpsprodpb\/ac9b\/live\/e3beb920-72ad-11ee-a503-4588075e3427.jpg 800w\" alt=\"Una mujer llora en la sesi\u00f3n del Consejo de Seguridad de la ONU\" width=\"1024\" height=\"683\" \/><\/picture><\/div><figcaption class=\"bbc-847f6b e6i104o0\" dir=\"ltr\">\n<h5><em>En la sesi\u00f3n del Consejo de Seguridad hubo familiares de israel\u00edes secuestrados por Ham\u00e1s.<\/em><\/h5>\n<\/figcaption><\/figure>\n<div class=\"bbc-19j92fr ebmt73l0\" dir=\"ltr\">\n<p dir=\"ltr\">\n<p dir=\"ltr\">\n<p class=\"bbc-hhl7in e17g058b0\" dir=\"ltr\">Pero tambi\u00e9n abord\u00f3 la crisis humanitaria que viven los palestinos en\u00a0Gaza, donde m\u00e1s de\u00a05.800 personas han muerto en poco m\u00e1s de dos semanas,\u00a0muchas de ellas ni\u00f1os, por los bombardeos de Israel.<\/p>\n<\/div>\n<div class=\"bbc-19j92fr ebmt73l0\" dir=\"ltr\">\n<p class=\"bbc-hhl7in e17g058b0\" dir=\"ltr\">Seg\u00fan las autoridades de Gaza, tan solo\u00a0en las \u00faltimas 24 horas murieron m\u00e1s de 700 personas, la cifra m\u00e1s alta en un solo d\u00eda desde que empez\u00f3 la guerra.<\/p>\n<\/div>\n<div class=\"bbc-19j92fr ebmt73l0\" dir=\"ltr\">\n<p class=\"bbc-hhl7in e17g058b0\" dir=\"ltr\">&#8220;Estoy profundamente preocupado por las claras\u00a0violaciones del derecho internacional humanitario que estamos presenciando en Gaza.\u00a0Perm\u00edtanme ser claro: ninguna parte en un conflicto armado est\u00e1 por encima del derecho internacional humanitario&#8221;, dijo.<\/p>\n<\/div>\n<div class=\"bbc-19j92fr ebmt73l0\" dir=\"ltr\">\n<p class=\"bbc-hhl7in e17g058b0\" dir=\"ltr\">\u201cLa protecci\u00f3n de los civiles es primordial en cualquier conflicto armado. Proteger a los civiles nunca puede significar utilizarlos como escudos humanos\u201d, expres\u00f3.<\/p>\n<\/div>\n<div class=\"bbc-19j92fr ebmt73l0\" dir=\"ltr\">\n<p class=\"bbc-hhl7in e17g058b0\" dir=\"ltr\">\u201cProteger a los civiles no significa ordenar a m\u00e1s de un mill\u00f3n de personas que evacuen hacia el sur, donde no hay refugio, ni alimentos, ni agua, ni medicinas, ni combustible, y luego seguir bombardeando el propio sur\u201d.<\/p>\n<\/div>\n<div class=\"bbc-19j92fr ebmt73l0\" dir=\"ltr\">\n<p class=\"bbc-hhl7in e17g058b0\" dir=\"ltr\">Adem\u00e1s hizo un llamado a\u00a0la soluci\u00f3n de\u00a0la creaci\u00f3n de un Estado palestino.<\/p>\n<p dir=\"ltr\">\n<\/div>\n<figure class=\"bbc-1qn0xuy\">\n<div class=\"bbc-18qcclp\"><picture><img loading=\"lazy\" decoding=\"async\" class=\"bbc-1uwua2r\" src=\"https:\/\/ichef.bbci.co.uk\/news\/640\/cpsprodpb\/0d17\/live\/0e1dbd10-72ae-11ee-a314-a368ff2c2b21.jpg\" sizes=\"auto, (min-width: 1008px) 760px, 100vw\" srcset=\"https:\/\/ichef.bbci.co.uk\/news\/240\/cpsprodpb\/0d17\/live\/0e1dbd10-72ae-11ee-a314-a368ff2c2b21.jpg 240w, https:\/\/ichef.bbci.co.uk\/news\/320\/cpsprodpb\/0d17\/live\/0e1dbd10-72ae-11ee-a314-a368ff2c2b21.jpg 320w, https:\/\/ichef.bbci.co.uk\/news\/480\/cpsprodpb\/0d17\/live\/0e1dbd10-72ae-11ee-a314-a368ff2c2b21.jpg 480w, https:\/\/ichef.bbci.co.uk\/news\/624\/cpsprodpb\/0d17\/live\/0e1dbd10-72ae-11ee-a314-a368ff2c2b21.jpg 624w, https:\/\/ichef.bbci.co.uk\/news\/800\/cpsprodpb\/0d17\/live\/0e1dbd10-72ae-11ee-a314-a368ff2c2b21.jpg 800w\" alt=\"El embajador Eli Cohen en el Consejo de Seguridad\" width=\"819\" height=\"461\" \/><\/picture><\/div><figcaption class=\"bbc-847f6b e6i104o0\" dir=\"ltr\">\n<h5><em>El representante de Israel, Eli Cohen, critic\u00f3 a Guterres.<\/em><\/h5>\n<\/figcaption><\/figure>\n<div class=\"bbc-19j92fr ebmt73l0\" dir=\"ltr\">\n<p dir=\"ltr\">\n<p dir=\"ltr\">\n<p class=\"bbc-hhl7in e17g058b0\" dir=\"ltr\">En el debate que sigui\u00f3 al discurso de Guterres, el canciller israel\u00ed Eli Cohen critic\u00f3 las palabras del jefe de la ONU e hizo un llamado a otras naciones &#8220;civilizadas&#8221; a unirse a Israel en contra de Ham\u00e1s.<\/p>\n<\/div>\n<div class=\"bbc-19j92fr ebmt73l0\" dir=\"ltr\">\n<p class=\"bbc-hhl7in e17g058b0\" dir=\"ltr\">\u201cNo hay terreno neutral, no hay espacio para ambig\u00fcedades\u201d, se\u00f1al\u00f3. \u201cApoyen a Israel en la misi\u00f3n de eliminar a esos monstruos de la faz de la Tierra\u201d.<\/p>\n<\/div>\n<div class=\"bbc-19j92fr ebmt73l0\" dir=\"ltr\">\n<p class=\"bbc-hhl7in e17g058b0\" dir=\"ltr\">En una rueda de prensa posterior, el embajador\u00a0Gilan Erdan\u00a0reiter\u00f3 su llamado a la renuncia de Guterres: &#8220;Este es un completo libelo de sangre y creo que el secretario general deber\u00eda dimitir&#8221;, dijo.<\/p>\n<\/div>\n<div class=\"bbc-19j92fr ebmt73l0\" dir=\"ltr\">\n<p class=\"bbc-hhl7in e17g058b0\" dir=\"ltr\">&#8220;A menos\u00a0que se disculpe, inmediatamente, hoy,\u00a0no hay justificaci\u00f3n para la existencia de este edificio [de Naciones Unidas]. Este edificio fue creado para prevenir atrocidades. \u00bfC\u00f3mo el secretario general, con sus palabras, justifica de cualquier forma las terribles atrocidades contra los civiles inocentes?&#8221;, agreg\u00f3.<\/p>\n<p dir=\"ltr\">\n<\/div>\n<figure class=\"bbc-1qn0xuy\">\n<div class=\"bbc-18qcclp\"><picture><img loading=\"lazy\" decoding=\"async\" class=\"bbc-1uwua2r\" src=\"https:\/\/ichef.bbci.co.uk\/news\/640\/cpsprodpb\/3bdf\/live\/ee7990b0-72b7-11ee-8139-61b1db4c8e2f.jpg\" sizes=\"auto, (min-width: 1008px) 760px, 100vw\" srcset=\"https:\/\/ichef.bbci.co.uk\/news\/240\/cpsprodpb\/3bdf\/live\/ee7990b0-72b7-11ee-8139-61b1db4c8e2f.jpg 240w, https:\/\/ichef.bbci.co.uk\/news\/320\/cpsprodpb\/3bdf\/live\/ee7990b0-72b7-11ee-8139-61b1db4c8e2f.jpg 320w, https:\/\/ichef.bbci.co.uk\/news\/480\/cpsprodpb\/3bdf\/live\/ee7990b0-72b7-11ee-8139-61b1db4c8e2f.jpg 480w, https:\/\/ichef.bbci.co.uk\/news\/624\/cpsprodpb\/3bdf\/live\/ee7990b0-72b7-11ee-8139-61b1db4c8e2f.jpg 624w, https:\/\/ichef.bbci.co.uk\/news\/800\/cpsprodpb\/3bdf\/live\/ee7990b0-72b7-11ee-8139-61b1db4c8e2f.jpg 800w\" alt=\"Gilan Erdan en conferencia de prensa\" width=\"1024\" height=\"683\" \/><\/picture><\/div><figcaption class=\"bbc-847f6b e6i104o0\" dir=\"ltr\">\n<h5><em>El embajador de Israel ante la ONU, Gilan Erdan, exigi\u00f3 una disculpa inmediata de Guterres.<\/em><\/h5>\n<\/figcaption><\/figure>\n<div class=\"bbc-19j92fr ebmt73l0\" dir=\"ltr\">\n<p dir=\"ltr\">\n<p dir=\"ltr\">\n<p class=\"bbc-hhl7in e17g058b0\" dir=\"ltr\">Por su parte, el\u00a0secretario de Estado de Estados Unidos, Antony Blinken,\u00a0inst\u00f3 a los Estados miembros del Consejo de Seguridad a enviar un mensaje unido para impedir que otros pa\u00edses o grupos abran otro frente en el conflicto entre Israel y Gaza.<\/p>\n<\/div>\n<div class=\"bbc-19j92fr ebmt73l0\" dir=\"ltr\">\n<p class=\"bbc-hhl7in e17g058b0\" dir=\"ltr\">&#8220;No arrojen le\u00f1a al fuego&#8221;, afirm\u00f3 al asegurar que Estados Unidos responder\u00eda \u201cdecisivamente\u201d ante una intervenci\u00f3n de\u00a0Ir\u00e1n.<\/p>\n<\/div>\n<div class=\"bbc-19j92fr ebmt73l0\" dir=\"ltr\">\n<p class=\"bbc-hhl7in e17g058b0\" dir=\"ltr\">&#8220;No se equivoquen, defenderemos a nuestro pueblo, defenderemos nuestra seguridad con rapidez y decisi\u00f3n&#8221;, advirti\u00f3.<\/p>\n<\/div>\n","protected":false},"excerpt":{"rendered":"<p>Antonio Guterres realiz\u00f3 la intervenci\u00f3n inicial en el Consejo de Seguridad de la ONU. &nbsp; &nbsp; El discurso que pronunci\u00f3 el secretario general de Naciones&hellip;<\/p>\n","protected":false},"author":99,"featured_media":513701,"comment_status":"open","ping_status":"open","sticky":false,"template":"","format":"standard","meta":{"footnotes":""},"categories":[24],"tags":[],"class_list":["post-513700","post","type-post","status-publish","format-standard","has-post-thumbnail","hentry","category-mundo"],"_links":{"self":[{"href":"https:\/\/diarioelpopular.com\/index.php\/wp-json\/wp\/v2\/posts\/513700","targetHints":{"allow":["GET"]}}],"collection":[{"href":"https:\/\/diarioelpopular.com\/index.php\/wp-json\/wp\/v2\/posts"}],"about":[{"href":"https:\/\/diarioelpopular.com\/index.php\/wp-json\/wp\/v2\/types\/post"}],"author":[{"embeddable":true,"href":"https:\/\/diarioelpopular.com\/index.php\/wp-json\/wp\/v2\/users\/99"}],"replies":[{"embeddable":true,"href":"https:\/\/diarioelpopular.com\/index.php\/wp-json\/wp\/v2\/comments?post=513700"}],"version-history":[{"count":1,"href":"https:\/\/diarioelpopular.com\/index.php\/wp-json\/wp\/v2\/posts\/513700\/revisions"}],"predecessor-version":[{"id":513702,"href":"https:\/\/diarioelpopular.com\/index.php\/wp-json\/wp\/v2\/posts\/513700\/revisions\/513702"}],"wp:featuredmedia":[{"embeddable":true,"href":"https:\/\/diarioelpopular.com\/index.php\/wp-json\/wp\/v2\/media\/513701"}],"wp:attachment":[{"href":"https:\/\/diarioelpopular.com\/index.php\/wp-json\/wp\/v2\/media?parent=513700"}],"wp:term":[{"taxonomy":"category","embeddable":true,"href":"https:\/\/diarioelpopular.com\/index.php\/wp-json\/wp\/v2\/categories?post=513700"},{"taxonomy":"post_tag","embeddable":true,"href":"https:\/\/diarioelpopular.com\/index.php\/wp-json\/wp\/v2\/tags?post=513700"}],"curies":[{"name":"wp","href":"https:\/\/api.w.org\/{rel}","templated":true}]}}