{"id":513819,"date":"2023-10-30T10:20:55","date_gmt":"2023-10-30T14:20:55","guid":{"rendered":"https:\/\/diarioelpopular.com\/?p=513819"},"modified":"2023-10-30T10:20:55","modified_gmt":"2023-10-30T14:20:55","slug":"puede-japon-escapar-a-su-bomba-demografica-y-cuales-son-las-lecciones-para-america-latina-y-el-resto-del-mundo","status":"publish","type":"post","link":"https:\/\/diarioelpopular.com\/index.php\/2023\/10\/30\/puede-japon-escapar-a-su-bomba-demografica-y-cuales-son-las-lecciones-para-america-latina-y-el-resto-del-mundo\/","title":{"rendered":"\u00bfPuede Jap\u00f3n escapar a su bomba demogr\u00e1fica? (y cu\u00e1les son las lecciones para Am\u00e9rica Latina y el resto del mundo)"},"content":{"rendered":"<p><img loading=\"lazy\" decoding=\"async\" class=\"alignnone size-custom-big-size wp-image-513820\" src=\"https:\/\/diarioelpopular.com\/wp-content\/uploads\/2023\/10\/Screen-Shot-2023-10-30-at-10.20.14-AM-1200x631.png\" alt=\"\" width=\"1200\" height=\"631\" srcset=\"https:\/\/diarioelpopular.com\/wp-content\/uploads\/2023\/10\/Screen-Shot-2023-10-30-at-10.20.14-AM-1200x631.png 1200w, https:\/\/diarioelpopular.com\/wp-content\/uploads\/2023\/10\/Screen-Shot-2023-10-30-at-10.20.14-AM-300x158.png 300w, https:\/\/diarioelpopular.com\/wp-content\/uploads\/2023\/10\/Screen-Shot-2023-10-30-at-10.20.14-AM-768x404.png 768w, https:\/\/diarioelpopular.com\/wp-content\/uploads\/2023\/10\/Screen-Shot-2023-10-30-at-10.20.14-AM-636x334.png 636w, https:\/\/diarioelpopular.com\/wp-content\/uploads\/2023\/10\/Screen-Shot-2023-10-30-at-10.20.14-AM-139x73.png 139w, https:\/\/diarioelpopular.com\/wp-content\/uploads\/2023\/10\/Screen-Shot-2023-10-30-at-10.20.14-AM.png 1024w\" sizes=\"auto, (max-width: 1200px) 100vw, 1200px\" \/><\/p>\n<h5><em>Jap\u00f3n es el pa\u00eds con el mayor porcentaje de personas de 65 a\u00f1os o m\u00e1s.<\/em><\/h5>\n<p>&nbsp;<\/p>\n<p>&nbsp;<\/p>\n<div class=\"bbc-19j92fr ebmt73l0\" dir=\"ltr\">\n<ul>\n<li class=\"bbc-hhl7in e17g058b0\" dir=\"ltr\"><em><b>Es el pa\u00eds m\u00e1s anciano del mundo y sigue batiendo r\u00e9cords.<\/b><\/em><\/li>\n<\/ul>\n<\/div>\n<div class=\"bbc-19j92fr ebmt73l0\" dir=\"ltr\">\n<p dir=\"ltr\">\n<p class=\"bbc-hhl7in e17g058b0\" dir=\"ltr\">En Jap\u00f3n, una de cada diez personas tiene 80 a\u00f1os o m\u00e1s.<\/p>\n<\/div>\n<div class=\"bbc-19j92fr ebmt73l0\" dir=\"ltr\">\n<p class=\"bbc-hhl7in e17g058b0\" dir=\"ltr\">Y la proporci\u00f3n de personas de 65 a\u00f1os o m\u00e1s (29,1%) es la m\u00e1s alta del mundo.<\/p>\n<\/div>\n<div class=\"bbc-19j92fr ebmt73l0\" dir=\"ltr\">\n<p class=\"bbc-hhl7in e17g058b0\" dir=\"ltr\">Pero los n\u00fameros son solo la punta del iceberg, el indicio de una profunda crisis nacional.<\/p>\n<\/div>\n<section class=\"bbc-geybui\" role=\"region\" aria-label=\"Publicidad 2\" aria-hidden=\"true\" data-e2e=\"advertisement\"><\/section>\n<div class=\"bbc-19j92fr ebmt73l0\" dir=\"ltr\">\n<p class=\"bbc-hhl7in e17g058b0\" dir=\"ltr\">\u201cEl envejecimiento de la poblaci\u00f3n japonesa, a la que los medios de comunicaci\u00f3n suelen referirse como una \u2018bomba de tiempo\u2019,\u00a0plantea un desaf\u00edo grave y apremiante\u201d, inform\u00f3 Hiroko Costantini, profesora del Instituto para Iniciativas del Futuro en el Instituto de Gerontolog\u00eda de la Universidad de Tokio.<\/p>\n<\/div>\n<div class=\"bbc-1n4f7vm ebmt73l0\" dir=\"ltr\"><\/div>\n<div class=\"bbc-19j92fr ebmt73l0\" dir=\"ltr\">\n<p class=\"bbc-hhl7in e17g058b0\" dir=\"ltr\">\u201cEn 2021, Jap\u00f3n registr\u00f3 un m\u00ednimo hist\u00f3rico en su tasa de natalidad, con solo 811.000 nacimientos, la m\u00e1s baja desde 1899\u201d.<\/p>\n<\/div>\n<div class=\"bbc-19j92fr ebmt73l0\" dir=\"ltr\">\n<p class=\"bbc-hhl7in e17g058b0\" dir=\"ltr\">La tasa de nacimientos por mujer en Jap\u00f3n se sit\u00faa muy por debajo del 2,1 considerado necesario para mantener una poblaci\u00f3n estable. Esa cifra es por ejemplo, 2,1 en Per\u00fa y 1,9 en Argentina.<\/p>\n<\/div>\n<div class=\"bbc-19j92fr ebmt73l0\" dir=\"ltr\">\n<p class=\"bbc-hhl7in e17g058b0\" dir=\"ltr\">\u201cLa tasa de natalidad actual en Jap\u00f3n es de apenas 1,26, y con una tasa de envejecimiento de la poblaci\u00f3n que se ha disparado al 29,0%, esto indica un cambio demogr\u00e1fico sin precedentes\u201d, afirm\u00f3 Costantini.<\/p>\n<\/div>\n<div class=\"bbc-19j92fr ebmt73l0\" dir=\"ltr\">\n<p class=\"bbc-hhl7in e17g058b0\" dir=\"ltr\">El gobierno japon\u00e9s ha buscado aumentar la tasa de natalidad con incentivos econ\u00f3micos, pero no ha tenido \u00e9xito.<\/p>\n<\/div>\n<div class=\"bbc-19j92fr ebmt73l0\" dir=\"ltr\">\n<p class=\"bbc-hhl7in e17g058b0\" dir=\"ltr\">\u00bfQu\u00e9 puede hacer Jap\u00f3n para responder al envejecimiento de su poblaci\u00f3n? \u00bfEs la crisis nipona parte de un fen\u00f3meno mundial? \u00bfY qu\u00e9 pueden aprender de ella otros pa\u00edses, tambi\u00e9n en Am\u00e9rica Latina?<\/p>\n<p dir=\"ltr\">\n<\/div>\n<p><iframe loading=\"lazy\" id=\"flourish-id-6ddefd6a\" class=\"bbc-zrw1kq\" title=\"Interactive or visual content\" src=\"https:\/\/flo.uri.sh\/story\/2040642\/embed?auto=1\" width=\"700\" height=\"575\" frameborder=\"0\" scrolling=\"no\" data-mce-fragment=\"1\"><\/iframe><\/p>\n<div class=\"bbc-19j92fr ebmt73l0\" dir=\"ltr\">\n<h2 id=\"El-impacto-econ\u00f3mico-\" class=\"bbc-1f03ibc eglt09e0\" tabindex=\"-1\">El impacto econ\u00f3mico<\/h2>\n<\/div>\n<div class=\"bbc-19j92fr ebmt73l0\" dir=\"ltr\">\n<p class=\"bbc-hhl7in e17g058b0\" dir=\"ltr\">El envejecimiento de la poblaci\u00f3n japonesa tiene implicaciones profundas, se\u00f1al\u00f3 Costantini.<\/p>\n<\/div>\n<div class=\"bbc-19j92fr ebmt73l0\" dir=\"ltr\">\n<p class=\"bbc-hhl7in e17g058b0\" dir=\"ltr\">Las consecuencias van desde la escasez de mano de obra hasta la falta de crecimiento econ\u00f3mico.<\/p>\n<\/div>\n<div class=\"bbc-19j92fr ebmt73l0\" dir=\"ltr\">\n<p class=\"bbc-hhl7in e17g058b0\" dir=\"ltr\">Jap\u00f3n aprob\u00f3 un presupuesto r\u00e9cord para el pr\u00f3ximo a\u00f1o fiscal, en parte debido al aumento de los costos de la seguridad social.<\/p>\n<\/div>\n<div class=\"bbc-19j92fr ebmt73l0\" dir=\"ltr\">\n<p class=\"bbc-hhl7in e17g058b0\" dir=\"ltr\">\u201cA lo largo de los a\u00f1os, la tasa de envejecimiento de Jap\u00f3n ha aumentado significativamente contribuyendo al\u00a0estancamiento econ\u00f3mico desde mediados de los a\u00f1os 90\u201d.<\/p>\n<\/div>\n<div class=\"bbc-19j92fr ebmt73l0\" dir=\"ltr\">\n<p class=\"bbc-hhl7in e17g058b0\" dir=\"ltr\">\u201cAdem\u00e1s, el delicado equilibrio entre las prestaciones y las contribuciones a la seguridad social, en particular en los gastos de atenci\u00f3n sanitaria y cuidados de larga duraci\u00f3n, se est\u00e1 volviendo cada vez m\u00e1s precario.\u00a0Est\u00e1n surgiendo dudas sobre la viabilidad a largo plazo del sistema de seguridad social, con cargas crecientes en la atenci\u00f3n sanitaria a las personas mayores\u201d, explic\u00f3 Costantini.<\/p>\n<\/div>\n<div class=\"bbc-19j92fr ebmt73l0\" dir=\"ltr\">\n<p class=\"bbc-hhl7in e17g058b0\" dir=\"ltr\">\u201cLas soluciones futuras pueden requerir importantes reducciones de beneficios y reformas de las pensiones, incluyendo el aumento de la edad de elegibilidad a 70 a\u00f1os, para abordar esta cuesti\u00f3n multifac\u00e9tica de manera efectiva\u201d.<\/p>\n<\/div>\n<div class=\"bbc-19j92fr ebmt73l0\" dir=\"ltr\">\n<h2 id=\"Casarse-antes-de-tener-hijos\" class=\"bbc-1f03ibc eglt09e0\" tabindex=\"-1\">\u201cCasarse antes de tener hijos\u201d<\/h2>\n<\/div>\n<div class=\"bbc-19j92fr ebmt73l0\" dir=\"ltr\">\n<p class=\"bbc-hhl7in e17g058b0\" dir=\"ltr\">Los incentivos gubernamentales destinados a promover un aumento en la tasa de natalidad han tenido un \u00e9xito limitado, afirm\u00f3 Costantini.<\/p>\n<\/div>\n<div class=\"bbc-19j92fr ebmt73l0\" dir=\"ltr\">\n<p class=\"bbc-hhl7in e17g058b0\" dir=\"ltr\">La profesora de la Universidad de Tokio se\u00f1al\u00f3 que si bien el alto costo de vida es un factor que desalienta a algunas personas a tener hijos, el problema va m\u00e1s all\u00e1 de consideraciones financieras.<\/p>\n<\/div>\n<div class=\"bbc-19j92fr ebmt73l0\" dir=\"ltr\">\n<p class=\"bbc-hhl7in e17g058b0\" dir=\"ltr\">\u201cLa sociedad japonesa pone un \u00e9nfasis significativo en casarse antes de tener hijos, lo que lleva a muchas parejas a priorizar la b\u00fasqueda de la pareja adecuada antes de formar una familia\u201d.<\/p>\n<p dir=\"ltr\">\n<\/div>\n<figure class=\"bbc-1qn0xuy\">\n<div class=\"bbc-18qcclp\"><picture><img loading=\"lazy\" decoding=\"async\" class=\"bbc-1uwua2r\" src=\"https:\/\/ichef.bbci.co.uk\/news\/640\/cpsprodpb\/be5e\/live\/5e893d80-6375-11ee-b330-9502c89ceec4.jpg\" sizes=\"auto, (min-width: 1008px) 760px, 100vw\" srcset=\"https:\/\/ichef.bbci.co.uk\/news\/240\/cpsprodpb\/be5e\/live\/5e893d80-6375-11ee-b330-9502c89ceec4.jpg 240w, https:\/\/ichef.bbci.co.uk\/news\/320\/cpsprodpb\/be5e\/live\/5e893d80-6375-11ee-b330-9502c89ceec4.jpg 320w, https:\/\/ichef.bbci.co.uk\/news\/480\/cpsprodpb\/be5e\/live\/5e893d80-6375-11ee-b330-9502c89ceec4.jpg 480w, https:\/\/ichef.bbci.co.uk\/news\/624\/cpsprodpb\/be5e\/live\/5e893d80-6375-11ee-b330-9502c89ceec4.jpg 624w, https:\/\/ichef.bbci.co.uk\/news\/800\/cpsprodpb\/be5e\/live\/5e893d80-6375-11ee-b330-9502c89ceec4.jpg 800w\" alt=\"Ni\u00f1o jugando con un autito junto a su padre\" width=\"976\" height=\"549\" \/><\/picture><\/div><figcaption class=\"bbc-847f6b e6i104o0\" dir=\"ltr\">\n<h5><em>La tasa de natalidad actual en Jap\u00f3n es de apenas 1,26 nacimientos por mujer.<\/em><\/h5>\n<\/figcaption><\/figure>\n<div class=\"bbc-19j92fr ebmt73l0\" dir=\"ltr\">\n<p dir=\"ltr\">\n<p dir=\"ltr\">\n<p class=\"bbc-hhl7in e17g058b0\" dir=\"ltr\">\u201cEncuestas con mujeres solteras de entre 20 y 40 a\u00f1os revelan varias razones comunes para retrasar o renunciar al matrimonio, incluyendo la \u2018falta de oportunidades para conocer parejas potenciales\u2019, \u2018el deseo de mantener mi estilo de vida actual\u2019 y \u2018priorizar la realizaci\u00f3n personal\u2019\u201d.<\/p>\n<\/div>\n<div class=\"bbc-19j92fr ebmt73l0\" dir=\"ltr\">\n<p class=\"bbc-hhl7in e17g058b0\" dir=\"ltr\">\u201cAdem\u00e1s, la dependencia social de la familia para el cuidado de los adultos mayores en Jap\u00f3n ha llevado a algunas mujeres a considerar las\u00a0posibles responsabilidades de cuidado que podr\u00edan imponer a sus hijos en el futuro\u201d.<\/p>\n<\/div>\n<div class=\"bbc-19j92fr ebmt73l0\" dir=\"ltr\">\n<p class=\"bbc-hhl7in e17g058b0\" dir=\"ltr\">A la luz de estos factores complejos, abordar la disminuci\u00f3n de la tasa de natalidad en Jap\u00f3n requiere un enfoque integral, seg\u00fan la experta.<\/p>\n<\/div>\n<div class=\"bbc-19j92fr ebmt73l0\" dir=\"ltr\">\n<p class=\"bbc-hhl7in e17g058b0\" dir=\"ltr\">\u201cEsto puede incluir pol\u00edticas que reduzcan la carga de los cuidados para las familias y que proporcionen incentivos financieros, como salarios para los cuidadores familiares, para crear un entorno m\u00e1s propicio para la crianza de los hijos\u201d.<\/p>\n<\/div>\n<div class=\"bbc-19j92fr ebmt73l0\" dir=\"ltr\">\n<h2 id=\"Puede-la-migraci\u00f3n-ser-una-respuesta\" class=\"bbc-1f03ibc eglt09e0\" tabindex=\"-1\">\u00bfPuede la migraci\u00f3n ser una respuesta?<\/h2>\n<\/div>\n<div class=\"bbc-19j92fr ebmt73l0\" dir=\"ltr\">\n<p class=\"bbc-hhl7in e17g058b0\" dir=\"ltr\">Otros pa\u00edses con tasas de natalidad bajas, como Australia o Alemania, han optado por facilitar el ingreso de extranjeros.<\/p>\n<\/div>\n<div class=\"bbc-19j92fr ebmt73l0\" dir=\"ltr\">\n<p class=\"bbc-hhl7in e17g058b0\" dir=\"ltr\">La tasa de fertilidad de Australia, por ejemplo, es de 1,58, pero la poblaci\u00f3n est\u00e1 creciendo gracias a la inmigraci\u00f3n.<\/p>\n<\/div>\n<div class=\"bbc-19j92fr ebmt73l0\" dir=\"ltr\">\n<p class=\"bbc-hhl7in e17g058b0\" dir=\"ltr\">\u00bf Por qu\u00e9 no ha elegido Jap\u00f3n un camino similar?<\/p>\n<p dir=\"ltr\">\n<\/div>\n<figure class=\"bbc-1qn0xuy\">\n<div class=\"bbc-18qcclp\"><picture><img loading=\"lazy\" decoding=\"async\" class=\"bbc-1uwua2r\" src=\"https:\/\/ichef.bbci.co.uk\/news\/640\/cpsprodpb\/f2e2\/live\/00e2ddb0-6377-11ee-9b1c-9162ae851d2f.jpg\" sizes=\"auto, (min-width: 1008px) 760px, 100vw\" srcset=\"https:\/\/ichef.bbci.co.uk\/news\/240\/cpsprodpb\/f2e2\/live\/00e2ddb0-6377-11ee-9b1c-9162ae851d2f.jpg 240w, https:\/\/ichef.bbci.co.uk\/news\/320\/cpsprodpb\/f2e2\/live\/00e2ddb0-6377-11ee-9b1c-9162ae851d2f.jpg 320w, https:\/\/ichef.bbci.co.uk\/news\/480\/cpsprodpb\/f2e2\/live\/00e2ddb0-6377-11ee-9b1c-9162ae851d2f.jpg 480w, https:\/\/ichef.bbci.co.uk\/news\/624\/cpsprodpb\/f2e2\/live\/00e2ddb0-6377-11ee-9b1c-9162ae851d2f.jpg 624w, https:\/\/ichef.bbci.co.uk\/news\/800\/cpsprodpb\/f2e2\/live\/00e2ddb0-6377-11ee-9b1c-9162ae851d2f.jpg 800w\" alt=\"Mujer frente a un tablero del valor de acciones en la bolsa japonesa\" width=\"976\" height=\"549\" \/><\/picture><\/div><figcaption class=\"bbc-847f6b e6i104o0\" dir=\"ltr\">\n<h5><em>La tasa de envejecimiento ha contribuido al estancamiento econ\u00f3mico de Jap\u00f3n desde mediados de los a\u00f1os 90.<\/em><\/h5>\n<\/figcaption><\/figure>\n<div class=\"bbc-19j92fr ebmt73l0\" dir=\"ltr\">\n<p dir=\"ltr\">\n<p dir=\"ltr\">\n<p class=\"bbc-hhl7in e17g058b0\" dir=\"ltr\">\u201cHist\u00f3ricamente, Jap\u00f3n ha mantenido un enfoque pasivo ante la inmigraci\u00f3n, que consiste en aceptar trabajadores extranjeros en lugar de fomentar activamente la inmigraci\u00f3n\u201d, explic\u00f3 Costantini.<\/p>\n<\/div>\n<div class=\"bbc-19j92fr ebmt73l0\" dir=\"ltr\">\n<p class=\"bbc-hhl7in e17g058b0\" dir=\"ltr\">Como resultado, s\u00f3lo alrededor del 1,7% de la poblaci\u00f3n de Jap\u00f3n, aproximadamente 2,2 millones de personas, est\u00e1 formada por personas nacidas en el extranjero o nacionales extranjeros, agreg\u00f3.<\/p>\n<\/div>\n<div class=\"bbc-19j92fr ebmt73l0\" dir=\"ltr\">\n<p class=\"bbc-hhl7in e17g058b0\" dir=\"ltr\">\u201cEste enfoque puede atribuirse al\u00a0fuerte deseo de Jap\u00f3n de preservar su homogeneidad \u00e9tnica. La relativa homogeneidad \u00e9tnica de Jap\u00f3n a menudo se considera un factor que contribuye a la baja incidencia de conflictos abiertos dentro de la sociedad\u201d.<\/p>\n<\/div>\n<div class=\"bbc-19j92fr ebmt73l0\" dir=\"ltr\">\n<p class=\"bbc-hhl7in e17g058b0\" dir=\"ltr\">\u201cPara el gobierno, esta homogeneidad sirve como una valiosa herramienta pol\u00edtica para la unidad y la cohesi\u00f3n nacional\u201d.<\/p>\n<\/div>\n<div class=\"bbc-19j92fr ebmt73l0\" dir=\"ltr\">\n<p class=\"bbc-hhl7in e17g058b0\" dir=\"ltr\">Si bien la inmigraci\u00f3n podr\u00eda ser una respuesta parcial a la escasez de trabajadores, Jap\u00f3n puede priorizar en cambio aumentar la participaci\u00f3n de personas mayores y mujeres en la fuerza laboral, seg\u00fan la profesora de la Universidad de Tokio.<\/p>\n<\/div>\n<div class=\"bbc-19j92fr ebmt73l0\" dir=\"ltr\">\n<p class=\"bbc-hhl7in e17g058b0\" dir=\"ltr\">\u201cSe considera que estos enfoques ofrecen potencialmente efectos m\u00e1s inmediatos y sustanciales, al tiempo que se alinean con el contexto cultural e hist\u00f3rico del pa\u00eds\u201d.<\/p>\n<p dir=\"ltr\">\n<\/div>\n<figure class=\"bbc-1qn0xuy\">\n<div class=\"bbc-18qcclp\"><picture><img loading=\"lazy\" decoding=\"async\" class=\"bbc-1uwua2r\" src=\"https:\/\/ichef.bbci.co.uk\/news\/640\/cpsprodpb\/58be\/live\/73759d90-6377-11ee-9b1c-9162ae851d2f.jpg\" sizes=\"auto, (min-width: 1008px) 760px, 100vw\" srcset=\"https:\/\/ichef.bbci.co.uk\/news\/240\/cpsprodpb\/58be\/live\/73759d90-6377-11ee-9b1c-9162ae851d2f.jpg 240w, https:\/\/ichef.bbci.co.uk\/news\/320\/cpsprodpb\/58be\/live\/73759d90-6377-11ee-9b1c-9162ae851d2f.jpg 320w, https:\/\/ichef.bbci.co.uk\/news\/480\/cpsprodpb\/58be\/live\/73759d90-6377-11ee-9b1c-9162ae851d2f.jpg 480w, https:\/\/ichef.bbci.co.uk\/news\/624\/cpsprodpb\/58be\/live\/73759d90-6377-11ee-9b1c-9162ae851d2f.jpg 624w, https:\/\/ichef.bbci.co.uk\/news\/800\/cpsprodpb\/58be\/live\/73759d90-6377-11ee-9b1c-9162ae851d2f.jpg 800w\" alt=\"Fumio Kishida\" width=\"976\" height=\"549\" \/><\/picture><\/div><figcaption class=\"bbc-847f6b e6i104o0\" dir=\"ltr\">\n<h5><em>El Primer Ministro japon\u00e9s, Fumio Kishida, dijo en enero que su pa\u00eds est\u00e1 al borde de no poder funcionar como sociedad debido a su tasa de natalidad en descenso.<\/em><\/h5>\n<\/figcaption><\/figure>\n<div class=\"bbc-19j92fr ebmt73l0\" dir=\"ltr\">\n<h2 tabindex=\"-1\"><\/h2>\n<h2 tabindex=\"-1\"><\/h2>\n<h2 id=\"El-papel-de-las-mujeres\" class=\"bbc-1f03ibc eglt09e0\" tabindex=\"-1\">El papel de las mujeres<\/h2>\n<\/div>\n<div class=\"bbc-19j92fr ebmt73l0\" dir=\"ltr\">\n<p class=\"bbc-hhl7in e17g058b0\" dir=\"ltr\">Incorporar m\u00e1s mujeres a la fuerza laboral, atray\u00e9ndolas con pol\u00edticas favorables como una generosa licencia por maternidad, es una parte vital de la soluci\u00f3n a la crisis japonesa, seg\u00fan Costantini.<\/p>\n<\/div>\n<div class=\"bbc-19j92fr ebmt73l0\" dir=\"ltr\">\n<p class=\"bbc-hhl7in e17g058b0\" dir=\"ltr\">Algunas corporaciones han introducido ese tipo de medidas.<\/p>\n<\/div>\n<div class=\"bbc-19j92fr ebmt73l0\" dir=\"ltr\">\n<p class=\"bbc-hhl7in e17g058b0\" dir=\"ltr\">Sin embargo, la investigadora aclara que \u201cla cuesti\u00f3n del empleo femenino va m\u00e1s all\u00e1 de las bajas tasas de participaci\u00f3n en la fuerza laboral\u201d.<\/p>\n<\/div>\n<div class=\"bbc-19j92fr ebmt73l0\" dir=\"ltr\">\n<p class=\"bbc-hhl7in e17g058b0\" dir=\"ltr\">\u201cEn Jap\u00f3n, se aplica un incentivo fiscal a las personas con ingresos anuales inferiores a 1,03 millones de yenes (alrededor de US$7.000), lo que ha llevado a que un n\u00famero importante de mujeres tengan empleos no regulares, como trabajos a tiempo parcial. Abordar esta situaci\u00f3n es igualmente esencial\u201d.<\/p>\n<p dir=\"ltr\">\n<\/div>\n<figure class=\"bbc-1qn0xuy\">\n<div class=\"bbc-18qcclp\"><picture><img loading=\"lazy\" decoding=\"async\" class=\"bbc-1uwua2r\" src=\"https:\/\/ichef.bbci.co.uk\/news\/640\/cpsprodpb\/0728\/live\/cbb244e0-6377-11ee-b330-9502c89ceec4.jpg\" sizes=\"auto, (min-width: 1008px) 760px, 100vw\" srcset=\"https:\/\/ichef.bbci.co.uk\/news\/240\/cpsprodpb\/0728\/live\/cbb244e0-6377-11ee-b330-9502c89ceec4.jpg 240w, https:\/\/ichef.bbci.co.uk\/news\/320\/cpsprodpb\/0728\/live\/cbb244e0-6377-11ee-b330-9502c89ceec4.jpg 320w, https:\/\/ichef.bbci.co.uk\/news\/480\/cpsprodpb\/0728\/live\/cbb244e0-6377-11ee-b330-9502c89ceec4.jpg 480w, https:\/\/ichef.bbci.co.uk\/news\/624\/cpsprodpb\/0728\/live\/cbb244e0-6377-11ee-b330-9502c89ceec4.jpg 624w, https:\/\/ichef.bbci.co.uk\/news\/800\/cpsprodpb\/0728\/live\/cbb244e0-6377-11ee-b330-9502c89ceec4.jpg 800w\" alt=\"Mujeres debatiendo ideas en una oficina\" width=\"976\" height=\"549\" \/><\/picture><\/div><figcaption class=\"bbc-847f6b e6i104o0\" dir=\"ltr\">\n<h5><em>Incorporar m\u00e1s mujeres a la fuerza laboral es una parte vital de la soluci\u00f3n a la crisis japonesa, seg\u00fan Hiroko Costantini.<\/em><\/h5>\n<\/figcaption><\/figure>\n<div class=\"bbc-19j92fr ebmt73l0\" dir=\"ltr\">\n<p dir=\"ltr\">\n<p dir=\"ltr\">\n<p class=\"bbc-hhl7in e17g058b0\" dir=\"ltr\">Por otra parte, los cambios de pol\u00edtica por s\u00ed solos son insuficientes, seg\u00fan la experta.<\/p>\n<\/div>\n<div class=\"bbc-19j92fr ebmt73l0\" dir=\"ltr\">\n<p class=\"bbc-hhl7in e17g058b0\" dir=\"ltr\">\u201cEs crucial transformar la percepci\u00f3n social de Jap\u00f3n, donde\u00a0la crianza de los hijos se considera principalmente responsabilidad de las mujeres\u00a0y los hombres son vistos como \u2018ayudantes\u2019, no cuidadores. Es esencial cambiar la mentalidad de los jefes y supervisores, especialmente los hombres de entre 50 y 60 a\u00f1os, que tal vez no hayan participado activamente en la crianza de los ni\u00f1os y subestimen su importancia\u201d.<\/p>\n<\/div>\n<div class=\"bbc-19j92fr ebmt73l0\" dir=\"ltr\">\n<p class=\"bbc-hhl7in e17g058b0\" dir=\"ltr\">\u201cAdem\u00e1s, se deben desarrollar pol\u00edticas para\u00a0apoyar a las mujeres de 40 a\u00f1os o m\u00e1s, que criaron a sus hijos en una \u00e9poca en la que el apoyo para la crianza de los hijos era escaso y, por lo tanto, interrumpieron sus carreras y ahora necesitan apoyo para establecer modelos profesionales viables\u201d.<\/p>\n<\/div>\n<div class=\"bbc-19j92fr ebmt73l0\" dir=\"ltr\">\n<h2 id=\"La-pol\u00edtica-de-los-tres-hijos\" class=\"bbc-1f03ibc eglt09e0\" tabindex=\"-1\">La pol\u00edtica de los tres hijos<\/h2>\n<\/div>\n<div class=\"bbc-19j92fr ebmt73l0\" dir=\"ltr\">\n<p class=\"bbc-hhl7in e17g058b0\" dir=\"ltr\">Costantini cree que Jap\u00f3n podr\u00eda aprender en particular de medidas tomadas en Francia.<\/p>\n<\/div>\n<div class=\"bbc-19j92fr ebmt73l0\" dir=\"ltr\">\n<p class=\"bbc-hhl7in e17g058b0\" dir=\"ltr\">\u201cDurante mi estancia en Par\u00eds, observ\u00e9 numerosos casos de mujeres que lograron equilibrar las exigencias de criar a tres hijos mientras segu\u00edan sus carreras. Por ejemplo,\u00a0en Francia, las familias con ni\u00f1os, reciben a partir del tercer hijo importantes ventajas en el impuesto a la renta, as\u00ed como reducciones en los costos de comidas escolares y cuidado de los ni\u00f1os fuera del horario laboral en las escuelas p\u00fablicas\u201d.<\/p>\n<\/div>\n<div class=\"bbc-19j92fr ebmt73l0\" dir=\"ltr\">\n<p class=\"bbc-hhl7in e17g058b0\" dir=\"ltr\">\u201cAdem\u00e1s, las familias con tres hijos o m\u00e1s tienen acceso a una variedad de otros beneficios, incluida una reducci\u00f3n del 50% en casi todos los costos del transporte p\u00fablico y varias otras ventajas\u201d.<\/p>\n<p dir=\"ltr\">\n<\/div>\n<figure class=\"bbc-1qn0xuy\">\n<div class=\"bbc-18qcclp\"><picture><img loading=\"lazy\" decoding=\"async\" class=\"bbc-1uwua2r\" src=\"https:\/\/ichef.bbci.co.uk\/news\/640\/cpsprodpb\/0b32\/live\/63505b20-6378-11ee-9b1c-9162ae851d2f.jpg\" sizes=\"auto, (min-width: 1008px) 760px, 100vw\" srcset=\"https:\/\/ichef.bbci.co.uk\/news\/240\/cpsprodpb\/0b32\/live\/63505b20-6378-11ee-9b1c-9162ae851d2f.jpg 240w, https:\/\/ichef.bbci.co.uk\/news\/320\/cpsprodpb\/0b32\/live\/63505b20-6378-11ee-9b1c-9162ae851d2f.jpg 320w, https:\/\/ichef.bbci.co.uk\/news\/480\/cpsprodpb\/0b32\/live\/63505b20-6378-11ee-9b1c-9162ae851d2f.jpg 480w, https:\/\/ichef.bbci.co.uk\/news\/624\/cpsprodpb\/0b32\/live\/63505b20-6378-11ee-9b1c-9162ae851d2f.jpg 624w, https:\/\/ichef.bbci.co.uk\/news\/800\/cpsprodpb\/0b32\/live\/63505b20-6378-11ee-9b1c-9162ae851d2f.jpg 800w\" alt=\"Madre con su beb\u00e9 caminando en la calle\" width=\"976\" height=\"549\" \/><\/picture><\/div><figcaption class=\"bbc-847f6b e6i104o0\" dir=\"ltr\">\n<h5><em>Pol\u00edticas favorables de licencia por maternidad, flexibilidad laboral y otros beneficios son necesarios para atraer a m\u00e1s mujeres al mercado de trabajo.<\/em><\/h5>\n<\/figcaption><\/figure>\n<div class=\"bbc-19j92fr ebmt73l0\" dir=\"ltr\">\n<p dir=\"ltr\">\n<p dir=\"ltr\">\n<p class=\"bbc-hhl7in e17g058b0\" dir=\"ltr\">Costantini se\u00f1ala que es fundamental reconocer que no todas las mujeres que desean tener hijos pueden tenerlos, y es totalmente v\u00e1lido que algunas mujeres opten por no ser madres.<\/p>\n<\/div>\n<div class=\"bbc-19j92fr ebmt73l0\" dir=\"ltr\">\n<p class=\"bbc-hhl7in e17g058b0\" dir=\"ltr\">\u201cSin embargo, para aquellas mujeres que aspiran a tener hijos, fomentar una norma cultural que anime a las familias a tener tres hijos e implementar pol\u00edticas de apoyo son consideraciones cruciales\u201d.<\/p>\n<\/div>\n<div class=\"bbc-19j92fr ebmt73l0\" dir=\"ltr\">\n<h2 id=\"Un-problema-mundial\" class=\"bbc-1f03ibc eglt09e0\" tabindex=\"-1\">Un problema mundial<\/h2>\n<\/div>\n<div class=\"bbc-19j92fr ebmt73l0\" dir=\"ltr\">\n<p class=\"bbc-hhl7in e17g058b0\" dir=\"ltr\">Si bien el caso de Jap\u00f3n es extremo, muchas otras naciones muestran tendencias similares.<\/p>\n<\/div>\n<div class=\"bbc-19j92fr ebmt73l0\" dir=\"ltr\">\n<p class=\"bbc-hhl7in e17g058b0\" dir=\"ltr\">Los pa\u00edses que siguen actualmente a Jap\u00f3n en proporci\u00f3n de personas de 65 a\u00f1os o m\u00e1s son Italia con un 24,5% y Finlandia con un 23,6%.<\/p>\n<\/div>\n<div class=\"bbc-19j92fr ebmt73l0\" dir=\"ltr\">\n<p class=\"bbc-hhl7in e17g058b0\" dir=\"ltr\">Y los porcentajes aumentar\u00e1n significativamente seg\u00fan la ONU para 2050, cuando Hong Kong y Corea del Sur superar\u00e1n a Jap\u00f3n con cerca de un 40% de personas de 65 a\u00f1os o m\u00e1s, y Espa\u00f1a ocupar\u00e1 el quinto lugar con m\u00e1s de 36% (<i class=\"bbc-h1y5j7 eih42320\">ver gr\u00e1fico m\u00e1s arriba<\/i>).<\/p>\n<\/div>\n<div class=\"bbc-19j92fr ebmt73l0\" dir=\"ltr\">\n<p class=\"bbc-hhl7in e17g058b0\" dir=\"ltr\">\u201cEn mayor o menor medida, la poblaci\u00f3n de todos los pa\u00edses del mundo est\u00e1 viviendo hasta edades m\u00e1s avanzadas y las mujeres y parejas est\u00e1n teniendo menos hijos.\u00a0El envejecimiento demogr\u00e1fico es, por lo tanto, un fen\u00f3meno mundial\u201d, le dijo a BBC Mundo Jorge Bravo, experto de la Divisi\u00f3n de Poblaci\u00f3n del Departamento de Asuntos Econ\u00f3micos y Sociales de Naciones Unidas, (DESA, por sus siglas en ingl\u00e9s).<\/p>\n<\/div>\n<div class=\"bbc-19j92fr ebmt73l0\" dir=\"ltr\">\n<p class=\"bbc-hhl7in e17g058b0\" dir=\"ltr\">Bravo es uno de los autores del\u00a0<a class=\"focusIndicatorReducedWidth bbc-n8oauk e1p3sufg0\" href=\"https:\/\/desapublications.un.org\/publications\/world-social-report-2023-leaving-no-one-behind-ageing-world\" aria-label=\"Informe, externo\">Informe<\/a>\u00a0Mundial Social 2023 de la ONU, titulado \u201cQue nadie quede atr\u00e1s en un mundo que envejece\u201d.<\/p>\n<p dir=\"ltr\">\n<\/div>\n<figure class=\"bbc-1qn0xuy\">\n<div class=\"bbc-18qcclp\"><picture><img loading=\"lazy\" decoding=\"async\" class=\"bbc-1uwua2r\" src=\"https:\/\/ichef.bbci.co.uk\/news\/640\/cpsprodpb\/3ce3\/live\/832e3420-6379-11ee-b330-9502c89ceec4.jpg\" sizes=\"auto, (min-width: 1008px) 760px, 100vw\" srcset=\"https:\/\/ichef.bbci.co.uk\/news\/240\/cpsprodpb\/3ce3\/live\/832e3420-6379-11ee-b330-9502c89ceec4.jpg 240w, https:\/\/ichef.bbci.co.uk\/news\/320\/cpsprodpb\/3ce3\/live\/832e3420-6379-11ee-b330-9502c89ceec4.jpg 320w, https:\/\/ichef.bbci.co.uk\/news\/480\/cpsprodpb\/3ce3\/live\/832e3420-6379-11ee-b330-9502c89ceec4.jpg 480w, https:\/\/ichef.bbci.co.uk\/news\/624\/cpsprodpb\/3ce3\/live\/832e3420-6379-11ee-b330-9502c89ceec4.jpg 624w, https:\/\/ichef.bbci.co.uk\/news\/800\/cpsprodpb\/3ce3\/live\/832e3420-6379-11ee-b330-9502c89ceec4.jpg 800w\" alt=\"Mujer mayor caminando con un bast\u00f3n en la calle en Jap\u00f3n junto a cerezos en flor\" width=\"976\" height=\"549\" \/><\/picture><\/div><figcaption class=\"bbc-847f6b e6i104o0\" dir=\"ltr\">\n<h5><em>El envejecimiento demogr\u00e1fico es un fen\u00f3meno mundial, seg\u00fan la ONU.<\/em><\/h5>\n<\/figcaption><\/figure>\n<div class=\"bbc-19j92fr ebmt73l0\" dir=\"ltr\">\n<p dir=\"ltr\">\n<p dir=\"ltr\">\n<p class=\"bbc-hhl7in e17g058b0\" dir=\"ltr\">El informe estima que\u00a0el n\u00famero de personas de 65 a\u00f1os o m\u00e1s en todo el mundo se duplicar\u00e1 durante las pr\u00f3ximas tres d\u00e9cadas, y alcanzar\u00e1 1.600 millones en 2050, cuando las personas mayores representar\u00e1n m\u00e1s del 16% de la poblaci\u00f3n mundial.<\/p>\n<\/div>\n<div class=\"bbc-19j92fr ebmt73l0\" dir=\"ltr\">\n<p class=\"bbc-hhl7in e17g058b0\" dir=\"ltr\">\u201cJap\u00f3n es, desde hace d\u00e9cadas, el pa\u00eds demogr\u00e1ficamente m\u00e1s envejecido del mundo, pero muchos pa\u00edses de Europa, varios de Asia y de las Am\u00e9ricas tienen tambi\u00e9n un alto porcentaje de su poblaci\u00f3n en el grupo de 65 a\u00f1os y m\u00e1s\u201d, se\u00f1al\u00f3 Bravo.<\/p>\n<\/div>\n<div class=\"bbc-19j92fr ebmt73l0\" dir=\"ltr\">\n<p class=\"bbc-hhl7in e17g058b0\" dir=\"ltr\">En esa transici\u00f3n a sociedades m\u00e1s envejecidas algunos pa\u00edses est\u00e1n m\u00e1s avanzados que otros, y Am\u00e9rica Latina, de acuerdo al informe, se encuentra en una fase intermedia.<\/p>\n<\/div>\n<div class=\"bbc-19j92fr ebmt73l0\" dir=\"ltr\">\n<p class=\"bbc-hhl7in e17g058b0\" dir=\"ltr\">\u201cAm\u00e9rica Latina tiene niveles de fecundidad y mortalidad cercanos al promedio mundial. En consecuencia, su grado de envejecimiento, medido por la proporci\u00f3n de personas de 65 a\u00f1os y m\u00e1s en la poblaci\u00f3n total, actualmente de 9.5%, es muy cercano al promedio mundial de 10%. Esa proporci\u00f3n se ubica en un nivel intermedio entre los mayores del mundo (m\u00e1s de 20% en Jap\u00f3n, Rep\u00fablica de Corea y muchos pa\u00edses europeos) y los menores niveles del \u00c1frica subsahariana y partes de Asia\u201d.<\/p>\n<\/div>\n<div class=\"bbc-19j92fr ebmt73l0\" dir=\"ltr\">\n<h2 id=\"Prepararse-para-el-envejecimiento\" class=\"bbc-1f03ibc eglt09e0\" tabindex=\"-1\">Prepararse para el envejecimiento<\/h2>\n<\/div>\n<div class=\"bbc-19j92fr ebmt73l0\" dir=\"ltr\">\n<p class=\"bbc-hhl7in e17g058b0\" dir=\"ltr\">Bravo se\u00f1ala que si bien los pa\u00edses de Am\u00e9rica Latina est\u00e1n todav\u00eda lejos del nivel de envejecimiento de Jap\u00f3n, deben hacer las previsiones del caso.<\/p>\n<\/div>\n<div class=\"bbc-19j92fr ebmt73l0\" dir=\"ltr\">\n<p class=\"bbc-hhl7in e17g058b0\" dir=\"ltr\">Entre las medidas a adoptar, el experto de la ONU incluye: a)\u00a0extender la base contributiva de los sistemas de seguridad social, ajustando la edad de jubilaci\u00f3n en proporci\u00f3n al aumento de la esperanza de vida, b)\u00a0invertir en mejorar las condiciones de salud a lo largo de la vida,\u00a0evitando enfocarse solo en intervenciones curativas, c)\u00a0ampliar las oportunidades de empleo para las mujeres, que todav\u00eda enfrentan importantes desventajas en el mercado laboral respecto de los hombres, y d)\u00a0implementar medidas para facilitar la compatibilidad entre trabajo y crianza de los hijos, con m\u00e1s igualdad de g\u00e9nero, es decir, mayor equilibrio entre mujeres y hombres en el trabajo dentro y fuera del hogar.<\/p>\n<\/div>\n<div class=\"bbc-19j92fr ebmt73l0\" dir=\"ltr\">\n<p class=\"bbc-hhl7in e17g058b0\" dir=\"ltr\">Bravo cita como ejemplos positivos el de \u201cpa\u00edses n\u00f3rdicos y otros europeos que han adoptado las pol\u00edticas m\u00e1s generosas de apoyo a los padres para que puedan equilibrar la vida familiar y laboral. Estos incluyen programas para facilitar el empleo, las licencias maternales y paternales, horarios flexibles de trabajo, cr\u00e9ditos tributarios y subsidios sustanciales para el cuidado de los ni\u00f1os\u201d.<\/p>\n<p dir=\"ltr\">\n<\/div>\n<figure class=\"bbc-1qn0xuy\">\n<div class=\"bbc-18qcclp\"><picture><img loading=\"lazy\" decoding=\"async\" class=\"bbc-1uwua2r\" src=\"https:\/\/ichef.bbci.co.uk\/news\/640\/cpsprodpb\/8276\/live\/3e5aebd0-637a-11ee-bf62-3360c46602f9.jpg\" sizes=\"auto, (min-width: 1008px) 760px, 100vw\" srcset=\"https:\/\/ichef.bbci.co.uk\/news\/240\/cpsprodpb\/8276\/live\/3e5aebd0-637a-11ee-bf62-3360c46602f9.jpg 240w, https:\/\/ichef.bbci.co.uk\/news\/320\/cpsprodpb\/8276\/live\/3e5aebd0-637a-11ee-bf62-3360c46602f9.jpg 320w, https:\/\/ichef.bbci.co.uk\/news\/480\/cpsprodpb\/8276\/live\/3e5aebd0-637a-11ee-bf62-3360c46602f9.jpg 480w, https:\/\/ichef.bbci.co.uk\/news\/624\/cpsprodpb\/8276\/live\/3e5aebd0-637a-11ee-bf62-3360c46602f9.jpg 624w, https:\/\/ichef.bbci.co.uk\/news\/800\/cpsprodpb\/8276\/live\/3e5aebd0-637a-11ee-bf62-3360c46602f9.jpg 800w\" alt=\"Hombre con un bast\u00f3n siendo ayudado por una cuidadora\" width=\"976\" height=\"549\" \/><\/picture><\/div><figcaption class=\"bbc-847f6b e6i104o0\" dir=\"ltr\">\n<h5><em>Financiar el aumento en los costos de salud y seguridad social es uno de los mayores desaf\u00edos para los pa\u00edses que envejecen.<\/em><\/h5>\n<\/figcaption><\/figure>\n<div class=\"bbc-19j92fr ebmt73l0\" dir=\"ltr\">\n<p dir=\"ltr\">\n<p dir=\"ltr\">\n<p class=\"bbc-hhl7in e17g058b0\" dir=\"ltr\">Por otra parte, el experto de la ONU cita el ejemplo de la\u00a0reforma al sistema de pensiones en Suecia.<\/p>\n<\/div>\n<div class=\"bbc-19j92fr ebmt73l0\" dir=\"ltr\">\n<p class=\"bbc-hhl7in e17g058b0\" dir=\"ltr\">Este pa\u00eds \u201cintrodujo en los a\u00f1os noventa un sistema de reparto de cuentas \u2018nocionales\u2019, mediante el cual se otorgan pensiones en proporci\u00f3n a las cotizaciones individuales realizadas durante la vida laboral, y ajustadas al nivel de la esperanza de vida de cada cohorte de jubilados\u201d.<\/p>\n<\/div>\n<div class=\"bbc-19j92fr ebmt73l0\" dir=\"ltr\">\n<p class=\"bbc-hhl7in e17g058b0\" dir=\"ltr\">Am\u00e9rica Latina enfrenta adem\u00e1s el desaf\u00edo de combatir la desigualdad desde una temprana edad para\u00a0evitar que esa inequidad se profundice con un gran n\u00famero de personas mayores en la pobreza.<\/p>\n<\/div>\n<div class=\"bbc-19j92fr ebmt73l0\" dir=\"ltr\">\n<p class=\"bbc-hhl7in e17g058b0\" dir=\"ltr\">Y otro elemento importante, seg\u00fan Bravo, es\u00a0promover la educaci\u00f3n continua.<\/p>\n<\/div>\n<div class=\"bbc-19j92fr ebmt73l0\" dir=\"ltr\">\n<p class=\"bbc-hhl7in e17g058b0\" dir=\"ltr\">\u201cLa educaci\u00f3n de por vida, desde la educaci\u00f3n preescolar hasta la capacitaci\u00f3n continua durante la vida laboral es esencial, especialmente en las sociedades modernas caracterizadas por el progresivo envejecimiento demogr\u00e1fico y el r\u00e1pido progreso cient\u00edfico y t\u00e9cnico, que requiere constante actualizaci\u00f3n de conocimientos y habilidades, y al mismo tiempo permite a muchas personas trabajar hasta edades mayores\u201d, se\u00f1al\u00f3 Bravo.<\/p>\n<\/div>\n<div class=\"bbc-19j92fr ebmt73l0\" dir=\"ltr\">\n<p class=\"bbc-hhl7in e17g058b0\" dir=\"ltr\">\u201cEntre los programas que han tenido cierto \u00e9xito que pueden ser de inter\u00e9s general son, primeramente, el programa de capacitaci\u00f3n y formaci\u00f3n profesional del Instituto Nacional de Aprendizaje de Costa Rica, que apunta a mejorar las condiciones de trabajo de personas de distintas edades que buscan trabajo o se desempe\u00f1an ya en distintos sectores de la econom\u00eda, compatibilizando dicha formaci\u00f3n con las necesidades de las empresas productivas y de servicios\u201d.<\/p>\n<\/div>\n<div class=\"bbc-19j92fr ebmt73l0\" dir=\"ltr\">\n<h2 id=\"Carga-y-oportunidad\" class=\"bbc-1f03ibc eglt09e0\" tabindex=\"-1\">Carga y oportunidad<\/h2>\n<\/div>\n<div class=\"bbc-19j92fr ebmt73l0\" dir=\"ltr\">\n<p class=\"bbc-hhl7in e17g058b0\" dir=\"ltr\">El envejecimiento de las poblaciones es seg\u00fan el informe de la ONU no solo un desaf\u00edo sino tambi\u00e9n una\u00a0oportunidad para el bienestar personal y el desarrollo econ\u00f3mico y social.<\/p>\n<\/div>\n<div class=\"bbc-19j92fr ebmt73l0\" dir=\"ltr\">\n<p class=\"bbc-hhl7in e17g058b0\" dir=\"ltr\">Bravo recuerda que el envejecimiento demogr\u00e1fico es producido por dos tendencias sumamente positivas para la humanidad: la mejora de las condiciones de salud y de sobrevivencia hasta edades cada vez m\u00e1s avanzadas, y la ampliaci\u00f3n del ejercicio de los derechos reproductivos para decidir cu\u00e1ndo y cu\u00e1ntos hijos tener.<\/p>\n<\/div>\n<div class=\"bbc-19j92fr ebmt73l0\" dir=\"ltr\">\n<p class=\"bbc-hhl7in e17g058b0\" dir=\"ltr\">El experto agrega que durante la fase intermedia del proceso de envejecimiento, en la que se encuentran los pa\u00edses de Am\u00e9rica Latina y que puede durar varias d\u00e9cadas, se produce lo que se conoce como un \u201cdividendo demogr\u00e1fico\u201d.<\/p>\n<\/div>\n<div class=\"bbc-19j92fr ebmt73l0\" dir=\"ltr\">\n<p class=\"bbc-hhl7in e17g058b0\" dir=\"ltr\">En otras palabras, un pa\u00eds en el que el n\u00famero de personas j\u00f3venes aumenta y la fecundidad va disminuyendo puede beneficiarse en esa fase de un incremento de la poblaci\u00f3n activa respecto al n\u00famero de personas a cargo, lo que permite liberar recursos para inversiones en capital humano o f\u00edsico.<\/p>\n<p dir=\"ltr\">\n<\/div>\n<figure class=\"bbc-1qn0xuy\">\n<div class=\"bbc-18qcclp\"><picture><img loading=\"lazy\" decoding=\"async\" class=\"bbc-1uwua2r\" src=\"https:\/\/ichef.bbci.co.uk\/news\/640\/cpsprodpb\/c20d\/live\/e2fe4a60-637a-11ee-bf62-3360c46602f9.jpg\" sizes=\"auto, (min-width: 1008px) 760px, 100vw\" srcset=\"https:\/\/ichef.bbci.co.uk\/news\/240\/cpsprodpb\/c20d\/live\/e2fe4a60-637a-11ee-bf62-3360c46602f9.jpg 240w, https:\/\/ichef.bbci.co.uk\/news\/320\/cpsprodpb\/c20d\/live\/e2fe4a60-637a-11ee-bf62-3360c46602f9.jpg 320w, https:\/\/ichef.bbci.co.uk\/news\/480\/cpsprodpb\/c20d\/live\/e2fe4a60-637a-11ee-bf62-3360c46602f9.jpg 480w, https:\/\/ichef.bbci.co.uk\/news\/624\/cpsprodpb\/c20d\/live\/e2fe4a60-637a-11ee-bf62-3360c46602f9.jpg 624w, https:\/\/ichef.bbci.co.uk\/news\/800\/cpsprodpb\/c20d\/live\/e2fe4a60-637a-11ee-bf62-3360c46602f9.jpg 800w\" alt=\"Mujer de cerca de 60 a\u00f1os trabajando frente a una computadora\" width=\"976\" height=\"549\" \/><\/picture><\/div><figcaption class=\"bbc-847f6b e6i104o0\" dir=\"ltr\">\n<h5><em>El n\u00famero de personas de 65 a\u00f1os o m\u00e1s en todo el mundo se duplicar\u00e1 durante las pr\u00f3ximas tres d\u00e9cadas y alcanzar\u00e1 1.600 millones en 2050.<\/em><\/h5>\n<\/figcaption><\/figure>\n<div class=\"bbc-19j92fr ebmt73l0\" dir=\"ltr\">\n<p dir=\"ltr\">\n<p dir=\"ltr\">\n<p class=\"bbc-hhl7in e17g058b0\" dir=\"ltr\">Bravo destaca que si los gobiernos adoptan pol\u00edticas para ampliar esas inversiones y las oportunidades de trabajo decente para hombres y mujeres de todas las edades, \u201cse pueden reducir las desigualdades socioecon\u00f3micas y potenciarse el impulso inicial del dividendo demogr\u00e1fico\u201d.<\/p>\n<\/div>\n<div class=\"bbc-19j92fr ebmt73l0\" dir=\"ltr\">\n<p class=\"bbc-hhl7in e17g058b0\" dir=\"ltr\">A nivel global, el cambio hacia poblaciones de mayor edad \u201ces en gran medida irreversible\u201d, seg\u00fan el informe de Naciones Unidas. Pero su impacto depender\u00e1 de las acciones que tomen los gobiernos ahora.<\/p>\n<\/div>\n<div class=\"bbc-19j92fr ebmt73l0\" dir=\"ltr\">\n<p class=\"bbc-hhl7in e17g058b0\" dir=\"ltr\">Con planificaci\u00f3n adecuada, destaca la ONU, los pa\u00edses pueden afrontar los desaf\u00edos del envejecimiento y al mismo tiempo mejorar las oportunidades de prosperar para sus habitantes.<\/p>\n<\/div>\n<div class=\"bbc-19j92fr ebmt73l0\" dir=\"ltr\">\n<p class=\"bbc-hhl7in e17g058b0\" dir=\"ltr\">Sin embargo, postergar las medidas necesarias para adaptarse al envejecimiento de la poblaci\u00f3n \u201cimpondr\u00e1 altos costos econ\u00f3micos y relacionados con la salud a generaciones actuales y futuras\u201d.<\/p>\n<\/div>\n","protected":false},"excerpt":{"rendered":"<p>Jap\u00f3n es el pa\u00eds con el mayor porcentaje de personas de 65 a\u00f1os o m\u00e1s. &nbsp; &nbsp; Es el pa\u00eds m\u00e1s anciano del mundo y&hellip;<\/p>\n","protected":false},"author":99,"featured_media":513820,"comment_status":"open","ping_status":"open","sticky":false,"template":"","format":"standard","meta":{"footnotes":""},"categories":[24],"tags":[],"class_list":["post-513819","post","type-post","status-publish","format-standard","has-post-thumbnail","hentry","category-mundo"],"_links":{"self":[{"href":"https:\/\/diarioelpopular.com\/index.php\/wp-json\/wp\/v2\/posts\/513819","targetHints":{"allow":["GET"]}}],"collection":[{"href":"https:\/\/diarioelpopular.com\/index.php\/wp-json\/wp\/v2\/posts"}],"about":[{"href":"https:\/\/diarioelpopular.com\/index.php\/wp-json\/wp\/v2\/types\/post"}],"author":[{"embeddable":true,"href":"https:\/\/diarioelpopular.com\/index.php\/wp-json\/wp\/v2\/users\/99"}],"replies":[{"embeddable":true,"href":"https:\/\/diarioelpopular.com\/index.php\/wp-json\/wp\/v2\/comments?post=513819"}],"version-history":[{"count":1,"href":"https:\/\/diarioelpopular.com\/index.php\/wp-json\/wp\/v2\/posts\/513819\/revisions"}],"predecessor-version":[{"id":513821,"href":"https:\/\/diarioelpopular.com\/index.php\/wp-json\/wp\/v2\/posts\/513819\/revisions\/513821"}],"wp:featuredmedia":[{"embeddable":true,"href":"https:\/\/diarioelpopular.com\/index.php\/wp-json\/wp\/v2\/media\/513820"}],"wp:attachment":[{"href":"https:\/\/diarioelpopular.com\/index.php\/wp-json\/wp\/v2\/media?parent=513819"}],"wp:term":[{"taxonomy":"category","embeddable":true,"href":"https:\/\/diarioelpopular.com\/index.php\/wp-json\/wp\/v2\/categories?post=513819"},{"taxonomy":"post_tag","embeddable":true,"href":"https:\/\/diarioelpopular.com\/index.php\/wp-json\/wp\/v2\/tags?post=513819"}],"curies":[{"name":"wp","href":"https:\/\/api.w.org\/{rel}","templated":true}]}}