{"id":514058,"date":"2023-11-08T11:32:17","date_gmt":"2023-11-08T15:32:17","guid":{"rendered":"https:\/\/diarioelpopular.com\/?p=514058"},"modified":"2023-11-08T11:32:17","modified_gmt":"2023-11-08T15:32:17","slug":"el-escandalo-de-corrupcion-que-llevo-a-la-dimision-del-primer-ministro-de-portugal-antonio-costa","status":"publish","type":"post","link":"https:\/\/diarioelpopular.com\/index.php\/2023\/11\/08\/el-escandalo-de-corrupcion-que-llevo-a-la-dimision-del-primer-ministro-de-portugal-antonio-costa\/","title":{"rendered":"El esc\u00e1ndalo de corrupci\u00f3n que llev\u00f3 a la dimisi\u00f3n del primer ministro de Portugal, Ant\u00f3nio Costa"},"content":{"rendered":"<p><img loading=\"lazy\" decoding=\"async\" class=\"alignnone size-custom-big-size wp-image-514059\" src=\"https:\/\/diarioelpopular.com\/wp-content\/uploads\/2023\/11\/Screen-Shot-2023-11-08-at-10.31.41-AM-1200x632.png\" alt=\"\" width=\"1200\" height=\"632\" srcset=\"https:\/\/diarioelpopular.com\/wp-content\/uploads\/2023\/11\/Screen-Shot-2023-11-08-at-10.31.41-AM-1200x632.png 1200w, https:\/\/diarioelpopular.com\/wp-content\/uploads\/2023\/11\/Screen-Shot-2023-11-08-at-10.31.41-AM-300x158.png 300w, https:\/\/diarioelpopular.com\/wp-content\/uploads\/2023\/11\/Screen-Shot-2023-11-08-at-10.31.41-AM-768x404.png 768w, https:\/\/diarioelpopular.com\/wp-content\/uploads\/2023\/11\/Screen-Shot-2023-11-08-at-10.31.41-AM-636x335.png 636w, https:\/\/diarioelpopular.com\/wp-content\/uploads\/2023\/11\/Screen-Shot-2023-11-08-at-10.31.41-AM-139x73.png 139w, https:\/\/diarioelpopular.com\/wp-content\/uploads\/2023\/11\/Screen-Shot-2023-11-08-at-10.31.41-AM.png 1024w\" sizes=\"auto, (max-width: 1200px) 100vw, 1200px\" \/><\/p>\n<h5><em>Costa pertenece al Partido Socialista y es primer ministro desde 2015.<\/em><\/h5>\n<p>&nbsp;<\/p>\n<p>&nbsp;<\/p>\n<div class=\"bbc-19j92fr ebmt73l0\" dir=\"ltr\">\n<ul>\n<li class=\"bbc-hhl7in e17g058b0\" dir=\"ltr\"><em><b>El primer ministro portugu\u00e9s, Ant\u00f3nio Costa, present\u00f3 su dimisi\u00f3n este martes en medio de un esc\u00e1ndalo por presunta corrupci\u00f3n en el que est\u00e1 involucrado su gobierno.<\/b><\/em><\/li>\n<\/ul>\n<\/div>\n<div class=\"bbc-19j92fr ebmt73l0\" dir=\"ltr\">\n<p dir=\"ltr\">\n<p class=\"bbc-hhl7in e17g058b0\" dir=\"ltr\">El presidente\u00a0Marcelo Rebelo de Sousa\u00a0acept\u00f3 la renuncia y llam\u00f3 a los partidos pol\u00edticos representados en el Parlamento a una reuni\u00f3n este mi\u00e9rcoles para organizar una elecci\u00f3n anticipada.<\/p>\n<\/div>\n<div class=\"bbc-19j92fr ebmt73l0\" dir=\"ltr\">\n<p class=\"bbc-hhl7in e17g058b0\" dir=\"ltr\">\u201cLa dignidad de las tareas de un primer ministro no son compatibles con ninguna sospecha sobre la integridad, el buen comportamiento y menos a\u00fan con cualquier tipo de acto delictivo\u201d, afirm\u00f3 Costa por televisi\u00f3n luego de presentarle su dimisi\u00f3n al presidente.<\/p>\n<\/div>\n<div class=\"bbc-19j92fr ebmt73l0\" dir=\"ltr\">\n<p class=\"bbc-hhl7in e17g058b0\" dir=\"ltr\">\u201cNo intentar\u00e9 mantener el cargo de primer ministro, he sido muy claro al respecto. Es una etapa de mi vida que ya est\u00e1 cerrada\u201d, agreg\u00f3.<\/p>\n<\/div>\n<section class=\"bbc-geybui\" role=\"region\" aria-label=\"Publicidad 2\" aria-hidden=\"true\" data-e2e=\"advertisement\"><\/section>\n<div class=\"bbc-19j92fr ebmt73l0\" dir=\"ltr\">\n<p class=\"bbc-hhl7in e17g058b0\" dir=\"ltr\">La prensa portuguesa revel\u00f3 que varios ministerios y la residencia del propio Costa fueron allanados por las autoridades por presuntas irregularidades en la gesti\u00f3n de proyectos de extracci\u00f3n de litio y producci\u00f3n de hidr\u00f3geno con fines energ\u00e9ticos.<\/p>\n<\/div>\n<div class=\"bbc-1n4f7vm ebmt73l0\" dir=\"ltr\"><\/div>\n<div class=\"bbc-19j92fr ebmt73l0\" dir=\"ltr\">\n<p class=\"bbc-hhl7in e17g058b0\" dir=\"ltr\">Unos 140 detectives inspeccionaron tambi\u00e9n la oficina de su jefe de gabinete,\u00a0V\u00edtor Esc\u00e1ria\u00a0y cerca de 40 inmuebles m\u00e1s, entre entidades p\u00fablicas, oficinas privadas y domicilios.<\/p>\n<\/div>\n<div class=\"bbc-19j92fr ebmt73l0\" dir=\"ltr\">\n<p class=\"bbc-hhl7in e17g058b0\" dir=\"ltr\">Seg\u00fan el diario P\u00fablico, cinco personas fueron detenidas. Dos de ellas son cercanas a Costa: Esc\u00e1ria y un empresario amigo,\u00a0Diogo Lacerda.<\/p>\n<\/div>\n<div class=\"bbc-19j92fr ebmt73l0\" dir=\"ltr\">\n<p class=\"bbc-hhl7in e17g058b0\" dir=\"ltr\">La fiscal\u00eda argument\u00f3 que las detenciones se ordenaron para evitar el riesgo de fuga y de que contin\u00faen las actividades ilegales.<\/p>\n<\/div>\n<div class=\"bbc-19j92fr ebmt73l0\" dir=\"ltr\">\n<p class=\"bbc-hhl7in e17g058b0\" dir=\"ltr\">Los fiscales anunciaron que el ministro de Infraestructura,\u00a0Joao Galamba, fue acusado como parte de la investigaci\u00f3n.<\/p>\n<\/div>\n<div class=\"bbc-19j92fr ebmt73l0\" dir=\"ltr\">\n<p class=\"bbc-hhl7in e17g058b0\" dir=\"ltr\">Costa afirm\u00f3 que el esc\u00e1ndalo lo tom\u00f3 por sorpresa, pero que tiene la conciencia tranquila y que est\u00e1 \u201cplenamente disponible para colaborar\u201d con la investigaci\u00f3n judicial.<\/p>\n<\/div>\n<div class=\"bbc-19j92fr ebmt73l0\" dir=\"ltr\">\n<h2 id=\"Qu\u00e9-se-investiga-\" class=\"bbc-1f03ibc eglt09e0\" tabindex=\"-1\">\u00bfQu\u00e9 se investiga?<\/h2>\n<\/div>\n<figure class=\"bbc-1qn0xuy\">\n<div class=\"bbc-18qcclp\"><picture><img loading=\"lazy\" decoding=\"async\" class=\"bbc-1uwua2r\" src=\"https:\/\/ichef.bbci.co.uk\/news\/640\/cpsprodpb\/6ee8\/live\/da93e2d0-7d98-11ee-b315-7d1db3f558c6.jpg\" sizes=\"auto, (min-width: 1008px) 760px, 100vw\" srcset=\"https:\/\/ichef.bbci.co.uk\/news\/240\/cpsprodpb\/6ee8\/live\/da93e2d0-7d98-11ee-b315-7d1db3f558c6.jpg 240w, https:\/\/ichef.bbci.co.uk\/news\/320\/cpsprodpb\/6ee8\/live\/da93e2d0-7d98-11ee-b315-7d1db3f558c6.jpg 320w, https:\/\/ichef.bbci.co.uk\/news\/480\/cpsprodpb\/6ee8\/live\/da93e2d0-7d98-11ee-b315-7d1db3f558c6.jpg 480w, https:\/\/ichef.bbci.co.uk\/news\/624\/cpsprodpb\/6ee8\/live\/da93e2d0-7d98-11ee-b315-7d1db3f558c6.jpg 624w, https:\/\/ichef.bbci.co.uk\/news\/800\/cpsprodpb\/6ee8\/live\/da93e2d0-7d98-11ee-b315-7d1db3f558c6.jpg 800w\" alt=\" Covas do Barroso, Portugal.\" width=\"1024\" height=\"682\" \/><\/picture><\/div><figcaption class=\"bbc-847f6b e6i104o0\" dir=\"ltr\">\n<h5><em>La compa\u00f1\u00eda Savannah Resource obtuvo un contrato para extraer litio en Covas do Barroso, Portugal.<\/em><\/h5>\n<\/figcaption><\/figure>\n<div class=\"bbc-19j92fr ebmt73l0\" dir=\"ltr\">\n<p dir=\"ltr\">\n<p dir=\"ltr\">\n<p class=\"bbc-hhl7in e17g058b0\" dir=\"ltr\">La investigaci\u00f3n abarca presuntos \u201cdesv\u00edos de fondos, corrupci\u00f3n activa y pasiva por parte de figuras pol\u00edticas y tr\u00e1fico de influencias\u201d, seg\u00fan un comunicado de la fiscal\u00eda.<\/p>\n<\/div>\n<div class=\"bbc-19j92fr ebmt73l0\" dir=\"ltr\">\n<p class=\"bbc-hhl7in e17g058b0\" dir=\"ltr\">Se investiga c\u00f3mo se entregaron dos contratos para extraer litio, un mineral indispensable para la energ\u00eda del futuro (en la producci\u00f3n de bater\u00edas para autom\u00f3viles el\u00e9ctricos y microprocesadores, por ejemplo), en el norte del pa\u00eds.<\/p>\n<\/div>\n<div class=\"bbc-19j92fr ebmt73l0\" dir=\"ltr\">\n<p class=\"bbc-hhl7in e17g058b0\" dir=\"ltr\">Portugal posee\u00a0las mayores reservas de litio de Europa, y ya es el mayor productor de ese mineral en el continente.<\/p>\n<\/div>\n<div class=\"bbc-19j92fr ebmt73l0\" dir=\"ltr\">\n<p class=\"bbc-hhl7in e17g058b0\" dir=\"ltr\">Sin embargo, todo el litio portugu\u00e9s se destina a la industria del vidrio y la cer\u00e1mica, y es ahora las mineras se est\u00e1n preparando para producir el tipo de litio que se usa para construir bater\u00edas el\u00e9ctricas.<\/p>\n<\/div>\n<div class=\"bbc-19j92fr ebmt73l0\" dir=\"ltr\">\n<p class=\"bbc-hhl7in e17g058b0\" dir=\"ltr\">La Agencia Portuguesa de Protecci\u00f3n del Medio Ambiente (APA) dio luz verde en mayo a un primer proyecto de explotaci\u00f3n de litio con estos fines y a otro en septiembre. Grupos ecologistas y parte de la poblaci\u00f3n se opusieron a los proyectos.<\/p>\n<\/div>\n<div class=\"bbc-19j92fr ebmt73l0\" dir=\"ltr\">\n<p class=\"bbc-hhl7in e17g058b0\" dir=\"ltr\">Uno de estos lo desarrolla una multinacional minera de Reino Unido en\u00a0Covas do Barroso, un lugar declarado Patrimonio Agrario Mundial por la Agencia de la ONU para la Alimentaci\u00f3n y la Agricultura, FAO.<\/p>\n<\/div>\n<div class=\"bbc-19j92fr ebmt73l0\" dir=\"ltr\">\n<p class=\"bbc-hhl7in e17g058b0\" dir=\"ltr\">El presidente de la APA tambi\u00e9n fue acusado como parte de la investigaci\u00f3n.<\/p>\n<\/div>\n<div class=\"bbc-19j92fr ebmt73l0\" dir=\"ltr\">\n<p class=\"bbc-hhl7in e17g058b0\" dir=\"ltr\">Por otro lado, est\u00e1 siendo investigado un proyecto de la empresa Start Campus para producir hidr\u00f3geno verde y construir un centro de datos en\u00a0Sines, un puerto al sur de Lisboa.<\/p>\n<\/div>\n<div class=\"bbc-19j92fr ebmt73l0\" dir=\"ltr\">\n<p class=\"bbc-hhl7in e17g058b0\" dir=\"ltr\">Las autoridades emitieron \u00f3rdenes de captura contra dos ejecutivos de esa empresa y el alcalde de Sines.<\/p>\n<\/div>\n<div class=\"bbc-19j92fr ebmt73l0\" dir=\"ltr\">\n<p class=\"bbc-hhl7in e17g058b0\" dir=\"ltr\">Otra investigaci\u00f3n separada recae sobre Costa, que presuntamente intervino personalmente para acelerar esos contratos.<\/p>\n<\/div>\n<div class=\"bbc-19j92fr ebmt73l0\" dir=\"ltr\">\n<p class=\"bbc-hhl7in e17g058b0\" dir=\"ltr\">\u201cDurante el curso de las investigaciones se puso de manifiesto, adem\u00e1s, que los sospechosos\u00a0invocaban el nombre y la autoridad del primer ministro\u00a0y su intervenci\u00f3n para desbloquear los procedimientos\u201d, expone el comunicado de la fiscal\u00eda.<\/p>\n<\/div>\n<div class=\"bbc-19j92fr ebmt73l0\" dir=\"ltr\">\n<p class=\"bbc-hhl7in e17g058b0\" dir=\"ltr\">Costa, del Partido Socialista portugu\u00e9s, es primer ministro desde finales de 2015 y fue reelegido en enero de 2022.<\/p>\n<\/div>\n<div class=\"bbc-19j92fr ebmt73l0\" dir=\"ltr\">\n<p class=\"bbc-hhl7in e17g058b0\" dir=\"ltr\">Su popularidad ha disminuido recientemente tras una serie de esc\u00e1ndalos relacionados con la aerol\u00ednea nacional TAP.<\/p>\n<\/div>\n<div class=\"bbc-19j92fr ebmt73l0\" dir=\"ltr\">\n<p class=\"bbc-hhl7in e17g058b0\" dir=\"ltr\">Ese esc\u00e1ndalo, bautizado como TAPgate, estall\u00f3 hace casi un a\u00f1o luego de que se revelara que un directivo de la aerol\u00ednea recibi\u00f3 una indemnizaci\u00f3n por despido de 500.000 euros (unos US$535.000).<\/p>\n<\/div>\n<div class=\"bbc-19j92fr ebmt73l0\" dir=\"ltr\">\n<p class=\"bbc-hhl7in e17g058b0\" dir=\"ltr\">M\u00e1s de una docena de ministros y secretarios de Estado tuvieron que abandonar sus cargos.<\/p>\n<\/div>\n<div class=\"bbc-19j92fr ebmt73l0\" dir=\"ltr\">\n<h2 id=\"Qu\u00e9-viene-ahora\" class=\"bbc-1f03ibc eglt09e0\" tabindex=\"-1\">\u00bfQu\u00e9 viene ahora?<\/h2>\n<\/div>\n<figure class=\"bbc-1qn0xuy\">\n<div class=\"bbc-18qcclp\"><picture><img loading=\"lazy\" decoding=\"async\" class=\"bbc-1uwua2r\" src=\"https:\/\/ichef.bbci.co.uk\/news\/640\/cpsprodpb\/6bc0\/live\/a749ece0-7db0-11ee-9c32-75fd8909483a.jpg\" sizes=\"auto, (min-width: 1008px) 760px, 100vw\" srcset=\"https:\/\/ichef.bbci.co.uk\/news\/240\/cpsprodpb\/6bc0\/live\/a749ece0-7db0-11ee-9c32-75fd8909483a.jpg 240w, https:\/\/ichef.bbci.co.uk\/news\/320\/cpsprodpb\/6bc0\/live\/a749ece0-7db0-11ee-9c32-75fd8909483a.jpg 320w, https:\/\/ichef.bbci.co.uk\/news\/480\/cpsprodpb\/6bc0\/live\/a749ece0-7db0-11ee-9c32-75fd8909483a.jpg 480w, https:\/\/ichef.bbci.co.uk\/news\/624\/cpsprodpb\/6bc0\/live\/a749ece0-7db0-11ee-9c32-75fd8909483a.jpg 624w, https:\/\/ichef.bbci.co.uk\/news\/800\/cpsprodpb\/6bc0\/live\/a749ece0-7db0-11ee-9c32-75fd8909483a.jpg 800w\" alt=\"Marcelo Rebelo de Sousa y Ant\u00f3nio Costa\" width=\"4504\" height=\"2534\" \/><\/picture><\/div><figcaption class=\"bbc-847f6b e6i104o0\" dir=\"ltr\">\n<h5><em>El presidente conservador Marcelo Rebelo de Sousa (a la izquierda) fue profesor de Costa (a la derecha) en la facultad de Derecho.<\/em><\/h5>\n<\/figcaption><\/figure>\n<div class=\"bbc-19j92fr ebmt73l0\" dir=\"ltr\">\n<p dir=\"ltr\">\n<p dir=\"ltr\">\n<p class=\"bbc-hhl7in e17g058b0\" dir=\"ltr\">Antes de poder disolver el Parlamento y convocar elecciones anticipadas, el presidente debe convocar tambi\u00e9n al Consejo de Estado, que incluye a los pol\u00edticos m\u00e1s veteranos del pa\u00eds, expresidentes y otras figuras notables.<\/p>\n<\/div>\n<div class=\"bbc-19j92fr ebmt73l0\" dir=\"ltr\">\n<p class=\"bbc-hhl7in e17g058b0\" dir=\"ltr\">De Sousa anunci\u00f3 que tendr\u00e1 esa reuni\u00f3n el jueves, y que \u201cse dirigir\u00e1 a la naci\u00f3n inmediatamente despu\u00e9s de la reuni\u00f3n del Consejo de Estado\u201d.<\/p>\n<\/div>\n<div class=\"bbc-19j92fr ebmt73l0\" dir=\"ltr\">\n<p class=\"bbc-hhl7in e17g058b0\" dir=\"ltr\">El presidente del Partido Socialista, al que pertenece Ant\u00f3nio Costa, dijo que el partido \u201cest\u00e1 preparado para todos los escenarios, ya sean elecciones anticipadas o un cambio de l\u00edder en el gobierno\u201d.<\/p>\n<\/div>\n<div class=\"bbc-19j92fr ebmt73l0\" dir=\"ltr\">\n<p class=\"bbc-hhl7in e17g058b0\" dir=\"ltr\">Por su parte, el l\u00edder del partido Iniciativa Liberal expres\u00f3: \u201cNo creo que haya otra soluci\u00f3n que la disoluci\u00f3n de la Asamblea de la rep\u00fablica y elecciones para que los portugueses puedan opinar\u201d.<\/p>\n<\/div>\n<div class=\"bbc-19j92fr ebmt73l0\" dir=\"ltr\">\n<p class=\"bbc-hhl7in e17g058b0\" dir=\"ltr\">Y Andr\u00e9 Ventura, l\u00edder del partido de extrema derecha Chega, tambi\u00e9n pidi\u00f3 nuevas elecciones, afirmando que \u201ccualquier otra soluci\u00f3n retrasar\u00e1 el proceso pol\u00edtico del pa\u00eds\u201d.<\/p>\n<\/div>\n<div class=\"bbc-19j92fr ebmt73l0\" dir=\"ltr\">\n<p class=\"bbc-hhl7in e17g058b0\" dir=\"ltr\">Costa por lo pronto seguir\u00e1 en el cargo, pero dej\u00f3 claro que no volver\u00e1 a ser candidato.<\/p>\n<\/div>\n<div class=\"bbc-19j92fr ebmt73l0\" dir=\"ltr\">\n<p class=\"bbc-hhl7in e17g058b0\" dir=\"ltr\">En las calles de Lisboa, hubo poca sorpresa por la dimisi\u00f3n de Costa, pero algunos expresaron su preocupaci\u00f3n por la turbulencia pol\u00edtica que se da en medio de una crisis del costo de vida.<\/p>\n<\/div>\n<div class=\"bbc-19j92fr ebmt73l0\" dir=\"ltr\">\n<p class=\"bbc-hhl7in e17g058b0\" dir=\"ltr\">\u201cSinceramente, no s\u00e9 si es para bien o para mal. Todo est\u00e1 patas arriba. El costo de la vida cada vez peor. Vamos a esperar a ver\u201d, dijo Anabela Reis, de 62 a\u00f1os.<\/p>\n<\/div>\n<div class=\"bbc-19j92fr ebmt73l0\" dir=\"ltr\">\n<p class=\"bbc-hhl7in e17g058b0\" dir=\"ltr\">El alquiler medio en Lisboa es ahora de unos US$2.140, mientras que el salario m\u00ednimo ronda los US$814.<\/p>\n<\/div>\n","protected":false},"excerpt":{"rendered":"<p>Costa pertenece al Partido Socialista y es primer ministro desde 2015. &nbsp; &nbsp; El primer ministro portugu\u00e9s, Ant\u00f3nio Costa, present\u00f3 su dimisi\u00f3n este martes en&hellip;<\/p>\n","protected":false},"author":99,"featured_media":514059,"comment_status":"open","ping_status":"open","sticky":false,"template":"","format":"standard","meta":{"footnotes":""},"categories":[24],"tags":[],"class_list":["post-514058","post","type-post","status-publish","format-standard","has-post-thumbnail","hentry","category-mundo"],"_links":{"self":[{"href":"https:\/\/diarioelpopular.com\/index.php\/wp-json\/wp\/v2\/posts\/514058","targetHints":{"allow":["GET"]}}],"collection":[{"href":"https:\/\/diarioelpopular.com\/index.php\/wp-json\/wp\/v2\/posts"}],"about":[{"href":"https:\/\/diarioelpopular.com\/index.php\/wp-json\/wp\/v2\/types\/post"}],"author":[{"embeddable":true,"href":"https:\/\/diarioelpopular.com\/index.php\/wp-json\/wp\/v2\/users\/99"}],"replies":[{"embeddable":true,"href":"https:\/\/diarioelpopular.com\/index.php\/wp-json\/wp\/v2\/comments?post=514058"}],"version-history":[{"count":1,"href":"https:\/\/diarioelpopular.com\/index.php\/wp-json\/wp\/v2\/posts\/514058\/revisions"}],"predecessor-version":[{"id":514060,"href":"https:\/\/diarioelpopular.com\/index.php\/wp-json\/wp\/v2\/posts\/514058\/revisions\/514060"}],"wp:featuredmedia":[{"embeddable":true,"href":"https:\/\/diarioelpopular.com\/index.php\/wp-json\/wp\/v2\/media\/514059"}],"wp:attachment":[{"href":"https:\/\/diarioelpopular.com\/index.php\/wp-json\/wp\/v2\/media?parent=514058"}],"wp:term":[{"taxonomy":"category","embeddable":true,"href":"https:\/\/diarioelpopular.com\/index.php\/wp-json\/wp\/v2\/categories?post=514058"},{"taxonomy":"post_tag","embeddable":true,"href":"https:\/\/diarioelpopular.com\/index.php\/wp-json\/wp\/v2\/tags?post=514058"}],"curies":[{"name":"wp","href":"https:\/\/api.w.org\/{rel}","templated":true}]}}