{"id":514139,"date":"2023-11-13T10:25:17","date_gmt":"2023-11-13T14:25:17","guid":{"rendered":"https:\/\/diarioelpopular.com\/?p=514139"},"modified":"2023-11-13T10:25:17","modified_gmt":"2023-11-13T14:25:17","slug":"joseph-strickland-el-obispo-al-que-el-papa-francisco-expulso-luego-de-sus-criticas-a-los-intentos-de-reformas-de-la-iglesia-catolica","status":"publish","type":"post","link":"https:\/\/diarioelpopular.com\/index.php\/2023\/11\/13\/joseph-strickland-el-obispo-al-que-el-papa-francisco-expulso-luego-de-sus-criticas-a-los-intentos-de-reformas-de-la-iglesia-catolica\/","title":{"rendered":"Joseph Strickland, el obispo al que el papa Francisco expuls\u00f3 luego de sus cr\u00edticas a los intentos de reformas de la Iglesia cat\u00f3lica"},"content":{"rendered":"<p><img loading=\"lazy\" decoding=\"async\" class=\"alignnone size-custom-full-size wp-image-514140\" src=\"https:\/\/diarioelpopular.com\/wp-content\/uploads\/2023\/11\/Screen-Shot-2023-11-13-at-9.24.51-AM-636x333.png\" alt=\"\" width=\"636\" height=\"333\" srcset=\"https:\/\/diarioelpopular.com\/wp-content\/uploads\/2023\/11\/Screen-Shot-2023-11-13-at-9.24.51-AM-636x333.png 636w, https:\/\/diarioelpopular.com\/wp-content\/uploads\/2023\/11\/Screen-Shot-2023-11-13-at-9.24.51-AM-300x157.png 300w, https:\/\/diarioelpopular.com\/wp-content\/uploads\/2023\/11\/Screen-Shot-2023-11-13-at-9.24.51-AM-768x402.png 768w, https:\/\/diarioelpopular.com\/wp-content\/uploads\/2023\/11\/Screen-Shot-2023-11-13-at-9.24.51-AM-1200x629.png 1200w, https:\/\/diarioelpopular.com\/wp-content\/uploads\/2023\/11\/Screen-Shot-2023-11-13-at-9.24.51-AM-139x73.png 139w, https:\/\/diarioelpopular.com\/wp-content\/uploads\/2023\/11\/Screen-Shot-2023-11-13-at-9.24.51-AM.png 1024w\" sizes=\"auto, (max-width: 636px) 100vw, 636px\" \/><\/p>\n<p>&nbsp;<\/p>\n<div class=\"bbc-19j92fr ebmt73l0\" dir=\"ltr\">\n<ul>\n<li class=\"bbc-hhl7in e17g058b0\" dir=\"ltr\"><em><b>El papa Francisco destituy\u00f3 al obispo estadounidense Joseph Strickland, un feroz cr\u00edtico que ha cuestionado el liderazgo del papa de la Iglesia cat\u00f3lica.<\/b><\/em><\/li>\n<\/ul>\n<\/div>\n<div class=\"bbc-19j92fr ebmt73l0\" dir=\"ltr\">\n<p dir=\"ltr\">\n<p class=\"bbc-hhl7in e17g058b0\" dir=\"ltr\">El Vaticano inform\u00f3 que el obispo ser\u00eda \u201crelevado\u201d de sus funciones como resultado de investigaciones llevadas a cabo en su di\u00f3cesis de Tyler, en Texas, Estados Unidos.<\/p>\n<\/div>\n<div class=\"bbc-19j92fr ebmt73l0\" dir=\"ltr\">\n<p class=\"bbc-hhl7in e17g058b0\" dir=\"ltr\">El obispo Strickland es una voz destacada de una rama del catolicismo estadounidense que se\u00a0opone a las reformas\u00a0del papa.<\/p>\n<\/div>\n<div class=\"bbc-19j92fr ebmt73l0\" dir=\"ltr\">\n<p class=\"bbc-hhl7in e17g058b0\" dir=\"ltr\">Su destituci\u00f3n tiene lugar despu\u00e9s de que el sumo pont\u00edfice hablara del \u201catraso\u201d de algunos l\u00edderes de la Iglesia cat\u00f3lica estadounidense.<\/p>\n<\/div>\n<section class=\"bbc-geybui\" role=\"region\" aria-label=\"Publicidad 2\" aria-hidden=\"true\" data-e2e=\"advertisement\"><\/section>\n<div class=\"bbc-19j92fr ebmt73l0\" dir=\"ltr\">\n<p class=\"bbc-hhl7in e17g058b0\" dir=\"ltr\">Strickland ha lanzado una serie de ataques contra los intentos del papa de actualizar la posici\u00f3n de la Iglesia en temas sociales y de inclusi\u00f3n, entre ellos el\u00a0aborto,\u00a0los\u00a0derechos de los transg\u00e9neros\u00a0y el\u00a0matrimonio entre personas del mismo sexo.<\/p>\n<\/div>\n<div class=\"bbc-1n4f7vm ebmt73l0\" dir=\"ltr\"><\/div>\n<div class=\"bbc-19j92fr ebmt73l0\" dir=\"ltr\">\n<p class=\"bbc-hhl7in e17g058b0\" dir=\"ltr\">A mediados de a\u00f1o, sostuvo en una carta que muchas \u201cverdades b\u00e1sicas\u201d de las ense\u00f1anzas cat\u00f3licas estaban siendo cuestionadas, incluyendo lo que calific\u00f3 de intentos por \u201csocavar\u201d el matrimonio tal como fuera \u201cinstituido por Dios\u201d, que solo es entre un hombre y una mujer.<\/p>\n<\/div>\n<div class=\"bbc-19j92fr ebmt73l0\" dir=\"ltr\">\n<p class=\"bbc-hhl7in e17g058b0\" dir=\"ltr\">Strickland critic\u00f3 a quienes \u201crechazan su inneglable identidad biol\u00f3gica dada por Dios\u201d.<\/p>\n<\/div>\n<div class=\"bbc-19j92fr ebmt73l0\" dir=\"ltr\">\n<p class=\"bbc-hhl7in e17g058b0\" dir=\"ltr\">Su misiva suger\u00eda que los intentos por cambiar \u201caquello que no se puede cambiar\u201d llevar\u00edan a un\u00a0cisma irrevocable\u00a0en la Iglesia. Aquellos que buscan cambiar, advirti\u00f3, \u201cson los verdadores cism\u00e1ticos\u201d.<\/p>\n<\/div>\n<div class=\"bbc-19j92fr ebmt73l0\" dir=\"ltr\">\n<h2 id=\"Investigaci\u00f3n\" class=\"bbc-1f03ibc eglt09e0\" tabindex=\"-1\">Investigaci\u00f3n<\/h2>\n<\/div>\n<div class=\"bbc-19j92fr ebmt73l0\" dir=\"ltr\">\n<p class=\"bbc-hhl7in e17g058b0\" dir=\"ltr\">El religioso estaba siendo investigado por el Vaticano y anteriormente hab\u00eda rechazado la oportunidad de dimitir. Y, en una carta abierta en septiembre,\u00a0desafi\u00f3 al papa a destituirlo.<\/p>\n<p dir=\"ltr\">\n<\/div>\n<figure class=\"bbc-1qn0xuy\">\n<div class=\"bbc-18qcclp\"><picture><img loading=\"lazy\" decoding=\"async\" class=\"bbc-1uwua2r\" src=\"https:\/\/ichef.bbci.co.uk\/news\/640\/cpsprodpb\/bd11\/live\/8ce4d220-817f-11ee-9761-b756cce0d73f.jpg\" sizes=\"auto, (min-width: 1008px) 760px, 100vw\" srcset=\"https:\/\/ichef.bbci.co.uk\/news\/240\/cpsprodpb\/bd11\/live\/8ce4d220-817f-11ee-9761-b756cce0d73f.jpg 240w, https:\/\/ichef.bbci.co.uk\/news\/320\/cpsprodpb\/bd11\/live\/8ce4d220-817f-11ee-9761-b756cce0d73f.jpg 320w, https:\/\/ichef.bbci.co.uk\/news\/480\/cpsprodpb\/bd11\/live\/8ce4d220-817f-11ee-9761-b756cce0d73f.jpg 480w, https:\/\/ichef.bbci.co.uk\/news\/624\/cpsprodpb\/bd11\/live\/8ce4d220-817f-11ee-9761-b756cce0d73f.jpg 624w, https:\/\/ichef.bbci.co.uk\/news\/800\/cpsprodpb\/bd11\/live\/8ce4d220-817f-11ee-9761-b756cce0d73f.jpg 800w\" alt=\"Joseph Strickland\" width=\"1111\" height=\"624\" \/><\/picture><\/div><figcaption class=\"bbc-847f6b e6i104o0\" dir=\"ltr\">\n<h5><em>Joseph Strickland ha sido un feroz cr\u00edtico del papa Francisco.<\/em><\/h5>\n<\/figcaption><\/figure>\n<div class=\"bbc-19j92fr ebmt73l0\" dir=\"ltr\">\n<p dir=\"ltr\">\n<p dir=\"ltr\">\n<p class=\"bbc-hhl7in e17g058b0\" dir=\"ltr\">\u201cNo puedo dimitir como obispo de Tyler porque eso equivaldr\u00eda a abandonar a mi reba\u00f1o\u201d, dijo. La derechista\u00a0\u201cCoalici\u00f3n por los sacerdotes cancelados\u201d\u00a0realiz\u00f3 una conferencia a principios de este a\u00f1o para apoyarlo durante su investigaci\u00f3n.<\/p>\n<\/div>\n<div class=\"bbc-19j92fr ebmt73l0\" dir=\"ltr\">\n<p class=\"bbc-hhl7in e17g058b0\" dir=\"ltr\">El Vaticano dijo que la decisi\u00f3n de expulsarlo \u201cse tom\u00f3 despu\u00e9s de una visita apost\u00f3lica ordenada por el papa a la di\u00f3cesis de Tyler el pasado junio\u201d.<\/p>\n<\/div>\n<div class=\"bbc-19j92fr ebmt73l0\" dir=\"ltr\">\n<p class=\"bbc-hhl7in e17g058b0\" dir=\"ltr\">Seg\u00fan medios cat\u00f3licos, la investigaci\u00f3n tambi\u00e9n se centr\u00f3 en el manejo de los asuntos financieros de la di\u00f3cesis.<\/p>\n<\/div>\n<div class=\"bbc-19j92fr ebmt73l0\" dir=\"ltr\">\n<p class=\"bbc-hhl7in e17g058b0\" dir=\"ltr\">El obispo Strickland, de 65 a\u00f1os, fue nombrado obispo en 2012, durante el papado de Benedicto XVI.<\/p>\n<\/div>\n<div class=\"bbc-19j92fr ebmt73l0\" dir=\"ltr\">\n<h2 id=\"Intentos-de-modernizaci\u00f3n\" class=\"bbc-1f03ibc eglt09e0\" tabindex=\"-1\">Intentos de modernizaci\u00f3n<\/h2>\n<\/div>\n<div class=\"bbc-19j92fr ebmt73l0\" dir=\"ltr\">\n<p class=\"bbc-hhl7in e17g058b0\" dir=\"ltr\">La confrontaci\u00f3n surgi\u00f3 en relaci\u00f3n a los intentos del papa de hacer que la Iglesia sea m\u00e1s progresiva durante su papado. El jueves, el Vaticano anunci\u00f3 que las personas\u00a0transg\u00e9nero pueden ser bautizadas\u00a0en la Iglesia cat\u00f3lica, si esto no provoca un esc\u00e1ndalo o \u201cconfusi\u00f3n\u201d.<\/p>\n<\/div>\n<div class=\"bbc-19j92fr ebmt73l0\" dir=\"ltr\">\n<p class=\"bbc-hhl7in e17g058b0\" dir=\"ltr\">En octubre, sugiri\u00f3 que la Iglesia estar\u00eda dispuesta a\u00a0bendecir a las parejas del mismo sexo, cuando le dijo a un grupo de cardenales que \u201cno podemos ser jueces que solo niegan, rechazan y excluyen\u201d.<\/p>\n<\/div>\n<div class=\"bbc-19j92fr ebmt73l0\" dir=\"ltr\">\n<p class=\"bbc-hhl7in e17g058b0\" dir=\"ltr\">Durante una alocuci\u00f3n en las celebraciones del D\u00eda Mundial de la Juventud en Lisboa, el papa dijo que el atraso de algunas personas era \u201cin\u00fatil\u201d.<\/p>\n<\/div>\n<div class=\"bbc-19j92fr ebmt73l0\" dir=\"ltr\">\n<p class=\"bbc-hhl7in e17g058b0\" dir=\"ltr\">\u201cAl hacer esto pierdes la verdadera tradici\u00f3n y recurres a las ideolog\u00edas para tener apoyo. En otras palabras, las ideolog\u00edas reemplazan la fe\u201d, a\u00f1adi\u00f3.<\/p>\n<p dir=\"ltr\">\n<\/div>\n<figure class=\"bbc-1qn0xuy\">\n<div class=\"bbc-18qcclp\"><picture><img loading=\"lazy\" decoding=\"async\" class=\"bbc-1uwua2r\" src=\"https:\/\/ichef.bbci.co.uk\/news\/640\/cpsprodpb\/3e77\/live\/9004e160-8180-11ee-9761-b756cce0d73f.jpg\" sizes=\"auto, (min-width: 1008px) 760px, 100vw\" srcset=\"https:\/\/ichef.bbci.co.uk\/news\/240\/cpsprodpb\/3e77\/live\/9004e160-8180-11ee-9761-b756cce0d73f.jpg 240w, https:\/\/ichef.bbci.co.uk\/news\/320\/cpsprodpb\/3e77\/live\/9004e160-8180-11ee-9761-b756cce0d73f.jpg 320w, https:\/\/ichef.bbci.co.uk\/news\/480\/cpsprodpb\/3e77\/live\/9004e160-8180-11ee-9761-b756cce0d73f.jpg 480w, https:\/\/ichef.bbci.co.uk\/news\/624\/cpsprodpb\/3e77\/live\/9004e160-8180-11ee-9761-b756cce0d73f.jpg 624w, https:\/\/ichef.bbci.co.uk\/news\/800\/cpsprodpb\/3e77\/live\/9004e160-8180-11ee-9761-b756cce0d73f.jpg 800w\" alt=\"Papa Francisco \" width=\"1015\" height=\"570\" \/><\/picture><\/div><figcaption class=\"bbc-847f6b e6i104o0\" dir=\"ltr\">\n<h5><em>El papa afirm\u00f3 que el atraso de algunas personas era \u201cin\u00fatil\u201d.<\/em><\/h5>\n<\/figcaption><\/figure>\n<div class=\"bbc-19j92fr ebmt73l0\" dir=\"ltr\">\n<p dir=\"ltr\">\n<p dir=\"ltr\">\n<p class=\"bbc-hhl7in e17g058b0\" dir=\"ltr\">El\u00a0cambio clim\u00e1tico tambi\u00e9n ha sido un un pilar clave\u00a0de su papado: desde un documento hist\u00f3rico sobre el medioambiente en 2015, hasta las advertencias recientes de que el mundo puede \u201cestar acerc\u00e1ndose a un punto de quiebre\u201d por el cambio clim\u00e1tico.<\/p>\n<\/div>\n<div class=\"bbc-19j92fr ebmt73l0\" dir=\"ltr\">\n<p class=\"bbc-hhl7in e17g058b0\" dir=\"ltr\">El papa tambi\u00e9n ha condenado enf\u00e1ticamente a los negacionistas del clima y participar\u00e1 en la Cumbre del Cambio de la ONU\u00a0(COP28) a fines de este mes. Ser\u00e1 el primer papa que asiste al evento desde su inicio en 1995.<\/p>\n<\/div>\n<div class=\"bbc-19j92fr ebmt73l0\" dir=\"ltr\">\n<p class=\"bbc-hhl7in e17g058b0\" dir=\"ltr\">El Vaticano dijo que la di\u00f3cesis de Tyler ser\u00e1 administrada temporalmente por el obispo Joe Vasquez, de Austin.<\/p>\n<\/div>\n","protected":false},"excerpt":{"rendered":"<p>&nbsp; El papa Francisco destituy\u00f3 al obispo estadounidense Joseph Strickland, un feroz cr\u00edtico que ha cuestionado el liderazgo del papa de la Iglesia cat\u00f3lica. El&hellip;<\/p>\n","protected":false},"author":99,"featured_media":514140,"comment_status":"open","ping_status":"open","sticky":false,"template":"","format":"standard","meta":{"footnotes":""},"categories":[24],"tags":[],"class_list":["post-514139","post","type-post","status-publish","format-standard","has-post-thumbnail","hentry","category-mundo"],"_links":{"self":[{"href":"https:\/\/diarioelpopular.com\/index.php\/wp-json\/wp\/v2\/posts\/514139","targetHints":{"allow":["GET"]}}],"collection":[{"href":"https:\/\/diarioelpopular.com\/index.php\/wp-json\/wp\/v2\/posts"}],"about":[{"href":"https:\/\/diarioelpopular.com\/index.php\/wp-json\/wp\/v2\/types\/post"}],"author":[{"embeddable":true,"href":"https:\/\/diarioelpopular.com\/index.php\/wp-json\/wp\/v2\/users\/99"}],"replies":[{"embeddable":true,"href":"https:\/\/diarioelpopular.com\/index.php\/wp-json\/wp\/v2\/comments?post=514139"}],"version-history":[{"count":1,"href":"https:\/\/diarioelpopular.com\/index.php\/wp-json\/wp\/v2\/posts\/514139\/revisions"}],"predecessor-version":[{"id":514141,"href":"https:\/\/diarioelpopular.com\/index.php\/wp-json\/wp\/v2\/posts\/514139\/revisions\/514141"}],"wp:featuredmedia":[{"embeddable":true,"href":"https:\/\/diarioelpopular.com\/index.php\/wp-json\/wp\/v2\/media\/514140"}],"wp:attachment":[{"href":"https:\/\/diarioelpopular.com\/index.php\/wp-json\/wp\/v2\/media?parent=514139"}],"wp:term":[{"taxonomy":"category","embeddable":true,"href":"https:\/\/diarioelpopular.com\/index.php\/wp-json\/wp\/v2\/categories?post=514139"},{"taxonomy":"post_tag","embeddable":true,"href":"https:\/\/diarioelpopular.com\/index.php\/wp-json\/wp\/v2\/tags?post=514139"}],"curies":[{"name":"wp","href":"https:\/\/api.w.org\/{rel}","templated":true}]}}