{"id":514268,"date":"2023-11-19T13:26:36","date_gmt":"2023-11-19T17:26:36","guid":{"rendered":"https:\/\/diarioelpopular.com\/?p=514268"},"modified":"2023-11-19T13:26:36","modified_gmt":"2023-11-19T17:26:36","slug":"texas-prepara-una-ley-radical-que-criminaliza-a-los-inmigrantes","status":"publish","type":"post","link":"https:\/\/diarioelpopular.com\/index.php\/2023\/11\/19\/texas-prepara-una-ley-radical-que-criminaliza-a-los-inmigrantes\/","title":{"rendered":"Texas prepara una ley radical que criminaliza a los inmigrantes"},"content":{"rendered":"<p><img loading=\"lazy\" decoding=\"async\" class=\"alignnone size-custom-big-size wp-image-514269\" src=\"https:\/\/diarioelpopular.com\/wp-content\/uploads\/2023\/11\/Screen-Shot-2023-11-19-at-12.25.41-PM-1200x803.png\" alt=\"\" width=\"1200\" height=\"803\" srcset=\"https:\/\/diarioelpopular.com\/wp-content\/uploads\/2023\/11\/Screen-Shot-2023-11-19-at-12.25.41-PM-1200x803.png 1200w, https:\/\/diarioelpopular.com\/wp-content\/uploads\/2023\/11\/Screen-Shot-2023-11-19-at-12.25.41-PM-300x201.png 300w, https:\/\/diarioelpopular.com\/wp-content\/uploads\/2023\/11\/Screen-Shot-2023-11-19-at-12.25.41-PM-768x514.png 768w, https:\/\/diarioelpopular.com\/wp-content\/uploads\/2023\/11\/Screen-Shot-2023-11-19-at-12.25.41-PM-636x426.png 636w, https:\/\/diarioelpopular.com\/wp-content\/uploads\/2023\/11\/Screen-Shot-2023-11-19-at-12.25.41-PM-80x55.png 80w, https:\/\/diarioelpopular.com\/wp-content\/uploads\/2023\/11\/Screen-Shot-2023-11-19-at-12.25.41-PM-109x73.png 109w, https:\/\/diarioelpopular.com\/wp-content\/uploads\/2023\/11\/Screen-Shot-2023-11-19-at-12.25.41-PM.png 1024w\" sizes=\"auto, (max-width: 1200px) 100vw, 1200px\" \/><\/p>\n<header class=\"a_e _g _g-xs\">\n<div class=\"a_e_m\">\n<h5 class=\"a_m a_m-h \"><em>Migrantes venezolanos cruzan el alambrado colocado por la patrulla fronteriza de El Paso, Texas, desde Ciudad Ju\u00e1rez, Chihuahua.\u00a0<span class=\"a_m_m\">NAYELI CRUZ<\/span><\/em><\/h5>\n<\/div>\n<\/header>\n<div class=\"a_md _g _g-xs \"><\/div>\n<div><\/div>\n<p>&nbsp;<\/p>\n<h4 class=\"a_st\"><em>&#8211; El gobernador Greg Abbott desea promulgar una pol\u00e9mica norma que permitir\u00eda a las autoridades locales deportar a quienes ingresen al Estado de forma irregular<\/em><\/h4>\n<p>&nbsp;<\/p>\n<p class=\"\">El Congreso local de Texas ha aprobado esta semana unas de las leyes m\u00e1s duras contra los inmigrantes en Estados Unidos. La mayor\u00eda republicana en el Legislativo ha aprobado una serie de normas que criminaliza a las personas que cruzan la frontera desde M\u00e9xico.<\/p>\n<p class=\"\">Estas convierten en un delito la llegada a Texas de forma ilegal y permite a las autoridades estatales deportarlas, algo cuya legalidad ha sido puesta en duda por algunos expertos y organizaciones de derechos humanos. Estas leyes est\u00e1n a la espera de ser promulgadas por el gobernador del Estado, Greg Abbott, un pol\u00edtico que ha explorado los m\u00e9todos radicales combatir la llegada de inmigrantes, entre ellos enviar autobuses de inmigrantes a ciudades dem\u00f3cratas o\u00a0<a href=\"https:\/\/elpais.com\/mexico\/2023-08-03\/hallados-dos-cuerpos-sin-vida-en-el-muro-de-boyas-que-coloco-el-gobierno-de-texas-en-el-rio-bravo.html\" data-link-track-dtm=\"\" data-mrf-link=\"https:\/\/elpais.com\/mexico\/2023-08-03\/hallados-dos-cuerpos-sin-vida-en-el-muro-de-boyas-que-coloco-el-gobierno-de-texas-en-el-rio-bravo.html\">instalar boyas<\/a>\u00a0y alambre de p\u00faas en el r\u00edo Bravo. El pol\u00edtico ya ha se\u00f1alado que firmar\u00e1 las iniciativas para convertirlas en ley.<\/p>\n<p class=\"\">La iniciativa 4 de la C\u00e1mara de Representantes local provoc\u00f3 d\u00edas de tensiones en el cuerpo legislativo. La aprobaci\u00f3n de la c\u00e1mara baja lleg\u00f3 un jueves de finales de octubre a las cuatro de la madrugada. La mayor\u00eda republicana se impuso a los intentos de los pol\u00edticos dem\u00f3cratas de descarrilar la propuesta del congresista David Spiller, que representa un condado del norte del Estado. Su propuesta permite detener a cualquier persona en cualquier momento y lugar bajo sospecha de haber ingresado ilegalmente a Texas, una entidad que tiene unos diez millones de habitantes de origen mexicano.<\/p>\n<p class=\"\">El Senado local tambi\u00e9n ha aprobado recientemente una iniciativa que permite a Abbott el uso de 1.500 millones de d\u00f3lares extraordinarios para\u00a0<a href=\"https:\/\/elpais.com\/mexico\/2023-10-25\/decenas-de-migrantes-sobrepasan-a-la-guardia-nacional-de-estados-unidos-y-logran-cruzar-la-frontera.html?autoplay=1\" data-link-track-dtm=\"\" data-mrf-link=\"https:\/\/elpais.com\/mexico\/2023-10-25\/decenas-de-migrantes-sobrepasan-a-la-guardia-nacional-de-estados-unidos-y-logran-cruzar-la-frontera.html\">reforzar la vigilancia<\/a>\u00a0de la frontera con M\u00e9xico, una zona que ha registrado n\u00fameros r\u00e9cord de cruces ilegales. El pol\u00edtico ha dicho que utilizar\u00e1 parte del dinero para construir m\u00e1s kil\u00f3metros de muro migratorio y otras barreras que puedan cortar el flujo de las personas que llegan. Se espera que Abbott visite la frontera este fin de semana junto a Donald Trump, quien est\u00e1 haciendo campa\u00f1a rumbo a 2024 con la promesa de devolver la mano dura a la zona.<\/p>\n<p class=\"\">La tensi\u00f3n que provoc\u00f3 la negociaci\u00f3n de la iniciativa 4 aflor\u00f3\u00a0<a href=\"https:\/\/www.youtube.com\/shorts\/7Wvp52KsgZA\" target=\"_blank\" rel=\"noopener\" data-link-track-dtm=\"\" data-mrf-link=\"https:\/\/www.youtube.com\/shorts\/7Wvp52KsgZA\">en un video viral<\/a>\u00a0grabado dentro del \u00f3rgano legislativo. Despu\u00e9s de la votaci\u00f3n, el congresista dem\u00f3crata Armando Walle, de Houston, se aproxim\u00f3 visiblemente molesto a los legisladores republicanos que votaron la medida. \u201cYa no puedes ir a una boda, ya no puedes ir a un bautizo&#8230; Ustedes no entienden una mierda lo que est\u00e1n haciendo. Esto lastima a nuestras comunidades, nos lastima personalmente\u201d, dijo un iracundo Walle, quien fue empleado de una taquer\u00eda en su juventud. Los republicanos se limitaban a asentir sin responderle.<\/p>\n<p class=\"\">La norma, que ya ha sido aprobada en noviembre por el Senado local en una sesi\u00f3n de urgencia, permite a las autoridades optar por la deportaci\u00f3n a M\u00e9xico de todo sospechoso de haber ingresado a Texas de manera irregular. Si esta no abandona Estados Unidos, se expone a ser acusado de un nuevo delito que podr\u00eda acarrearle una condena de entre dos y 20 a\u00f1os de prisi\u00f3n.<\/p>\n<p class=\"\">El Gobierno de M\u00e9xico mostr\u00f3 esta semana su rechazo a la medida. La canciller\u00eda mexicana lanz\u00f3 el mi\u00e9rcoles un mensaje, el mismo d\u00eda en que el presidente mexicano comenzaba una visita a Estados Unidos para participar en el Foro de Cooperaci\u00f3n Econ\u00f3mica Asia Pac\u00edfico, la APEC.<\/p>\n<p class=\"\">La criminalizaci\u00f3n de los inmigrantes, afirma Exteriores, \u201cresultar\u00e1 en la separaci\u00f3n de familias, discriminaci\u00f3n y perfilamiento racial\u201d. M\u00e9xico, adem\u00e1s, rechaza una medida que permita a autoridades estatales detener y retornar a nacionales o a extranjeros a territorio mexicano,<a href=\"https:\/\/www.gob.mx\/sre\/prensa\/el-gobierno-de-mexico-rechaza-las-medidas-anti-inmigrantes-aprobadas-en-texas\" target=\"_blank\" rel=\"noopener\" data-link-track-dtm=\"\" data-mrf-link=\"https:\/\/www.gob.mx\/sre\/prensa\/el-gobierno-de-mexico-rechaza-las-medidas-anti-inmigrantes-aprobadas-en-texas\">\u00a0indica el comunicado<\/a>.<\/p>\n<p class=\"\">La Administraci\u00f3n de L\u00f3pez Obrador lleva meses de estira y afloja en materia migratoria con su contraparte estadounidense.\u00a0<a href=\"https:\/\/elpais.com\/mexico\/2023-11-17\/lopez-obrador-y-biden-cierran-el-ano-con-una-reunion-atravesada-por-la-crisis-migratoria.html\" data-link-track-dtm=\"\" data-mrf-link=\"https:\/\/elpais.com\/mexico\/2023-11-17\/lopez-obrador-y-biden-cierran-el-ano-con-una-reunion-atravesada-por-la-crisis-migratoria.html\">Ese fue el punto central de la reuni\u00f3n bilateral<\/a>\u00a0entre Joe Biden y su hom\u00f3logo mexicano el viernes en el marco de la APEC. Los dos pa\u00edses ya tienen algunos acuerdos a nivel federal para que M\u00e9xico reciba en su territorio a ciudadanos de algunos pa\u00edses que son deportados. Pero M\u00e9xico, no obstante, no tiene ning\u00fan acuerdo para recibir deportaciones de autoridades legales.<\/p>\n<p class=\"\">Organizaciones de defensa a los derechos humanos han dejado\u00a0<a href=\"https:\/\/x.com\/ACLUTx\/status\/1724611345226567735?s=20\" target=\"_blank\" rel=\"noopener\" data-link-track-dtm=\"\" data-mrf-link=\"https:\/\/x.com\/ACLUTx\/status\/1724611345226567735?s=20\">muy claro que demandar\u00e1n<\/a>\u00a0al Gobierno de Texas en cuanto Abbott firme y convierta en ley esta iniciativa. \u201cLa ley 4 del Senado sustituye a la legislaci\u00f3n federal, promueve el perfilamiento racial y el acoso y autoriza inconstitucionalmente a las autoridades locales a deportar a personas sin debido proceso, sin importar si los inmigrantes buscan asilo u otras protecciones humanitarias\u201d, se\u00f1al\u00f3 Oni Blair, la directora de ACLU en Texas. Este grupo de activistas afirma que grupos supremacistas del basti\u00f3n republicano han mostrado su apoyo a estas normas.<\/p>\n<p class=\"\">El congresista Walle ha se\u00f1alado esta semana que la ley votada por el Congreso texano es peor que\u00a0<a href=\"https:\/\/elpais.com\/diario\/2010\/04\/24\/internacional\/1272060014_850215.html\" data-link-track-dtm=\"\" data-mrf-link=\"https:\/\/elpais.com\/diario\/2010\/04\/24\/internacional\/1272060014_850215.html\">la famosa SB1070 aprobada por Arizona en 2010<\/a>. Esta permit\u00eda a la polic\u00eda pedir papeles a quien quisiera y en cualquier momento para poder comprobar su estatus legal en el territorio. Esta norma fue impugnada en los tribunales. Sus efectos se erosionaron despu\u00e9s de varios fallos de jueces federales.<\/p>\n<p class=\"\">En un caso emblem\u00e1tico de 2012, el Supremo estadounidense determin\u00f3 en un fallo que la polic\u00eda local no tiene la autorizaci\u00f3n de detener a una persona sospechosa bas\u00e1ndose \u00fanicamente en su estado migratorio. Esta responsabilidad, determin\u00f3 aquella Corte, reca\u00eda en el Gobierno federal. Sin embargo, los equilibrios ideol\u00f3gicos de los togados han cambiado desde entonces.<\/p>\n","protected":false},"excerpt":{"rendered":"<p>Migrantes venezolanos cruzan el alambrado colocado por la patrulla fronteriza de El Paso, Texas, desde Ciudad Ju\u00e1rez, Chihuahua.\u00a0NAYELI CRUZ &nbsp; &#8211; El gobernador Greg Abbott&hellip;<\/p>\n","protected":false},"author":99,"featured_media":514269,"comment_status":"open","ping_status":"open","sticky":false,"template":"","format":"standard","meta":{"footnotes":""},"categories":[24],"tags":[],"class_list":["post-514268","post","type-post","status-publish","format-standard","has-post-thumbnail","hentry","category-mundo"],"_links":{"self":[{"href":"https:\/\/diarioelpopular.com\/index.php\/wp-json\/wp\/v2\/posts\/514268","targetHints":{"allow":["GET"]}}],"collection":[{"href":"https:\/\/diarioelpopular.com\/index.php\/wp-json\/wp\/v2\/posts"}],"about":[{"href":"https:\/\/diarioelpopular.com\/index.php\/wp-json\/wp\/v2\/types\/post"}],"author":[{"embeddable":true,"href":"https:\/\/diarioelpopular.com\/index.php\/wp-json\/wp\/v2\/users\/99"}],"replies":[{"embeddable":true,"href":"https:\/\/diarioelpopular.com\/index.php\/wp-json\/wp\/v2\/comments?post=514268"}],"version-history":[{"count":1,"href":"https:\/\/diarioelpopular.com\/index.php\/wp-json\/wp\/v2\/posts\/514268\/revisions"}],"predecessor-version":[{"id":514270,"href":"https:\/\/diarioelpopular.com\/index.php\/wp-json\/wp\/v2\/posts\/514268\/revisions\/514270"}],"wp:featuredmedia":[{"embeddable":true,"href":"https:\/\/diarioelpopular.com\/index.php\/wp-json\/wp\/v2\/media\/514269"}],"wp:attachment":[{"href":"https:\/\/diarioelpopular.com\/index.php\/wp-json\/wp\/v2\/media?parent=514268"}],"wp:term":[{"taxonomy":"category","embeddable":true,"href":"https:\/\/diarioelpopular.com\/index.php\/wp-json\/wp\/v2\/categories?post=514268"},{"taxonomy":"post_tag","embeddable":true,"href":"https:\/\/diarioelpopular.com\/index.php\/wp-json\/wp\/v2\/tags?post=514268"}],"curies":[{"name":"wp","href":"https:\/\/api.w.org\/{rel}","templated":true}]}}