{"id":514311,"date":"2023-11-21T10:06:07","date_gmt":"2023-11-21T14:06:07","guid":{"rendered":"https:\/\/diarioelpopular.com\/?p=514311"},"modified":"2023-11-21T10:06:07","modified_gmt":"2023-11-21T14:06:07","slug":"cronicas-ontario-estrena-vicegobernadora","status":"publish","type":"post","link":"https:\/\/diarioelpopular.com\/index.php\/2023\/11\/21\/cronicas-ontario-estrena-vicegobernadora\/","title":{"rendered":"CR\u00d3NICAS. Ontario Estrena Vicegobernadora\u00a0"},"content":{"rendered":"<p><img loading=\"lazy\" decoding=\"async\" class=\"alignnone size-custom-full-size wp-image-514312\" src=\"https:\/\/diarioelpopular.com\/wp-content\/uploads\/2023\/11\/Screen-Shot-2023-11-21-at-9.05.17-AM-636x496.png\" alt=\"\" width=\"636\" height=\"496\" srcset=\"https:\/\/diarioelpopular.com\/wp-content\/uploads\/2023\/11\/Screen-Shot-2023-11-21-at-9.05.17-AM-636x496.png 636w, https:\/\/diarioelpopular.com\/wp-content\/uploads\/2023\/11\/Screen-Shot-2023-11-21-at-9.05.17-AM-300x234.png 300w, https:\/\/diarioelpopular.com\/wp-content\/uploads\/2023\/11\/Screen-Shot-2023-11-21-at-9.05.17-AM-768x599.png 768w, https:\/\/diarioelpopular.com\/wp-content\/uploads\/2023\/11\/Screen-Shot-2023-11-21-at-9.05.17-AM-94x73.png 94w, https:\/\/diarioelpopular.com\/wp-content\/uploads\/2023\/11\/Screen-Shot-2023-11-21-at-9.05.17-AM.png 1024w\" sizes=\"auto, (max-width: 636px) 100vw, 636px\" \/><\/p>\n<p>&nbsp;<\/p>\n<p class=\"p1\"><em><strong>Por: Luc\u00eda P. de Garc\u00eda<\/strong><\/em><\/p>\n<p class=\"p1\"><em><strong>Toronto.-<\/strong><\/em> El 14 de noviembre, en la C\u00e1mara Legislativa del Edificio Legislativo de Ontario, Edith Dumond jurament\u00f3 ante el Parlamento como Teniente Vicegobernador de nuestra provincia. Ella es la cuarta mujer que ocupa ese cargo. Le otorg\u00f3 la Gobernadora General de Canad\u00e1, Mary Simon, quien fue nombrada por la reina Isabel II en 2021. Explico esta \u201cgenealog\u00eda\u201d femenina:<\/p>\n<p class=\"p1\">Si bien Canad\u00e1 es un pa\u00eds independiente, al integrar la Commonwealth tiene como jefe de Estado al monarca del Reino Unido, representado en nuestro pa\u00eds por el Gobernador General, cuya designaci\u00f3n la sugiere al monarca el Primer Ministro canadiense, quien es elegido directamente por democracia parlamentaria. El Gobernador General, a su vez, escoge 10 Tenientes Vicegobernadores, uno por cada provincia, por recomendaci\u00f3n de su respectivo antecesor. Es usual que todos permanezcan cinco a\u00f1os en sus funciones, las cuales est\u00e1n regidas por la Constituci\u00f3n de Canad\u00e1. La delegaci\u00f3n de la Corona m\u00e1s es simb\u00f3lica, protocolaria, tradicional.<span class=\"Apple-converted-space\">\u00a0<\/span><\/p>\n<p class=\"p1\">En 2021, por sugerencia del Primer Ministro Justin Trudeau, la reina Isabel II nombr\u00f3 como su representante en Canad\u00e1 a Mary Simon. Ella es la primera persona de un pueblo originario que ocupa el cargo de Gobernadora General. Mary naci\u00f3 en 1947 en Nunavik, Quebec, con el nombre de Ningiukudluk, que en lengua inuktitut significa \u201cviejita mandona\u201d. Y luci\u00e9ndose como tal est\u00e1, al sanar los resentimientos dejados por la crueldad en las escuelas residenciales, a fin de reconciliar y unir a los canadienses, ahora, como comisionada del rey Carlos III.<\/p>\n<p class=\"p1\">La trig\u00e9sima Gobernadora General Mary Simon design\u00f3 a Edith Dumond como la trig\u00e9sima Teniente Vicegobernador de Ontario, seg\u00fan propuesta de su antecesora, la irlandesa Elizabeth Dowdeswell (Vicegobernadora 2014-2023). Regresando en el tiempo, les precedieron la irlandesa Hilary Weston (1997-2002), y la ontariana Pauline Mills McGibbon (1974-1980). <span class=\"Apple-converted-space\">\u00a0<\/span><\/p>\n<p class=\"p1\">Edith Dumond naci\u00f3 hace 59 a\u00f1os en Salaberry-de-Valleyfield, Quebec. En las Universidades de Quebec, Montreal y Ottawa se especializ\u00f3 en ortopedagog\u00eda, psicolog\u00eda, educaci\u00f3n. Casada y madre de tres hijos, ha trabajado durante 30 a\u00f1os en Ontario. En tanto aprend\u00eda ingl\u00e9s impuls\u00f3 la educaci\u00f3n en franc\u00e9s en entidades p\u00fablicas, en telecomunicaciones educativas, asociaciones y comunidades. Edith se ha desempe\u00f1ado en relaciones p\u00fablicas internacionales, como Directora de Educaci\u00f3n, Secretaria-Tesorera e integrante del Consejo de Direcci\u00f3n de Educaci\u00f3n en Franc\u00e9s. Ha recibido varios premios. El m\u00e1s importante, Teniente Gobernador de Ontario.<span class=\"Apple-converted-space\">\u00a0<\/span><\/p>\n<p class=\"p1\">Volvamos a la C\u00e1mara Legislativa. Desde el principio del evento se sent\u00eda algo especial. Era la presencia de la Abuela Sally Gaiquezheyongai, del Clan de los Lobos de la Isla Manitou, Ontario, que asist\u00eda como invitada junto con otros representantes de los Pueblos Nativos. Ella exalt\u00f3 la ceremonia al bendecir el lugar y pedir a Dios que ilumine a la flamante Vicegobernadora para que cumpla con sus objetivos, que son los mismos del pa\u00eds: verdad, reconciliaci\u00f3n, unidad. Con tan buenas vibras, Edith Dumond seguro los alcanzar\u00e1 al actuar seg\u00fan las conciliadoras, bellas y arm\u00f3nicas palabras de los idiomas oficiales de Canad\u00e1, ingl\u00e9s y franc\u00e9s.<span class=\"Apple-converted-space\">\u00a0<\/span><\/p>\n","protected":false},"excerpt":{"rendered":"<p>&nbsp; Por: Luc\u00eda P. de Garc\u00eda Toronto.- El 14 de noviembre, en la C\u00e1mara Legislativa del Edificio Legislativo de Ontario, Edith Dumond jurament\u00f3 ante el&hellip;<\/p>\n","protected":false},"author":99,"featured_media":514312,"comment_status":"open","ping_status":"open","sticky":false,"template":"","format":"standard","meta":{"footnotes":""},"categories":[21],"tags":[],"class_list":["post-514311","post","type-post","status-publish","format-standard","has-post-thumbnail","hentry","category-canada"],"_links":{"self":[{"href":"https:\/\/diarioelpopular.com\/index.php\/wp-json\/wp\/v2\/posts\/514311","targetHints":{"allow":["GET"]}}],"collection":[{"href":"https:\/\/diarioelpopular.com\/index.php\/wp-json\/wp\/v2\/posts"}],"about":[{"href":"https:\/\/diarioelpopular.com\/index.php\/wp-json\/wp\/v2\/types\/post"}],"author":[{"embeddable":true,"href":"https:\/\/diarioelpopular.com\/index.php\/wp-json\/wp\/v2\/users\/99"}],"replies":[{"embeddable":true,"href":"https:\/\/diarioelpopular.com\/index.php\/wp-json\/wp\/v2\/comments?post=514311"}],"version-history":[{"count":1,"href":"https:\/\/diarioelpopular.com\/index.php\/wp-json\/wp\/v2\/posts\/514311\/revisions"}],"predecessor-version":[{"id":514313,"href":"https:\/\/diarioelpopular.com\/index.php\/wp-json\/wp\/v2\/posts\/514311\/revisions\/514313"}],"wp:featuredmedia":[{"embeddable":true,"href":"https:\/\/diarioelpopular.com\/index.php\/wp-json\/wp\/v2\/media\/514312"}],"wp:attachment":[{"href":"https:\/\/diarioelpopular.com\/index.php\/wp-json\/wp\/v2\/media?parent=514311"}],"wp:term":[{"taxonomy":"category","embeddable":true,"href":"https:\/\/diarioelpopular.com\/index.php\/wp-json\/wp\/v2\/categories?post=514311"},{"taxonomy":"post_tag","embeddable":true,"href":"https:\/\/diarioelpopular.com\/index.php\/wp-json\/wp\/v2\/tags?post=514311"}],"curies":[{"name":"wp","href":"https:\/\/api.w.org\/{rel}","templated":true}]}}