{"id":514314,"date":"2023-11-21T10:12:04","date_gmt":"2023-11-21T14:12:04","guid":{"rendered":"https:\/\/diarioelpopular.com\/?p=514314"},"modified":"2023-11-21T10:12:04","modified_gmt":"2023-11-21T14:12:04","slug":"crisis-de-asequibilidad-pone-en-riesgo-el-sueno-canadiense-encuesta","status":"publish","type":"post","link":"https:\/\/diarioelpopular.com\/index.php\/2023\/11\/21\/crisis-de-asequibilidad-pone-en-riesgo-el-sueno-canadiense-encuesta\/","title":{"rendered":"Crisis de asequibilidad pone en riesgo el sue\u00f1o canadiense: encuesta"},"content":{"rendered":"<p><img loading=\"lazy\" decoding=\"async\" class=\"alignnone size-custom-full-size wp-image-514315\" src=\"https:\/\/diarioelpopular.com\/wp-content\/uploads\/2023\/11\/Screen-Shot-2023-11-21-at-9.11.23-AM-636x447.png\" alt=\"\" width=\"636\" height=\"447\" srcset=\"https:\/\/diarioelpopular.com\/wp-content\/uploads\/2023\/11\/Screen-Shot-2023-11-21-at-9.11.23-AM-636x447.png 636w, https:\/\/diarioelpopular.com\/wp-content\/uploads\/2023\/11\/Screen-Shot-2023-11-21-at-9.11.23-AM-300x211.png 300w, https:\/\/diarioelpopular.com\/wp-content\/uploads\/2023\/11\/Screen-Shot-2023-11-21-at-9.11.23-AM-768x539.png 768w, https:\/\/diarioelpopular.com\/wp-content\/uploads\/2023\/11\/Screen-Shot-2023-11-21-at-9.11.23-AM-80x55.png 80w, https:\/\/diarioelpopular.com\/wp-content\/uploads\/2023\/11\/Screen-Shot-2023-11-21-at-9.11.23-AM-104x73.png 104w, https:\/\/diarioelpopular.com\/wp-content\/uploads\/2023\/11\/Screen-Shot-2023-11-21-at-9.11.23-AM.png 1024w\" sizes=\"auto, (max-width: 636px) 100vw, 636px\" \/><\/p>\n<p>&nbsp;<\/p>\n<p>&nbsp;<\/p>\n<p>&nbsp;<\/p>\n<ul>\n<li><em><strong>Una crisis de asequibilidad est\u00e1 poniendo en riesgo el sue\u00f1o canadiense de los inmigrantes, seg\u00fan una nueva encuesta de Leger realizada exclusivamente para OMNI News.<\/strong><\/em><\/li>\n<\/ul>\n<p>&nbsp;<\/p>\n<p><em><strong>OTTAWA.-<\/strong> <\/em>La encuesta encuentra que dos de cada cinco (42 por ciento) hogares de inmigrantes tienen dificultades para llegar a fin de mes, y el n\u00famero aumenta al 54 por ciento cuando se encuesta a aquellos que se mudaron a Canad\u00e1 en los \u00faltimos cinco a\u00f1os.<\/p>\n<p>No es una sorpresa para Mary Ann Llanera y Vanessa Viloria. Trabajadores de f\u00e1bricas de d\u00eda y limpiadores de noche, cada uno de ellos tiene dos trabajos para poder vivir en Canad\u00e1, 13 a\u00f1os despu\u00e9s de llegar de Filipinas. Adem\u00e1s de esto, tambi\u00e9n hacen lo que hacen muchos inmigrantes: enviar dinero a casa.<\/p>\n<p>\u201cDe lunes a viernes vas de 6 a. m. a 11 p. m., cinco horas de sue\u00f1o\u201d, dijo Viloria. \u201cEl tiempo es precioso ahora que tienes que estar despierto porque un d\u00eda dormir\u00e1s para siempre\u201d.<\/p>\n<p>La encuesta Leger-OMNI, una de las muestras de encuestas de inmigrantes m\u00e1s grandes de los \u00faltimos a\u00f1os, encuest\u00f3 a 1.522 inmigrantes en todo Canad\u00e1 entre el 18 y el 25 de octubre. Es una de las pocas encuestas que encuestan espec\u00edficamente a inmigrantes.<\/p>\n<p>La investigaci\u00f3n encuentra que la crisis del costo de vida est\u00e1 afectando duramente a los inmigrantes. El ochenta y tres por ciento de los encuestados cree que la asequibilidad ha dificultado la instalaci\u00f3n. Si bien las oportunidades financieras o profesionales fueron el factor motivador para el 55 por ciento del viaje de los inmigrantes a Canad\u00e1, poco menos de la mitad de los encuestados piensa que hay suficientes empleos para sustentar a quienes llegan.<\/p>\n<p>\u201cYa estoy pensando si venir a Canad\u00e1 fue la decisi\u00f3n correcta\u201d, Gagan Monga, quien se mud\u00f3 a B.C. desde la India a finales del mes pasado, dijo en punjabi. &#8220;Tengo experiencia en comercio, pero tengo que empezar a trabajar con un salario m\u00ednimo&#8221;.<\/p>\n<p>\u201cMuchos inmigrantes enfrentan desaf\u00edos para que sus credenciales extranjeras, su educaci\u00f3n y su experiencia laboral sean reconocidas en Canad\u00e1\u201d, agreg\u00f3 Michael Batu, profesor de econom\u00eda en la Universidad de Fraser Valley. &#8220;Esto puede resultar en subempleo cuando inmigrantes calificados trabajan en empleos que no se ajustan a sus calificaciones&#8221;.<\/p>\n<p>Las perspectivas laborales limitadas desempe\u00f1an un papel en lo que parece ser un sue\u00f1o canadiense en erosi\u00f3n, que los encuestados definen abrumadoramente como tener una calidad de vida buena y estable, libertad personal y la necesidad de oportunidades profesionales. Pero el 58 por ciento de los encuestados en la encuesta OMNI-Leger sienten que este sue\u00f1o canadiense se les est\u00e1 escapando.<\/p>\n<p>&#8220;No creo que sea factible venir aqu\u00ed si no tienes dinero&#8221;, dijo Sophia Simmons, quien emigr\u00f3 de las Bermudas en 1987. &#8220;Es realmente dif\u00edcil y siento que el gobierno est\u00e1 luchando mucho con eso&#8221;.<\/p>\n<p>Los encuestados est\u00e1n de acuerdo.<\/p>\n<p>El setenta y uno por ciento dijo que Canad\u00e1 no ha pensado en una estrategia para asentar a nuevos inmigrantes. Dado que Canad\u00e1 proyecta recibir a 500.000 inmigrantes anualmente para 2026, los expertos dicen que ahora es el momento de garantizar que existan los apoyos adecuados.<\/p>\n<p>&#8220;Lo que realmente necesitamos ver es que todos los niveles de gobierno cooperen entre s\u00ed, entendiendo que la infraestructura necesita apoyo porque si estamos trayendo inmigrantes, necesitamos tener la infraestructura adecuada&#8221;, dijo Cristina Guida, socia de inmigraci\u00f3n de Green y Spiegel LLP.<\/p>\n<p>El mes pasado, el ministro federal de Inmigraci\u00f3n, Marc Miller, revel\u00f3 que Canad\u00e1 est\u00e1 estabilizando su objetivo de inmigraci\u00f3n para 2026 para apoyar el crecimiento sostenible. Tambi\u00e9n anunci\u00f3 medidas para transformar el sistema de inmigraci\u00f3n del pa\u00eds. Esto incluye integrar la planificaci\u00f3n de vivienda, atenci\u00f3n m\u00e9dica e infraestructura en colaboraci\u00f3n con provincias, territorios y municipios en su planificaci\u00f3n de inmigraci\u00f3n, as\u00ed como mejorar el Programa de Estudiantes Internacionales.<\/p>\n<p>Miller tambi\u00e9n anunci\u00f3 la creaci\u00f3n de un cuerpo asesor de reci\u00e9n llegados con experiencia en inmigraci\u00f3n para informar las mejoras de programas y pol\u00edticas, y la creaci\u00f3n de un puesto de Director de Talento Internacional para alinear los programas y v\u00edas de inmigraci\u00f3n de manera m\u00e1s efectiva con el mercado laboral.<\/p>\n<p>Mientras los reci\u00e9n llegados esperan tales cambios para mejorar el sistema, algunos como Jason Avenido dicen que es posible que sus aspiraciones deban hacer una pausa. Avendido espera que llegue apoyo para la pr\u00f3xima generaci\u00f3n.<\/p>\n<p>\u201c(Mi) sue\u00f1o n\u00famero uno es que mis hijos est\u00e9n aqu\u00ed, obtendr\u00e1n PR (residencia permanente) y ciudadan\u00eda. Recibir\u00e1n una buena educaci\u00f3n aqu\u00ed\u201d, dijo Avenido, quien se est\u00e1 preparando para la llegada de su familia a Canad\u00e1.<\/p>\n<p>\u201cEse es mi \u00fanico sue\u00f1o para mis hijos. Para m\u00ed, nada m\u00e1s. Todo es por mis hijos\u201d.<\/p>\n","protected":false},"excerpt":{"rendered":"<p>&nbsp; &nbsp; &nbsp; Una crisis de asequibilidad est\u00e1 poniendo en riesgo el sue\u00f1o canadiense de los inmigrantes, seg\u00fan una nueva encuesta de Leger realizada exclusivamente&hellip;<\/p>\n","protected":false},"author":99,"featured_media":514315,"comment_status":"open","ping_status":"open","sticky":false,"template":"","format":"standard","meta":{"footnotes":""},"categories":[21,11191],"tags":[],"class_list":["post-514314","post","type-post","status-publish","format-standard","has-post-thumbnail","hentry","category-canada","category-top-news"],"_links":{"self":[{"href":"https:\/\/diarioelpopular.com\/index.php\/wp-json\/wp\/v2\/posts\/514314","targetHints":{"allow":["GET"]}}],"collection":[{"href":"https:\/\/diarioelpopular.com\/index.php\/wp-json\/wp\/v2\/posts"}],"about":[{"href":"https:\/\/diarioelpopular.com\/index.php\/wp-json\/wp\/v2\/types\/post"}],"author":[{"embeddable":true,"href":"https:\/\/diarioelpopular.com\/index.php\/wp-json\/wp\/v2\/users\/99"}],"replies":[{"embeddable":true,"href":"https:\/\/diarioelpopular.com\/index.php\/wp-json\/wp\/v2\/comments?post=514314"}],"version-history":[{"count":1,"href":"https:\/\/diarioelpopular.com\/index.php\/wp-json\/wp\/v2\/posts\/514314\/revisions"}],"predecessor-version":[{"id":514316,"href":"https:\/\/diarioelpopular.com\/index.php\/wp-json\/wp\/v2\/posts\/514314\/revisions\/514316"}],"wp:featuredmedia":[{"embeddable":true,"href":"https:\/\/diarioelpopular.com\/index.php\/wp-json\/wp\/v2\/media\/514315"}],"wp:attachment":[{"href":"https:\/\/diarioelpopular.com\/index.php\/wp-json\/wp\/v2\/media?parent=514314"}],"wp:term":[{"taxonomy":"category","embeddable":true,"href":"https:\/\/diarioelpopular.com\/index.php\/wp-json\/wp\/v2\/categories?post=514314"},{"taxonomy":"post_tag","embeddable":true,"href":"https:\/\/diarioelpopular.com\/index.php\/wp-json\/wp\/v2\/tags?post=514314"}],"curies":[{"name":"wp","href":"https:\/\/api.w.org\/{rel}","templated":true}]}}