{"id":514345,"date":"2023-11-23T10:22:17","date_gmt":"2023-11-23T14:22:17","guid":{"rendered":"https:\/\/diarioelpopular.com\/?p=514345"},"modified":"2023-11-23T10:22:17","modified_gmt":"2023-11-23T14:22:17","slug":"los-aumentos-de-tipos-pueden-ser-suficientes-para-que-la-inflacion-vuelva-al-objetivo-dice-el-banco-de-canada","status":"publish","type":"post","link":"https:\/\/diarioelpopular.com\/index.php\/2023\/11\/23\/los-aumentos-de-tipos-pueden-ser-suficientes-para-que-la-inflacion-vuelva-al-objetivo-dice-el-banco-de-canada\/","title":{"rendered":"Los aumentos de tipos pueden ser suficientes para que la inflaci\u00f3n vuelva al objetivo, dice el Banco de Canad\u00e1"},"content":{"rendered":"<p><img loading=\"lazy\" decoding=\"async\" class=\"alignnone size-custom-full-size wp-image-514346\" src=\"https:\/\/diarioelpopular.com\/wp-content\/uploads\/2023\/11\/Screen-Shot-2023-11-23-at-9.21.27-AM-636x454.png\" alt=\"\" width=\"636\" height=\"454\" srcset=\"https:\/\/diarioelpopular.com\/wp-content\/uploads\/2023\/11\/Screen-Shot-2023-11-23-at-9.21.27-AM-636x454.png 636w, https:\/\/diarioelpopular.com\/wp-content\/uploads\/2023\/11\/Screen-Shot-2023-11-23-at-9.21.27-AM-300x214.png 300w, https:\/\/diarioelpopular.com\/wp-content\/uploads\/2023\/11\/Screen-Shot-2023-11-23-at-9.21.27-AM-768x548.png 768w, https:\/\/diarioelpopular.com\/wp-content\/uploads\/2023\/11\/Screen-Shot-2023-11-23-at-9.21.27-AM-102x73.png 102w, https:\/\/diarioelpopular.com\/wp-content\/uploads\/2023\/11\/Screen-Shot-2023-11-23-at-9.21.27-AM.png 1024w\" sizes=\"auto, (max-width: 636px) 100vw, 636px\" \/><\/p>\n<p>&nbsp;<\/p>\n<ul>\n<li><em><strong>El banquero central dice que a pesar de las subidas de tipos, la recompensa valdr\u00e1 la pena<\/strong><\/em><\/li>\n<\/ul>\n<p>&nbsp;<\/p>\n<p><em><strong>OTTAWA.-<\/strong><\/em> El gobernador del Banco de Canad\u00e1, Tiff Macklem, advierte que combatir la inflaci\u00f3n a medias y vivir con sus consecuencias ser\u00eda un gran error.<\/p>\n<p>El gobernador reconoci\u00f3 durante un discurso este mi\u00e9rcoles que las tasas de inter\u00e9s pueden ser ya lo suficientemente altas como para llevar la inflaci\u00f3n nuevamente al objetivo, pero reiter\u00f3 la disposici\u00f3n del banco central a aumentar a\u00fan m\u00e1s las tasas si la inflaci\u00f3n no baja.<\/p>\n<p>El gobernador pronunci\u00f3 un discurso ante la C\u00e1mara de Comercio de la Regi\u00f3n de Saint John este mi\u00e9rcoles, un d\u00eda despu\u00e9s de la publicaci\u00f3n de nuevas cifras de inflaci\u00f3n que muestran que la tasa de inflaci\u00f3n de Canad\u00e1 cay\u00f3 al 3,1 por ciento en octubre.<\/p>\n<p>Seg\u00fan sus comentarios preparados, Macklem contrasta la lucha contra la inflaci\u00f3n actual con la inflaci\u00f3n de la d\u00e9cada de 1970, destacando similitudes y diferencias entre esos dos per\u00edodos de tiempo.<\/p>\n<p>Macklem dice que la inflaci\u00f3n en la d\u00e9cada de 1970 tambi\u00e9n fue provocada por acontecimientos globales, lo que tuvo consecuencias similares a las actuales: la gente se sinti\u00f3 estafada porque sus salarios no estaban a la altura del costo de vida, y las huelgas laborales fueron largas y frecuentes.<\/p>\n<p>Y aunque los formuladores de pol\u00edticas experimentaron con controles de precios y salarios, as\u00ed como con la desaceleraci\u00f3n del crecimiento de la oferta monetaria, el gobernador dijo que estas pol\u00edticas eran ineficaces.<\/p>\n<p>&#8220;Y el gobierno y el banco central no estaban dispuestos a mantener el rumbo: restringir el gasto p\u00fablico y endurecer la pol\u00edtica monetaria lo suficiente como para eliminar las presiones inflacionarias de la econom\u00eda&#8221;, dijo Macklem.<\/p>\n<p>La consecuencia, dijo, fue que los canadienses vivieron con una alta inflaci\u00f3n durante m\u00e1s de una d\u00e9cada y cuando las autoridades se dieron cuenta de que necesitaban hacer m\u00e1s, la inflaci\u00f3n ya estaba arraigada en la econom\u00eda.<\/p>\n<p>&#8220;La lecci\u00f3n de la d\u00e9cada de 1970 es que luchar contra la inflaci\u00f3n a medias y vivir con el estr\u00e9s, los conflictos laborales y la incertidumbre que la inflaci\u00f3n puede causar ser\u00eda un gran error&#8221;, dijo Macklem.<\/p>\n<p>El Banco de Canad\u00e1 respondi\u00f3 al aumento de la inflaci\u00f3n a partir de marzo de 2022 elevando r\u00e1pidamente las tasas de inter\u00e9s al nivel m\u00e1s alto en d\u00e9cadas. Los agresivos aumentos de tasas han desacelerado el gasto en la econom\u00eda a medida que la gente enfrenta mayores costos de endeudamiento, particularmente muchos propietarios de viviendas con hipotecas.<\/p>\n<p><em><strong>&#8220;El endurecimiento de la pol\u00edtica monetaria est\u00e1 funcionando&#8221;<\/strong><\/em><br \/>\nEl banco central opt\u00f3 por mantener estable su tasa de inter\u00e9s clave en cinco por ciento en sus dos \u00faltimas reuniones de decisi\u00f3n mientras el crecimiento econ\u00f3mico se detiene. Ha dicho que tambi\u00e9n est\u00e1 tomando en consideraci\u00f3n que muchos canadienses tendr\u00e1n que renovar sus hipotecas a tasas de inter\u00e9s m\u00e1s altas, lo que significa que se avecina un mayor retroceso econ\u00f3mico.<\/p>\n<p>&#8220;Este endurecimiento de la pol\u00edtica monetaria est\u00e1 funcionando, y las tasas de inter\u00e9s ahora pueden ser lo suficientemente restrictivas como para regresar a la estabilidad de precios. Pero si persiste la alta inflaci\u00f3n, estamos preparados para aumentar a\u00fan m\u00e1s nuestra tasa de pol\u00edtica&#8221;, dijo Macklem el mi\u00e9rcoles.<\/p>\n<p>El gobernador dice que Canad\u00e1 tiene hoy dos ventajas en comparaci\u00f3n con los a\u00f1os 1970. La primera es que la gente espera que la inflaci\u00f3n vuelva a bajar en el largo plazo. La segunda es que el Banco de Canad\u00e1 respondi\u00f3 en\u00e9rgicamente esta vez con agresivas subidas de tipos.<\/p>\n<p>&#8220;S\u00e9 que incluso cuando nuestros aumentos de las tasas de inter\u00e9s est\u00e1n reduciendo la inflaci\u00f3n, para muchos canadienses son un costo adicional&#8221;, dijo. &#8220;Pero estas tasas est\u00e1n aliviando las presiones sobre los precios en general en toda la econom\u00eda. Si mantenemos el rumbo, la recompensa valdr\u00e1 la pena&#8221;.<\/p>\n<p>El discurso de Macklem tambi\u00e9n se produjo el d\u00eda despu\u00e9s de que la ministra de Finanzas, Chrystia Freeland, presentara la declaraci\u00f3n econ\u00f3mica de oto\u00f1o del gobierno, que promet\u00eda nuevos l\u00edmites al gasto p\u00fablico a medida que la econom\u00eda se desacelera y la inflaci\u00f3n sigue alta.<\/p>\n<p>La actualizaci\u00f3n agrega $20.8 mil millones en nuevos gastos durante cinco a\u00f1os desde el presupuesto de primavera, con algunas medidas nuevas dise\u00f1adas para impulsar la oferta de vivienda, incluidas unidades de alquiler y viviendas asequibles.<\/p>\n<p>Pero gran parte del nuevo gasto est\u00e1 vinculado a pol\u00edticas y programas que el gobierno federal anunci\u00f3 antes de la declaraci\u00f3n econ\u00f3mica de oto\u00f1o de hoy, incluidos miles de millones de d\u00f3lares para plantas de bater\u00edas para veh\u00edculos el\u00e9ctricos.<\/p>\n<p>Antes de la actualizaci\u00f3n fiscal, Macklem hab\u00eda advertido que, en conjunto, los planes de gasto de todos los niveles de gobierno para el pr\u00f3ximo a\u00f1o corren el riesgo de alimentar la inflaci\u00f3n.<\/p>\n","protected":false},"excerpt":{"rendered":"<p>&nbsp; El banquero central dice que a pesar de las subidas de tipos, la recompensa valdr\u00e1 la pena &nbsp; OTTAWA.- El gobernador del Banco de&hellip;<\/p>\n","protected":false},"author":99,"featured_media":514346,"comment_status":"open","ping_status":"open","sticky":false,"template":"","format":"standard","meta":{"footnotes":""},"categories":[21],"tags":[],"class_list":["post-514345","post","type-post","status-publish","format-standard","has-post-thumbnail","hentry","category-canada"],"_links":{"self":[{"href":"https:\/\/diarioelpopular.com\/index.php\/wp-json\/wp\/v2\/posts\/514345","targetHints":{"allow":["GET"]}}],"collection":[{"href":"https:\/\/diarioelpopular.com\/index.php\/wp-json\/wp\/v2\/posts"}],"about":[{"href":"https:\/\/diarioelpopular.com\/index.php\/wp-json\/wp\/v2\/types\/post"}],"author":[{"embeddable":true,"href":"https:\/\/diarioelpopular.com\/index.php\/wp-json\/wp\/v2\/users\/99"}],"replies":[{"embeddable":true,"href":"https:\/\/diarioelpopular.com\/index.php\/wp-json\/wp\/v2\/comments?post=514345"}],"version-history":[{"count":1,"href":"https:\/\/diarioelpopular.com\/index.php\/wp-json\/wp\/v2\/posts\/514345\/revisions"}],"predecessor-version":[{"id":514347,"href":"https:\/\/diarioelpopular.com\/index.php\/wp-json\/wp\/v2\/posts\/514345\/revisions\/514347"}],"wp:featuredmedia":[{"embeddable":true,"href":"https:\/\/diarioelpopular.com\/index.php\/wp-json\/wp\/v2\/media\/514346"}],"wp:attachment":[{"href":"https:\/\/diarioelpopular.com\/index.php\/wp-json\/wp\/v2\/media?parent=514345"}],"wp:term":[{"taxonomy":"category","embeddable":true,"href":"https:\/\/diarioelpopular.com\/index.php\/wp-json\/wp\/v2\/categories?post=514345"},{"taxonomy":"post_tag","embeddable":true,"href":"https:\/\/diarioelpopular.com\/index.php\/wp-json\/wp\/v2\/tags?post=514345"}],"curies":[{"name":"wp","href":"https:\/\/api.w.org\/{rel}","templated":true}]}}