{"id":514421,"date":"2023-11-28T10:15:14","date_gmt":"2023-11-28T14:15:14","guid":{"rendered":"https:\/\/diarioelpopular.com\/?p=514421"},"modified":"2023-11-28T10:15:14","modified_gmt":"2023-11-28T14:15:14","slug":"las-correccionales-de-canada-quieren-bloquear-telefonos-piratas-en-las-carceles-informe","status":"publish","type":"post","link":"https:\/\/diarioelpopular.com\/index.php\/2023\/11\/28\/las-correccionales-de-canada-quieren-bloquear-telefonos-piratas-en-las-carceles-informe\/","title":{"rendered":"Las correccionales de Canad\u00e1 quieren bloquear tel\u00e9fonos piratas en las c\u00e1rceles: informe"},"content":{"rendered":"<p><img loading=\"lazy\" decoding=\"async\" class=\"alignnone size-custom-full-size wp-image-514422\" src=\"https:\/\/diarioelpopular.com\/wp-content\/uploads\/2023\/11\/Screen-Shot-2023-11-28-at-9.14.44-AM-636x387.png\" alt=\"\" width=\"636\" height=\"387\" srcset=\"https:\/\/diarioelpopular.com\/wp-content\/uploads\/2023\/11\/Screen-Shot-2023-11-28-at-9.14.44-AM-636x387.png 636w, https:\/\/diarioelpopular.com\/wp-content\/uploads\/2023\/11\/Screen-Shot-2023-11-28-at-9.14.44-AM-300x182.png 300w, https:\/\/diarioelpopular.com\/wp-content\/uploads\/2023\/11\/Screen-Shot-2023-11-28-at-9.14.44-AM-768x467.png 768w, https:\/\/diarioelpopular.com\/wp-content\/uploads\/2023\/11\/Screen-Shot-2023-11-28-at-9.14.44-AM-120x73.png 120w, https:\/\/diarioelpopular.com\/wp-content\/uploads\/2023\/11\/Screen-Shot-2023-11-28-at-9.14.44-AM.png 1024w\" sizes=\"auto, (max-width: 636px) 100vw, 636px\" \/><\/p>\n<p>&nbsp;<\/p>\n<ul>\n<li><em><strong>Corrections Canad\u00e1 est\u00e1 pidiendo a las compa\u00f1\u00edas telef\u00f3nicas que bloqueen los tel\u00e9fonos en las prisiones federales, seg\u00fan muestran los registros.<\/strong><\/em><\/li>\n<\/ul>\n<p>&nbsp;<\/p>\n<p><em><strong>OTTAWA.-<\/strong><\/em>\u00a0Decenas de miles de tel\u00e9fonos m\u00f3viles pirateados han sido contrabandeados tras las rejas, sin que las autoridades hagan algo al respecto, seg\u00fan un informe de Blacklock.<\/p>\n<p>&#8220;El Servicio Correccional est\u00e1 colaborando con este grupo (industrial) como parte de sus esfuerzos para buscar una exenci\u00f3n regulatoria para implementar tecnolog\u00eda de interferencia&#8221;, dijo el Servicio Correccional en una investigaci\u00f3n del Ministerio presentada en la C\u00e1mara de los Comunes.<\/p>\n<p>La interferencia de tel\u00e9fonos es ilegal en Canad\u00e1.<\/p>\n<p>Los funcionarios penitenciarios dicen que desde 2018 han confiscado m\u00e1s de 2.800 \u201cdispositivos electr\u00f3nicos\u201d, incluidos tel\u00e9fonos celulares, de prisioneros federales.<\/p>\n<p>Los tel\u00e9fonos piratas se utilizan para evitar los tel\u00e9fonos fijos de las prisiones donde se monitorean las llamadas.<\/p>\n<p>Los prisioneros deben presentar una \u201clista de llamadas\u201d de nombres, direcciones y n\u00fameros aprobados de las personas a las que quieren llamar.<\/p>\n<p>&#8220;Para proteger mejor la seguridad de nuestras instituciones, el Servicio Correccional contin\u00faa explorando medios nuevos e innovadores para prevenir y confiscar el creciente contrabando&#8221;, indica la investigaci\u00f3n.<\/p>\n<p>En 2021, el Servicio Correccional dijo que \u201ccomenz\u00f3 a investigar c\u00f3mo podr\u00eda introducir tecnolog\u00eda de interferencia de c\u00e9lulas\u201d, incluida una investigaci\u00f3n hecha en Australia.<\/p>\n<p>La Autoridad de Comunicaciones de Australia concedi\u00f3 a dos c\u00e1rceles una exenci\u00f3n de su prohibici\u00f3n nacional sobre bloqueadores de tel\u00e9fonos con una advertencia: &#8220;existe el riesgo de que el uso de un bloqueador de tel\u00e9fonos m\u00f3viles en una prisi\u00f3n interfiera con las redes p\u00fablicas de telefon\u00eda m\u00f3vil circundantes&#8221;.<\/p>\n<p>A las c\u00e1rceles federales de Estados Unidos ya se les permite interferir las comunicaciones m\u00f3viles de los reclusos.<\/p>\n<p>\u201cEl 1 de febrero de 2023, el Servicio Correccional se reuni\u00f3 con representantes de la Asociaci\u00f3n Canadiense de Telecomunicaciones Inal\u00e1mbricas, que representa a los operadores de telecomunicaciones canadienses que brindan servicios y productos en todo el sector inal\u00e1mbrico. La reuni\u00f3n con la Asociaci\u00f3n fue para discutir medidas de mitigaci\u00f3n relacionadas con el contrabando de dispositivos de comunicaciones celulares\u201d, dice la investigaci\u00f3n.<\/p>\n<p>&#8220;Un 15 de junio, el Servicio Correccional organiz\u00f3 conjuntamente una discusi\u00f3n con la asociaci\u00f3n y representantes de los principales operadores de telecomunicaciones de todo Canad\u00e1&#8221;.<\/p>\n<p>No se fij\u00f3 una fecha para solicitar la exenci\u00f3n regulatoria para bloquear las comunicaciones inal\u00e1mbricas en las prisiones.<\/p>\n","protected":false},"excerpt":{"rendered":"<p>&nbsp; Corrections Canad\u00e1 est\u00e1 pidiendo a las compa\u00f1\u00edas telef\u00f3nicas que bloqueen los tel\u00e9fonos en las prisiones federales, seg\u00fan muestran los registros. &nbsp; OTTAWA.-\u00a0Decenas de miles&hellip;<\/p>\n","protected":false},"author":99,"featured_media":514422,"comment_status":"open","ping_status":"open","sticky":false,"template":"","format":"standard","meta":{"footnotes":""},"categories":[21,11191],"tags":[],"class_list":["post-514421","post","type-post","status-publish","format-standard","has-post-thumbnail","hentry","category-canada","category-top-news"],"_links":{"self":[{"href":"https:\/\/diarioelpopular.com\/index.php\/wp-json\/wp\/v2\/posts\/514421","targetHints":{"allow":["GET"]}}],"collection":[{"href":"https:\/\/diarioelpopular.com\/index.php\/wp-json\/wp\/v2\/posts"}],"about":[{"href":"https:\/\/diarioelpopular.com\/index.php\/wp-json\/wp\/v2\/types\/post"}],"author":[{"embeddable":true,"href":"https:\/\/diarioelpopular.com\/index.php\/wp-json\/wp\/v2\/users\/99"}],"replies":[{"embeddable":true,"href":"https:\/\/diarioelpopular.com\/index.php\/wp-json\/wp\/v2\/comments?post=514421"}],"version-history":[{"count":1,"href":"https:\/\/diarioelpopular.com\/index.php\/wp-json\/wp\/v2\/posts\/514421\/revisions"}],"predecessor-version":[{"id":514423,"href":"https:\/\/diarioelpopular.com\/index.php\/wp-json\/wp\/v2\/posts\/514421\/revisions\/514423"}],"wp:featuredmedia":[{"embeddable":true,"href":"https:\/\/diarioelpopular.com\/index.php\/wp-json\/wp\/v2\/media\/514422"}],"wp:attachment":[{"href":"https:\/\/diarioelpopular.com\/index.php\/wp-json\/wp\/v2\/media?parent=514421"}],"wp:term":[{"taxonomy":"category","embeddable":true,"href":"https:\/\/diarioelpopular.com\/index.php\/wp-json\/wp\/v2\/categories?post=514421"},{"taxonomy":"post_tag","embeddable":true,"href":"https:\/\/diarioelpopular.com\/index.php\/wp-json\/wp\/v2\/tags?post=514421"}],"curies":[{"name":"wp","href":"https:\/\/api.w.org\/{rel}","templated":true}]}}