{"id":514428,"date":"2023-11-29T10:33:26","date_gmt":"2023-11-29T14:33:26","guid":{"rendered":"https:\/\/diarioelpopular.com\/?p=514428"},"modified":"2023-11-29T10:33:26","modified_gmt":"2023-11-29T14:33:26","slug":"tres-de-cada-cuatro-personas-dicen-que-una-mayor-inmigracion-esta-empeorando-la-crisis-inmobiliaria","status":"publish","type":"post","link":"https:\/\/diarioelpopular.com\/index.php\/2023\/11\/29\/tres-de-cada-cuatro-personas-dicen-que-una-mayor-inmigracion-esta-empeorando-la-crisis-inmobiliaria\/","title":{"rendered":"Tres de cada cuatro personas dicen que una mayor inmigraci\u00f3n est\u00e1 empeorando la crisis inmobiliaria"},"content":{"rendered":"<p><img loading=\"lazy\" decoding=\"async\" class=\"alignnone size-custom-full-size wp-image-514429\" src=\"https:\/\/diarioelpopular.com\/wp-content\/uploads\/2023\/11\/Screen-Shot-2023-11-29-at-9.32.52-AM-636x380.png\" alt=\"\" width=\"636\" height=\"380\" srcset=\"https:\/\/diarioelpopular.com\/wp-content\/uploads\/2023\/11\/Screen-Shot-2023-11-29-at-9.32.52-AM-636x380.png 636w, https:\/\/diarioelpopular.com\/wp-content\/uploads\/2023\/11\/Screen-Shot-2023-11-29-at-9.32.52-AM-300x179.png 300w, https:\/\/diarioelpopular.com\/wp-content\/uploads\/2023\/11\/Screen-Shot-2023-11-29-at-9.32.52-AM-768x459.png 768w, https:\/\/diarioelpopular.com\/wp-content\/uploads\/2023\/11\/Screen-Shot-2023-11-29-at-9.32.52-AM-122x73.png 122w, https:\/\/diarioelpopular.com\/wp-content\/uploads\/2023\/11\/Screen-Shot-2023-11-29-at-9.32.52-AM.png 1024w\" sizes=\"auto, (max-width: 636px) 100vw, 636px\" \/><\/p>\n<p>&nbsp;<\/p>\n<p><em><strong>&#8211; Una gran mayor\u00eda est\u00e1 de acuerdo en que una mayor inmigraci\u00f3n est\u00e1 alimentando la crisis inmobiliaria y ejerciendo presi\u00f3n sobre el sistema de atenci\u00f3n sanitaria, sugiere una nueva encuesta de Leger.<\/strong><\/em><\/p>\n<p>&nbsp;<\/p>\n<p>Las nuevas cifras de intenci\u00f3n de voto a nivel federal proporcionadas por la empresa encuestadora tambi\u00e9n muestran que los conservadores mantienen su considerable ventaja sobre los liberales gobernantes.<\/p>\n<p>La encuesta, realizada del viernes al domingo pasado, encontr\u00f3 que alrededor de tres cuartas partes de los encuestados coincidieron en que el aumento de inmigrantes est\u00e1 a\u00f1adiendo tensi\u00f3n tanto al mercado inmobiliario como al sistema de atenci\u00f3n m\u00e9dica.<\/p>\n<p>Casi dos tercios de los encuestados, o el 63 por ciento, dijeron que el volumen de reci\u00e9n llegados tambi\u00e9n est\u00e1 a\u00f1adiendo presi\u00f3n a los sistemas educativos del pa\u00eds.<\/p>\n<p>Pero la encuesta muestra que tambi\u00e9n ven algunos beneficios de una mayor inmigraci\u00f3n.<\/p>\n<p>Aproximadamente tres cuartas partes de los encuestados estuvieron de acuerdo en que una mayor inmigraci\u00f3n contribuye a la diversidad cultural del pa\u00eds, y el 63 por ciento dijo que la llegada de inmigrantes j\u00f3venes contribuye a la fuerza laboral y la base impositiva, que sustenta a las generaciones mayores.<\/p>\n<p>Leger encuest\u00f3 a 1.529 personas en l\u00ednea. Si bien los resultados fueron ponderados estad\u00edsticamente, no se les puede asignar un margen de error porque las encuestas en l\u00ednea no se consideran muestras verdaderamente aleatorias.<\/p>\n<p>Los resultados de la encuesta subrayan los sentimientos encontrados que tiene la gente sobre el efecto de la inmigraci\u00f3n en el pa\u00eds.<\/p>\n<p>Al mismo tiempo, esto indica un cambio en el sentimiento p\u00fablico sobre la inmigraci\u00f3n, mientras el pa\u00eds enfrenta desaf\u00edos de asequibilidad y problemas con la prestaci\u00f3n de servicios p\u00fablicos.<\/p>\n<p>En 2022, la poblaci\u00f3n de Canad\u00e1 creci\u00f3 en m\u00e1s de un mill\u00f3n de personas, cifra que inclu\u00eda 607.782 residentes no permanentes y 437.180 inmigrantes.<\/p>\n<p>Leger descubre que, en comparaci\u00f3n con marzo de 2022, la proporci\u00f3n de personas que dicen que quieren que el pa\u00eds reciba a m\u00e1s inmigrantes que en el pasado ha ca\u00eddo del 17 por ciento al nueve por ciento.<\/p>\n<p>Por otro lado, m\u00e1s personas dicen que Canad\u00e1 deber\u00eda dar la bienvenida a menos inmigrantes, y ese n\u00famero aument\u00f3 del 39 por ciento al 48 por ciento.<\/p>\n<p>Christian Bourque, vicepresidente ejecutivo de Leger, dice que cada vez m\u00e1s personas parecen vincular la inmigraci\u00f3n con problemas como la asequibilidad de la vivienda.<\/p>\n<p>&#8220;La composici\u00f3n del pa\u00eds y los problemas que enfrenta son un poco diferentes a los que eran antes de la pandemia&#8221;, dijo Bourque.<\/p>\n<p>El gobierno federal ha sido objeto de escrutinio por aumentar r\u00e1pidamente sus objetivos de inmigraci\u00f3n anuales, mientras que el n\u00famero de residentes temporales en el pa\u00eds tambi\u00e9n se dispara.<\/p>\n<p>El n\u00famero de residentes permanentes que Canad\u00e1 recibir\u00e1 en 2024 y 2025 aumentar\u00e1 seg\u00fan lo previsto a 485.000 y 500.000, respectivamente.<\/p>\n<p>Un poco m\u00e1s de la mitad de los que respondieron a la encuesta de Leger (el 53 por ciento) dijo que esas cifras son demasiado altas, mientras que el 28 por ciento dijo que Canad\u00e1 est\u00e1 preparado para admitir el n\u00famero correcto de inmigrantes. El cuatro por ciento dijo que el pa\u00eds no da la bienvenida a suficientes inmigrantes.<\/p>\n<p>Los liberales federales han argumentado que hacer crecer la poblaci\u00f3n del pa\u00eds es importante para abordar la escasez de mano de obra y el envejecimiento demogr\u00e1fico. Tambi\u00e9n han argumentado que los reci\u00e9n llegados pueden ayudar a construir las casas que los canadienses necesitan desesperadamente.<\/p>\n<p>Pero luego de mucho debate sobre si Canad\u00e1 puede manejar estos mayores flujos de inmigraci\u00f3n, el ministro de Inmigraci\u00f3n, Marc Miller, present\u00f3 nuevos objetivos en el Parlamento a principios de este mes que exigen que el n\u00famero de nuevos residentes permanentes se mantenga estable en 500.000 en 2026.<\/p>\n<p>Mientras tanto, la \u00faltima encuesta de Leger sobre intenciones de voto a nivel federal muestra que los conservadores mantienen una ventaja de 14 puntos sobre los liberales, y el 40 por ciento de los encuestados dice que lo m\u00e1s probable es que votar\u00edan por los conservadores si se celebraran elecciones en el momento de la votaci\u00f3n. Otro 26 por ciento dijo que votar\u00eda por los liberales y el 20 por ciento votar\u00eda por el NDP.<\/p>\n<p>S\u00f3lo el 29 por ciento de los encuestados dijeron que estaban muy o algo satisfechos con el gobierno del primer ministro Justin Trudeau, una cifra que ha ido disminuyendo en los \u00faltimos meses.<\/p>\n<p>Una cuarta parte de los encuestados dijo que el l\u00edder conservador Pierre Poilievre ser\u00eda el mejor primer ministro, cuatro puntos porcentuales menos que en octubre. Trudeau est\u00e1 detr\u00e1s de Poilievre con un 19 por ciento, mientras que el 17 por ciento de los encuestados dice que el l\u00edder del NDP, Jagmeet Singh, ser\u00eda el mejor primer ministro.<\/p>\n<p>Bourque dijo que el menor apoyo a los l\u00edderes, en comparaci\u00f3n con el de sus partidos, sugiere que la cuesti\u00f3n del liderazgo puede convertirse en un punto central en la pol\u00edtica federal.<\/p>\n<p>&#8220;Estamos viendo que&#8230; todos los l\u00edderes tienen un desempe\u00f1o deficiente (de sus partidos). Lo que plantea la pregunta: \u00bftodo esto se tratar\u00e1 de un liderazgo que avance?&#8221; \u00e9l dijo.<\/p>\n","protected":false},"excerpt":{"rendered":"<p>&nbsp; &#8211; Una gran mayor\u00eda est\u00e1 de acuerdo en que una mayor inmigraci\u00f3n est\u00e1 alimentando la crisis inmobiliaria y ejerciendo presi\u00f3n sobre el sistema de&hellip;<\/p>\n","protected":false},"author":99,"featured_media":514429,"comment_status":"open","ping_status":"open","sticky":false,"template":"","format":"standard","meta":{"footnotes":""},"categories":[21,11191],"tags":[],"class_list":["post-514428","post","type-post","status-publish","format-standard","has-post-thumbnail","hentry","category-canada","category-top-news"],"_links":{"self":[{"href":"https:\/\/diarioelpopular.com\/index.php\/wp-json\/wp\/v2\/posts\/514428","targetHints":{"allow":["GET"]}}],"collection":[{"href":"https:\/\/diarioelpopular.com\/index.php\/wp-json\/wp\/v2\/posts"}],"about":[{"href":"https:\/\/diarioelpopular.com\/index.php\/wp-json\/wp\/v2\/types\/post"}],"author":[{"embeddable":true,"href":"https:\/\/diarioelpopular.com\/index.php\/wp-json\/wp\/v2\/users\/99"}],"replies":[{"embeddable":true,"href":"https:\/\/diarioelpopular.com\/index.php\/wp-json\/wp\/v2\/comments?post=514428"}],"version-history":[{"count":1,"href":"https:\/\/diarioelpopular.com\/index.php\/wp-json\/wp\/v2\/posts\/514428\/revisions"}],"predecessor-version":[{"id":514430,"href":"https:\/\/diarioelpopular.com\/index.php\/wp-json\/wp\/v2\/posts\/514428\/revisions\/514430"}],"wp:featuredmedia":[{"embeddable":true,"href":"https:\/\/diarioelpopular.com\/index.php\/wp-json\/wp\/v2\/media\/514429"}],"wp:attachment":[{"href":"https:\/\/diarioelpopular.com\/index.php\/wp-json\/wp\/v2\/media?parent=514428"}],"wp:term":[{"taxonomy":"category","embeddable":true,"href":"https:\/\/diarioelpopular.com\/index.php\/wp-json\/wp\/v2\/categories?post=514428"},{"taxonomy":"post_tag","embeddable":true,"href":"https:\/\/diarioelpopular.com\/index.php\/wp-json\/wp\/v2\/tags?post=514428"}],"curies":[{"name":"wp","href":"https:\/\/api.w.org\/{rel}","templated":true}]}}