{"id":514449,"date":"2023-11-30T10:32:04","date_gmt":"2023-11-30T14:32:04","guid":{"rendered":"https:\/\/diarioelpopular.com\/?p=514449"},"modified":"2023-11-30T10:32:04","modified_gmt":"2023-11-30T14:32:04","slug":"la-economia-de-canada-se-contrajo-un-0-3-en-el-tercer-trimestre-segun-statscan","status":"publish","type":"post","link":"https:\/\/diarioelpopular.com\/index.php\/2023\/11\/30\/la-economia-de-canada-se-contrajo-un-0-3-en-el-tercer-trimestre-segun-statscan\/","title":{"rendered":"La econom\u00eda de Canad\u00e1 se contrajo un 0,3% en el tercer trimestre, seg\u00fan StatsCan"},"content":{"rendered":"<p><img loading=\"lazy\" decoding=\"async\" class=\"alignnone size-custom-big-size wp-image-514450\" src=\"https:\/\/diarioelpopular.com\/wp-content\/uploads\/2023\/11\/Screen-Shot-2023-11-30-at-9.31.29-AM-1200x587.png\" alt=\"\" width=\"1200\" height=\"587\" srcset=\"https:\/\/diarioelpopular.com\/wp-content\/uploads\/2023\/11\/Screen-Shot-2023-11-30-at-9.31.29-AM-1200x587.png 1200w, https:\/\/diarioelpopular.com\/wp-content\/uploads\/2023\/11\/Screen-Shot-2023-11-30-at-9.31.29-AM-300x147.png 300w, https:\/\/diarioelpopular.com\/wp-content\/uploads\/2023\/11\/Screen-Shot-2023-11-30-at-9.31.29-AM-768x376.png 768w, https:\/\/diarioelpopular.com\/wp-content\/uploads\/2023\/11\/Screen-Shot-2023-11-30-at-9.31.29-AM-636x311.png 636w, https:\/\/diarioelpopular.com\/wp-content\/uploads\/2023\/11\/Screen-Shot-2023-11-30-at-9.31.29-AM-146x71.png 146w, https:\/\/diarioelpopular.com\/wp-content\/uploads\/2023\/11\/Screen-Shot-2023-11-30-at-9.31.29-AM.png 1024w\" sizes=\"auto, (max-width: 1200px) 100vw, 1200px\" \/><\/p>\n<p>&nbsp;<\/p>\n<p>&nbsp;<\/p>\n<ul>\n<li><em><strong>La revisi\u00f3n al alza de las cifras del trimestre anterior ahora muestra un crecimiento<\/strong><\/em><\/li>\n<\/ul>\n<p>&nbsp;<\/p>\n<p><em><strong>OTTAWA.-<\/strong><\/em> La econom\u00eda de Canad\u00e1 se contrajo en el tercer trimestre del a\u00f1o, pero los datos revisados de Statistics Canada muestran que el pa\u00eds todav\u00eda est\u00e1 logrando evitar una recesi\u00f3n t\u00e9cnica.<\/p>\n<p>El producto interno bruto real disminuy\u00f3 un 1,1 por ciento anualizado en el tercer trimestre del a\u00f1o, dijo la agencia el jueves.<\/p>\n<p>La agencia federal dice que una disminuci\u00f3n en las exportaciones internacionales y una menor acumulaci\u00f3n de inventarios por parte de las empresas fueron parcialmente compensadas por aumentos en el gasto gubernamental y la inversi\u00f3n en vivienda.<\/p>\n<p>StatCan dijo que la inversi\u00f3n en vivienda aument\u00f3 por primera vez en seis trimestres, impulsada por un repunte en la construcci\u00f3n de viviendas.<\/p>\n<p>La agencia hab\u00eda dicho anteriormente que la econom\u00eda tambi\u00e9n se contrajo modestamente en el segundo trimestre, pero las cifras revisadas tambi\u00e9n publicadas el jueves muestran que el PIB real en realidad aument\u00f3 un 1,4 por ciento anualizado.<\/p>\n<p>Dos ca\u00eddas consecutivas del PIB real habr\u00edan cumplido la definici\u00f3n de recesi\u00f3n t\u00e9cnica.<\/p>\n<p>Sin embargo, los economistas tienden a tener un list\u00f3n m\u00e1s alto para hablar de recesi\u00f3n mientras buscan se\u00f1ales de una desaceleraci\u00f3n m\u00e1s amplia.<\/p>\n<p>El debilitamiento de la econom\u00eda se produce cuando las altas tasas de inter\u00e9s frenan el gasto de las empresas y los consumidores.<\/p>\n<p>La inversi\u00f3n empresarial disminuy\u00f3 en el tercer trimestre, dijo StatCan, y el gasto de los hogares se mantuvo estable por segundo trimestre consecutivo.<\/p>\n<p>La tasa de ahorro de los hogares tambi\u00e9n aument\u00f3 el \u00faltimo trimestre, gracias en parte al aumento de los ingresos. StatCan dijo que el debilitamiento de los mercados laboral y financiero fue compensado por la introducci\u00f3n del reembolso de comestibles por parte del gobierno federal en julio.<\/p>\n","protected":false},"excerpt":{"rendered":"<p>&nbsp; &nbsp; La revisi\u00f3n al alza de las cifras del trimestre anterior ahora muestra un crecimiento &nbsp; OTTAWA.- La econom\u00eda de Canad\u00e1 se contrajo en&hellip;<\/p>\n","protected":false},"author":99,"featured_media":514450,"comment_status":"open","ping_status":"open","sticky":false,"template":"","format":"standard","meta":{"footnotes":""},"categories":[21],"tags":[],"class_list":["post-514449","post","type-post","status-publish","format-standard","has-post-thumbnail","hentry","category-canada"],"_links":{"self":[{"href":"https:\/\/diarioelpopular.com\/index.php\/wp-json\/wp\/v2\/posts\/514449","targetHints":{"allow":["GET"]}}],"collection":[{"href":"https:\/\/diarioelpopular.com\/index.php\/wp-json\/wp\/v2\/posts"}],"about":[{"href":"https:\/\/diarioelpopular.com\/index.php\/wp-json\/wp\/v2\/types\/post"}],"author":[{"embeddable":true,"href":"https:\/\/diarioelpopular.com\/index.php\/wp-json\/wp\/v2\/users\/99"}],"replies":[{"embeddable":true,"href":"https:\/\/diarioelpopular.com\/index.php\/wp-json\/wp\/v2\/comments?post=514449"}],"version-history":[{"count":1,"href":"https:\/\/diarioelpopular.com\/index.php\/wp-json\/wp\/v2\/posts\/514449\/revisions"}],"predecessor-version":[{"id":514451,"href":"https:\/\/diarioelpopular.com\/index.php\/wp-json\/wp\/v2\/posts\/514449\/revisions\/514451"}],"wp:featuredmedia":[{"embeddable":true,"href":"https:\/\/diarioelpopular.com\/index.php\/wp-json\/wp\/v2\/media\/514450"}],"wp:attachment":[{"href":"https:\/\/diarioelpopular.com\/index.php\/wp-json\/wp\/v2\/media?parent=514449"}],"wp:term":[{"taxonomy":"category","embeddable":true,"href":"https:\/\/diarioelpopular.com\/index.php\/wp-json\/wp\/v2\/categories?post=514449"},{"taxonomy":"post_tag","embeddable":true,"href":"https:\/\/diarioelpopular.com\/index.php\/wp-json\/wp\/v2\/tags?post=514449"}],"curies":[{"name":"wp","href":"https:\/\/api.w.org\/{rel}","templated":true}]}}