{"id":514484,"date":"2023-12-01T12:07:31","date_gmt":"2023-12-01T16:07:31","guid":{"rendered":"https:\/\/diarioelpopular.com\/?p=514484"},"modified":"2023-12-01T12:07:31","modified_gmt":"2023-12-01T16:07:31","slug":"que-hay-detras-del-enfrentamiento-entre-el-papa-francisco-y-los-jerarcas-ultraconservadores-en-ee-uu-que-son-hostiles-a-sus-reformas","status":"publish","type":"post","link":"https:\/\/diarioelpopular.com\/index.php\/2023\/12\/01\/que-hay-detras-del-enfrentamiento-entre-el-papa-francisco-y-los-jerarcas-ultraconservadores-en-ee-uu-que-son-hostiles-a-sus-reformas\/","title":{"rendered":"Qu\u00e9 hay detr\u00e1s del enfrentamiento entre el papa Francisco y los jerarcas ultraconservadores en EE.UU. que son hostiles a sus reformas"},"content":{"rendered":"<p><img loading=\"lazy\" decoding=\"async\" class=\"alignnone size-custom-big-size wp-image-514485\" src=\"https:\/\/diarioelpopular.com\/wp-content\/uploads\/2023\/12\/Screen-Shot-2023-12-01-at-11.07.02-AM-1200x672.png\" alt=\"\" width=\"1200\" height=\"672\" srcset=\"https:\/\/diarioelpopular.com\/wp-content\/uploads\/2023\/12\/Screen-Shot-2023-12-01-at-11.07.02-AM-1200x672.png 1200w, https:\/\/diarioelpopular.com\/wp-content\/uploads\/2023\/12\/Screen-Shot-2023-12-01-at-11.07.02-AM-300x168.png 300w, https:\/\/diarioelpopular.com\/wp-content\/uploads\/2023\/12\/Screen-Shot-2023-12-01-at-11.07.02-AM-768x430.png 768w, https:\/\/diarioelpopular.com\/wp-content\/uploads\/2023\/12\/Screen-Shot-2023-12-01-at-11.07.02-AM-636x356.png 636w, https:\/\/diarioelpopular.com\/wp-content\/uploads\/2023\/12\/Screen-Shot-2023-12-01-at-11.07.02-AM-130x73.png 130w, https:\/\/diarioelpopular.com\/wp-content\/uploads\/2023\/12\/Screen-Shot-2023-12-01-at-11.07.02-AM.png 1024w\" sizes=\"auto, (max-width: 1200px) 100vw, 1200px\" \/><\/p>\n<p>&nbsp;<\/p>\n<div class=\"bbc-19j92fr ebmt73l0\" dir=\"ltr\">\n<ul>\n<li class=\"bbc-hhl7in e17g058b0\" dir=\"ltr\"><em><b>La tensi\u00f3n entre el papa Francisco y la poderosa facci\u00f3n ultraconservadora de la Iglesia cat\u00f3lica en Estados Unidos est\u00e1 en niveles m\u00e1ximos.<\/b><\/em><\/li>\n<\/ul>\n<\/div>\n<div class=\"bbc-19j92fr ebmt73l0\" dir=\"ltr\">\n<p dir=\"ltr\">\n<p class=\"bbc-hhl7in e17g058b0\" dir=\"ltr\">El pont\u00edfice decidi\u00f3 esta semana desalojar de su residencia en el Vaticano al\u00a0cardenal retirado estadounidense Raymond Leo Burke, abiertamente cr\u00edtico con su gesti\u00f3n.<\/p>\n<\/div>\n<div class=\"bbc-19j92fr ebmt73l0\" dir=\"ltr\">\n<p class=\"bbc-hhl7in e17g058b0\" dir=\"ltr\">Lo hizo apenas tres semanas despu\u00e9s de destituir a otro feroz cr\u00edtico que se opon\u00eda a sus planteamientos y reformas:\u00a0Joseph Strickland, que era obispo de Tyler (Texas).<\/p>\n<\/div>\n<div class=\"bbc-19j92fr ebmt73l0\" dir=\"ltr\">\n<p class=\"bbc-hhl7in e17g058b0\" dir=\"ltr\">Ambas acciones suponen otra vuelta de tuerca en la pugna ideol\u00f3gica entre el Papa, que promueve una visi\u00f3n m\u00e1s abierta e inclusiva de la Iglesia cat\u00f3lica, y los sectores ultraconservadores de la instituci\u00f3n, que apuestan por una aplicaci\u00f3n estricta de sus doctrinas e ideas tradicionales.<\/p>\n<\/div>\n<section class=\"e1j2237y7 bbc-kd22b9\" role=\"region\" aria-label=\"Publicidad 2\" aria-hidden=\"true\" data-e2e=\"advertisement\"><\/section>\n<div class=\"bbc-19j92fr ebmt73l0\" dir=\"ltr\">\n<p class=\"bbc-hhl7in e17g058b0\" dir=\"ltr\">Analizamos lo que ocurri\u00f3 y qu\u00e9 hay detr\u00e1s de todo esto.<\/p>\n<p dir=\"ltr\">\n<\/div>\n<div class=\"bbc-1n4f7vm ebmt73l0\" dir=\"ltr\"><\/div>\n<figure class=\"bbc-1qn0xuy\">\n<div class=\"bbc-18qcclp\"><picture><img loading=\"lazy\" decoding=\"async\" class=\"bbc-1uwua2r\" src=\"https:\/\/ichef.bbci.co.uk\/news\/640\/cpsprodpb\/FE05\/production\/_131892056_gettyimages-802716776.jpg\" sizes=\"auto, (min-width: 1008px) 645px, 100vw\" srcset=\"https:\/\/ichef.bbci.co.uk\/news\/240\/cpsprodpb\/FE05\/production\/_131892056_gettyimages-802716776.jpg 240w, https:\/\/ichef.bbci.co.uk\/news\/320\/cpsprodpb\/FE05\/production\/_131892056_gettyimages-802716776.jpg 320w, https:\/\/ichef.bbci.co.uk\/news\/480\/cpsprodpb\/FE05\/production\/_131892056_gettyimages-802716776.jpg 480w, https:\/\/ichef.bbci.co.uk\/news\/624\/cpsprodpb\/FE05\/production\/_131892056_gettyimages-802716776.jpg 624w, https:\/\/ichef.bbci.co.uk\/news\/800\/cpsprodpb\/FE05\/production\/_131892056_gettyimages-802716776.jpg 800w\" alt=\"Papa\" width=\"976\" height=\"549\" \/><\/picture>\n<p class=\"bbc-kaivkm\" role=\"text\">\n<\/div>\n<\/figure>\n<div class=\"bbc-19j92fr ebmt73l0\" dir=\"ltr\">\n<h2 id=\"El-cardenal-Burke\" class=\"bbc-1f03ibc eglt09e0\" tabindex=\"-1\">El cardenal Burke<\/h2>\n<\/div>\n<div class=\"bbc-19j92fr ebmt73l0\" dir=\"ltr\">\n<p class=\"bbc-hhl7in e17g058b0\" dir=\"ltr\">Raymond Burke, una influyente figura en la Iglesia cat\u00f3lica, critic\u00f3 abiertamente y en varias ocasiones al papa Francisco, posicion\u00e1ndose como\u00a0una figura central en la resistencia ultraconservadora\u00a0dentro de la instituci\u00f3n.<\/p>\n<\/div>\n<div class=\"bbc-19j92fr ebmt73l0\" dir=\"ltr\">\n<p class=\"bbc-hhl7in e17g058b0\" dir=\"ltr\">Su oposici\u00f3n vocal a diversas iniciativas papales, especialmente aquellas que abogan por reformas progresistas, as\u00ed como su desacuerdo con el enfoque progresista del Papa en la doctrina y pr\u00e1ctica de la Iglesia, han sido una importante fuente de tensi\u00f3n en los \u00faltimos a\u00f1os.<\/p>\n<p dir=\"ltr\">\n<\/div>\n<figure class=\"bbc-1qn0xuy\">\n<div class=\"bbc-18qcclp\"><picture><img loading=\"lazy\" decoding=\"async\" class=\"bbc-1uwua2r\" src=\"https:\/\/ichef.bbci.co.uk\/news\/640\/cpsprodpb\/7B97\/production\/_131893613_1a6e3e817c0f32e86d1df98c58ff0e54a53a8fad.jpg\" sizes=\"auto, (min-width: 1008px) 645px, 100vw\" srcset=\"https:\/\/ichef.bbci.co.uk\/news\/240\/cpsprodpb\/7B97\/production\/_131893613_1a6e3e817c0f32e86d1df98c58ff0e54a53a8fad.jpg 240w, https:\/\/ichef.bbci.co.uk\/news\/320\/cpsprodpb\/7B97\/production\/_131893613_1a6e3e817c0f32e86d1df98c58ff0e54a53a8fad.jpg 320w, https:\/\/ichef.bbci.co.uk\/news\/480\/cpsprodpb\/7B97\/production\/_131893613_1a6e3e817c0f32e86d1df98c58ff0e54a53a8fad.jpg 480w, https:\/\/ichef.bbci.co.uk\/news\/624\/cpsprodpb\/7B97\/production\/_131893613_1a6e3e817c0f32e86d1df98c58ff0e54a53a8fad.jpg 624w, https:\/\/ichef.bbci.co.uk\/news\/800\/cpsprodpb\/7B97\/production\/_131893613_1a6e3e817c0f32e86d1df98c58ff0e54a53a8fad.jpg 800w\" alt=\"El cardenal Burke\" width=\"4278\" height=\"3048\" \/><\/picture><\/div><figcaption class=\"bbc-847f6b e6i104o0\" dir=\"ltr\">\n<h5><em>El cardenal Burke se ha mostrado especialmente beligerante frente a las reformas del papa Francisco.<\/em><\/h5>\n<\/figcaption><\/figure>\n<div class=\"bbc-19j92fr ebmt73l0\" dir=\"ltr\">\n<p dir=\"ltr\">\n<p dir=\"ltr\">\n<p class=\"bbc-hhl7in e17g058b0\" dir=\"ltr\">Burke, de 75 a\u00f1os, desafi\u00f3 abiertamente el enfoque del Vaticano sobre cuestiones como su postura hacia la comunidad LGBTI -m\u00e1s abierta durante el papado de Francisco- o el papel de los laicos en los asuntos de la Iglesia<\/p>\n<\/div>\n<div class=\"bbc-19j92fr ebmt73l0\" dir=\"ltr\">\n<p class=\"bbc-hhl7in e17g058b0\" dir=\"ltr\">Tambi\u00e9n particip\u00f3 en movimientos cat\u00f3licos ultraconservadores que disputan abiertamente la direcci\u00f3n establecida.<\/p>\n<\/div>\n<div class=\"bbc-19j92fr ebmt73l0\" dir=\"ltr\">\n<p class=\"bbc-hhl7in e17g058b0\" dir=\"ltr\">Como respuesta, Francisco decidi\u00f3 desalojarlo de su apartamento en el Vaticano y revocar su salario, una medida que no tiene precedentes en la d\u00e9cada de papado del argentino.<\/p>\n<\/div>\n<div class=\"bbc-19j92fr ebmt73l0\" dir=\"ltr\">\n<p class=\"bbc-hhl7in e17g058b0\" dir=\"ltr\">&#8220;Burke fue castigado despu\u00e9s de 10 a\u00f1os acosando a Francisco y tratando de\u00a0situarse como una autoridad moral superior al Papa&#8221;, indica a BBC Mundo la te\u00f3loga y abogada can\u00f3nica estadounidense Dawn Goldstein, especializada en la Iglesia cat\u00f3lica.<\/p>\n<\/div>\n<div class=\"bbc-19j92fr ebmt73l0\" dir=\"ltr\">\n<p class=\"bbc-hhl7in e17g058b0\" dir=\"ltr\">Una fuente del Vaticano, por su parte, explic\u00f3 que la decisi\u00f3n no fue un castigo personal y se bas\u00f3 en la creencia de que una persona no deber\u00eda disfrutar de privilegios cardinales mientras critica al jefe de la Iglesia.<\/p>\n<\/div>\n<div class=\"bbc-sffzb7 e1hrqbfn0\">\n<div class=\"bbc-19j92fr ebmt73l0\" dir=\"ltr\">\n<h2 id=\"El-obispo-Strickland\" class=\"bbc-1f03ibc eglt09e0\" tabindex=\"-1\">El obispo Strickland<\/h2>\n<\/div>\n<\/div>\n<div class=\"bbc-19j92fr ebmt73l0\" dir=\"ltr\">\n<p class=\"bbc-hhl7in e17g058b0\" dir=\"ltr\">El pasado 11 de noviembre, el papa Francisco destituy\u00f3 al obispo Joseph E. Strickland de la di\u00f3cesis de Tyler, Texas, despu\u00e9s de que este se negara a renunciar a ra\u00edz de una investigaci\u00f3n del Vaticano.<\/p>\n<\/div>\n<div class=\"bbc-19j92fr ebmt73l0\" dir=\"ltr\">\n<p class=\"bbc-hhl7in e17g058b0\" dir=\"ltr\">La investigaci\u00f3n, que determin\u00f3 irregularidades en la administraci\u00f3n de las finanzas por parte de Strickland, concluy\u00f3 que no deb\u00eda continuar en el cargo.<\/p>\n<p dir=\"ltr\">\n<\/div>\n<figure class=\"bbc-1qn0xuy\">\n<div class=\"bbc-18qcclp\"><picture><img loading=\"lazy\" decoding=\"async\" class=\"bbc-1uwua2r\" src=\"https:\/\/ichef.bbci.co.uk\/news\/640\/cpsprodpb\/F0C7\/production\/_131893616_reu-1.jpg\" sizes=\"auto, (min-width: 1008px) 645px, 100vw\" srcset=\"https:\/\/ichef.bbci.co.uk\/news\/240\/cpsprodpb\/F0C7\/production\/_131893616_reu-1.jpg 240w, https:\/\/ichef.bbci.co.uk\/news\/320\/cpsprodpb\/F0C7\/production\/_131893616_reu-1.jpg 320w, https:\/\/ichef.bbci.co.uk\/news\/480\/cpsprodpb\/F0C7\/production\/_131893616_reu-1.jpg 480w, https:\/\/ichef.bbci.co.uk\/news\/624\/cpsprodpb\/F0C7\/production\/_131893616_reu-1.jpg 624w, https:\/\/ichef.bbci.co.uk\/news\/800\/cpsprodpb\/F0C7\/production\/_131893616_reu-1.jpg 800w\" alt=\"El papa Francisco y Strickland durante un encuentro en 2020.\" width=\"1834\" height=\"1222\" \/><\/picture><\/div><figcaption class=\"bbc-847f6b e6i104o0\" dir=\"ltr\">\n<h5><em>El papa Francisco y Strickland durante un encuentro en 2020.<\/em><\/h5>\n<\/figcaption><\/figure>\n<div class=\"bbc-19j92fr ebmt73l0\" dir=\"ltr\">\n<p dir=\"ltr\">\n<p dir=\"ltr\">\n<p class=\"bbc-hhl7in e17g058b0\" dir=\"ltr\">&#8220;No se encontr\u00f3 criminalidad, solo mala gesti\u00f3n. En el caso de\u00a0cualquier otro obispo, no habr\u00eda sido destituido&#8221;, afirma Goldstein.<\/p>\n<\/div>\n<div class=\"bbc-19j92fr ebmt73l0\" dir=\"ltr\">\n<p class=\"bbc-hhl7in e17g058b0\" dir=\"ltr\">Para la te\u00f3loga, el motivo real de la destituci\u00f3n del obispo fue su oposici\u00f3n abierta a Francisco.<\/p>\n<\/div>\n<div class=\"bbc-19j92fr ebmt73l0\" dir=\"ltr\">\n<p class=\"bbc-hhl7in e17g058b0\" dir=\"ltr\">&#8220;Strickland no solo estaba gobernando mal su di\u00f3cesis, sino que tambi\u00e9n pasaba una cantidad excesiva de tiempo en internet pidiendo a los fieles que desoyeran al Papa y\u00a0acusando al\u00a0pont\u00edfice\u00a0de socavarel dep\u00f3sito de la fe, que es la fe transmitida por Jes\u00fas a trav\u00e9s de los ap\u00f3stoles&#8221;, expone.<\/p>\n<\/div>\n<div class=\"bbc-19j92fr ebmt73l0\" dir=\"ltr\">\n<p class=\"bbc-hhl7in e17g058b0\" dir=\"ltr\">Goldstein argumenta que realizar tal acusaci\u00f3n &#8220;es en efecto\u00a0declararse en cisma\u00a0con respecto al Papa&#8221;.<\/p>\n<\/div>\n<div class=\"bbc-19j92fr ebmt73l0\" dir=\"ltr\">\n<p class=\"bbc-hhl7in e17g058b0\" dir=\"ltr\">&#8220;Y, si adem\u00e1s era un mal administrador, es perfectamente comprensible que el Papa quisiera que Strickland se fuera&#8221;, concluye.<\/p>\n<\/div>\n<div class=\"bbc-19j92fr ebmt73l0\" dir=\"ltr\">\n<p class=\"bbc-hhl7in e17g058b0\" dir=\"ltr\">Nombrado por el difunto papa Benedicto en 2012, Strickland lanz\u00f3 una serie de ataques contra los intentos del pont\u00edfice de actualizar la posici\u00f3n de la Iglesia en temas sociales y de inclusi\u00f3n como\u00a0el aborto, los derechos de las personas transg\u00e9nero y el matrimonio entre personas del mismo sexo.<\/p>\n<\/div>\n<div class=\"bbc-19j92fr ebmt73l0\" dir=\"ltr\">\n<p class=\"bbc-hhl7in e17g058b0\" dir=\"ltr\">El eclesi\u00e1stico ha sido particularmente activo en las redes sociales, utiliz\u00e1ndolas a menudo como plataforma para expresar su desacuerdo con el actual jefe del Vaticano.<\/p>\n<\/div>\n<div class=\"bbc-19j92fr ebmt73l0\" dir=\"ltr\">\n<p class=\"bbc-hhl7in e17g058b0\" dir=\"ltr\">Precisamente esta semana, el eclesi\u00e1stico anunci\u00f3 la apertura de\u00a0su propio canal de YouTube\u00a0en el que previsiblemente tratar\u00e1 de amplificar sus puntos de vista sobre el catolicismo.<\/p>\n<\/div>\n<div class=\"bbc-19j92fr ebmt73l0\" dir=\"ltr\">\n<h2 id=\"El-papa-Francisco-\" class=\"bbc-1f03ibc eglt09e0\" tabindex=\"-1\">El papa Francisco<\/h2>\n<\/div>\n<div class=\"bbc-19j92fr ebmt73l0\" dir=\"ltr\">\n<p class=\"bbc-hhl7in e17g058b0\" dir=\"ltr\">Hay que remarcar que las acciones disciplinarias del papa Francisco con el cardenal Burke y con Strickland son administrativas y no penales. Ninguno de los dos ha sido acusado de un delito.<\/p>\n<\/div>\n<div class=\"bbc-19j92fr ebmt73l0\" dir=\"ltr\">\n<p class=\"bbc-hhl7in e17g058b0\" dir=\"ltr\">&#8220;Pero ambos han demostrado a su manera que no han actuado como corresponde a un obispo, que\u00a0est\u00e1 llamado a actuar solamente en uni\u00f3n con el Papa, nunca contra \u00e9l&#8221;, indica Goldstein.<\/p>\n<\/div>\n<div class=\"bbc-19j92fr ebmt73l0\" dir=\"ltr\">\n<p class=\"bbc-hhl7in e17g058b0\" dir=\"ltr\">Y agrega que &#8220;la respuesta ideal ser\u00eda el arrepentimiento y la humildad por parte de cada obispo, por el bien de la unidad de la Iglesia bajo el Papa. Pero si eso realmente sucede o no, depende de Burke y Strickland&#8221;.<\/p>\n<p dir=\"ltr\">\n<\/div>\n<figure class=\"bbc-1qn0xuy\">\n<div class=\"bbc-18qcclp\"><picture><img loading=\"lazy\" decoding=\"async\" class=\"bbc-1uwua2r\" src=\"https:\/\/ichef.bbci.co.uk\/news\/640\/cpsprodpb\/117D7\/production\/_131893617_gettyimages-1809226608.jpg\" sizes=\"auto, (min-width: 1008px) 645px, 100vw\" srcset=\"https:\/\/ichef.bbci.co.uk\/news\/240\/cpsprodpb\/117D7\/production\/_131893617_gettyimages-1809226608.jpg 240w, https:\/\/ichef.bbci.co.uk\/news\/320\/cpsprodpb\/117D7\/production\/_131893617_gettyimages-1809226608.jpg 320w, https:\/\/ichef.bbci.co.uk\/news\/480\/cpsprodpb\/117D7\/production\/_131893617_gettyimages-1809226608.jpg 480w, https:\/\/ichef.bbci.co.uk\/news\/624\/cpsprodpb\/117D7\/production\/_131893617_gettyimages-1809226608.jpg 624w, https:\/\/ichef.bbci.co.uk\/news\/800\/cpsprodpb\/117D7\/production\/_131893617_gettyimages-1809226608.jpg 800w\" alt=\"papa Francisco\" width=\"1024\" height=\"683\" \/><\/picture><\/div><figcaption class=\"bbc-847f6b e6i104o0\" dir=\"ltr\">\n<h5><em>El Papa ha pasado a criticar abiertamente a los ultraconservadores.<\/em><\/h5>\n<\/figcaption><\/figure>\n<div class=\"bbc-19j92fr ebmt73l0\" dir=\"ltr\">\n<p dir=\"ltr\">\n<p dir=\"ltr\">\n<p class=\"bbc-hhl7in e17g058b0\" dir=\"ltr\">En todo caso, el papa Francisco ha mostrado de forma cada vez m\u00e1s abierta su oposici\u00f3n a los sectores ultraconservadores de la Iglesia cat\u00f3lica.<\/p>\n<\/div>\n<div class=\"bbc-19j92fr ebmt73l0\" dir=\"ltr\">\n<p class=\"bbc-hhl7in e17g058b0\" dir=\"ltr\">El pont\u00edfice se\u00f1al\u00f3 directamente al ala dura de la instituci\u00f3n en EE.UU. durante una reuni\u00f3n con jesuitas en una cita de j\u00f3venes cat\u00f3licos en Lisboa (Portugal) en agosto.<\/p>\n<\/div>\n<div class=\"bbc-19j92fr ebmt73l0\" dir=\"ltr\">\n<p class=\"bbc-hhl7in e17g058b0\" dir=\"ltr\">&#8220;En Estados Unidos la situaci\u00f3n no es f\u00e1cil:\u00a0hay una actitud reaccionaria muy fuerte. Est\u00e1 organizada y moldea la pertenencia de la gente, incluso emocionalmente&#8221;, afirm\u00f3.<\/p>\n<\/div>\n<div class=\"bbc-19j92fr ebmt73l0\" dir=\"ltr\">\n<p class=\"bbc-hhl7in e17g058b0\" dir=\"ltr\">&#8220;Ustedes han estado en Estados Unidos y dicen haber sentido un clima cerrado. S\u00ed, este clima se puede experimentar en algunas situaciones&#8221;, les dijo a los presentes.<\/p>\n<\/div>\n<div class=\"bbc-19j92fr ebmt73l0\" dir=\"ltr\">\n<p class=\"bbc-hhl7in e17g058b0\" dir=\"ltr\">Y sentenci\u00f3 que cuando &#8220;la ideolog\u00eda reemplaza a la fe, la membres\u00eda en un sector de la Iglesia reemplaza la membres\u00eda en la Iglesia&#8221;.<\/p>\n<\/div>\n<div class=\"bbc-19j92fr ebmt73l0\" dir=\"ltr\">\n<p class=\"bbc-hhl7in e17g058b0\" dir=\"ltr\">El Papa invit\u00f3 a sus cr\u00edticos a comprender que &#8220;hay una evoluci\u00f3n apropiada en la comprensi\u00f3n de las cuestiones de fe y moral&#8221; y que\u00a0es &#8220;in\u00fatil&#8221; mirar hacia atr\u00e1s.<\/p>\n<\/div>\n<div class=\"bbc-19j92fr ebmt73l0\" dir=\"ltr\">\n<p class=\"bbc-hhl7in e17g058b0\" dir=\"ltr\">Como ejemplo, aleg\u00f3 que hace siglos algunos pont\u00edfices eran tolerantes con la esclavitud.<\/p>\n<\/div>\n<div class=\"bbc-19j92fr ebmt73l0\" dir=\"ltr\">\n<p class=\"bbc-hhl7in e17g058b0\" dir=\"ltr\">Este tipo de comentarios han alimentado, entre los ultraconservadores de la Iglesia, una profunda desconfianza -cuando no oposici\u00f3n abierta- hacia su liderazgo.<\/p>\n<\/div>\n<div class=\"bbc-19j92fr ebmt73l0\" dir=\"ltr\">\n<h2 id=\"El-ala-dura-de-EEUU\" class=\"bbc-1f03ibc eglt09e0\" tabindex=\"-1\">El ala dura de EE.UU.<\/h2>\n<\/div>\n<div class=\"bbc-19j92fr ebmt73l0\" dir=\"ltr\">\n<p class=\"bbc-hhl7in e17g058b0\" dir=\"ltr\">Tanto el cardenal como el obispo a quienes el Papa aplic\u00f3 medidas disciplinarias se alinean con el cada vez m\u00e1s poderoso sector de l\u00ednea dura dentro de la Iglesia cat\u00f3lica en Estados Unidos.<\/p>\n<\/div>\n<div class=\"bbc-19j92fr ebmt73l0\" dir=\"ltr\">\n<p class=\"bbc-hhl7in e17g058b0\" dir=\"ltr\">En este pa\u00eds de m\u00e1s de 330 millones de habitantes,\u00a0los cat\u00f3licos representan aproximadamente un 20% de la poblaci\u00f3n\u00a0y, seg\u00fan estudios, existe un cierto equilibrio entre el n\u00famero de fieles con posiciones progresistas y quienes defienden ideas conservadoras.<\/p>\n<\/div>\n<div class=\"bbc-19j92fr ebmt73l0\" dir=\"ltr\">\n<p class=\"bbc-hhl7in e17g058b0\" dir=\"ltr\">La jerarqu\u00eda eclesi\u00e1stica estadounidense se compone de 434 obispos activos y retirados, entre ellos 16 cardenales.<\/p>\n<\/div>\n<div class=\"bbc-19j92fr ebmt73l0\" dir=\"ltr\">\n<p class=\"bbc-hhl7in e17g058b0\" dir=\"ltr\">Y, cada vez m\u00e1s, el alto mando de la Iglesia cat\u00f3lica en el pa\u00eds\u00a0se adscribe a la l\u00ednea dura, defendiendo las doctrinas tradicionales\u00a0de la instituci\u00f3n frente a los intentos de reforma en liturgia y moralidad del Vaticano bajo el liderazgo del Papa argentino.<\/p>\n<\/div>\n<div class=\"bbc-19j92fr ebmt73l0\" dir=\"ltr\">\n<p class=\"bbc-hhl7in e17g058b0\" dir=\"ltr\">&#8220;No s\u00e9 si los que se oponen a Francisco son mayor\u00eda, pero tienen m\u00e1s poder y desde hace a\u00f1os controlan la Conferencia Episcopal de Estados Unidos&#8221;, indica Dawn Goldstein.<\/p>\n<p dir=\"ltr\">\n<\/div>\n<figure class=\"bbc-1qn0xuy\">\n<div class=\"bbc-18qcclp\"><picture><img loading=\"lazy\" decoding=\"async\" class=\"bbc-1uwua2r\" src=\"https:\/\/ichef.bbci.co.uk\/news\/640\/cpsprodpb\/165F7\/production\/_131893619_gettyimages-1241190839.jpg\" sizes=\"auto, (min-width: 1008px) 645px, 100vw\" srcset=\"https:\/\/ichef.bbci.co.uk\/news\/240\/cpsprodpb\/165F7\/production\/_131893619_gettyimages-1241190839.jpg 240w, https:\/\/ichef.bbci.co.uk\/news\/320\/cpsprodpb\/165F7\/production\/_131893619_gettyimages-1241190839.jpg 320w, https:\/\/ichef.bbci.co.uk\/news\/480\/cpsprodpb\/165F7\/production\/_131893619_gettyimages-1241190839.jpg 480w, https:\/\/ichef.bbci.co.uk\/news\/624\/cpsprodpb\/165F7\/production\/_131893619_gettyimages-1241190839.jpg 624w, https:\/\/ichef.bbci.co.uk\/news\/800\/cpsprodpb\/165F7\/production\/_131893619_gettyimages-1241190839.jpg 800w\" alt=\"Conservador cat\u00f3lico EEUU\" width=\"976\" height=\"549\" \/><\/picture><\/div><figcaption class=\"bbc-847f6b e6i104o0\" dir=\"ltr\">\n<h5><em>Los ultraconservadores cat\u00f3licos de EE.UU. se oponen activamente al aborto y al matrimonio entre personas del mismo sexo, entre otros asuntos.<\/em><\/h5>\n<\/figcaption><\/figure>\n<div class=\"bbc-19j92fr ebmt73l0\" dir=\"ltr\">\n<p dir=\"ltr\">\n<p dir=\"ltr\">\n<p class=\"bbc-hhl7in e17g058b0\" dir=\"ltr\">Estos ultraconservadores defienden puntos de vista restrictivos sobre temas como la sexualidad, el matrimonio entre personas del mismo sexo, el control de la natalidad y el aborto.<\/p>\n<\/div>\n<div class=\"bbc-19j92fr ebmt73l0\" dir=\"ltr\">\n<p class=\"bbc-hhl7in e17g058b0\" dir=\"ltr\">Y, aunque tradicionalmente apoyan la autoridad papal, desde hace a\u00f1os han elevado sus cr\u00edticas al jefe de la Iglesia por enfoques que perciben como demasiado liberales, especialmente en lo que respecta a la inclusi\u00f3n y la adaptaci\u00f3n a las realidades sociales contempor\u00e1neas como el trato a la comunidad LGTBI.<\/p>\n<\/div>\n<div class=\"bbc-19j92fr ebmt73l0\" dir=\"ltr\">\n<p class=\"bbc-hhl7in e17g058b0\" dir=\"ltr\">Tambi\u00e9n difieren de Francisco en asuntos como el cambio clim\u00e1tico, la inmigraci\u00f3n, la justicia social, el control de armas y la pena de muerte.<\/p>\n<\/div>\n<div class=\"bbc-19j92fr ebmt73l0\" dir=\"ltr\">\n<p class=\"bbc-hhl7in e17g058b0\" dir=\"ltr\">Goldstein explica que se trata de\u00a0un grupo muy poderoso, con apoyos en el mundo empresarial y que controla una vasta red de medios de comunicaci\u00f3n\u00a0en los que amplifica sus ideas y sus cr\u00edticas al Papa.<\/p>\n<\/div>\n<div class=\"bbc-19j92fr ebmt73l0\" dir=\"ltr\">\n<p class=\"bbc-hhl7in e17g058b0\" dir=\"ltr\">&#8220;Han estado trabajando durante muchos a\u00f1os, particularmente en Estados Unidos, para que sus medios sean los altavoces de los cat\u00f3licos y para que su narrativa sea la narrativa autorizada&#8221;, afirma la te\u00f3loga.<\/p>\n<\/div>\n<div class=\"bbc-19j92fr ebmt73l0\" dir=\"ltr\">\n<p class=\"bbc-hhl7in e17g058b0\" dir=\"ltr\">Argumenta que, entre otros asuntos, el siempre pol\u00e9mico tema del aborto ha jugado un papel fundamental a la hora de radicalizar a las \u00e9lites cat\u00f3licas estadounidenses.<\/p>\n<\/div>\n<div class=\"bbc-19j92fr ebmt73l0\" dir=\"ltr\">\n<p class=\"bbc-hhl7in e17g058b0\" dir=\"ltr\">Mientras la Iglesia cat\u00f3lica en su conjunto se declara &#8220;pro-vida&#8221; o antiabortista, en el Partido Dem\u00f3crata estadounidense se ha consolidado la posici\u00f3n ideol\u00f3gica favorable al derecho a elegir de las mujeres.<\/p>\n<\/div>\n<div class=\"bbc-19j92fr ebmt73l0\" dir=\"ltr\">\n<p class=\"bbc-hhl7in e17g058b0\" dir=\"ltr\">Esto, seg\u00fan Goldstein, ha permitido al conservador\u00a0Partido Republicano posicionarse como el defensor de los cat\u00f3licos\u00a0y erigirse, con el apoyo de los obispos ultraconservadores, como el principal aliado pol\u00edtico de la Iglesia, favoreciendo que ambas instituciones alineen sus posiciones ideol\u00f3gicas y morales.<\/p>\n<\/div>\n","protected":false},"excerpt":{"rendered":"<p>&nbsp; La tensi\u00f3n entre el papa Francisco y la poderosa facci\u00f3n ultraconservadora de la Iglesia cat\u00f3lica en Estados Unidos est\u00e1 en niveles m\u00e1ximos. El pont\u00edfice&hellip;<\/p>\n","protected":false},"author":99,"featured_media":514485,"comment_status":"open","ping_status":"open","sticky":false,"template":"","format":"standard","meta":{"footnotes":""},"categories":[24],"tags":[],"class_list":["post-514484","post","type-post","status-publish","format-standard","has-post-thumbnail","hentry","category-mundo"],"_links":{"self":[{"href":"https:\/\/diarioelpopular.com\/index.php\/wp-json\/wp\/v2\/posts\/514484","targetHints":{"allow":["GET"]}}],"collection":[{"href":"https:\/\/diarioelpopular.com\/index.php\/wp-json\/wp\/v2\/posts"}],"about":[{"href":"https:\/\/diarioelpopular.com\/index.php\/wp-json\/wp\/v2\/types\/post"}],"author":[{"embeddable":true,"href":"https:\/\/diarioelpopular.com\/index.php\/wp-json\/wp\/v2\/users\/99"}],"replies":[{"embeddable":true,"href":"https:\/\/diarioelpopular.com\/index.php\/wp-json\/wp\/v2\/comments?post=514484"}],"version-history":[{"count":1,"href":"https:\/\/diarioelpopular.com\/index.php\/wp-json\/wp\/v2\/posts\/514484\/revisions"}],"predecessor-version":[{"id":514486,"href":"https:\/\/diarioelpopular.com\/index.php\/wp-json\/wp\/v2\/posts\/514484\/revisions\/514486"}],"wp:featuredmedia":[{"embeddable":true,"href":"https:\/\/diarioelpopular.com\/index.php\/wp-json\/wp\/v2\/media\/514485"}],"wp:attachment":[{"href":"https:\/\/diarioelpopular.com\/index.php\/wp-json\/wp\/v2\/media?parent=514484"}],"wp:term":[{"taxonomy":"category","embeddable":true,"href":"https:\/\/diarioelpopular.com\/index.php\/wp-json\/wp\/v2\/categories?post=514484"},{"taxonomy":"post_tag","embeddable":true,"href":"https:\/\/diarioelpopular.com\/index.php\/wp-json\/wp\/v2\/tags?post=514484"}],"curies":[{"name":"wp","href":"https:\/\/api.w.org\/{rel}","templated":true}]}}