{"id":514504,"date":"2023-12-04T10:35:19","date_gmt":"2023-12-04T14:35:19","guid":{"rendered":"https:\/\/diarioelpopular.com\/?p=514504"},"modified":"2023-12-04T10:35:19","modified_gmt":"2023-12-04T14:35:19","slug":"ante-la-crisis-de-la-vivienda-el-gobierno-y-la-oposicion-se-enfrentan-sobre-quien-tiene-la-culpa-y-como-solucionarlo","status":"publish","type":"post","link":"https:\/\/diarioelpopular.com\/index.php\/2023\/12\/04\/ante-la-crisis-de-la-vivienda-el-gobierno-y-la-oposicion-se-enfrentan-sobre-quien-tiene-la-culpa-y-como-solucionarlo\/","title":{"rendered":"Ante la crisis de la vivienda, el gobierno y la oposici\u00f3n se enfrentan sobre qui\u00e9n tiene la culpa y c\u00f3mo solucionarlo"},"content":{"rendered":"<p><img loading=\"lazy\" decoding=\"async\" class=\"alignnone size-custom-full-size wp-image-514505\" src=\"https:\/\/diarioelpopular.com\/wp-content\/uploads\/2023\/12\/Screen-Shot-2023-12-04-at-9.34.43-AM-636x384.png\" alt=\"\" width=\"636\" height=\"384\" srcset=\"https:\/\/diarioelpopular.com\/wp-content\/uploads\/2023\/12\/Screen-Shot-2023-12-04-at-9.34.43-AM-636x384.png 636w, https:\/\/diarioelpopular.com\/wp-content\/uploads\/2023\/12\/Screen-Shot-2023-12-04-at-9.34.43-AM-300x181.png 300w, https:\/\/diarioelpopular.com\/wp-content\/uploads\/2023\/12\/Screen-Shot-2023-12-04-at-9.34.43-AM-768x464.png 768w, https:\/\/diarioelpopular.com\/wp-content\/uploads\/2023\/12\/Screen-Shot-2023-12-04-at-9.34.43-AM-121x73.png 121w, https:\/\/diarioelpopular.com\/wp-content\/uploads\/2023\/12\/Screen-Shot-2023-12-04-at-9.34.43-AM.png 1024w\" sizes=\"auto, (max-width: 636px) 100vw, 636px\" \/><\/p>\n<p>&nbsp;<\/p>\n<p><em><strong>&#8211; Un nuevo v\u00eddeo de 15 minutos producido por el l\u00edder conservador Pierre Poilievre es la \u00faltima salva en la lucha ante la aguda crisis de vivienda, que ha dominado la pol\u00edtica en la segunda mitad de este a\u00f1o<\/strong><\/em><\/p>\n<p>&nbsp;<\/p>\n<p><em><strong>OTTAWA.-<\/strong><\/em> Poilievre hizo de los costos de la vivienda y la asequibilidad una parte clave de su mensaje al principio de su carrera por el liderazgo, y la vivienda se ha convertido ahora en un tema que los partidos de todo el espectro pol\u00edtico coinciden en que es una crisis que enfrentan los ciudadanos.<\/p>\n<p>El video del l\u00edder conservador presenta estad\u00edsticas, gr\u00e1ficos y art\u00edculos de noticias que enmarcan el tema de la vivienda como una creaci\u00f3n del propio gobierno de Trudeau.<\/p>\n<p>&#8220;Como todos los pa\u00edses, siempre hemos tenido problemas en el pasado de Canad\u00e1, aunque casi cualquiera que consiguiera un trabajo pod\u00eda ahorrar y comprar una casa cuando ten\u00eda veintitantos a\u00f1os. \u00bfCu\u00e1ndo cambi\u00f3 todo eso? Hace unos ocho a\u00f1os&#8221;, dice Poilievre en el video.<\/p>\n<p>Los costos de la vivienda han ido aumentando en desproporci\u00f3n durante a\u00f1os en Canad\u00e1, con un precio promedio nacional de aproximadamente $650,000 en octubre de 2023. La gente tambi\u00e9n enfrenta una mayor presi\u00f3n de los elevados costos de alquiler, as\u00ed como de los costos hipotecarios a medida que aumentan las tasas de inter\u00e9s.<\/p>\n<p>El gobierno, por su parte, coincide en que la situaci\u00f3n es grave.<\/p>\n<p>&#8220;Una de las cosas que creo que es importante abordar desde arriba es que estamos en una crisis de vivienda y necesitamos construir casas y necesitamos construirlas por millones&#8221;, dijo el ministro de Vivienda, Sean Fraser, durante un anuncio en Richmond. Hill, Ontario, a principios de esta semana.<\/p>\n<p>Eddie Sheppard, vicepresidente de Abacus Data, dijo que una encuesta reciente realizada por su empresa sugiere que la vivienda es ahora la segunda prioridad para la gente, detr\u00e1s de la econom\u00eda y el costo de vida, pero justo por delante de la atenci\u00f3n m\u00e9dica. Y los conservadores tienen una ventaja en este tema, dijo Sheppard.<\/p>\n<p>&#8220;En este momento, alrededor de un tercio de las personas cree que [los conservadores] estar\u00edan en mejores condiciones para manejar la crisis inmobiliaria, seguidos por el NDP y luego el Partido Liberal&#8221;, dijo.<\/p>\n<p>&#8220;Realmente estamos viendo a los conservadores tomar la delantera en la mente de la gente en t\u00e9rminos de qui\u00e9n puede afrontar mejor la crisis inmobiliaria&#8221;.<\/p>\n<p>Los conservadores tambi\u00e9n tienen una gran ventaja (19 puntos porcentuales) en las principales cifras de las encuestas, sugiere una nueva encuesta de Abacus Data. Se trata de la mayor ventaja conservadora, seg\u00fan la agencia encuestadora, desde 2015.<\/p>\n<p>El mensaje de Poilievre se ha centrado fuertemente en la asequibilidad, destacando el aumento de los costos de la vivienda, la inflaci\u00f3n y otras preocupaciones sobre el costo de vida. Recientemente calific\u00f3 la situaci\u00f3n actual como &#8220;un infierno para la clase trabajadora&#8221;.<\/p>\n<p><em><strong>Avalancha de anuncios de vivienda<\/strong><\/em><br \/>\nEl gobierno liberal ha respondido en los \u00faltimos meses con varias medidas en materia de vivienda, incluida la eliminaci\u00f3n del GST\/HST sobre la construcci\u00f3n de viviendas de alquiler y dinero condicionado dedicado para ayudar a impulsar la construcci\u00f3n. El Ministro de Vivienda, Fraser, ha participado en una serie de negociaciones con los municipios para impulsar acciones locales m\u00e1s agresivas a cambio de d\u00f3lares federales a trav\u00e9s del Fondo Acelerador de Vivienda.<\/p>\n<p>Esta \u00faltima semana tambi\u00e9n cont\u00f3 con varios anuncios de vivienda a los que asistieron ministros destacados, entre ellos Fraser, la viceprimera ministra Chrystia Freeland y el primer ministro Justin Trudeau.<\/p>\n<p>&#8220;Nos enfrentamos a una escasez de viviendas en este momento. Esta es una de las principales razones por las que los precios son demasiado altos. Por eso necesitamos construir m\u00e1s viviendas m\u00e1s r\u00e1pido&#8221;, dijo Trudeau en un anuncio en Ajax, Ontario, el jueves pasado.<\/p>\n<p>El gobierno tambi\u00e9n public\u00f3 recientemente la Carta Hipotecaria de Canad\u00e1 como parte de un esfuerzo para ayudar a orientar a cientos de miles de personas que tienen hipotecas que pronto necesitar\u00e1n renovarse a tasas m\u00e1s altas.<\/p>\n<p>En un intento por contrarrestar el fracaso en su gesti\u00f3n, Trudeau critic\u00f3 esta semana el plan de Poilievre calific\u00e1ndolo de &#8220;esl\u00f3ganes vac\u00edos&#8221;.<\/p>\n<p>&#8220;\u00c9l piensa que intimidar a los municipios y recortar los fondos para viviendas asequibles de alguna manera conseguir\u00e1 m\u00e1s paladas en la tierra. Bueno, creo que todos podemos estar de acuerdo en que eso no es un liderazgo responsable&#8221;, dijo.<\/p>\n<p>Sheppard dijo que a pesar de los pocos esfuerzos del gobierno durante los \u00faltimos meses, el mensaje no parec\u00eda llegarle a la gente.<\/p>\n<p>&#8220;Pero creo que el desaf\u00edo es que muchos realmente pasan por alto esos [anuncios] y ni siquiera necesariamente los escuchan o ven&#8221;, dijo Sheppard.<\/p>\n","protected":false},"excerpt":{"rendered":"<p>&nbsp; &#8211; Un nuevo v\u00eddeo de 15 minutos producido por el l\u00edder conservador Pierre Poilievre es la \u00faltima salva en la lucha ante la aguda&hellip;<\/p>\n","protected":false},"author":99,"featured_media":514505,"comment_status":"open","ping_status":"open","sticky":false,"template":"","format":"standard","meta":{"footnotes":""},"categories":[21,11191],"tags":[],"class_list":["post-514504","post","type-post","status-publish","format-standard","has-post-thumbnail","hentry","category-canada","category-top-news"],"_links":{"self":[{"href":"https:\/\/diarioelpopular.com\/index.php\/wp-json\/wp\/v2\/posts\/514504","targetHints":{"allow":["GET"]}}],"collection":[{"href":"https:\/\/diarioelpopular.com\/index.php\/wp-json\/wp\/v2\/posts"}],"about":[{"href":"https:\/\/diarioelpopular.com\/index.php\/wp-json\/wp\/v2\/types\/post"}],"author":[{"embeddable":true,"href":"https:\/\/diarioelpopular.com\/index.php\/wp-json\/wp\/v2\/users\/99"}],"replies":[{"embeddable":true,"href":"https:\/\/diarioelpopular.com\/index.php\/wp-json\/wp\/v2\/comments?post=514504"}],"version-history":[{"count":1,"href":"https:\/\/diarioelpopular.com\/index.php\/wp-json\/wp\/v2\/posts\/514504\/revisions"}],"predecessor-version":[{"id":514506,"href":"https:\/\/diarioelpopular.com\/index.php\/wp-json\/wp\/v2\/posts\/514504\/revisions\/514506"}],"wp:featuredmedia":[{"embeddable":true,"href":"https:\/\/diarioelpopular.com\/index.php\/wp-json\/wp\/v2\/media\/514505"}],"wp:attachment":[{"href":"https:\/\/diarioelpopular.com\/index.php\/wp-json\/wp\/v2\/media?parent=514504"}],"wp:term":[{"taxonomy":"category","embeddable":true,"href":"https:\/\/diarioelpopular.com\/index.php\/wp-json\/wp\/v2\/categories?post=514504"},{"taxonomy":"post_tag","embeddable":true,"href":"https:\/\/diarioelpopular.com\/index.php\/wp-json\/wp\/v2\/tags?post=514504"}],"curies":[{"name":"wp","href":"https:\/\/api.w.org\/{rel}","templated":true}]}}