{"id":514527,"date":"2023-12-05T10:37:43","date_gmt":"2023-12-05T14:37:43","guid":{"rendered":"https:\/\/diarioelpopular.com\/?p=514527"},"modified":"2023-12-05T10:37:43","modified_gmt":"2023-12-05T14:37:43","slug":"cronicas-los-premios-nobel-2023","status":"publish","type":"post","link":"https:\/\/diarioelpopular.com\/index.php\/2023\/12\/05\/cronicas-los-premios-nobel-2023\/","title":{"rendered":"CR\u00d3NICAS. Los Premios Nobel 2023"},"content":{"rendered":"<p class=\"p1\"><em><strong>Por: Luc\u00eda P. de Garc\u00eda<\/strong><\/em><\/p>\n<p class=\"p1\"><em><strong>Toronto.-<\/strong><\/em> Conforme el testamento del inventor de la dinamita Alfred Nobel y continuando la tradici\u00f3n que se inici\u00f3 en 1901, el pr\u00f3ximo 10 de diciembre se entregar\u00e1n en Estocolmo los Premios Nobel 2023 a las personas que hayan contribuido en forma relevante a favor de la humanidad. Los designados en el presente a\u00f1o son:<\/p>\n<p class=\"p1\">El Premio Nobel de Medicina o Psicolog\u00eda, que otorga el Instituto Karolinska, lo recibir\u00e1n la bioqu\u00edmica Katalin Karik\u00f3, nacida en Hungr\u00eda, y Drew Weissman, nacido en Estados Unidos, por el desarrollo de la tecnolog\u00eda ARN que abri\u00f3 las puertas a las vacunas Mensajero Covid-19, permitiendo salvar las vidas de millones de personas durante la pandemia que inici\u00f3 en 2020.<\/p>\n<p class=\"p1\">De acuerdo a la Real Academia Sueca de las Ciencias, el galard\u00f3n de F\u00edsica corresponde a la franco-sueca Anne L\u00b4Huillier, de la Universidad de Lund, Suecia, al franc\u00e9s Pierre Agostini, de la Universidad Estatal de Ohio, Estados Unidos, y al austr\u00edaco-h\u00fangaro Ferenc Krausz, del Instituto Max Planck de \u00d3ptica Cu\u00e1ntica, Universidad de M\u00fanich, Alemania, por sus estudios sobre la din\u00e1mica de los electrones dentro de mol\u00e9culas y \u00e1tomos, su movimiento y cambio de energ\u00eda.<span class=\"Apple-converted-space\">\u00a0<\/span><\/p>\n<p class=\"p1\">La misma entidad designa el Nobel de Qu\u00edmica al qu\u00edmico estadounidense-franco-tunecido Moungi G. Bawendi, profesor del Massachusetts Institute of Technology, al qu\u00edmico estadounidense Louis E. Brus, de la Universidad de Columbia, y al f\u00edsico ruso Alexei I. Ekimov, del Nanocrystals Technology Inc., por sus investigaciones sobre nanopart\u00edculas que difunden luz, lo que puede ayudar a los cirujanos a que retiren con mayor precisi\u00f3n los tejidos tumorales.<span class=\"Apple-converted-space\">\u00a0<\/span><\/p>\n<p class=\"p1\">El Banco de Suecia concede el Premio Nobel de Econom\u00eda a la estadounidense Claudia Godin, por sus estudios sobre brechas de g\u00e9nero, especialmente el trato que se da a la mujer en el \u00e1mbito laboral, donde tiene una \u00ednfima representaci\u00f3n y menores salarios. Esta problem\u00e1tica la refleja la misma Fundaci\u00f3n Nobel: desde 1901, los hombres han obtenido el 91% de los galardones, el 6% se han concedido a mujeres, el restante 3% se han destinado a instituciones.<span class=\"Apple-converted-space\">\u00a0<\/span><\/p>\n<p class=\"p1\">La Academia Sueca honra con el galard\u00f3n de Literatura al noruego Jon Fosse, quien escribe en nynorsk, idioma noruego que se busca conservar y difundir. La Academia le premia \u201cpor sus innovadoras piezas de teatro y prosa que dan voz a lo indecible\u201d en sus cuentos infantiles, novelas como \u201cRaud\u201d sobre el suicidio y otras, todas traducidas a 40 idiomas.<span class=\"Apple-converted-space\">\u00a0<\/span><\/p>\n<p class=\"p1\">El Comit\u00e9 Nobel otorga el Premio Nobel de la Paz, el m\u00e1s importante de los lauros del mundo, a la activista iran\u00ed de 51 a\u00f1os de edad Narges Mohammadi, por su lucha a favor de los derechos humanos de las mujeres, que a partir de la imposici\u00f3n en su forma de vestir sufre pol\u00edticas de discriminaci\u00f3n, restricciones econ\u00f3micas y legales, opresi\u00f3n. Narges, quien ha ocupado el cargo de vicedirectora de la organizaci\u00f3n no gubernamental Centro de Defensores de los Derechos Humanos en Teher\u00e1n, Ir\u00e1n, ha sido apresada varias veces, sufrido malos tratos, latigazos, torturas, hoy mismo est\u00e1 sometida a una larga condena que agrava su problema card\u00edaco. Esa circunstancia no le ha impedido escribir art\u00edculos sobre la precaria situaci\u00f3n de todos los encarcelados, ayudarles a ellos y a sus familias, clamar por la abolici\u00f3n de la pena de muerte. Tales m\u00e9ritos le han hecho merecedora a galardones previos, como el de la UNESCO, que por su valiente labor le dio el Premio Guillermo Cano a la Libertad de Prensa, o el Premio al Valor, que Reporteros sin Fronteras (RSF) le confiri\u00f3 el a\u00f1o pasado.<\/p>\n<p class=\"p1\">Durante la ceremonia de gala que el rey Carlos Gustavo de Suecia la presidir\u00e1 el domingo, los galardonados obtendr\u00e1n un diploma, una medalla de oro de 18 quilates y un mill\u00f3n de d\u00f3lares, suma que la Fundaci\u00f3n Nobel la incrementa desde hoy en adelante en 10%.<\/p>\n","protected":false},"excerpt":{"rendered":"<p>Por: Luc\u00eda P. de Garc\u00eda Toronto.- Conforme el testamento del inventor de la dinamita Alfred Nobel y continuando la tradici\u00f3n que se inici\u00f3 en 1901,&hellip;<\/p>\n","protected":false},"author":99,"featured_media":0,"comment_status":"open","ping_status":"open","sticky":false,"template":"","format":"standard","meta":{"footnotes":""},"categories":[21],"tags":[],"class_list":["post-514527","post","type-post","status-publish","format-standard","hentry","category-canada"],"_links":{"self":[{"href":"https:\/\/diarioelpopular.com\/index.php\/wp-json\/wp\/v2\/posts\/514527","targetHints":{"allow":["GET"]}}],"collection":[{"href":"https:\/\/diarioelpopular.com\/index.php\/wp-json\/wp\/v2\/posts"}],"about":[{"href":"https:\/\/diarioelpopular.com\/index.php\/wp-json\/wp\/v2\/types\/post"}],"author":[{"embeddable":true,"href":"https:\/\/diarioelpopular.com\/index.php\/wp-json\/wp\/v2\/users\/99"}],"replies":[{"embeddable":true,"href":"https:\/\/diarioelpopular.com\/index.php\/wp-json\/wp\/v2\/comments?post=514527"}],"version-history":[{"count":1,"href":"https:\/\/diarioelpopular.com\/index.php\/wp-json\/wp\/v2\/posts\/514527\/revisions"}],"predecessor-version":[{"id":514528,"href":"https:\/\/diarioelpopular.com\/index.php\/wp-json\/wp\/v2\/posts\/514527\/revisions\/514528"}],"wp:attachment":[{"href":"https:\/\/diarioelpopular.com\/index.php\/wp-json\/wp\/v2\/media?parent=514527"}],"wp:term":[{"taxonomy":"category","embeddable":true,"href":"https:\/\/diarioelpopular.com\/index.php\/wp-json\/wp\/v2\/categories?post=514527"},{"taxonomy":"post_tag","embeddable":true,"href":"https:\/\/diarioelpopular.com\/index.php\/wp-json\/wp\/v2\/tags?post=514527"}],"curies":[{"name":"wp","href":"https:\/\/api.w.org\/{rel}","templated":true}]}}