{"id":514537,"date":"2023-12-05T11:37:38","date_gmt":"2023-12-05T15:37:38","guid":{"rendered":"https:\/\/diarioelpopular.com\/?p=514537"},"modified":"2023-12-05T11:37:38","modified_gmt":"2023-12-05T15:37:38","slug":"cuales-son-las-reformas-dentro-de-la-iglesia-catolica-a-las-que-se-oponen-los-criticos-del-papa-francisco","status":"publish","type":"post","link":"https:\/\/diarioelpopular.com\/index.php\/2023\/12\/05\/cuales-son-las-reformas-dentro-de-la-iglesia-catolica-a-las-que-se-oponen-los-criticos-del-papa-francisco\/","title":{"rendered":"Cu\u00e1les son las reformas dentro de la Iglesia cat\u00f3lica a las que se oponen los cr\u00edticos del papa Francisco"},"content":{"rendered":"<p><img loading=\"lazy\" decoding=\"async\" class=\"alignnone size-custom-big-size wp-image-514538\" src=\"https:\/\/diarioelpopular.com\/wp-content\/uploads\/2023\/12\/Screen-Shot-2023-12-05-at-10.36.53-AM-1200x633.png\" alt=\"\" width=\"1200\" height=\"633\" srcset=\"https:\/\/diarioelpopular.com\/wp-content\/uploads\/2023\/12\/Screen-Shot-2023-12-05-at-10.36.53-AM-1200x633.png 1200w, https:\/\/diarioelpopular.com\/wp-content\/uploads\/2023\/12\/Screen-Shot-2023-12-05-at-10.36.53-AM-300x158.png 300w, https:\/\/diarioelpopular.com\/wp-content\/uploads\/2023\/12\/Screen-Shot-2023-12-05-at-10.36.53-AM-768x405.png 768w, https:\/\/diarioelpopular.com\/wp-content\/uploads\/2023\/12\/Screen-Shot-2023-12-05-at-10.36.53-AM-636x336.png 636w, https:\/\/diarioelpopular.com\/wp-content\/uploads\/2023\/12\/Screen-Shot-2023-12-05-at-10.36.53-AM-138x73.png 138w, https:\/\/diarioelpopular.com\/wp-content\/uploads\/2023\/12\/Screen-Shot-2023-12-05-at-10.36.53-AM.png 1024w\" sizes=\"auto, (max-width: 1200px) 100vw, 1200px\" \/><\/p>\n<h5><em>El papa Francisco tiene 87 a\u00f1os y hace 10 a\u00f1os se convirti\u00f3 en el jefe de la Iglesia Cat\u00f3lica.<\/em><\/h5>\n<p>&nbsp;<\/p>\n<p>&nbsp;<\/p>\n<div class=\"bbc-19j92fr ebmt73l0\" dir=\"ltr\">\n<ul>\n<li class=\"bbc-hhl7in e17g058b0\" dir=\"ltr\"><em><b>El enfrentamiento del papa Francisco con los sectores conservadores de la Iglesia cat\u00f3lica que se se oponen a aspectos progresistas de su agenda se ha vuelto p\u00fablico en las \u00faltimas semanas.<\/b><\/em><\/li>\n<\/ul>\n<\/div>\n<div class=\"bbc-19j92fr ebmt73l0\" dir=\"ltr\">\n<p dir=\"ltr\">\n<p class=\"bbc-hhl7in e17g058b0\" dir=\"ltr\">En el centro del debate est\u00e1n temas como el aborto, la comunidad LGTBI+ o el sacerdocio de mujeres.<\/p>\n<\/div>\n<div class=\"bbc-19j92fr ebmt73l0\" dir=\"ltr\">\n<p class=\"bbc-hhl7in e17g058b0\" dir=\"ltr\">En d\u00edas pasados, Francisco decidi\u00f3 destituir al obispo estadounidense Joseph E. Strickland de la di\u00f3cesis de Tyler, en el estado de Texas, por malos manejos administrativos<\/p>\n<\/div>\n<div class=\"bbc-19j92fr ebmt73l0\" dir=\"ltr\">\n<p class=\"bbc-hhl7in e17g058b0\" dir=\"ltr\">Pero es bien conocido que Strickland, abierto seguidor del expresidente Donald Trump, es reconocido por ser una de las principales voces cr\u00edticas de Francisco.<\/p>\n<\/div>\n<section class=\"bbc-geybui\" role=\"region\" aria-label=\"Publicidad 2\" aria-hidden=\"true\" data-e2e=\"advertisement\"><\/section>\n<div class=\"bbc-19j92fr ebmt73l0\" dir=\"ltr\">\n<p class=\"bbc-hhl7in e17g058b0\" dir=\"ltr\">Sumado a esto, el Papa tom\u00f3 otra decisi\u00f3n respecto a un cr\u00edtico de su gesti\u00f3n:\u00a0desalojar de su residencia en el Vaticano\u00a0al cardenal estadounidense Raymond Burke, quien tambi\u00e9n ha sido un feroz opositor a la gesti\u00f3n del pont\u00edfice argentino.<\/p>\n<p dir=\"ltr\">\n<\/div>\n<div class=\"bbc-1n4f7vm ebmt73l0\" dir=\"ltr\"><\/div>\n<figure class=\"bbc-1qn0xuy\">\n<div class=\"bbc-18qcclp\"><picture><img loading=\"lazy\" decoding=\"async\" class=\"bbc-1uwua2r\" src=\"https:\/\/ichef.bbci.co.uk\/news\/640\/cpsprodpb\/04da\/live\/d25047b0-92d5-11ee-91bf-230bfab3fcba.jpg\" sizes=\"auto, (min-width: 1008px) 760px, 100vw\" srcset=\"https:\/\/ichef.bbci.co.uk\/news\/240\/cpsprodpb\/04da\/live\/d25047b0-92d5-11ee-91bf-230bfab3fcba.jpg 240w, https:\/\/ichef.bbci.co.uk\/news\/320\/cpsprodpb\/04da\/live\/d25047b0-92d5-11ee-91bf-230bfab3fcba.jpg 320w, https:\/\/ichef.bbci.co.uk\/news\/480\/cpsprodpb\/04da\/live\/d25047b0-92d5-11ee-91bf-230bfab3fcba.jpg 480w, https:\/\/ichef.bbci.co.uk\/news\/624\/cpsprodpb\/04da\/live\/d25047b0-92d5-11ee-91bf-230bfab3fcba.jpg 624w, https:\/\/ichef.bbci.co.uk\/news\/800\/cpsprodpb\/04da\/live\/d25047b0-92d5-11ee-91bf-230bfab3fcba.jpg 800w\" alt=\"Cardenal Burke\" width=\"1024\" height=\"683\" \/><\/picture><\/div><figcaption class=\"bbc-847f6b e6i104o0\" dir=\"ltr\">\n<h5><em>El cardenal Burke ha sido un fuerte cr\u00edtico del papa Francisco.<\/em><\/h5>\n<\/figcaption><\/figure>\n<div class=\"bbc-19j92fr ebmt73l0\" dir=\"ltr\">\n<p dir=\"ltr\">\n<p dir=\"ltr\">\n<p class=\"bbc-hhl7in e17g058b0\" dir=\"ltr\">Burke, quien ha llegado a decir que \u201cexiste la sensaci\u00f3n de que la iglesia est\u00e1 sin tim\u00f3n\u201d, est\u00e1 retirado y viv\u00eda en Roma en una residencia adecuada para cardenales y obispos jubilados.<\/p>\n<\/div>\n<div class=\"bbc-19j92fr ebmt73l0\" dir=\"ltr\">\n<p class=\"bbc-hhl7in e17g058b0\" dir=\"ltr\">\u201cFrancisco ya tiene 87 a\u00f1os, con algunos problemas de salud y probablemente est\u00e9 interesado en asegurar su legado contra las maquinaciones de quienes buscan socavar sus reformas y su visi\u00f3n para la Iglesia Cat\u00f3lica Romana global\u201d, se\u00f1al\u00f3 la periodista Harriet Sherwood en el diario brit\u00e1nico The Guardian.<\/p>\n<\/div>\n<div class=\"bbc-19j92fr ebmt73l0\" dir=\"ltr\">\n<p class=\"bbc-hhl7in e17g058b0\" dir=\"ltr\">Pero, \u00bfcu\u00e1les son los temas en los que Strickland y Burke han puesto sus principales ataques?<\/p>\n<\/div>\n<div class=\"bbc-19j92fr ebmt73l0\" dir=\"ltr\">\n<h2 id=\"1-Matrimonio-homosexual\" class=\"bbc-1f03ibc eglt09e0\" tabindex=\"-1\">1. Matrimonio homosexual<\/h2>\n<\/div>\n<div class=\"bbc-19j92fr ebmt73l0\" dir=\"ltr\">\n<p class=\"bbc-hhl7in e17g058b0\" dir=\"ltr\">Tal vez el tema que m\u00e1s ha causado revuelo.en los \u00faltimos meses ha sido la sugerencia del papa Francisco de bendecir a las parejas del mismo sexo.<\/p>\n<\/div>\n<div class=\"bbc-19j92fr ebmt73l0\" dir=\"ltr\">\n<p class=\"bbc-hhl7in e17g058b0\" dir=\"ltr\">\u201cUna bendici\u00f3n es la b\u00fasqueda de las personas para estar en presencia de Dios, pero nunca debe ser confundido con el sacramento del matrimonio\u201d, dijo Francisco en una carta publicada el pasado mes de octubre.<\/p>\n<\/div>\n<div class=\"bbc-19j92fr ebmt73l0\" dir=\"ltr\">\n<p class=\"bbc-hhl7in e17g058b0\" dir=\"ltr\">El matrimonio homosexual sigue siendo considerado un pecado dentro de la doctrina de la Iglesia y Strickland y Burke han sido enf\u00e1ticos en rechazar cualquier apertura con lo que ellos denominan es la \u201cagenda homosexual\u201d.<\/p>\n<\/div>\n<div class=\"bbc-19j92fr ebmt73l0\" dir=\"ltr\">\n<p class=\"bbc-hhl7in e17g058b0\" dir=\"ltr\">\u201cDeben juzgarse los actos y en este caso son pecaminosos y contranaturales. Es imposible encontrar elementos positivos en un acto malo&#8221;, dijo Burke en una entrevista con el portal Vida Nueva.<\/p>\n<\/div>\n<div class=\"bbc-19j92fr ebmt73l0\" dir=\"ltr\">\n<p class=\"bbc-hhl7in e17g058b0\" dir=\"ltr\">Hace poco adem\u00e1s envi\u00f3 una \u201cdubia\u201d (un documento oficial que los sacerdotes pueden producir para preguntar por decisiones que se toman sobre la doctrina de la Iglesia) al papa Francisco donde cuestionaba las ideas de darle apertura a las parejas del mismo sexo.<\/p>\n<\/div>\n<div class=\"bbc-19j92fr ebmt73l0\" dir=\"ltr\">\n<p class=\"bbc-hhl7in e17g058b0\" dir=\"ltr\">Strickland tambi\u00e9n se ha enfocado en criticar las posiciones de la iglesia sobre este tema.<\/p>\n<p dir=\"ltr\">\n<\/div>\n<figure class=\"bbc-1qn0xuy\">\n<div class=\"bbc-18qcclp\"><picture><img loading=\"lazy\" decoding=\"async\" class=\"bbc-1uwua2r\" src=\"https:\/\/ichef.bbci.co.uk\/news\/640\/cpsprodpb\/518e\/live\/094cf880-92d6-11ee-91bf-230bfab3fcba.jpg\" sizes=\"auto, (min-width: 1008px) 760px, 100vw\" srcset=\"https:\/\/ichef.bbci.co.uk\/news\/240\/cpsprodpb\/518e\/live\/094cf880-92d6-11ee-91bf-230bfab3fcba.jpg 240w, https:\/\/ichef.bbci.co.uk\/news\/320\/cpsprodpb\/518e\/live\/094cf880-92d6-11ee-91bf-230bfab3fcba.jpg 320w, https:\/\/ichef.bbci.co.uk\/news\/480\/cpsprodpb\/518e\/live\/094cf880-92d6-11ee-91bf-230bfab3fcba.jpg 480w, https:\/\/ichef.bbci.co.uk\/news\/624\/cpsprodpb\/518e\/live\/094cf880-92d6-11ee-91bf-230bfab3fcba.jpg 624w, https:\/\/ichef.bbci.co.uk\/news\/800\/cpsprodpb\/518e\/live\/094cf880-92d6-11ee-91bf-230bfab3fcba.jpg 800w\" alt=\"Iglesia Cat\u00f3lica\" width=\"1024\" height=\"683\" \/><\/picture><\/div><figcaption class=\"bbc-847f6b e6i104o0\" dir=\"ltr\">\n<h5><em>El matrimonio entre personas del mismo sexo sigue siendo considerado un pecado dentro de la Iglesia cat\u00f3lica.<\/em><\/h5>\n<\/figcaption><\/figure>\n<div class=\"bbc-19j92fr ebmt73l0\" dir=\"ltr\">\n<p dir=\"ltr\">\n<p dir=\"ltr\">\n<p class=\"bbc-hhl7in e17g058b0\" dir=\"ltr\">El obispo se\u00f1al\u00f3 en una carta publicada el pasado mes de agosto que: \u201cLa verdad se basa en la Palabra Divina de Dios revelada en la Sagrada Escritura y la Sagrada Tradici\u00f3n, y custodiada por el Magisterio de la Iglesia. Por lo tanto, cualquier intento de permitir la bendici\u00f3n de las uniones entre personas del mismo sexo ser\u00eda un ataque al Sagrado Dep\u00f3sito de la Fe\u201d.<\/p>\n<\/div>\n<div class=\"bbc-19j92fr ebmt73l0\" dir=\"ltr\">\n<p class=\"bbc-hhl7in e17g058b0\" dir=\"ltr\">Para la te\u00f3loga y abogada can\u00f3nica estadounidense Dawn Goldstein realizar tal acusaci\u00f3n &#8220;es en efecto declararse en cisma con respecto al Papa&#8221;, le dijo a BBC Mundo.<\/p>\n<\/div>\n<div class=\"bbc-19j92fr ebmt73l0\" dir=\"ltr\">\n<p class=\"bbc-hhl7in e17g058b0\" dir=\"ltr\">Adem\u00e1s, el ahora ex obispo de la di\u00f3cesis estadounidense de Tyler tambi\u00e9n hizo una cr\u00edtica a la apertura de la iglesia hacia las mujeres trans.<\/p>\n<\/div>\n<div class=\"bbc-19j92fr ebmt73l0\" dir=\"ltr\">\n<p class=\"bbc-hhl7in e17g058b0\" dir=\"ltr\">\u201cEl movimiento transg\u00e9nero es otra cara de la agenda LGBTQ y tambi\u00e9n est\u00e1 en desacuerdo con la comprensi\u00f3n cat\u00f3lica del ser humano. Este movimiento busca alterar fundamentalmente la forma en que nuestro mundo ve la identidad biol\u00f3gica y dada por Dios de cada persona\u201d, se\u00f1al\u00f3.<\/p>\n<\/div>\n<div class=\"bbc-19j92fr ebmt73l0\" dir=\"ltr\">\n<h2 id=\"2-Divorciados-y-aborto\" class=\"bbc-1f03ibc eglt09e0\" tabindex=\"-1\">2. Divorciados y aborto<\/h2>\n<\/div>\n<div class=\"bbc-19j92fr ebmt73l0\" dir=\"ltr\">\n<p class=\"bbc-hhl7in e17g058b0\" dir=\"ltr\">Otro tema que ha causado una gran cantidad de fricciones ha sido la apertura que ha tenido Francisco con las personas divorciadas que se han vuelto a casar para que puedan recibir los sacramentos.<\/p>\n<\/div>\n<div class=\"bbc-19j92fr ebmt73l0\" dir=\"ltr\">\n<p class=\"bbc-hhl7in e17g058b0\" dir=\"ltr\">De acuerdo con la Iglesia cat\u00f3lica, una persona que se divorcia y se vuelve a casar por lo civil no puede recibir los sacramentos pues se supone que el matrimonio es indisoluble (a menos que la propia Iglesia lo anule) y estar\u00eda viviendo en pecado con su nueva pareja.<\/p>\n<\/div>\n<div class=\"bbc-19j92fr ebmt73l0\" dir=\"ltr\">\n<p class=\"bbc-hhl7in e17g058b0\" dir=\"ltr\">Francisco ha dado indicios de que quiere que se abran las puertas de la Iglesia cat\u00f3lica a las personas divorciadas, pero Burke se ha negado a considerar un cambio.<\/p>\n<\/div>\n<div class=\"bbc-19j92fr ebmt73l0\" dir=\"ltr\">\n<p class=\"bbc-hhl7in e17g058b0\" dir=\"ltr\">\u201cEl matrimonio es indisoluble. Si me caso con alguien, no puedo vivir con otro&#8221;, ha expresado Burke.<\/p>\n<\/div>\n<div class=\"bbc-19j92fr ebmt73l0\" dir=\"ltr\">\n<p class=\"bbc-hhl7in e17g058b0\" dir=\"ltr\">Y a\u00f1adi\u00f3: \u201cEl pilar de la Iglesia es el matrimonio. Si no ense\u00f1amos y vivimos bien esa verdad, estamos perdidos. Dejamos de ser la Iglesia&#8221;,<\/p>\n<p dir=\"ltr\">\n<\/div>\n<figure class=\"bbc-1qn0xuy\">\n<div class=\"bbc-18qcclp\"><picture><img loading=\"lazy\" decoding=\"async\" class=\"bbc-1uwua2r\" src=\"https:\/\/ichef.bbci.co.uk\/news\/640\/cpsprodpb\/9edb\/live\/3201f5f0-92d6-11ee-8df3-1d2983d8814f.jpg\" sizes=\"auto, (min-width: 1008px) 760px, 100vw\" srcset=\"https:\/\/ichef.bbci.co.uk\/news\/240\/cpsprodpb\/9edb\/live\/3201f5f0-92d6-11ee-8df3-1d2983d8814f.jpg 240w, https:\/\/ichef.bbci.co.uk\/news\/320\/cpsprodpb\/9edb\/live\/3201f5f0-92d6-11ee-8df3-1d2983d8814f.jpg 320w, https:\/\/ichef.bbci.co.uk\/news\/480\/cpsprodpb\/9edb\/live\/3201f5f0-92d6-11ee-8df3-1d2983d8814f.jpg 480w, https:\/\/ichef.bbci.co.uk\/news\/624\/cpsprodpb\/9edb\/live\/3201f5f0-92d6-11ee-8df3-1d2983d8814f.jpg 624w, https:\/\/ichef.bbci.co.uk\/news\/800\/cpsprodpb\/9edb\/live\/3201f5f0-92d6-11ee-8df3-1d2983d8814f.jpg 800w\" alt=\"Iglesia Cat\u00f3lica. \" width=\"2317\" height=\"1294\" \/><\/picture><\/div><figcaption class=\"bbc-847f6b e6i104o0\" dir=\"ltr\">\n<h5><em>La Iglesia cat\u00f3lica ha explorado c\u00f3mo propiciar que los divorciados que se vuelvan a casar puedan recibir los sacramentos.<\/em><\/h5>\n<\/figcaption><\/figure>\n<div class=\"bbc-19j92fr ebmt73l0\" dir=\"ltr\">\n<p dir=\"ltr\">\n<p dir=\"ltr\">\n<p class=\"bbc-hhl7in e17g058b0\" dir=\"ltr\">Sobre el aborto, uno de los tem\u00e1s m\u00e1s pol\u00e9micos dentro del seno de la Iglesia, Burke tambi\u00e9n ha tomado una postura radical.<\/p>\n<\/div>\n<div class=\"bbc-19j92fr ebmt73l0\" dir=\"ltr\">\n<p class=\"bbc-hhl7in e17g058b0\" dir=\"ltr\">Burke dijo que los pol\u00edticos cat\u00f3licos que apoyan la legalizaci\u00f3n del aborto, como John Kerry o el presidente de EE.UU., Joe Biden, que es un cat\u00f3lico confeso, no deber\u00edan recibir la eucarist\u00eda.<\/p>\n<\/div>\n<div class=\"bbc-19j92fr ebmt73l0\" dir=\"ltr\">\n<p class=\"bbc-hhl7in e17g058b0\" dir=\"ltr\">Francisco no ha sido ambig\u00fco sobre el tema del aborto (\u201cEs un homicidio\u201d, ha dicho en varias entrevistas), pero si ha tomado posturas como la de permitir a todos los sacerdotes que otorguen la\u00a0\u201cabsoluci\u00f3n sacramental\u201d\u00a0a este pecado.<\/p>\n<\/div>\n<div class=\"bbc-19j92fr ebmt73l0\" dir=\"ltr\">\n<p class=\"bbc-hhl7in e17g058b0\" dir=\"ltr\">Hasta hace algunos a\u00f1os esa facultad solo estaba permitida a unos sacerdotes especiales, debido a que el aborto es un considerado un pecado grave que causa la excomuni\u00f3n.<\/p>\n<\/div>\n<div class=\"bbc-19j92fr ebmt73l0\" dir=\"ltr\">\n<p class=\"bbc-hhl7in e17g058b0\" dir=\"ltr\">Un cambio podr\u00eda facilitar el regreso de fieles que se alejaron por esta postura.<\/p>\n<\/div>\n<div class=\"bbc-19j92fr ebmt73l0\" dir=\"ltr\">\n<h2 id=\"3-Mujeres-sacerdote\" class=\"bbc-1f03ibc eglt09e0\" tabindex=\"-1\">3. Mujeres sacerdote<\/h2>\n<\/div>\n<div class=\"bbc-19j92fr ebmt73l0\" dir=\"ltr\">\n<p class=\"bbc-hhl7in e17g058b0\" dir=\"ltr\">En distintas declaraciones, el papa Francisco ha notificado la importancia de abrir la jerarqu\u00eda de la iglesia a las mujeres.<\/p>\n<\/div>\n<div class=\"bbc-19j92fr ebmt73l0\" dir=\"ltr\">\n<p class=\"bbc-hhl7in e17g058b0\" dir=\"ltr\">Aunque existe un movimiento que promueve incluso su ordenaci\u00f3n sacerdotal, hasta el momento la idea que ha tenido m\u00e1s alcance es la ordenaci\u00f3n de di\u00e1conos mujeres para que administren la eucarist\u00eda y tengan otras tareas sacramentales.<\/p>\n<\/div>\n<div class=\"bbc-19j92fr ebmt73l0\" dir=\"ltr\">\n<p class=\"bbc-hhl7in e17g058b0\" dir=\"ltr\">Los di\u00e1conos en la Iglesia Cat\u00f3lica son el primer grado de la ordenaci\u00f3n sacerdotal, que es seguido del presbiterado (sacerdote) y el episcopado (obispo).<\/p>\n<\/div>\n<div class=\"bbc-19j92fr ebmt73l0\" dir=\"ltr\">\n<p class=\"bbc-hhl7in e17g058b0\" dir=\"ltr\">\u201cEs urgente garantizar una mayor participaci\u00f3n de las mujeres en puestos de gobierno en la Iglesia\u201d, dijo Francisco al final del pasado S\u00ednodo de Obispos.<\/p>\n<\/div>\n<div class=\"bbc-19j92fr ebmt73l0\" dir=\"ltr\">\n<p class=\"bbc-hhl7in e17g058b0\" dir=\"ltr\">Y pidi\u00f3 una investigaci\u00f3n para que se pudieran ordenar di\u00e1conos a las mujeres.<\/p>\n<p dir=\"ltr\">\n<\/div>\n<figure class=\"bbc-1qn0xuy\">\n<div class=\"bbc-18qcclp\"><picture><img loading=\"lazy\" decoding=\"async\" class=\"bbc-1uwua2r\" src=\"https:\/\/ichef.bbci.co.uk\/news\/640\/cpsprodpb\/b794\/live\/81c4d080-92d6-11ee-b9a7-c91b9dfa91e5.jpg\" sizes=\"auto, (min-width: 1008px) 760px, 100vw\" srcset=\"https:\/\/ichef.bbci.co.uk\/news\/240\/cpsprodpb\/b794\/live\/81c4d080-92d6-11ee-b9a7-c91b9dfa91e5.jpg 240w, https:\/\/ichef.bbci.co.uk\/news\/320\/cpsprodpb\/b794\/live\/81c4d080-92d6-11ee-b9a7-c91b9dfa91e5.jpg 320w, https:\/\/ichef.bbci.co.uk\/news\/480\/cpsprodpb\/b794\/live\/81c4d080-92d6-11ee-b9a7-c91b9dfa91e5.jpg 480w, https:\/\/ichef.bbci.co.uk\/news\/624\/cpsprodpb\/b794\/live\/81c4d080-92d6-11ee-b9a7-c91b9dfa91e5.jpg 624w, https:\/\/ichef.bbci.co.uk\/news\/800\/cpsprodpb\/b794\/live\/81c4d080-92d6-11ee-b9a7-c91b9dfa91e5.jpg 800w\" alt=\"Mujer sacerdote. \" width=\"2121\" height=\"1414\" \/><\/picture><\/div><figcaption class=\"bbc-847f6b e6i104o0\" dir=\"ltr\">\n<h5><em>El sacerdocio para las mujeres siguen sin ser aceptado en la Iglesia cat\u00f3lica.<\/em><\/h5>\n<\/figcaption><\/figure>\n<div class=\"bbc-19j92fr ebmt73l0\" dir=\"ltr\">\n<p dir=\"ltr\">\n<p dir=\"ltr\">\n<p class=\"bbc-hhl7in e17g058b0\" dir=\"ltr\">A ra\u00edz de este anuncio, Strickland volvi\u00f3 a enfilar bater\u00edas contra la posibilidad permitir la ordenaci\u00f3n a las mujeres.<\/p>\n<\/div>\n<div class=\"bbc-19j92fr ebmt73l0\" dir=\"ltr\">\n<p class=\"bbc-hhl7in e17g058b0\" dir=\"ltr\">\u201cLa Sagrada Tradici\u00f3n y el Magisterio Ordinario de la Iglesia han afirmado a lo largo de los siglos que la Iglesia no tiene autoridad alguna para ordenar mujeres como sacerdotes\u201d, escribi\u00f3 el obispo en una carta pastoral publicada el pasado mes de septiembre.<\/p>\n<\/div>\n<div class=\"bbc-19j92fr ebmt73l0\" dir=\"ltr\">\n<p class=\"bbc-hhl7in e17g058b0\" dir=\"ltr\">\u201cEsto no se puede cambiar, porque Cristo instituy\u00f3 un sacerdocio masculino para representarse a s\u00ed mismo como el esposo y a la Iglesia como su esposa\u201d, asever\u00f3.<\/p>\n<\/div>\n","protected":false},"excerpt":{"rendered":"<p>El papa Francisco tiene 87 a\u00f1os y hace 10 a\u00f1os se convirti\u00f3 en el jefe de la Iglesia Cat\u00f3lica. &nbsp; &nbsp; El enfrentamiento del papa&hellip;<\/p>\n","protected":false},"author":99,"featured_media":514538,"comment_status":"open","ping_status":"open","sticky":false,"template":"","format":"standard","meta":{"footnotes":""},"categories":[24],"tags":[],"class_list":["post-514537","post","type-post","status-publish","format-standard","has-post-thumbnail","hentry","category-mundo"],"_links":{"self":[{"href":"https:\/\/diarioelpopular.com\/index.php\/wp-json\/wp\/v2\/posts\/514537","targetHints":{"allow":["GET"]}}],"collection":[{"href":"https:\/\/diarioelpopular.com\/index.php\/wp-json\/wp\/v2\/posts"}],"about":[{"href":"https:\/\/diarioelpopular.com\/index.php\/wp-json\/wp\/v2\/types\/post"}],"author":[{"embeddable":true,"href":"https:\/\/diarioelpopular.com\/index.php\/wp-json\/wp\/v2\/users\/99"}],"replies":[{"embeddable":true,"href":"https:\/\/diarioelpopular.com\/index.php\/wp-json\/wp\/v2\/comments?post=514537"}],"version-history":[{"count":1,"href":"https:\/\/diarioelpopular.com\/index.php\/wp-json\/wp\/v2\/posts\/514537\/revisions"}],"predecessor-version":[{"id":514539,"href":"https:\/\/diarioelpopular.com\/index.php\/wp-json\/wp\/v2\/posts\/514537\/revisions\/514539"}],"wp:featuredmedia":[{"embeddable":true,"href":"https:\/\/diarioelpopular.com\/index.php\/wp-json\/wp\/v2\/media\/514538"}],"wp:attachment":[{"href":"https:\/\/diarioelpopular.com\/index.php\/wp-json\/wp\/v2\/media?parent=514537"}],"wp:term":[{"taxonomy":"category","embeddable":true,"href":"https:\/\/diarioelpopular.com\/index.php\/wp-json\/wp\/v2\/categories?post=514537"},{"taxonomy":"post_tag","embeddable":true,"href":"https:\/\/diarioelpopular.com\/index.php\/wp-json\/wp\/v2\/tags?post=514537"}],"curies":[{"name":"wp","href":"https:\/\/api.w.org\/{rel}","templated":true}]}}