{"id":514629,"date":"2023-12-07T13:18:58","date_gmt":"2023-12-07T17:18:58","guid":{"rendered":"https:\/\/diarioelpopular.com\/?p=514629"},"modified":"2023-12-07T13:18:58","modified_gmt":"2023-12-07T17:18:58","slug":"la-declaracion-universal-de-derechos-humanos-cumple-75-anos","status":"publish","type":"post","link":"https:\/\/diarioelpopular.com\/index.php\/2023\/12\/07\/la-declaracion-universal-de-derechos-humanos-cumple-75-anos\/","title":{"rendered":"La declaraci\u00f3n universal de Derechos Humanos cumple 75 a\u00f1os"},"content":{"rendered":"<p>&nbsp;<\/p>\n<p><img loading=\"lazy\" decoding=\"async\" class=\"alignnone size-custom-full-size wp-image-514630\" src=\"https:\/\/diarioelpopular.com\/wp-content\/uploads\/2023\/12\/HR-Day-2023-Ernie-Kuechmeister-Award-with-Nicole-636x424.jpg\" alt=\"\" width=\"636\" height=\"424\" srcset=\"https:\/\/diarioelpopular.com\/wp-content\/uploads\/2023\/12\/HR-Day-2023-Ernie-Kuechmeister-Award-with-Nicole-636x424.jpg 636w, https:\/\/diarioelpopular.com\/wp-content\/uploads\/2023\/12\/HR-Day-2023-Ernie-Kuechmeister-Award-with-Nicole-300x200.jpg 300w, https:\/\/diarioelpopular.com\/wp-content\/uploads\/2023\/12\/HR-Day-2023-Ernie-Kuechmeister-Award-with-Nicole-768x513.jpg 768w, https:\/\/diarioelpopular.com\/wp-content\/uploads\/2023\/12\/HR-Day-2023-Ernie-Kuechmeister-Award-with-Nicole-1990x1328.jpg 1990w, https:\/\/diarioelpopular.com\/wp-content\/uploads\/2023\/12\/HR-Day-2023-Ernie-Kuechmeister-Award-with-Nicole-1200x801.jpg 1200w, https:\/\/diarioelpopular.com\/wp-content\/uploads\/2023\/12\/HR-Day-2023-Ernie-Kuechmeister-Award-with-Nicole-109x73.jpg 109w, https:\/\/diarioelpopular.com\/wp-content\/uploads\/2023\/12\/HR-Day-2023-Ernie-Kuechmeister-Award-with-Nicole.jpg 1024w\" sizes=\"auto, (max-width: 636px) 100vw, 636px\" \/><\/p>\n<h5><em>Ernie Kuechmeister, el \u00faltimo miembro de la familia John Peters Humphrey, recibi\u00f3 un Premio de Derechos Humanos de manos de Nicole Crellin, directora de United\/Youth for Human Rights Canada, en reconocimiento y reconocimiento por sus importantes logros en la educaci\u00f3n en derechos humanos.<\/em><\/h5>\n<p>&nbsp;<\/p>\n<p><em><strong>&#8211; En asociaci\u00f3n con la Polic\u00eda Regional de York, Juventud por los Derechos Humanos de Canad\u00e1 conmemor\u00f3 el 75\u00ba aniversario de la Declaraci\u00f3n Universal de Derechos Humanos (DUDH) de las Naciones Unidas con el tema &#8220;Iluminando la educaci\u00f3n en derechos humanos&#8221;. El evento se llev\u00f3 a cabo la semana pasada en Community Safety Village, donde se encuentra el Aula de Educaci\u00f3n en Derechos Humanos.<\/strong><\/em><\/p>\n<p>El 10 de diciembre de 2023 se cumple el 75.\u00ba aniversario de uno de los compromisos m\u00e1s monumentales del mundo en materia de derechos humanos en virtud de la DUDH, que contiene derechos humanos fundamentales que deben ser protegidos universalmente.<\/p>\n<p>Uno de los principales redactores de la Declaraci\u00f3n fue el canadiense John Peters Humphrey, un h\u00e9roe internacional que dedic\u00f3 toda su vida a los derechos humanos. Trabaj\u00f3 en estrecha colaboraci\u00f3n con Eleanor Roosevelt, presidenta de la Comisi\u00f3n de Derechos Humanos de la ONU, como directora de la Divisi\u00f3n de Derechos Humanos de la ONU.<\/p>\n<p>Entre los oradores se encontraban el inspector de YRP Kolin Alexander y el ex superintendente de YRP, Ricky Veerappan, quienes hablaron sobre su participaci\u00f3n como oradores invitados en la 17\u00aa Cumbre Anual de la Juventud de Juventud por los Derechos Humanos Internacional celebrada este verano en las Naciones Unidas en Nueva York. Su mensaje principal fue enfatizar la aplicaci\u00f3n de la actuaci\u00f3n policial a trav\u00e9s de la lente de los derechos humanos.<\/p>\n<p>La Sra. Zanana Akande, una defensora de los derechos humanos que ha trabajado durante muchos a\u00f1os promoviendo y alentando la armon\u00eda racial, habl\u00f3 de estar constantemente alerta y vigilante para proteger los derechos humanos que uno tiene, ya que se los pueden quitar muy r\u00e1pidamente.<\/p>\n<p><img loading=\"lazy\" decoding=\"async\" class=\"alignnone size-custom-full-size wp-image-514631\" src=\"https:\/\/diarioelpopular.com\/wp-content\/uploads\/2023\/12\/HR-Day-2023-Nicole-and-Zanana-Award-636x424.jpg\" alt=\"\" width=\"636\" height=\"424\" srcset=\"https:\/\/diarioelpopular.com\/wp-content\/uploads\/2023\/12\/HR-Day-2023-Nicole-and-Zanana-Award-636x424.jpg 636w, https:\/\/diarioelpopular.com\/wp-content\/uploads\/2023\/12\/HR-Day-2023-Nicole-and-Zanana-Award-300x200.jpg 300w, https:\/\/diarioelpopular.com\/wp-content\/uploads\/2023\/12\/HR-Day-2023-Nicole-and-Zanana-Award-768x513.jpg 768w, https:\/\/diarioelpopular.com\/wp-content\/uploads\/2023\/12\/HR-Day-2023-Nicole-and-Zanana-Award-1990x1328.jpg 1990w, https:\/\/diarioelpopular.com\/wp-content\/uploads\/2023\/12\/HR-Day-2023-Nicole-and-Zanana-Award-1200x801.jpg 1200w, https:\/\/diarioelpopular.com\/wp-content\/uploads\/2023\/12\/HR-Day-2023-Nicole-and-Zanana-Award-109x73.jpg 109w, https:\/\/diarioelpopular.com\/wp-content\/uploads\/2023\/12\/HR-Day-2023-Nicole-and-Zanana-Award.jpg 1024w\" sizes=\"auto, (max-width: 636px) 100vw, 636px\" \/><\/p>\n<p>La defensora de los derechos humanos, Zanana Akande, recibe un Premio de Derechos Humanos de manos de Nicole Crellin, directora de United\/Youth for Human Rights Canada, por sus importantes logros y su valent\u00eda al defender el respeto y la protecci\u00f3n de los derechos humanos.<\/p>\n<p>&nbsp;<\/p>\n<p>La Dra. Mary Shuttleworth, fundadora y presidenta de Juventud por los Derechos Humanos Internacional, una educadora que ha dado la vuelta al mundo 17 veces en m\u00e1s de 90 pa\u00edses, incluido Canad\u00e1, se reuni\u00f3 con funcionarios gubernamentales, l\u00edderes comunitarios, educadores y millones de estudiantes que promueven la DUDH enviada un mensaje grabado felicitando a la Polic\u00eda Regional de York y a Community Safety Village por su dedicaci\u00f3n en la difusi\u00f3n del mensaje de educaci\u00f3n en derechos humanos.<\/p>\n<p>Los dos oradores siguientes hicieron que el evento fuera hist\u00f3rico.<\/p>\n<p>Ernie Kuechmeister, el \u00faltimo miembro de la familia Humphrey, comparti\u00f3 algunas historias familiares y brind\u00f3 una mejor visi\u00f3n de las valiosas contribuciones que hizo su suegro para que se respetaran los derechos humanos de todos.<\/p>\n<p>Alan John Hobbins, autor, ejecutor literario de los escritos de John Peters Humphrey y bibliotecario em\u00e9rito de la Universidad McGill de Montreal, fue la persona famosa que descubri\u00f3 los borradores originales de la DUDH que el Sr. Humphrey hab\u00eda preparado en 1947.<\/p>\n<p>Durante 7 a\u00f1os, el Sr. Hobbins trabaj\u00f3 con el Sr. Humphrey hasta el momento en que falleci\u00f3 en 1995 a la edad de 95 a\u00f1os. El Sr. Hobbins prepar\u00f3 una presentaci\u00f3n en video grabada de 10 minutos que contiene historias detr\u00e1s de escena sobre c\u00f3mo surgi\u00f3 la Declaraci\u00f3n. . Adem\u00e1s, incluy\u00f3 ejemplos de la dedicaci\u00f3n del Sr. Humphrey para superar los obst\u00e1culos para lograr su trabajo de crear un documento que ayudar\u00eda a inspirar a las generaciones futuras a aceptar la responsabilidad de continuar la b\u00fasqueda de los derechos humanos para todos.<\/p>\n<p>Nicole Crellin, directora de Juventud por los Derechos Humanos de Canad\u00e1, present\u00f3 a cuatro estudiantes de noveno grado que compartieron con la audiencia sus razones por las que estos derechos humanos deber\u00edan ser parte del plan de estudios escolar para hacer de este un mundo mejor y m\u00e1s pac\u00edfico. Esto fue muy bien recibido por los miembros de la audiencia quienes quedaron impresionados por el impacto de sus mensajes.<\/p>\n<p>La Sra. Crellin tambi\u00e9n otorg\u00f3 a la Sra. Akande, al Sr. Kuechmeister y al Sr. Hobbins un Premio de Derechos Humanos por sus amplias contribuciones al avance y promoci\u00f3n de la educaci\u00f3n en derechos humanos.<\/p>\n<p>La conmemoraci\u00f3n del 75 aniversario de la DUDH no podr\u00eda haber estado completa sin las destacadas actuaciones de Morpheus Richards, Chris Birkett, Dr. Draw y Liberty Silver, quienes compartieron su talento musical en la promoci\u00f3n de la educaci\u00f3n en derechos humanos.<\/p>\n<p>Juventud por los Derechos Humanos es el componente juvenil de Unidos por los Derechos Humanos y fue fundado en 2001 para educar a los j\u00f3venes sobre sus derechos humanos. Ofrecen un curso interactivo en l\u00ednea gratuito en www.youthforhumanrights.org como introducci\u00f3n a estos derechos para que sean conocidos y las personas puedan defenderlos para s\u00ed mismos y para los dem\u00e1s.<\/p>\n<p><img loading=\"lazy\" decoding=\"async\" class=\"alignnone size-custom-full-size wp-image-514633\" src=\"https:\/\/diarioelpopular.com\/wp-content\/uploads\/2023\/12\/HR-DAY-2023-Guy-and-Nicole-John-Hobbins-award-636x424.jpg\" alt=\"\" width=\"636\" height=\"424\" srcset=\"https:\/\/diarioelpopular.com\/wp-content\/uploads\/2023\/12\/HR-DAY-2023-Guy-and-Nicole-John-Hobbins-award-636x424.jpg 636w, https:\/\/diarioelpopular.com\/wp-content\/uploads\/2023\/12\/HR-DAY-2023-Guy-and-Nicole-John-Hobbins-award-300x200.jpg 300w, https:\/\/diarioelpopular.com\/wp-content\/uploads\/2023\/12\/HR-DAY-2023-Guy-and-Nicole-John-Hobbins-award-768x513.jpg 768w, https:\/\/diarioelpopular.com\/wp-content\/uploads\/2023\/12\/HR-DAY-2023-Guy-and-Nicole-John-Hobbins-award-1990x1328.jpg 1990w, https:\/\/diarioelpopular.com\/wp-content\/uploads\/2023\/12\/HR-DAY-2023-Guy-and-Nicole-John-Hobbins-award-1200x801.jpg 1200w, https:\/\/diarioelpopular.com\/wp-content\/uploads\/2023\/12\/HR-DAY-2023-Guy-and-Nicole-John-Hobbins-award-109x73.jpg 109w, https:\/\/diarioelpopular.com\/wp-content\/uploads\/2023\/12\/HR-DAY-2023-Guy-and-Nicole-John-Hobbins-award.jpg 1024w\" sizes=\"auto, (max-width: 636px) 100vw, 636px\" \/><\/p>\n<h5><em>Guy P\u00e9loquin recibe un Premio de Derechos Humanos en nombre de Alan John Hobbins de manos de Nicole Crellin, directora de United\/Youth for Human Rights Canada, por sus amplias contribuciones al avance y la promoci\u00f3n de la educaci\u00f3n en derechos humanos que han servido a la humanidad y ayudado a crear un futuro mejor para humanidad.<\/em><br \/>\n<em>Alan John Hobbins es el albacea literario de los escritos de John Peters Humphrey y bibliotecario em\u00e9rito de la Universidad McGill de Montreal. Hobbins fue la persona famosa que descubri\u00f3 los borradores originales de la Declaraci\u00f3n Universal de Derechos Humanos que el defensor canadiense e internacional de los derechos humanos, el Sr. Humphrey, hab\u00eda preparado en 1947.<\/em><\/h5>\n<p>&nbsp;<\/p>\n<p><img loading=\"lazy\" decoding=\"async\" class=\"alignnone size-custom-full-size wp-image-514634\" src=\"https:\/\/diarioelpopular.com\/wp-content\/uploads\/2023\/12\/HR-Day-2023-Ricky-Veerappan-at-podium-and-crowd-636x424.jpg\" alt=\"\" width=\"636\" height=\"424\" srcset=\"https:\/\/diarioelpopular.com\/wp-content\/uploads\/2023\/12\/HR-Day-2023-Ricky-Veerappan-at-podium-and-crowd-636x424.jpg 636w, https:\/\/diarioelpopular.com\/wp-content\/uploads\/2023\/12\/HR-Day-2023-Ricky-Veerappan-at-podium-and-crowd-300x200.jpg 300w, https:\/\/diarioelpopular.com\/wp-content\/uploads\/2023\/12\/HR-Day-2023-Ricky-Veerappan-at-podium-and-crowd-768x513.jpg 768w, https:\/\/diarioelpopular.com\/wp-content\/uploads\/2023\/12\/HR-Day-2023-Ricky-Veerappan-at-podium-and-crowd-1990x1328.jpg 1990w, https:\/\/diarioelpopular.com\/wp-content\/uploads\/2023\/12\/HR-Day-2023-Ricky-Veerappan-at-podium-and-crowd-1200x801.jpg 1200w, https:\/\/diarioelpopular.com\/wp-content\/uploads\/2023\/12\/HR-Day-2023-Ricky-Veerappan-at-podium-and-crowd-109x73.jpg 109w, https:\/\/diarioelpopular.com\/wp-content\/uploads\/2023\/12\/HR-Day-2023-Ricky-Veerappan-at-podium-and-crowd.jpg 1024w\" sizes=\"auto, (max-width: 636px) 100vw, 636px\" \/><\/p>\n<h5><em>El ex superintendente de la polic\u00eda regional de York, Ricky Veerappan, hablando en la conmemoraci\u00f3n del D\u00eda de los Derechos Humanos de 2023 del 75.\u00ba aniversario de la Declaraci\u00f3n Universal de Derechos Humanos de las Naciones Unidas, sobre la actuaci\u00f3n policial a trav\u00e9s de la lente de los derechos humanos.<\/em><\/h5>\n","protected":false},"excerpt":{"rendered":"<p>&nbsp; Ernie Kuechmeister, el \u00faltimo miembro de la familia John Peters Humphrey, recibi\u00f3 un Premio de Derechos Humanos de manos de Nicole Crellin, directora de&hellip;<\/p>\n","protected":false},"author":99,"featured_media":514630,"comment_status":"open","ping_status":"open","sticky":false,"template":"","format":"standard","meta":{"footnotes":""},"categories":[21],"tags":[],"class_list":["post-514629","post","type-post","status-publish","format-standard","has-post-thumbnail","hentry","category-canada"],"_links":{"self":[{"href":"https:\/\/diarioelpopular.com\/index.php\/wp-json\/wp\/v2\/posts\/514629","targetHints":{"allow":["GET"]}}],"collection":[{"href":"https:\/\/diarioelpopular.com\/index.php\/wp-json\/wp\/v2\/posts"}],"about":[{"href":"https:\/\/diarioelpopular.com\/index.php\/wp-json\/wp\/v2\/types\/post"}],"author":[{"embeddable":true,"href":"https:\/\/diarioelpopular.com\/index.php\/wp-json\/wp\/v2\/users\/99"}],"replies":[{"embeddable":true,"href":"https:\/\/diarioelpopular.com\/index.php\/wp-json\/wp\/v2\/comments?post=514629"}],"version-history":[{"count":1,"href":"https:\/\/diarioelpopular.com\/index.php\/wp-json\/wp\/v2\/posts\/514629\/revisions"}],"predecessor-version":[{"id":514635,"href":"https:\/\/diarioelpopular.com\/index.php\/wp-json\/wp\/v2\/posts\/514629\/revisions\/514635"}],"wp:featuredmedia":[{"embeddable":true,"href":"https:\/\/diarioelpopular.com\/index.php\/wp-json\/wp\/v2\/media\/514630"}],"wp:attachment":[{"href":"https:\/\/diarioelpopular.com\/index.php\/wp-json\/wp\/v2\/media?parent=514629"}],"wp:term":[{"taxonomy":"category","embeddable":true,"href":"https:\/\/diarioelpopular.com\/index.php\/wp-json\/wp\/v2\/categories?post=514629"},{"taxonomy":"post_tag","embeddable":true,"href":"https:\/\/diarioelpopular.com\/index.php\/wp-json\/wp\/v2\/tags?post=514629"}],"curies":[{"name":"wp","href":"https:\/\/api.w.org\/{rel}","templated":true}]}}