{"id":514641,"date":"2023-12-08T10:41:51","date_gmt":"2023-12-08T14:41:51","guid":{"rendered":"https:\/\/diarioelpopular.com\/?p=514641"},"modified":"2023-12-08T10:41:51","modified_gmt":"2023-12-08T14:41:51","slug":"llega-una-triple-epidemia-y-es-la-nueva-norma-de-las-enfermedades-virales","status":"publish","type":"post","link":"https:\/\/diarioelpopular.com\/index.php\/2023\/12\/08\/llega-una-triple-epidemia-y-es-la-nueva-norma-de-las-enfermedades-virales\/","title":{"rendered":"Llega una triple epidemia y es la &#8216;nueva norma&#8217; de las enfermedades virales"},"content":{"rendered":"<p><img loading=\"lazy\" decoding=\"async\" class=\"alignnone size-custom-full-size wp-image-514642\" src=\"https:\/\/diarioelpopular.com\/wp-content\/uploads\/2023\/12\/Screen-Shot-2023-12-08-at-9.40.53-AM-636x405.png\" alt=\"\" width=\"636\" height=\"405\" srcset=\"https:\/\/diarioelpopular.com\/wp-content\/uploads\/2023\/12\/Screen-Shot-2023-12-08-at-9.40.53-AM-636x405.png 636w, https:\/\/diarioelpopular.com\/wp-content\/uploads\/2023\/12\/Screen-Shot-2023-12-08-at-9.40.53-AM-300x191.png 300w, https:\/\/diarioelpopular.com\/wp-content\/uploads\/2023\/12\/Screen-Shot-2023-12-08-at-9.40.53-AM-768x489.png 768w, https:\/\/diarioelpopular.com\/wp-content\/uploads\/2023\/12\/Screen-Shot-2023-12-08-at-9.40.53-AM-85x55.png 85w, https:\/\/diarioelpopular.com\/wp-content\/uploads\/2023\/12\/Screen-Shot-2023-12-08-at-9.40.53-AM-115x73.png 115w, https:\/\/diarioelpopular.com\/wp-content\/uploads\/2023\/12\/Screen-Shot-2023-12-08-at-9.40.53-AM.png 1024w\" sizes=\"auto, (max-width: 636px) 100vw, 636px\" \/><\/p>\n<p>&nbsp;<\/p>\n<p>&nbsp;<\/p>\n<ul>\n<li><em><strong>Una variedad de infecciones virales y bacterianas est\u00e1n circulando mientras los hospitales a lo largo del pa\u00eds siguen bajo presi\u00f3n<\/strong><\/em><\/li>\n<\/ul>\n<p>&nbsp;<\/p>\n<p><em><strong>OTTAWA.-<\/strong><\/em> Es otra ca\u00edda ajetreada en los hospitales, con cierres de departamentos de emergencia, largos tiempos de espera y escasez constante de personal en los titulares.<\/p>\n<p>La situaci\u00f3n se ha convertido mortal: dos personas murieron mientras esperaban atenci\u00f3n en la sala de emergencia en el hospital Anna-Laberge en Ch\u00e2teauguay, Quebec, la semana pasada.<\/p>\n<p>Y mientras los equipos de atenci\u00f3n m\u00e9dica siguen peligrosamente sobrecargados, tambi\u00e9n est\u00e1n lidiando con la presi\u00f3n de lo que algunos m\u00e9dicos llaman una &#8220;nueva norma&#8221; para las enfermedades estacionales: una variedad de infecciones virales y bacterianas que est\u00e1n nuevamente en circulaci\u00f3n, mientras que el COVID-19 a\u00fan contin\u00faa. principal entre ellos.<\/p>\n<p>&#8220;Este es probablemente el primer a\u00f1o desde que comenz\u00f3 la COVID en el que estamos viendo los virus anticipados, la escalada anticipada de vol\u00famenes, que vimos antes de enfrentarnos a una pandemia&#8221;, advirti\u00f3 la Dra. Laurie Plotnick, directora m\u00e9dica del departamento de emergencias del hospital. Hospital Infantil de Montreal, donde la tasa de ocupaci\u00f3n promedio estuvo cerca del 160 por ciento durante gran parte de noviembre.<\/p>\n<p>Dos centros pedi\u00e1tricos en Montreal celebraron una conferencia de prensa conjunta para recalcar los desaf\u00edos que se avecinan, al tiempo que instan a las familias a confiar en cl\u00ednicas comunitarias en lugar de departamentos de emergencia saturados siempre que sea posible.<\/p>\n<p>Los ni\u00f1os llegan con una variedad de dolencias, desde fiebre hasta bronquitis y neumon\u00eda, dijeron las autoridades. Esos altos vol\u00famenes a\u00f1aden presi\u00f3n en un momento en que los hospitales tienen poco personal en sus unidades de internaci\u00f3n, lo que deja pocas camas disponibles cuando los ni\u00f1os necesitan ser hospitalizados en las salas.<\/p>\n<p><em><strong>Falta de proveedores de atenci\u00f3n primaria<\/strong><\/em><br \/>\nPero decirles a las familias que eviten las salas de emergencia y busquen atenci\u00f3n en otro lugar puede ser una p\u00edldora dif\u00edcil de tragar. Muchos ni\u00f1os simplemente no tienen m\u00e9dicos de familia, anot\u00f3 Plotnick.<\/p>\n<p>Es un problema que afecta a todo Canad\u00e1: los datos muestran que millones de personas no tienen un proveedor de atenci\u00f3n m\u00e9dica habitual, mientras que un nuevo informe del auditor general interino de Ontario sugiere que en esa provincia, uno de cada cinco pacientes que visitaron los departamentos de emergencia solo estaban ah\u00ed porque Carece de m\u00e9dico de familia.<\/p>\n<p>Mientras tanto, los departamentos de emergencia de Alberta, Ontario y Quebec informan tiempos de espera de horas ante esas presiones constantes.<\/p>\n<p>En ese contexto, los datos federales muestran que la temporada de virus respiratorios del pa\u00eds est\u00e1 en marcha, a\u00f1adiendo m\u00e1s le\u00f1a al fuego.<\/p>\n<p>La actividad del virus respiratorio sincitial (VSR) est\u00e1 aumentando y por encima de los niveles esperados, y la actividad de la gripe tambi\u00e9n est\u00e1 aumentando.<\/p>\n<p>Del 21 al 28 de noviembre aument\u00f3 el n\u00famero de pacientes hospitalizados con COVID-19, seg\u00fan muestran las \u00faltimas cifras nacionales. El panel de virus respiratorios de Public Health Ontario muestra actualmente un 20 por ciento de positividad en las pruebas de COVID, mucho m\u00e1s que cualquier otra amenaza viral.<\/p>\n<p>&#8220;Adem\u00e1s de una l\u00ednea de base ya elevada, ahora estamos viendo todas las enfermedades respiratorias habituales del oto\u00f1o, adem\u00e1s de la COVID, que nunca existi\u00f3 hace cuatro a\u00f1os&#8221;, dijo la Dra. Lisa Salamon, en urgencias de Toronto.<\/p>\n<p>&#8220;Eso empeora a\u00fan m\u00e1s una situaci\u00f3n que siempre es mala en oto\u00f1o. Creo que tenemos que acostumbrarnos a esta nueva norma&#8221;.<\/p>\n<p><em><strong>La neumon\u00eda regresa<\/strong><\/em><br \/>\nVarios pa\u00edses tambi\u00e9n est\u00e1n informando aumentos inusuales en Mycoplasma pneumoniae, que causa una infecci\u00f3n bacteriana com\u00fanmente conocida como &#8220;neumon\u00eda ambulante&#8221; que suele ser una forma m\u00e1s leve de la enfermedad.<\/p>\n<p>Partes de EE. UU., China, Dinamarca y varios otros pa\u00edses europeos est\u00e1n reportando niveles m\u00e1s altos de infecciones por neumon\u00eda, mientras que los funcionarios de salud de Corea del Sur anunciaron que las hospitalizaciones por la enfermedad se han duplicado en el \u00faltimo mes, principalmente entre ni\u00f1os.<\/p>\n<p>&#8220;\u00bfPodr\u00eda estar sucediendo en Canad\u00e1? La respuesta es casi segura&#8221;, dijo el Dr. Donald Vinh, especialista en enfermedades infecciosas de la Universidad McGill en Montreal.<\/p>\n<p>&#8220;No hay nada especial en nuestras fronteras, eso es seguro, pero es dif\u00edcil saberlo porque se necesita un programa de vigilancia activa para saber qu\u00e9 est\u00e1 pasando. Y si no hay un programa de vigilancia, ya sea a nivel provincial o nacional, bien podr\u00eda ser en nuestro patio trasero, y no lo sabemos&#8221;.<\/p>\n<p>Si bien no existe un monitoreo formal de laboratorio aqu\u00ed en Canad\u00e1, los laboratorios de salud p\u00fablica estar\u00e1n atentos a cualquier actividad inusual de neumon\u00eda por micoplasma, dijo la Agencia de Salud P\u00fablica de Canad\u00e1.<\/p>\n<p>Los expertos m\u00e9dicos dicen que esta bacteria generalmente aparece cada pocos a\u00f1os, y que esta temporada es potencialmente peor de lo habitual debido a la falta de exposici\u00f3n a este pat\u00f3geno durante la pandemia, de manera muy similar a c\u00f3mo el VRS aument\u00f3 el a\u00f1o pasado luego del levantamiento de las restricciones relacionadas con el COVID.<\/p>\n<p>&#8220;La inmunidad al micoplasma puede haber disminuido porque es posible que muchas personas no hayan estado expuestas a \u00e9l durante tiempos de distanciamiento social&#8221;, explic\u00f3 el Dr. Amesh Adalja, investigador principal del Centro Johns Hopkins para la Seguridad de la Salud.<\/p>\n<p>&#8220;Y ahora, la gente vuelve a interactuar normalmente, por lo que vemos el regreso del micoplasma. Y eso es una especie de sinergia con los ciclos naturales que tambi\u00e9n tiene esta bacteria&#8221;.<\/p>\n<p><em><strong>Se necesitan soluciones a nivel de sistema<\/strong><\/em><br \/>\nAunque est\u00e1 claro que una serie de enfermedades infecciosas est\u00e1n ejerciendo presi\u00f3n sobre los hospitales, Salamon dijo que los m\u00e9dicos tienen la esperanza de que varias enfermedades estacionales surjan en diferentes momentos. La COVID parece estar aumentando este oto\u00f1o, dijo, mientras que la temporada de gripe a\u00fan no ha despegado del todo.<\/p>\n<p>Pero esa posibilidad tiene una desventaja: la posibilidad de otra larga y prolongada temporada de virus respiratorios que ejerza presi\u00f3n sobre el sistema de atenci\u00f3n m\u00e9dica durante meses.<\/p>\n<p>No existe una soluci\u00f3n r\u00e1pida, pero Salamon dijo que es necesario que los formuladores de pol\u00edticas y los funcionarios gubernamentales adopten soluciones a nivel de sistema para prevenir muertes y aliviar el hacinamiento, tanto este a\u00f1o como en los a\u00f1os venideros.<\/p>\n<p>Adalja dijo que la situaci\u00f3n actual no es sorprendente, dado que las infecciones respiratorias siempre fueron un desaf\u00edo en el invierno, y ahora el COVID est\u00e1 firmemente en esa mezcla.<\/p>\n<p>&#8220;Esta ser\u00e1 la nueva norma en el futuro: tendremos este nivel de infecci\u00f3n&#8221;, dijo Adalja.<\/p>\n","protected":false},"excerpt":{"rendered":"<p>&nbsp; &nbsp; Una variedad de infecciones virales y bacterianas est\u00e1n circulando mientras los hospitales a lo largo del pa\u00eds siguen bajo presi\u00f3n &nbsp; OTTAWA.- Es&hellip;<\/p>\n","protected":false},"author":99,"featured_media":514642,"comment_status":"open","ping_status":"open","sticky":false,"template":"","format":"standard","meta":{"footnotes":""},"categories":[21,11191],"tags":[],"class_list":["post-514641","post","type-post","status-publish","format-standard","has-post-thumbnail","hentry","category-canada","category-top-news"],"_links":{"self":[{"href":"https:\/\/diarioelpopular.com\/index.php\/wp-json\/wp\/v2\/posts\/514641","targetHints":{"allow":["GET"]}}],"collection":[{"href":"https:\/\/diarioelpopular.com\/index.php\/wp-json\/wp\/v2\/posts"}],"about":[{"href":"https:\/\/diarioelpopular.com\/index.php\/wp-json\/wp\/v2\/types\/post"}],"author":[{"embeddable":true,"href":"https:\/\/diarioelpopular.com\/index.php\/wp-json\/wp\/v2\/users\/99"}],"replies":[{"embeddable":true,"href":"https:\/\/diarioelpopular.com\/index.php\/wp-json\/wp\/v2\/comments?post=514641"}],"version-history":[{"count":1,"href":"https:\/\/diarioelpopular.com\/index.php\/wp-json\/wp\/v2\/posts\/514641\/revisions"}],"predecessor-version":[{"id":514643,"href":"https:\/\/diarioelpopular.com\/index.php\/wp-json\/wp\/v2\/posts\/514641\/revisions\/514643"}],"wp:featuredmedia":[{"embeddable":true,"href":"https:\/\/diarioelpopular.com\/index.php\/wp-json\/wp\/v2\/media\/514642"}],"wp:attachment":[{"href":"https:\/\/diarioelpopular.com\/index.php\/wp-json\/wp\/v2\/media?parent=514641"}],"wp:term":[{"taxonomy":"category","embeddable":true,"href":"https:\/\/diarioelpopular.com\/index.php\/wp-json\/wp\/v2\/categories?post=514641"},{"taxonomy":"post_tag","embeddable":true,"href":"https:\/\/diarioelpopular.com\/index.php\/wp-json\/wp\/v2\/tags?post=514641"}],"curies":[{"name":"wp","href":"https:\/\/api.w.org\/{rel}","templated":true}]}}