{"id":514674,"date":"2023-12-11T09:52:05","date_gmt":"2023-12-11T13:52:05","guid":{"rendered":"https:\/\/diarioelpopular.com\/?p=514674"},"modified":"2023-12-11T09:52:05","modified_gmt":"2023-12-11T13:52:05","slug":"la-gente-esta-confundida-una-encuesta-sugiere-que-los-canadienses-necesitan-educacion-sobre-los-derechos-de-la-carta","status":"publish","type":"post","link":"https:\/\/diarioelpopular.com\/index.php\/2023\/12\/11\/la-gente-esta-confundida-una-encuesta-sugiere-que-los-canadienses-necesitan-educacion-sobre-los-derechos-de-la-carta\/","title":{"rendered":"\u201cLa gente est\u00e1 confundida\u201d: una encuesta sugiere que los canadienses necesitan educaci\u00f3n sobre los derechos de la Carta"},"content":{"rendered":"<p><img loading=\"lazy\" decoding=\"async\" class=\"alignnone size-custom-full-size wp-image-514675\" src=\"https:\/\/diarioelpopular.com\/wp-content\/uploads\/2023\/12\/Screen-Shot-2023-12-11-at-8.51.26-AM-636x414.png\" alt=\"\" width=\"636\" height=\"414\" srcset=\"https:\/\/diarioelpopular.com\/wp-content\/uploads\/2023\/12\/Screen-Shot-2023-12-11-at-8.51.26-AM-636x414.png 636w, https:\/\/diarioelpopular.com\/wp-content\/uploads\/2023\/12\/Screen-Shot-2023-12-11-at-8.51.26-AM-300x195.png 300w, https:\/\/diarioelpopular.com\/wp-content\/uploads\/2023\/12\/Screen-Shot-2023-12-11-at-8.51.26-AM-768x500.png 768w, https:\/\/diarioelpopular.com\/wp-content\/uploads\/2023\/12\/Screen-Shot-2023-12-11-at-8.51.26-AM-85x55.png 85w, https:\/\/diarioelpopular.com\/wp-content\/uploads\/2023\/12\/Screen-Shot-2023-12-11-at-8.51.26-AM-112x73.png 112w, https:\/\/diarioelpopular.com\/wp-content\/uploads\/2023\/12\/Screen-Shot-2023-12-11-at-8.51.26-AM.png 1024w\" sizes=\"auto, (max-width: 636px) 100vw, 636px\" \/><\/p>\n<p>&nbsp;<\/p>\n<ul>\n<li><em><strong>Si bien un tercio de la gente dice haber le\u00eddo la Carta de Derechos y Libertades, muchos no distinguen entre su texto y el de la Declaraci\u00f3n de Independencia de Estados Unidos, indica una nueva encuesta.<\/strong><\/em><\/li>\n<\/ul>\n<p>&nbsp;<\/p>\n<p><em><strong>OTTAWA.-<\/strong><\/em> Tambi\u00e9n existe una divisi\u00f3n significativa en cuanto a si los canadienses est\u00e1n de acuerdo con la primera l\u00ednea de la Carta, que marca el tono para el resto del documento.<\/p>\n<p>&#8220;Sienten que lo saben mejor de lo que realmente lo saben&#8221;, dijo Jack Jedwab, presidente de la Asociaci\u00f3n de Estudios Canadienses, que encarg\u00f3 la encuesta junto con el Instituto Metropolis.<\/p>\n<p>\u201cNecesitamos m\u00e1s educaci\u00f3n charter, por as\u00ed decirlo. O m\u00e1s alfabetizaci\u00f3n sobre la Carta\u201d.<\/p>\n<p>Los resultados se basan en una encuesta web realizada en septiembre a 1.502 personas por la firma encuestadora Leger. A las encuestas en l\u00ednea no se les puede asignar un margen de error porque no se consideran muestras verdaderamente aleatorias.<\/p>\n<p>La asociaci\u00f3n de Jedwab public\u00f3 los hallazgos coincidiendo con el 75\u00ba aniversario de la adopci\u00f3n de la Declaraci\u00f3n Universal de Derechos Humanos por parte de las Naciones Unidas el 10 de diciembre de 1948.<\/p>\n<p>La encuesta pregunt\u00f3 a los encuestados si hab\u00edan le\u00eddo la Carta Canadiense de Derechos y Libertades, firmada en 1982, y el 33 por ciento respondi\u00f3 que s\u00ed.<\/p>\n<p>Esto se compara con el 62 por ciento de los participantes que dijeron que no, y el cinco por ciento restante que respondi\u00f3 que no sab\u00eda o prefer\u00eda no responder.<\/p>\n<p>Cuando se les hizo una pregunta de s\u00ed o no que hac\u00eda eco de la declaraci\u00f3n introductoria de la Carta \u2013 \u201cCanad\u00e1 se basa en principios que reconocen la supremac\u00eda de Dios y el imperio de la ley\u201d \u2013 el 38 por ciento de los encuestados dijo que estaba de acuerdo, en comparaci\u00f3n con el 37 por ciento que dijo ellos no. Una cuarta parte dijo que no sab\u00eda o prefer\u00eda no responder.<\/p>\n<p>Jedwab dijo que los resultados son m\u00e1s sorprendentes cuando se limitan a aquellos que dijeron que realmente hab\u00edan le\u00eddo el documento.<\/p>\n<p>Aquellos que s\u00ed lo hicieron eran m\u00e1s propensos a estar de acuerdo con su l\u00ednea inicial, pero esa cifra s\u00f3lo represent\u00f3 el 47 por ciento.<\/p>\n<p>De quienes dijeron que no hab\u00edan le\u00eddo el documento, casi dos tercios no estuvieron de acuerdo con \u00e9l o dijeron que no sab\u00edan o prefer\u00edan no responder.<\/p>\n<p>Jedwab sugiri\u00f3 que la divisi\u00f3n se puede atribuir a c\u00f3mo se sent\u00edan los encuestados acerca de la referencia a Dios, ya que la sociedad canadiense se ve a s\u00ed misma como secular.<\/p>\n<p>Muchos canadienses tampoco comprenden la diferencia entre la Carta y los derechos descritos en la Declaraci\u00f3n de Independencia de Estados Unidos, sugiere la encuesta.<\/p>\n<p>Cuando se les pregunt\u00f3 si todas las personas que viven en Canad\u00e1 tienen derecho a la vida, la libertad y la b\u00fasqueda de la felicidad, el 88 por ciento de los encuestados respondi\u00f3 &#8220;s\u00ed&#8221;, en comparaci\u00f3n con s\u00f3lo el nueve por ciento que respondi\u00f3 &#8220;no&#8221; y el tres por ciento que se neg\u00f3 a dar una respuesta. .<\/p>\n<p>No hay ninguna referencia a la \u201cb\u00fasqueda de la felicidad\u201d en el documento canadiense, sino que se refiere a \u201cla vida, la libertad y la seguridad de la persona y el derecho a no ser privado de ellas excepto de conformidad con los principios de justicia fundamental\u201d.<\/p>\n<p>&#8220;No conocemos nuestra Carta lo suficientemente bien&#8221;, afirm\u00f3 Jedwab. &#8220;Incluso si pretendemos saberlo&#8221;.<\/p>\n<p>La encuesta tambi\u00e9n puso a prueba el conocimiento de los canadienses sobre si el gobierno federal puede limitar los derechos.<\/p>\n<p>La Carta permite que eso suceda bajo la cl\u00e1usula de no obstante. Los gobiernos provinciales de Ontario, Quebec y Saskatchewan han suscitado un debate en los \u00faltimos a\u00f1os sobre el uso preventivo de la cl\u00e1usula.<\/p>\n<p>Entre los que dijeron haber le\u00eddo la Carta, casi el 65 por ciento de los encuestados respondi\u00f3 &#8220;s\u00ed&#8221; cuando se les pregunt\u00f3 si el gobierno canadiense puede limitar sus derechos, en comparaci\u00f3n con el 24 por ciento que dijo &#8220;no&#8221;.<\/p>\n<p>Poco m\u00e1s de la mitad de los que no hab\u00edan le\u00eddo el documento estuvieron de acuerdo en que el gobierno puede limitar sus derechos, frente a aproximadamente un tercio que dijo que no.<\/p>\n<p>En cuanto a qu\u00e9 derechos los canadienses consideran m\u00e1s importantes, Jedwab dijo que los hallazgos muestran que los encuestados priorizaron los derechos individuales por encima de los derechos de los grupos minoritarios.<\/p>\n<p>Por ejemplo, cuando se les pidi\u00f3 clasificar en orden qu\u00e9 derechos de la Carta necesitan mayor protecci\u00f3n, el 17 por ciento de los encuestados eligi\u00f3 primero la libertad de expresi\u00f3n, seguida por el derecho a la privacidad y luego la igualdad de g\u00e9nero con un 14 por ciento y un 13 por ciento, respectivamente.<\/p>\n<p>La libertad de reuni\u00f3n y la libertad de religi\u00f3n fueron elegidas en primer lugar por el cinco por ciento de los participantes, mientras que el tres por ciento de los encuestados clasificaron los derechos de las lenguas minoritarias como su principal opci\u00f3n.<\/p>\n<p>&#8220;Los derechos de las minor\u00edas vulnerables no est\u00e1n ocupando un lugar tan alto en la escala&#8221;, afirm\u00f3 Jedwab.<\/p>\n<p>Una encuesta separada que Leger realiz\u00f3 para los mismos grupos pregunt\u00f3 a los canadienses si sent\u00edan que todos nacen con las mismas posibilidades de tener \u00e9xito.<\/p>\n<p>Los hallazgos sugieren una gran brecha generacional en esa creencia, afirm\u00f3 Jebwab.<\/p>\n<p>Alrededor del 51 por ciento de los encuestados entre 35 y 44 a\u00f1os respondieron \u201cs\u00ed\u201d a la pregunta de si todos nacen con las mismas oportunidades de triunfar en Canad\u00e1. Esa cifra aumenta al 60 por ciento o m\u00e1s para las personas de 55 a\u00f1os o m\u00e1s.<\/p>\n<p>Pero menos de un tercio, o el 32 por ciento, de los encuestados de entre 18 y 34 a\u00f1os estuvieron de acuerdo con la afirmaci\u00f3n.<\/p>\n","protected":false},"excerpt":{"rendered":"<p>&nbsp; Si bien un tercio de la gente dice haber le\u00eddo la Carta de Derechos y Libertades, muchos no distinguen entre su texto y el&hellip;<\/p>\n","protected":false},"author":99,"featured_media":514675,"comment_status":"open","ping_status":"open","sticky":false,"template":"","format":"standard","meta":{"footnotes":""},"categories":[21],"tags":[],"class_list":["post-514674","post","type-post","status-publish","format-standard","has-post-thumbnail","hentry","category-canada"],"_links":{"self":[{"href":"https:\/\/diarioelpopular.com\/index.php\/wp-json\/wp\/v2\/posts\/514674","targetHints":{"allow":["GET"]}}],"collection":[{"href":"https:\/\/diarioelpopular.com\/index.php\/wp-json\/wp\/v2\/posts"}],"about":[{"href":"https:\/\/diarioelpopular.com\/index.php\/wp-json\/wp\/v2\/types\/post"}],"author":[{"embeddable":true,"href":"https:\/\/diarioelpopular.com\/index.php\/wp-json\/wp\/v2\/users\/99"}],"replies":[{"embeddable":true,"href":"https:\/\/diarioelpopular.com\/index.php\/wp-json\/wp\/v2\/comments?post=514674"}],"version-history":[{"count":1,"href":"https:\/\/diarioelpopular.com\/index.php\/wp-json\/wp\/v2\/posts\/514674\/revisions"}],"predecessor-version":[{"id":514676,"href":"https:\/\/diarioelpopular.com\/index.php\/wp-json\/wp\/v2\/posts\/514674\/revisions\/514676"}],"wp:featuredmedia":[{"embeddable":true,"href":"https:\/\/diarioelpopular.com\/index.php\/wp-json\/wp\/v2\/media\/514675"}],"wp:attachment":[{"href":"https:\/\/diarioelpopular.com\/index.php\/wp-json\/wp\/v2\/media?parent=514674"}],"wp:term":[{"taxonomy":"category","embeddable":true,"href":"https:\/\/diarioelpopular.com\/index.php\/wp-json\/wp\/v2\/categories?post=514674"},{"taxonomy":"post_tag","embeddable":true,"href":"https:\/\/diarioelpopular.com\/index.php\/wp-json\/wp\/v2\/tags?post=514674"}],"curies":[{"name":"wp","href":"https:\/\/api.w.org\/{rel}","templated":true}]}}