{"id":514699,"date":"2023-12-12T09:58:44","date_gmt":"2023-12-12T13:58:44","guid":{"rendered":"https:\/\/diarioelpopular.com\/?p=514699"},"modified":"2023-12-12T09:58:44","modified_gmt":"2023-12-12T13:58:44","slug":"cronicas-cop28","status":"publish","type":"post","link":"https:\/\/diarioelpopular.com\/index.php\/2023\/12\/12\/cronicas-cop28\/","title":{"rendered":"CR\u00d3NICAS. COP28"},"content":{"rendered":"<p class=\"p1\"><em><strong>Por: Luc\u00eda P. de Garc\u00eda<\/strong><\/em><\/p>\n<p class=\"p1\"><em><strong>Toronto.-<\/strong> <\/em>La Cumbre de la Tierra celebrada en R\u00edo de Janeiro en 1992 acord\u00f3 que, bajo el auspicio de Naciones Unidas, se realizara cada a\u00f1o y en una ciudad diferente una Conferencia de las Partes, COP, con la finalidad de reunir a las 193 \u201cpartes\u201d, Estados, que firmaron la Convenci\u00f3n Marco de las Naciones Unidas sobre el Cambio Clim\u00e1tico. A excepci\u00f3n de la COP26, pospuesta por el COVID-19 se ha acatado, y al momento se realiza la COP28, del 30 de noviembre al 12 de diciembre, en el Expo City Dub\u00e1i de los Emiratos \u00c1rabes Unidos bajo el lema \u201cUnir. Actuar\u201d.<\/p>\n<p class=\"p1\">Las COPs son las conferencias clim\u00e1ticas m\u00e1s importantes del mundo, de ellas parten las directrices para combatir el calentamiento global, producto del consumo de combustibles f\u00f3siles y de las emisiones de gases de efecto invernadero. Las directrices son: sustituir paulatinamente dichos combustibles por energ\u00eda limpia, frenar la deforestaci\u00f3n, sembrar \u00e1rboles, cuidar las fuentes de agua y evitar la contaminaci\u00f3n del precioso l\u00edquido, eliminar el uso del pl\u00e1stico, suspender ese consumismo que agota los recursos de la Naturaleza.<span class=\"Apple-converted-space\">\u00a0<\/span><\/p>\n<p class=\"p1\">Ya que todo significa gastos que no todos los pa\u00edses pueden hacer, los m\u00e1s ricos deben situar cuotas de ayuda a los m\u00e1s pobres, y \u00e9stos s\u00f3lo deben destinarlas a recuperar el medioambiente. No se ha cumplido. Han primado intereses econ\u00f3micos de gobiernos, empresas, personas. Un ejemplo lo da el Presidente del evento, Sult\u00e1n Al Jaber, fundador de una empresa petrolera que busca incrementar su producci\u00f3n, quien dijo ante la COP28 que \u201cno hay ciencia\u201d que demuestre la necesidad de eliminar los combustibles.<span class=\"Apple-converted-space\">\u00a0<\/span><\/p>\n<p class=\"p1\">No es as\u00ed. Hace unos meses, el Panel Intergubernamental sobre Cambio Clim\u00e1tico, m\u00e1xima autoridad cient\u00edfica en el tema, indic\u00f3 que el planeta se est\u00e1 calentando a niveles r\u00e9cord, por lo que urge impedir que \u00e9stos superen los 1,5 grados cent\u00edgrados. De suceder, el desastre ser\u00e1 irreversible, la vida se extinguir\u00e1. El objetivo de la actual COP es impedir ese fin, por lo que tras evaluar lo que realmente se ha hecho, se est\u00e1n analizando las medidas a tomar, acaso inmediatas, dr\u00e1sticas, obligatorias.<\/p>\n<p class=\"p1\">A la Convenci\u00f3n estuvo invitado el Papa Francisco. Su intervenci\u00f3n se esperaba con gran inter\u00e9s, ser\u00eda la primera vez que un pont\u00edfice asistir\u00eda a una COP. Semanas antes ya hab\u00eda advertido \u201cel mundo que nos acoge se va desmoronando y quiz\u00e1s acerc\u00e1ndose a un punto del que no hay vuelta atr\u00e1s\u201d y hab\u00eda criticado a los gobiernos por no afrontar la crisis medioambiental debido a<span class=\"Apple-converted-space\">\u00a0 <\/span>intereses econ\u00f3micos y de poder. Sin embargo, el pont\u00edfice no pudo ir por problemas de salud.<span class=\"Apple-converted-space\">\u00a0<\/span><\/p>\n<p class=\"p1\">De todas maneras, el 1 de diciembre, el Papa Francisco, representado por el Secretario de Estado de la Santa Sede, dijo ante las 97.000 personas que se encontraban en el Expo City Dub\u00e1i: \u201cMe hago presente porque la devastaci\u00f3n de la creaci\u00f3n es una ofensa a Dios, un pecado no s\u00f3lo personal sino estructural que repercute en los m\u00e1s d\u00e9biles; un grave peligro que pende sobre cada uno y amenaza con desencadenar un conflicto entre generaciones\u201d.<span class=\"Apple-converted-space\">\u00a0<\/span><\/p>\n<p class=\"p1\">Destaco las siguientes frases de su discurso: \u201cla ambici\u00f3n por producir y poseer se ha convertido en una obsesi\u00f3n, y ha desembocado en una avidez sin l\u00edmites, que ha hecho del ambiente objeto de una explotaci\u00f3n desenfrenada&#8230; justific\u00e1ndose a veces por lo que otros han hecho en el pasado, con reiteradas evasiones de responsabilidad&#8230; \u201c.<\/p>\n<p class=\"p1\">\u201cNo es culpa de los pobres, porque casi la mitad del mundo, la m\u00e1s pobre, es responsable de apenas el 10% de las emisiones contaminantes, mientras que la distancia entre los pocos acomodados y los muchos desfavorecidos nunca ha sido tan profunda&#8230; Pensemos en las poblaciones ind\u00edgenas, en la deforestaci\u00f3n, en el drama del hambre, en la inseguridad h\u00eddrica y alimentaria, y en los consiguientes flujos migratorios\u201d.<\/p>\n<p class=\"p1\">\u201c\u00a1Cu\u00e1nta energ\u00eda est\u00e1 malgastando la humanidad en las tantas guerras en curso, como en Israel y Palestina, en Ucrania y en muchas otras regiones del mundo: conflictos que no resolver\u00e1n los problemas, sino que s\u00f3lo los aumentar\u00e1n! \u00bfCu\u00e1ntos recursos se malgastan en armamentos que destruyen vidas y arruinan nuestra casa com\u00fan?\u201d.<span class=\"Apple-converted-space\">\u00a0<\/span><\/p>\n<p class=\"p1\">Dirigi\u00e9ndose a los j\u00f3venes, que claman a los gobiernos escuchar su angustia ya que es la actual generaci\u00f3n, la de nuestros hijos y nietos, la que heredar\u00e1 y enfrentar\u00e1 las consecuencias de tanta indiferencia, concluy\u00f3: \u201cCon la ayuda de Dios, salgamos de la noche de la guerra y de la devastaci\u00f3n ambiental para transformar el futuro com\u00fan en un amanecer luminoso\u201d.<\/p>\n<p class=\"p1\">El discurso del Papa Francisco desat\u00f3 un aplauso tan estruendoso que sobrepas\u00f3 el recinto y lleg\u00f3 a todos los rincones del mundo, devolviendo la esperanza. Esa impronta de espiritualidad es lo que hace diferente a la COP28, moviendo nuestros corazones, motiv\u00e1ndonos a todos a Unirnos como hermanos y a Actuar como hijos, para, a\u00fan a costa de sacrificio, salvar a nuestra Madre Tierra y continuar cuid\u00e1ndola amorosamente.<span class=\"Apple-converted-space\">\u00a0<\/span><\/p>\n","protected":false},"excerpt":{"rendered":"<p>Por: Luc\u00eda P. de Garc\u00eda Toronto.- La Cumbre de la Tierra celebrada en R\u00edo de Janeiro en 1992 acord\u00f3 que, bajo el auspicio de Naciones&hellip;<\/p>\n","protected":false},"author":99,"featured_media":0,"comment_status":"open","ping_status":"open","sticky":false,"template":"","format":"standard","meta":{"footnotes":""},"categories":[21],"tags":[],"class_list":["post-514699","post","type-post","status-publish","format-standard","hentry","category-canada"],"_links":{"self":[{"href":"https:\/\/diarioelpopular.com\/index.php\/wp-json\/wp\/v2\/posts\/514699","targetHints":{"allow":["GET"]}}],"collection":[{"href":"https:\/\/diarioelpopular.com\/index.php\/wp-json\/wp\/v2\/posts"}],"about":[{"href":"https:\/\/diarioelpopular.com\/index.php\/wp-json\/wp\/v2\/types\/post"}],"author":[{"embeddable":true,"href":"https:\/\/diarioelpopular.com\/index.php\/wp-json\/wp\/v2\/users\/99"}],"replies":[{"embeddable":true,"href":"https:\/\/diarioelpopular.com\/index.php\/wp-json\/wp\/v2\/comments?post=514699"}],"version-history":[{"count":1,"href":"https:\/\/diarioelpopular.com\/index.php\/wp-json\/wp\/v2\/posts\/514699\/revisions"}],"predecessor-version":[{"id":514700,"href":"https:\/\/diarioelpopular.com\/index.php\/wp-json\/wp\/v2\/posts\/514699\/revisions\/514700"}],"wp:attachment":[{"href":"https:\/\/diarioelpopular.com\/index.php\/wp-json\/wp\/v2\/media?parent=514699"}],"wp:term":[{"taxonomy":"category","embeddable":true,"href":"https:\/\/diarioelpopular.com\/index.php\/wp-json\/wp\/v2\/categories?post=514699"},{"taxonomy":"post_tag","embeddable":true,"href":"https:\/\/diarioelpopular.com\/index.php\/wp-json\/wp\/v2\/tags?post=514699"}],"curies":[{"name":"wp","href":"https:\/\/api.w.org\/{rel}","templated":true}]}}