{"id":514717,"date":"2023-12-12T11:29:46","date_gmt":"2023-12-12T15:29:46","guid":{"rendered":"https:\/\/diarioelpopular.com\/?p=514717"},"modified":"2023-12-12T11:29:46","modified_gmt":"2023-12-12T15:29:46","slug":"siete-claves-para-entender-que-se-espera-de-javier-milei-en-argentina","status":"publish","type":"post","link":"https:\/\/diarioelpopular.com\/index.php\/2023\/12\/12\/siete-claves-para-entender-que-se-espera-de-javier-milei-en-argentina\/","title":{"rendered":"Siete claves para entender qu\u00e9 se espera de Javier Milei en Argentina"},"content":{"rendered":"<p><img loading=\"lazy\" decoding=\"async\" class=\"alignnone size-custom-big-size wp-image-514718\" src=\"https:\/\/diarioelpopular.com\/wp-content\/uploads\/2023\/12\/Screen-Shot-2023-12-12-at-10.29.04-AM-1200x796.png\" alt=\"\" width=\"1200\" height=\"796\" srcset=\"https:\/\/diarioelpopular.com\/wp-content\/uploads\/2023\/12\/Screen-Shot-2023-12-12-at-10.29.04-AM-1200x796.png 1200w, https:\/\/diarioelpopular.com\/wp-content\/uploads\/2023\/12\/Screen-Shot-2023-12-12-at-10.29.04-AM-300x199.png 300w, https:\/\/diarioelpopular.com\/wp-content\/uploads\/2023\/12\/Screen-Shot-2023-12-12-at-10.29.04-AM-768x509.png 768w, https:\/\/diarioelpopular.com\/wp-content\/uploads\/2023\/12\/Screen-Shot-2023-12-12-at-10.29.04-AM-85x55.png 85w, https:\/\/diarioelpopular.com\/wp-content\/uploads\/2023\/12\/Screen-Shot-2023-12-12-at-10.29.04-AM-636x422.png 636w, https:\/\/diarioelpopular.com\/wp-content\/uploads\/2023\/12\/Screen-Shot-2023-12-12-at-10.29.04-AM-110x73.png 110w, https:\/\/diarioelpopular.com\/wp-content\/uploads\/2023\/12\/Screen-Shot-2023-12-12-at-10.29.04-AM.png 1024w\" sizes=\"auto, (max-width: 1200px) 100vw, 1200px\" \/><\/p>\n<h5><em><strong>Javier Milei, a su llegada al teatro Col\u00f3n en Buenos Aires, el domingo.<span class=\"a_m_m\">LUCIANO GONZ\u00c1LEZ (EFE)<\/span><\/strong><\/em><\/h5>\n<p>&nbsp;<\/p>\n<p>&nbsp;<\/p>\n<h4 class=\"a_st\"><em>&#8211; La gesti\u00f3n del ultraderechista se inicia con una reducci\u00f3n del n\u00famero de ministerios de 18 a 9, la advertencia de que \u201cno hay plata\u201d y la promesa de que \u201cel que las hace, las paga\u201d<\/em><\/h4>\n<p>&nbsp;<\/p>\n<p class=\"\">Las primeras horas del ultraderechista\u00a0<a href=\"https:\/\/elpais.com\/argentina\/2023-12-10\/el-milei-pragmatico-la-ultima-cara-del-poliedrico-presidente-argentino.html\" target=\"_blank\" rel=\"noopener\" data-link-track-dtm=\"\" data-mrf-link=\"https:\/\/elpais.com\/argentina\/2023-12-10\/el-milei-pragmatico-la-ultima-cara-del-poliedrico-presidente-argentino.html\">Javier Milei como presidente de Argentina<\/a>\u00a0dan algunas pistas de c\u00f3mo ser\u00e1 su Gobierno, aunque todav\u00eda faltan definiciones. El domingo, Milei jur\u00f3 ante el Congreso y dio su discurso de asunci\u00f3n de espaldas a la Asamblea Legislativa; desde un principio augur\u00f3 para los pr\u00f3ximos a\u00f1os m\u00e1s pobreza, m\u00e1s hambre y hasta hiperinflaci\u00f3n, debido al desgaste dejado por el ex=presidente Fern\u00e1ndez y su vice presidente Cristina Kirshner; despu\u00e9s se dirigi\u00f3 a la Casa Rosada acompa\u00f1ado por su hermana, Karina Milei; salud\u00f3 a mandatarios y decenas de l\u00edderes extranjeros; tom\u00f3 juramento a los ministros de su Gabinete a puertas cerradas; acudi\u00f3 a la catedral Metropolitana y, una hora m\u00e1s tarde de lo previsto, lleg\u00f3 a la gala en el teatro Col\u00f3n, principal teatro l\u00edrico de Argentina; varias veces en el camino rompi\u00f3 el protocolo. El lunes amaneci\u00f3 de nuevo en el hotel Libertador, centro de operaciones de La Libertad Avanza, su partido, aunque deber\u00e1 mudarse a la residencia presidencial; celebr\u00f3 su primera reuni\u00f3n de Gabinete con nueve ministros y su vocero asegur\u00f3 que los anuncios econ\u00f3micos comenzar\u00e1n este martes. Estos son algunas algunas claves de las primeras horas de Milei como presidente:<\/p>\n<h3 class=\"\">1. Los primeros decretos<\/h3>\n<p class=\"\">Milei dict\u00f3 los primeros decretos de su mandato, que modifican el organigrama del Estado. Los ministerios ser\u00e1n nueve y las secretar\u00edas ser\u00e1n tres, seg\u00fan qued\u00f3 publicado el lunes en el Bolet\u00edn Oficial. De esa forma, el ultra da una primera muestra de la reducci\u00f3n del gasto p\u00fablico que pretende hacer. Las carteras de su Gabinete ser\u00e1n la mitad de las que hab\u00eda en el Gobierno anterior, del peronista Alberto Fern\u00e1ndez: Interior; Relaciones Exteriores, Comercio Internacional y Culto; Defensa, Econom\u00eda, Infraestructura, Justicia, Seguridad, Salud y Capital Humano. Las tres secretar\u00edas ser\u00e1n General, de Legal y T\u00e9cnica y de Comunicaci\u00f3n y Prensa.<\/p>\n<p class=\"\">El presidente, adem\u00e1s, modific\u00f3 un decreto firmado por el expresidente conservador Mauricio Macri (2015-2019) que prohib\u00eda las designaciones en el sector p\u00fablico de personas con alg\u00fan v\u00ednculo de parentesco con el presidente, el vicepresidente, el jefe de Gabinete o los ministros. Lo hizo para nombrar a su hermana menor, Karina Milei, secretaria general de la Presidencia, un puesto destinado a las personas de mayor confianza del jefe de Estado. El nuevo decreto autoriza \u201clos nombramientos que el presidente de la Naci\u00f3n realiza en virtud de las facultades que le son conferidas por la Constituci\u00f3n\u201d.<\/p>\n<h3 class=\"\">2. \u201cLo de \u2018no hay plata\u2019 no es una frase hecha\u201d<\/h3>\n<p class=\"\">El nuevo presidente asumi\u00f3 con el relato de una epopeya: asegur\u00f3 que con \u00e9l \u201ctermina la triste historia de decadencia y declive\u201d en Argentina y \u201ccomienza una nueva era\u201d. \u201cHabr\u00e1 luz al final del t\u00fanel\u201d, asegur\u00f3, pero antes anunci\u00f3 que har\u00e1 un recorte de 20.000 millones de d\u00f3lares: \u201cNo hay alternativa posible al ajuste, no hay plata\u201d. Este lunes, tras la primera reuni\u00f3n de Gabinete, el vocero presidencial, Manuel Adorni, volvi\u00f3 sobre esas palabras y advirti\u00f3:\u00a0<a href=\"https:\/\/elpais.com\/argentina\/2023-12-11\/javier-milei-arranca-su-mandato-con-la-promesa-de-eliminar-privilegios.html\" target=\"_blank\" rel=\"noopener\" data-link-track-dtm=\"\" data-mrf-link=\"https:\/\/elpais.com\/argentina\/2023-12-11\/javier-milei-arranca-su-mandato-con-la-promesa-de-eliminar-privilegios.html\">\u201cLo de \u2018no hay plata\u2019 no es una frase hecha\u201d<\/a>.<\/p>\n<p class=\"\">Adorni detall\u00f3 que las medidas de ajuste que ultima el ministro de Econom\u00eda, Luis Caputo, ir\u00e1n acompa\u00f1adas de la eliminaci\u00f3n de demasiados privilegios y de un inventario exhaustivo para saber con qu\u00e9 recursos cuentan. Adem\u00e1s, se revisar\u00e1n todos los contratos de los empleados p\u00fablicos en busca de irregularidades de contrataci\u00f3n \u201cy se va a comenzar a exigir el 100% de presencialidad en los lugares de trabajo de la administraci\u00f3n p\u00fablica nacional, ya que miles cobran sin ir a trabajar\u201d. Tambi\u00e9n asegur\u00f3 que habr\u00e1 \u201calguna expansi\u00f3n en las partidas sociales\u201d.<\/p>\n<h3 class=\"\">3. Un discurso de espaldas al Congreso y con datos falsos<\/h3>\n<p class=\"\">Cuando Mieli recibi\u00f3 los atributos presidenciales del peronista Alberto Fern\u00e1ndez el domingo, no se dirigi\u00f3 a los diputados y senadores reunidos en la Asamblea Legislativa. Fue una decisi\u00f3n in\u00e9dita y un gesto simb\u00f3lico que para algunos analistas muestra el componente populista que tendr\u00e1 el nuevo Gobierno.<\/p>\n<p class=\"\">Milei decidi\u00f3 pronunciar su discurso en el exterior del Congreso. De esa forma, habl\u00f3 de cara a los seguidores que hab\u00edan acudido a la plaza a apoyarlo y de espaldas a los legisladores, representantes elegidos por el electorado, pero que constituyen para \u00e9l \u201cla casta pol\u00edtica\u201d.<\/p>\n<p class=\"\">Los expertos que analizaron el discurso presidencial destacaron, adem\u00e1s, la presencia de algunos datos, exagerados o cuestionables. Por ejemplo, Milei insisti\u00f3 en que Argentina fue \u201cla primera potencia mundial\u201d a principios del siglo XX, cuando nunca ocup\u00f3 ese lugar, como muestra\u00a0<a href=\"https:\/\/chequeado.com\/ultimas-noticias\/javier-milei-en-el-tercer-debate-presidencial-2023-la-argentina-inicio-el-siglo-xx-siendo-el-pais-mas-rico-del-mundo-hoy-al-tipo-de-cambio-paralelo-somos-130\/\" data-link-track-dtm=\"\" data-mrf-link=\"https:\/\/chequeado.com\/ultimas-noticias\/javier-milei-en-el-tercer-debate-presidencial-2023-la-argentina-inicio-el-siglo-xx-siendo-el-pais-mas-rico-del-mundo-hoy-al-tipo-de-cambio-paralelo-somos-130\/\">el portal Chequeado<\/a>, o dijo que el pa\u00eds \u201cse ha convertido en un ba\u00f1o de sangre\u201d, cuando la tasa de homicidios es de menos de cinco cada 100.000 habitantes, una cifra muy inferior a la mayor\u00eda de los pa\u00edses de Am\u00e9rica Latina.<\/p>\n<p>&nbsp;<\/p>\n<h5 class=\"a_m a_m-h \"><span class=\"_db a_m_w _pr lb_btn\"><img loading=\"lazy\" decoding=\"async\" class=\"_re lazyload a_m-h\" src=\"https:\/\/imagenes.elpais.com\/resizer\/of4SyVIT_bJHq3yGic9pj1lLe6M=\/414x0\/cloudfront-eu-central-1.images.arcpublishing.com\/prisa\/GG2XZF3MLZE6PITDJ5UDNWX6PQ.JPG\" sizes=\"auto, (min-width:1199px) 1155px,(min-width:1001px) calc(100vw - 44px),(min-width:768px) 767px, 100vw\" srcset=\"https:\/\/imagenes.elpais.com\/resizer\/of4SyVIT_bJHq3yGic9pj1lLe6M=\/414x0\/cloudfront-eu-central-1.images.arcpublishing.com\/prisa\/GG2XZF3MLZE6PITDJ5UDNWX6PQ.JPG 414w,https:\/\/imagenes.elpais.com\/resizer\/4-zL7bHH3kWwubna4HOcKTlA-dc=\/828x0\/cloudfront-eu-central-1.images.arcpublishing.com\/prisa\/GG2XZF3MLZE6PITDJ5UDNWX6PQ.JPG 640w,https:\/\/imagenes.elpais.com\/resizer\/Kp5nocW_rJdhV7n2we8rCtSRS9Q=\/980x0\/cloudfront-eu-central-1.images.arcpublishing.com\/prisa\/GG2XZF3MLZE6PITDJ5UDNWX6PQ.JPG 1000w,https:\/\/imagenes.elpais.com\/resizer\/7Y3CO5NPH9REThT9ZV65CkcODns=\/1960x0\/cloudfront-eu-central-1.images.arcpublishing.com\/prisa\/GG2XZF3MLZE6PITDJ5UDNWX6PQ.JPG 1960w\" alt=\"Simpatizantes del presidente escuchaban su discurso frente al Congreso, el domingo.\" width=\"414\" height=\"277\" \/><\/span><em>Simpatizantes del presidente escuchaban su discurso frente al Congreso, el domingo.<span class=\"a_m_m\">PABLO E. PIOVANO<\/span><\/em><\/h5>\n<h3><\/h3>\n<h3><\/h3>\n<h3 class=\"\">4. \u201cEl que las hace, las paga\u201d<\/h3>\n<p class=\"\">Milei recorri\u00f3 el domingo los dos kil\u00f3metros que hay entre el Congreso y la casa de Gobierno en un descapotable junto a su hermana, Karina, que estuvo a su lado casi todo el d\u00eda \u2014<a href=\"https:\/\/elpais.com\/argentina\/2023-10-16\/javier-milei-encuentra-el-amor-con-una-imitadora-de-cristina-kirchner.html\" data-link-track-dtm=\"\" data-mrf-link=\"https:\/\/elpais.com\/argentina\/2023-10-16\/javier-milei-encuentra-el-amor-con-una-imitadora-de-cristina-kirchner.html\">la pareja del presidente, F\u00e1tima Florez,<\/a>\u00a0estuvo presente, pero no lo acompa\u00f1\u00f3 tan de cerca\u2014. Los miles de seguidores de Milei convocados el domingo en el centro de Buenos Aires repet\u00edan consignas como \u201c\u00a1Libertad!\u201d, \u201c\u00a1Motosierra!\u201d, \u201c\u00a1Argentina!\u201d y \u201c\u00a1Polic\u00eda!\u201d, esta \u00faltima en referencia a la \u201cautoridad moral\u201d que Milei pretende devolver a las fuerzas de seguridad y a la mano dura que ha prometido en las calles.<\/p>\n<p class=\"\">En un momento del trayecto hacia la Casa Rosada, un opositor arroj\u00f3 una botella de vidrio que pas\u00f3 cerca de la cabeza de Milei e impact\u00f3 contra uno de los escoltas de la caravana, que fue atendido por los m\u00e9dicos por un corte en la cabeza. El atacante fue identificado y detenido por la polic\u00eda, aunque a\u00fan se desconoce c\u00f3mo proceder\u00e1n las autoridades. La reacci\u00f3n de la nueva ministra de Seguridad, Patricia Bullrich, reafirm\u00f3 la impronta que tendr\u00e1 el Gobierno en esta materia. \u201cEl que las hace, las paga\u201d, escribi\u00f3 Bullrich en un mensaje de la red social X.<\/p>\n<h3 class=\"\">5. Sin acceso de la prensa a la jura de los ministros<\/h3>\n<p class=\"\">Otro gesto in\u00e9dito del nuevo Gobierno fue la decisi\u00f3n de no transmitir en directo ni permitir el acceso de la prensa a la toma de juramento de los ministros que integran el nuevo Gabinete. El equipo de Milei explic\u00f3 en un mensaje enviado a la prensa que las razones fueron tres: \u201cEl presidente dijo que la situaci\u00f3n de la Argentina es cr\u00edtica\u201d, \u201cno hay nada que festejar\u201d y \u201cla jura es un evento privado para que los ministros se puedan poner a trabajar\u201d.<\/p>\n<p class=\"\">Pero la restricci\u00f3n fue considerada \u201cinaceptable\u201d por el Foro de Periodismo Argentino (Fopea), que expres\u00f3 su preocupaci\u00f3n por un accionar que considera \u201carbitrario y excluyente\u201d: \u201cTanto el presidente como sus funcionarios son representantes p\u00fablicos que tienen el deber de dar cuenta a la ciudadan\u00eda de los proyectos y decisiones inherentes a su gesti\u00f3n\u201d.<\/p>\n<p>&nbsp;<\/p>\n<h5 class=\"a_m a_m-h \"><span class=\"_db a_m_w\"><img loading=\"lazy\" decoding=\"async\" class=\"_re lazyload a_m-h\" src=\"https:\/\/imagenes.elpais.com\/resizer\/t_-N_Lq-Aw5KIYE83RohBL-T31Q=\/414x0\/cloudfront-eu-central-1.images.arcpublishing.com\/prisa\/4T6NX66GYZDZHODSLEP55QCCCM.jpg\" sizes=\"auto, (min-width:1199px) 1155px,(min-width:1001px) calc(100vw - 44px),(min-width:768px) 767px, 100vw\" srcset=\"https:\/\/imagenes.elpais.com\/resizer\/t_-N_Lq-Aw5KIYE83RohBL-T31Q=\/414x0\/cloudfront-eu-central-1.images.arcpublishing.com\/prisa\/4T6NX66GYZDZHODSLEP55QCCCM.jpg 414w,https:\/\/imagenes.elpais.com\/resizer\/xdOJwPgPWDC-sksyMbkN-DLeUBY=\/828x0\/cloudfront-eu-central-1.images.arcpublishing.com\/prisa\/4T6NX66GYZDZHODSLEP55QCCCM.jpg 640w,https:\/\/imagenes.elpais.com\/resizer\/D3QcFNuk2xcQed0itljgWhWAxA8=\/980x0\/cloudfront-eu-central-1.images.arcpublishing.com\/prisa\/4T6NX66GYZDZHODSLEP55QCCCM.jpg 1000w,https:\/\/imagenes.elpais.com\/resizer\/uH3rXDEZN1UvjRTxoDw1e0732Kw=\/1960x0\/cloudfront-eu-central-1.images.arcpublishing.com\/prisa\/4T6NX66GYZDZHODSLEP55QCCCM.jpg 1960w\" alt=\"Javier Milei, en el centro, con su hermana, Karina, sentada detr\u00e1s a la izquierda, y los nuevos ministros, en la reuni\u00f3n en la que juraron sus cargos.\" width=\"414\" height=\"233\" \/><\/span><em>Javier Milei, en el centro, con su hermana, Karina, sentada detr\u00e1s a la izquierda, y los nuevos ministros, en la reuni\u00f3n en la que juraron sus cargos.<span class=\"a_m_m\">OFICINA DE PRESIDENCIA<\/span><\/em><\/h5>\n<h3><\/h3>\n<h3 class=\"\">6. La intenci\u00f3n de gobernar desde Olivos<\/h3>\n<p class=\"\">Milei ha manifestado su intenci\u00f3n de gobernar desde la residencia presidencial, en Olivos, la periferia rica de Buenos Aires, y acudir lo menos posible a la Casa Rosada, que es la sede de Gobierno, en el centro de la capital argentina. Como muchas de las cosas que ha dicho, habr\u00e1 que ver si finalmente ocurre as\u00ed.<\/p>\n<p class=\"\">La Quinta de Olivos, donde han vivido al menos 16 presidentes argentinos, est\u00e1 siendo adecuada para la llegada de Milei y sus cuatro mastines:\u00a0<i>Robert, Milton, Murray,<\/i>\u00a0y\u00a0<i>Lucas,<\/i>\u00a0que son clones de su perro\u00a0<i>Conan,<\/i>\u00a0que ya muri\u00f3. Los rostros de las cinco mascotas est\u00e1n tallados en el bast\u00f3n de mando que el ultra recibi\u00f3 de Alberto Fern\u00e1ndez el domingo. El dise\u00f1o estuvo a cargo de C\u00e9sar Pontoriero y Hugo Pascual, y no de\u00a0<a href=\"https:\/\/elpais.com\/eps\/2023-11-04\/juan-carlos-pallarols-el-orfebre-argentino-que-corona-a-los-presidentes-y-molesta-a-milei.html\" data-link-track-dtm=\"\" data-mrf-link=\"https:\/\/elpais.com\/eps\/2023-11-04\/juan-carlos-pallarols-el-orfebre-argentino-que-corona-a-los-presidentes-y-molesta-a-milei.html\">Juan Carlos Pallarols, el hist\u00f3rico orfebre\u00a0<\/a>que hizo los bastones de todos los presidentes desde el regreso a la democracia, salvo este.<\/p>\n<h3 class=\"\">7. Bendiciones y advertencias en la ceremonia religiosa<\/h3>\n<p class=\"\">La ceremonia interreligiosa en la catedral Metropolitana estuvo encabezada por el arzobispo Jorge Garc\u00eda Cuevas, quien transmiti\u00f3 un mensaje de alto contenido pol\u00edtico al economista ultraliberal. \u201cSabemos que una de las concepciones modernas m\u00e1s difundidas sobre la libertad es esta: \u2018Mi libertad termina donde empieza la tuya\u2019. \u00a1Pero aqu\u00ed falta la relaci\u00f3n, el v\u00ednculo! Es una visi\u00f3n individualista\u201d, dijo el religioso, quien ha trabajado en barrios populares de Argentina y<a href=\"https:\/\/elpais.com\/argentina\/2023-05-27\/el-papa-francisco-nombra-a-un-cura-villero-como-arzobispo-de-buenos-aires.html\" target=\"_blank\" rel=\"noopener\" data-link-track-dtm=\"\" data-mrf-link=\"https:\/\/elpais.com\/argentina\/2023-05-27\/el-papa-francisco-nombra-a-un-cura-villero-como-arzobispo-de-buenos-aires.html\">\u00a0fue designado en mayo por el papa Francisco<\/a>, a quien Milei se refiri\u00f3 como \u201cinutil\u201d y \u201czurdo asqueroso\u201d. Un referente ideol\u00f3gico de Milei, Alberto Benegas Lynch, lleg\u00f3 a sugerir durante la campa\u00f1a, que Argentina deber\u00eda \u201c<a href=\"https:\/\/elpais.com\/argentina\/2023-10-19\/la-ultraderecha-argentina-propone-romper-relaciones-con-el-vaticano.html\" target=\"_blank\" rel=\"noopener\" data-link-track-dtm=\"\" data-mrf-link=\"https:\/\/elpais.com\/argentina\/2023-10-19\/la-ultraderecha-argentina-propone-romper-relaciones-con-el-vaticano.html\">suspender las relaciones diplom\u00e1ticas con el Vaticano<\/a>\u201d.<\/p>\n<p>&nbsp;<\/p>\n<h5 class=\"a_m a_m-h \"><span class=\"_db a_m_w _pr lb_btn\"><img loading=\"lazy\" decoding=\"async\" class=\"_re lazyload a_m-h\" src=\"https:\/\/imagenes.elpais.com\/resizer\/inZlelpWW57oHzijCX21XH1N0BE=\/414x0\/cloudfront-eu-central-1.images.arcpublishing.com\/prisa\/74Q3FJN5ICQZ3VPJK4O72AQC5E.jpg\" sizes=\"auto, (min-width:1199px) 1155px,(min-width:1001px) calc(100vw - 44px),(min-width:768px) 767px, 100vw\" srcset=\"https:\/\/imagenes.elpais.com\/resizer\/inZlelpWW57oHzijCX21XH1N0BE=\/414x0\/cloudfront-eu-central-1.images.arcpublishing.com\/prisa\/74Q3FJN5ICQZ3VPJK4O72AQC5E.jpg 414w,https:\/\/imagenes.elpais.com\/resizer\/7jqNStu_3iCLo8WFmQCz9OlE4ow=\/828x0\/cloudfront-eu-central-1.images.arcpublishing.com\/prisa\/74Q3FJN5ICQZ3VPJK4O72AQC5E.jpg 640w,https:\/\/imagenes.elpais.com\/resizer\/hLL0-R48O1efsw5UdGPXT82f8EE=\/980x0\/cloudfront-eu-central-1.images.arcpublishing.com\/prisa\/74Q3FJN5ICQZ3VPJK4O72AQC5E.jpg 1000w,https:\/\/imagenes.elpais.com\/resizer\/f_5nBx84CD3moXO6PhjTERzX3DY=\/1960x0\/cloudfront-eu-central-1.images.arcpublishing.com\/prisa\/74Q3FJN5ICQZ3VPJK4O72AQC5E.jpg 1960w\" alt=\"Javier Milei, al salir de la ceremonia interreligiosa, el domingo.\" width=\"414\" height=\"286\" \/><\/span><em>Javier Milei, al salir de la ceremonia interreligiosa, el domingo.<span class=\"a_m_m\">MATIAS BAGLIETTO (REUTERS)<\/span><\/em><\/h5>\n<p>&nbsp;<\/p>\n<p class=\"\">La intervenci\u00f3n del rabino Shimon Axel Wahnish fue, en cambio, m\u00e1s cercana y mucho menos pol\u00edtica. \u201cSe\u00f1or presidente, hoy es su primer d\u00eda. \u00bfCu\u00e1l es su deseo?\u201d, pregunt\u00f3 a Milei el jefe de la comunidad judeomarroqu\u00ed argentina. \u201cPoner de pie a Argentina\u201d, respondi\u00f3 el ultraderechista, que es de origen cat\u00f3lico, pero ha estudiado la Tor\u00e1 con Wahnish y ha manifestado su intenci\u00f3n de alinear su Gobierno con el Estado de Israel. \u201cLe voy a pedir a Dios que le conceda, querido se\u00f1or presidente, nada m\u00e1s y nada menos que lo que usted le viene pidiendo a Dios hace mucho tiempo y seguro le est\u00e1 pidiendo ahora. Tres cosas: sabidur\u00eda, templanza y coraje\u201d, dijo el rabino y despu\u00e9s se\u00f1al\u00f3: \u201cExactamente lo mismo que pidi\u00f3 el rey Salom\u00f3n\u201d.<\/p>\n","protected":false},"excerpt":{"rendered":"<p>Javier Milei, a su llegada al teatro Col\u00f3n en Buenos Aires, el domingo.LUCIANO GONZ\u00c1LEZ (EFE) &nbsp; &nbsp; &#8211; La gesti\u00f3n del ultraderechista se inicia con&hellip;<\/p>\n","protected":false},"author":99,"featured_media":514718,"comment_status":"open","ping_status":"open","sticky":false,"template":"","format":"standard","meta":{"footnotes":""},"categories":[23],"tags":[],"class_list":["post-514717","post","type-post","status-publish","format-standard","has-post-thumbnail","hentry","category-latinoamerica"],"_links":{"self":[{"href":"https:\/\/diarioelpopular.com\/index.php\/wp-json\/wp\/v2\/posts\/514717","targetHints":{"allow":["GET"]}}],"collection":[{"href":"https:\/\/diarioelpopular.com\/index.php\/wp-json\/wp\/v2\/posts"}],"about":[{"href":"https:\/\/diarioelpopular.com\/index.php\/wp-json\/wp\/v2\/types\/post"}],"author":[{"embeddable":true,"href":"https:\/\/diarioelpopular.com\/index.php\/wp-json\/wp\/v2\/users\/99"}],"replies":[{"embeddable":true,"href":"https:\/\/diarioelpopular.com\/index.php\/wp-json\/wp\/v2\/comments?post=514717"}],"version-history":[{"count":1,"href":"https:\/\/diarioelpopular.com\/index.php\/wp-json\/wp\/v2\/posts\/514717\/revisions"}],"predecessor-version":[{"id":514719,"href":"https:\/\/diarioelpopular.com\/index.php\/wp-json\/wp\/v2\/posts\/514717\/revisions\/514719"}],"wp:featuredmedia":[{"embeddable":true,"href":"https:\/\/diarioelpopular.com\/index.php\/wp-json\/wp\/v2\/media\/514718"}],"wp:attachment":[{"href":"https:\/\/diarioelpopular.com\/index.php\/wp-json\/wp\/v2\/media?parent=514717"}],"wp:term":[{"taxonomy":"category","embeddable":true,"href":"https:\/\/diarioelpopular.com\/index.php\/wp-json\/wp\/v2\/categories?post=514717"},{"taxonomy":"post_tag","embeddable":true,"href":"https:\/\/diarioelpopular.com\/index.php\/wp-json\/wp\/v2\/tags?post=514717"}],"curies":[{"name":"wp","href":"https:\/\/api.w.org\/{rel}","templated":true}]}}