{"id":514726,"date":"2023-12-13T10:16:03","date_gmt":"2023-12-13T14:16:03","guid":{"rendered":"https:\/\/diarioelpopular.com\/?p=514726"},"modified":"2023-12-13T10:16:03","modified_gmt":"2023-12-13T14:16:03","slug":"ministro-de-vivienda-indica-que-canada-deberia-considerar-reformas-de-inmigracion","status":"publish","type":"post","link":"https:\/\/diarioelpopular.com\/index.php\/2023\/12\/13\/ministro-de-vivienda-indica-que-canada-deberia-considerar-reformas-de-inmigracion\/","title":{"rendered":"Ministro de Vivienda indica que Canad\u00e1 deber\u00eda considerar \u201creformas\u201d de inmigraci\u00f3n"},"content":{"rendered":"<p><img loading=\"lazy\" decoding=\"async\" class=\"alignnone size-custom-full-size wp-image-514727\" src=\"https:\/\/diarioelpopular.com\/wp-content\/uploads\/2023\/12\/Screen-Shot-2023-12-13-at-9.15.27-AM-636x456.png\" alt=\"\" width=\"636\" height=\"456\" srcset=\"https:\/\/diarioelpopular.com\/wp-content\/uploads\/2023\/12\/Screen-Shot-2023-12-13-at-9.15.27-AM-636x456.png 636w, https:\/\/diarioelpopular.com\/wp-content\/uploads\/2023\/12\/Screen-Shot-2023-12-13-at-9.15.27-AM-300x215.png 300w, https:\/\/diarioelpopular.com\/wp-content\/uploads\/2023\/12\/Screen-Shot-2023-12-13-at-9.15.27-AM-768x550.png 768w, https:\/\/diarioelpopular.com\/wp-content\/uploads\/2023\/12\/Screen-Shot-2023-12-13-at-9.15.27-AM-102x73.png 102w, https:\/\/diarioelpopular.com\/wp-content\/uploads\/2023\/12\/Screen-Shot-2023-12-13-at-9.15.27-AM.png 1024w\" sizes=\"auto, (max-width: 636px) 100vw, 636px\" \/><\/p>\n<p>&nbsp;<\/p>\n<p>&nbsp;<\/p>\n<ul>\n<li><em><strong>El Ministro de Vivienda, Sean Fraser, dijo que se podr\u00edan realizar cambios potenciales tanto en los programas de visas de estudiantes internacionales como en los de trabajadores extranjeros temporales en medio de una inmigraci\u00f3n r\u00e9cord y una crisis de vivienda.<\/strong><\/em><\/li>\n<\/ul>\n<p><em><strong>OTTAWA.-<\/strong> <\/em>Sus comentarios se producen mientras el gobierno est\u00e1 desempolvando un plan de vivienda de la \u00e9poca de la Segunda Guerra Mundial para acelerar el ritmo de la construcci\u00f3n de viviendas en Canad\u00e1, y despu\u00e9s de que el ministro de Inmigraci\u00f3n, Marc Miller, amenazara la semana pasada con considerar &#8220;limitar significativamente las visas&#8221; para estudiantes internacionales antes. el pr\u00f3ximo oto\u00f1o si las provincias y las instituciones postsecundarias no act\u00faan.<\/p>\n<p>&#8220;Necesitamos seguir analizando reformas a nuestros programas de residencia temporal&#8221;, dijo Fraser a Global News en una entrevista exclusiva.<\/p>\n<p>&#8220;Hemos visto un aumento significativo en las cifras del programa de estudiantes internacionales y del programa de trabajadores extranjeros temporales en los \u00faltimos a\u00f1os&#8221;.<\/p>\n<p>Desde el 1 de julio de 2022 hasta el 1 de julio de 2023, casi 1,2 millones de personas fueron admitidas en Canad\u00e1 bajo los programas de inmigraci\u00f3n permanente y temporal, seg\u00fan Statistics Canada.<\/p>\n<p>Miller ha indicado que 900.000 estudiantes internacionales podr\u00edan ser admitidos en Canad\u00e1 este a\u00f1o escolar, pero la semana pasada elev\u00f3 el umbral de cu\u00e1nto dinero los estudiantes internacionales deben demostrar que tienen para poder estudiar aqu\u00ed.<\/p>\n<p>Actualmente, a los estudiantes internacionales se les permite estudiar en instituciones postsecundarias seg\u00fan la demanda y el n\u00famero de estudiantes extranjeros matriculados no ha sido limitado.<\/p>\n<p>Miller dijo la semana pasada que \u201cya es suficiente\u201d.<\/p>\n<p>\u201cSer\u00eda un error culpar a los estudiantes internacionales por la crisis inmobiliaria. Pero tambi\u00e9n ser\u00eda un error invitarlos a venir a Canad\u00e1 sin ning\u00fan apoyo, incluido c\u00f3mo ponerles un techo sobre sus cabezas\u201d, dijo. \u201cEs por eso que esperamos que las instituciones educativas solo acepten un n\u00famero de estudiantes que puedan mantener, alojar o ayudar a encontrar alojamiento fuera del campus.<\/p>\n<p>&#8220;Si las provincias y territorios no pueden hacer esto, lo haremos por ellos y no les gustar\u00e1 la brusquedad de los instrumentos que utilizamos&#8221;.<\/p>\n<p>En agosto, en el retiro del gabinete liberal en Charlottetown, Fraser reflexion\u00f3 que el gabinete \u201cdeber\u00eda considerar\u201d implementar un l\u00edmite a las visas de estudiantes extranjeros para ayudar a disminuir la demanda de vivienda en comunidades con instituciones postsecundarias.<\/p>\n<p>Fraser no fue tan lejos durante su entrevista, sino que dijo que el gobierno se concentrar\u00eda en trabajar con instituciones postsecundarias y provincias para garantizar que se construyeran m\u00e1s viviendas, \u201cantes de que tengamos que seguir el camino de considerar un l\u00edmite\u201d.<\/p>\n<p>Miller dijo a Global News en octubre que un l\u00edmite ser\u00eda como una \u201ccirug\u00eda con un martillo\u201d, pero se reserv\u00f3 el derecho de utilizarlo si las conversaciones con las provincias para abordar el problema no producen cambios.<\/p>\n<p>Varios expertos en vivienda, incluido un alto funcionario de la propia agencia federal de vivienda de Fraser, han dicho que la pol\u00edtica de inmigraci\u00f3n de los liberales ha hecho subir tanto los precios de las viviendas como los alquileres.<\/p>\n<p>&#8220;No estamos a la altura del crecimiento de la poblaci\u00f3n&#8221;, dijo Bob Dugan, economista jefe de la Corporaci\u00f3n Canadiense de Vivienda e Hipotecas.<\/p>\n<p>Con los niveles de construcci\u00f3n actuales, el CMHC predice que a Canad\u00e1 le faltar\u00e1n 3,5 millones de viviendas, adem\u00e1s de las que se est\u00e1n construyendo actualmente, para restaurar la asequibilidad de la vivienda para 2030.<\/p>\n<p>\u201cSi no duplicamos el ritmo de construcci\u00f3n de viviendas de aqu\u00ed a 2030, seguiremos viendo una erosi\u00f3n de la asequibilidad a medida que los alquileres y los precios de las viviendas aumenten\u201d, dijo Dugan.<\/p>\n<p>El economista jefe de BMO, Doug Porter, ha estudiado los impactos de la inmigraci\u00f3n en los precios de la vivienda durante a\u00f1os y cree que &#8220;existe un v\u00ednculo muy fuerte a lo largo del tiempo entre el crecimiento de la poblaci\u00f3n y los precios reales de la vivienda&#8221;.<\/p>\n<p>\u201cEsto no es culpar a nadie. Es simplemente una realidad cuando observamos una situaci\u00f3n de oferta relativamente ajustada y una demanda muy fuerte\u201d, dijo Porter a Global News. \u201cOjal\u00e1 todos hubi\u00e9ramos tenido esta conversaci\u00f3n hace dos a\u00f1os, antes de que la asequibilidad de la vivienda se pusiera tan al l\u00edmite\u201d.<\/p>\n<p>Es una conversaci\u00f3n que ahora ha llegado al Banco de Canad\u00e1.<\/p>\n<p>El vicegobernador Toni Gravelle dijo la semana pasada a la C\u00e1mara Regional de Comercio de Windsor-Essex que si bien la inmigraci\u00f3n ha ayudado a hacer crecer la econom\u00eda, ampliar la fuerza laboral y contrarrestar el envejecimiento de la poblaci\u00f3n, tambi\u00e9n ha aumentado la demanda de vivienda.<\/p>\n<p>\u201cEste salto en la demanda demogr\u00e1fica, junto con los problemas estructurales de oferta existentes, podr\u00eda explicar por qu\u00e9 la inflaci\u00f3n de los alquileres sigue aumentando en Canad\u00e1. Tambi\u00e9n ayuda a explicar, en parte, por qu\u00e9 los precios de la vivienda no han ca\u00eddo tanto como esper\u00e1bamos\u201d, dijo Gravelle.<\/p>\n","protected":false},"excerpt":{"rendered":"<p>&nbsp; &nbsp; El Ministro de Vivienda, Sean Fraser, dijo que se podr\u00edan realizar cambios potenciales tanto en los programas de visas de estudiantes internacionales como&hellip;<\/p>\n","protected":false},"author":99,"featured_media":514727,"comment_status":"open","ping_status":"open","sticky":false,"template":"","format":"standard","meta":{"footnotes":""},"categories":[21],"tags":[],"class_list":["post-514726","post","type-post","status-publish","format-standard","has-post-thumbnail","hentry","category-canada"],"_links":{"self":[{"href":"https:\/\/diarioelpopular.com\/index.php\/wp-json\/wp\/v2\/posts\/514726","targetHints":{"allow":["GET"]}}],"collection":[{"href":"https:\/\/diarioelpopular.com\/index.php\/wp-json\/wp\/v2\/posts"}],"about":[{"href":"https:\/\/diarioelpopular.com\/index.php\/wp-json\/wp\/v2\/types\/post"}],"author":[{"embeddable":true,"href":"https:\/\/diarioelpopular.com\/index.php\/wp-json\/wp\/v2\/users\/99"}],"replies":[{"embeddable":true,"href":"https:\/\/diarioelpopular.com\/index.php\/wp-json\/wp\/v2\/comments?post=514726"}],"version-history":[{"count":1,"href":"https:\/\/diarioelpopular.com\/index.php\/wp-json\/wp\/v2\/posts\/514726\/revisions"}],"predecessor-version":[{"id":514728,"href":"https:\/\/diarioelpopular.com\/index.php\/wp-json\/wp\/v2\/posts\/514726\/revisions\/514728"}],"wp:featuredmedia":[{"embeddable":true,"href":"https:\/\/diarioelpopular.com\/index.php\/wp-json\/wp\/v2\/media\/514727"}],"wp:attachment":[{"href":"https:\/\/diarioelpopular.com\/index.php\/wp-json\/wp\/v2\/media?parent=514726"}],"wp:term":[{"taxonomy":"category","embeddable":true,"href":"https:\/\/diarioelpopular.com\/index.php\/wp-json\/wp\/v2\/categories?post=514726"},{"taxonomy":"post_tag","embeddable":true,"href":"https:\/\/diarioelpopular.com\/index.php\/wp-json\/wp\/v2\/tags?post=514726"}],"curies":[{"name":"wp","href":"https:\/\/api.w.org\/{rel}","templated":true}]}}