{"id":514750,"date":"2023-12-14T10:53:33","date_gmt":"2023-12-14T14:53:33","guid":{"rendered":"https:\/\/diarioelpopular.com\/?p=514750"},"modified":"2023-12-14T10:53:33","modified_gmt":"2023-12-14T14:53:33","slug":"desde-peel-al-greenbelt-y-las-placas-para-vehiculos-una-enorme-lista-de-reversiones-del-gobierno-de-ford","status":"publish","type":"post","link":"https:\/\/diarioelpopular.com\/index.php\/2023\/12\/14\/desde-peel-al-greenbelt-y-las-placas-para-vehiculos-una-enorme-lista-de-reversiones-del-gobierno-de-ford\/","title":{"rendered":"Desde Peel al Greenbelt y las placas para veh\u00edculos: una enorme lista de reversiones del gobierno de Ford"},"content":{"rendered":"<p><img loading=\"lazy\" decoding=\"async\" class=\"alignnone size-custom-full-size wp-image-514751\" src=\"https:\/\/diarioelpopular.com\/wp-content\/uploads\/2023\/12\/Screen-Shot-2023-12-14-at-9.52.51-AM-636x447.png\" alt=\"\" width=\"636\" height=\"447\" srcset=\"https:\/\/diarioelpopular.com\/wp-content\/uploads\/2023\/12\/Screen-Shot-2023-12-14-at-9.52.51-AM-636x447.png 636w, https:\/\/diarioelpopular.com\/wp-content\/uploads\/2023\/12\/Screen-Shot-2023-12-14-at-9.52.51-AM-300x211.png 300w, https:\/\/diarioelpopular.com\/wp-content\/uploads\/2023\/12\/Screen-Shot-2023-12-14-at-9.52.51-AM-768x540.png 768w, https:\/\/diarioelpopular.com\/wp-content\/uploads\/2023\/12\/Screen-Shot-2023-12-14-at-9.52.51-AM-80x55.png 80w, https:\/\/diarioelpopular.com\/wp-content\/uploads\/2023\/12\/Screen-Shot-2023-12-14-at-9.52.51-AM-104x73.png 104w, https:\/\/diarioelpopular.com\/wp-content\/uploads\/2023\/12\/Screen-Shot-2023-12-14-at-9.52.51-AM.png 1024w\" sizes=\"auto, (max-width: 636px) 100vw, 636px\" \/><\/p>\n<p>&nbsp;<\/p>\n<ul>\n<li><em><strong>El cambio de sentido en la disoluci\u00f3n de la regi\u00f3n de Peel es el \u00faltimo de una serie de retrocesos para Ontario<\/strong><\/em><\/li>\n<\/ul>\n<p>&nbsp;<\/p>\n<p>La revocaci\u00f3n por parte del gobierno del premier de Ontario, Doug Ford, de un plan para disolver el municipio de nivel superior de la regi\u00f3n de Peel este mi\u00e9rcoles fue el \u00faltimo de una larga serie de retrocesos pol\u00edticos por parte de Ford.<\/p>\n<p>Aqu\u00ed hay una lista parcial de esas reversiones:<\/p>\n<p><em><strong>Disoluci\u00f3n de la regi\u00f3n de Peel<\/strong><\/em><br \/>\nEl Ministro de Vivienda y Asuntos Municipales, Paul Calandra, anunci\u00f3 que presentar\u00e1 una legislaci\u00f3n para revocar una ley que el gobierno aprob\u00f3 en junio para disolver la regi\u00f3n en 2025. Como parte del mismo anuncio, Calandra dijo que revocar\u00e1 algunas \u00d3rdenes de Zonificaci\u00f3n del Ministro y cancelar\u00e1 auditor\u00edas municipales, con la primera fase ya est\u00e1 pr\u00e1cticamente completa, y se inici\u00f3 para determinar los impactos financieros de una ley provincial en las arcas de la ciudad.<\/p>\n<p><em><strong>Ampliaciones de l\u00edmites<\/strong><\/em><br \/>\nA principios de este oto\u00f1o, Calandra cambi\u00f3 de rumbo respecto de cambios en algunos planes oficiales municipales y expansiones de l\u00edmites urbanos y regionales. Muchas regiones y municipios se hab\u00edan pronunciado sobre los cambios, diciendo que el terreno adicional no era necesario para construir m\u00e1s viviendas.<\/p>\n<p><em><strong>Cintur\u00f3n Verde<\/strong><\/em><br \/>\nEl mayor de los cambios de pol\u00edtica del gobierno este a\u00f1o fue un retroceso en su equivocada decisi\u00f3n de abrir parcelas de tierras protegidas del Cintur\u00f3n Verde para el desarrollo de viviendas por parte de sus amigos. Ford se vio obligado a disculparse por retirar los terrenos en primer lugar, despu\u00e9s de que tanto la auditora general como el comisionado de integridad determinaran que el proceso favorec\u00eda injustamente a ciertos desarrolladores. La RCMP ahora est\u00e1 investigando. El gobierno de Ford aprob\u00f3 una ley a principios de este mes para consolidar su revocaci\u00f3n y consagrar las protecciones del Cintur\u00f3n Verde en la ley.<\/p>\n<p><em><strong>No obstante la cl\u00e1usula<\/strong><\/em><br \/>\nEl gobierno aprob\u00f3 y luego derog\u00f3 una ley en 2022 que impon\u00eda un contrato a los trabajadores de la educaci\u00f3n y les prohib\u00eda hacer huelga, utilizando la cl\u00e1usula no obstante para protegerse contra impugnaciones constitucionales. La provincia aprob\u00f3 la ley en un intento por impedir que 55.000 trabajadores de apoyo escolar del Sindicato Canadiense de Empleados P\u00fablicos hicieran huelga, pero abandonaron el trabajo de todos modos y Ford se ofreci\u00f3 a retirar la legislaci\u00f3n si regresaban a trabajar.<\/p>\n<p><em><strong>Placas de vehiculos<\/strong><\/em><br \/>\nFord introdujo nuevas placas azules como parte del presupuesto de 2019, pero el gobierno r\u00e1pidamente descart\u00f3 su implementaci\u00f3n despu\u00e9s de que un oficial de polic\u00eda en Kingston not\u00f3 que las placas apenas eran visibles por la noche. El gobierno ya no emite esas placas, pero hasta el a\u00f1o pasado todav\u00eda hab\u00eda 170.000 en circulaci\u00f3n y la provincia a\u00fan no ha articulado un plan para sacarlas de las carreteras.<\/p>\n<p><em><strong>Autismo<\/strong><\/em><br \/>\nEn febrero de 2019, el gobierno anunci\u00f3 una renovaci\u00f3n del Programa de Autismo de Ontario. Se plante\u00f3 como una forma de eliminar una enorme lista de espera para recibir servicios, pero habr\u00eda dado a las familias una cantidad relativamente peque\u00f1a de dinero en funci\u00f3n de sus ingresos, no de las necesidades de sus hijos. Tambi\u00e9n habr\u00eda excluido efectivamente a miles de ni\u00f1os que actualmente reciben terapia financiada por el gobierno. Despu\u00e9s de una fuerte y sostenida protesta, el gobierno anunci\u00f3 una reversi\u00f3n, diciendo que volver\u00eda a la mesa de dibujo de un programa basado en las necesidades y que duplicar\u00eda el presupuesto actual. Ese nuevo programa todav\u00eda est\u00e1 sujeto a muchos problemas en 2023.<\/p>\n<p><em><strong>Salud p\u00fablica<\/strong><\/em><br \/>\nLos alcaldes de toda la provincia se unieron para luchar contra los recortes retroactivos a la financiaci\u00f3n de la salud p\u00fablica en 2019, y el gobierno finalmente cedi\u00f3. Los recortes, en forma de un nuevo acuerdo de reparto de costos, deb\u00edan llevarse a cabo en su mayor parte en 2020, pero se cancelaron los recortes de mitad de a\u00f1o que habr\u00edan entrado en vigor despu\u00e9s de que los municipios ya hubieran aprobado sus presupuestos. Los recortes se pausaron debido al inicio de la pandemia y no fue hasta 2023 que el gobierno los revirti\u00f3 definitivamente.<\/p>\n<p><em><strong>Aprendizaje electr\u00f3nico y tama\u00f1o de las clases<\/strong><\/em><br \/>\nEl gobierno enfureci\u00f3 a los docentes en la primavera de 2019 cuando anunci\u00f3 que aumentar\u00eda el tama\u00f1o promedio de las clases en las escuelas secundarias de 22 a 28 y exigir\u00eda que los estudiantes tomaran cuatro cursos en l\u00ednea para graduarse. En el contexto de dif\u00edciles negociaciones con los sindicatos de la educaci\u00f3n, el Ministro de Educaci\u00f3n ofreci\u00f3 reducir el objetivo de tama\u00f1o de clase a 25 y anunci\u00f3 que, en cambio, los estudiantes tendr\u00edan que tomar dos cursos en l\u00ednea para graduarse.<\/p>\n<p><em><strong>Universidad francesa<\/strong><\/em><br \/>\nComo parte de los esfuerzos del gobierno por equilibrar las cuentas, anunci\u00f3 en 2018 que cancelar\u00eda los planes para una universidad de lengua francesa. La medida provoc\u00f3 una protesta entre los franco-ontarianos y provoc\u00f3 que un miembro del grupo conservador progresista renunciara. Ontario y el gobierno federal anunciaron m\u00e1s tarde que hab\u00edan llegado a un acuerdo para financiar conjuntamente una universidad de lengua francesa.<\/p>\n<p><em><strong>Asistencia legal<\/strong><\/em><br \/>\nEl presupuesto provincial de 2019 recort\u00f3 la financiaci\u00f3n de ese a\u00f1o para Legal Aid Ontario en 133 millones de d\u00f3lares (o el 30 por ciento) y plane\u00f3 31 millones de d\u00f3lares en recortes adicionales durante los pr\u00f3ximos dos a\u00f1os. Ocho meses despu\u00e9s, el gobierno anunci\u00f3 que cancelar\u00eda esos futuros recortes.<\/p>\n","protected":false},"excerpt":{"rendered":"<p>&nbsp; El cambio de sentido en la disoluci\u00f3n de la regi\u00f3n de Peel es el \u00faltimo de una serie de retrocesos para Ontario &nbsp; La&hellip;<\/p>\n","protected":false},"author":99,"featured_media":514751,"comment_status":"open","ping_status":"open","sticky":false,"template":"","format":"standard","meta":{"footnotes":""},"categories":[21],"tags":[],"class_list":["post-514750","post","type-post","status-publish","format-standard","has-post-thumbnail","hentry","category-canada"],"_links":{"self":[{"href":"https:\/\/diarioelpopular.com\/index.php\/wp-json\/wp\/v2\/posts\/514750","targetHints":{"allow":["GET"]}}],"collection":[{"href":"https:\/\/diarioelpopular.com\/index.php\/wp-json\/wp\/v2\/posts"}],"about":[{"href":"https:\/\/diarioelpopular.com\/index.php\/wp-json\/wp\/v2\/types\/post"}],"author":[{"embeddable":true,"href":"https:\/\/diarioelpopular.com\/index.php\/wp-json\/wp\/v2\/users\/99"}],"replies":[{"embeddable":true,"href":"https:\/\/diarioelpopular.com\/index.php\/wp-json\/wp\/v2\/comments?post=514750"}],"version-history":[{"count":1,"href":"https:\/\/diarioelpopular.com\/index.php\/wp-json\/wp\/v2\/posts\/514750\/revisions"}],"predecessor-version":[{"id":514752,"href":"https:\/\/diarioelpopular.com\/index.php\/wp-json\/wp\/v2\/posts\/514750\/revisions\/514752"}],"wp:featuredmedia":[{"embeddable":true,"href":"https:\/\/diarioelpopular.com\/index.php\/wp-json\/wp\/v2\/media\/514751"}],"wp:attachment":[{"href":"https:\/\/diarioelpopular.com\/index.php\/wp-json\/wp\/v2\/media?parent=514750"}],"wp:term":[{"taxonomy":"category","embeddable":true,"href":"https:\/\/diarioelpopular.com\/index.php\/wp-json\/wp\/v2\/categories?post=514750"},{"taxonomy":"post_tag","embeddable":true,"href":"https:\/\/diarioelpopular.com\/index.php\/wp-json\/wp\/v2\/tags?post=514750"}],"curies":[{"name":"wp","href":"https:\/\/api.w.org\/{rel}","templated":true}]}}