{"id":514780,"date":"2023-12-15T10:41:46","date_gmt":"2023-12-15T14:41:46","guid":{"rendered":"https:\/\/diarioelpopular.com\/?p=514780"},"modified":"2023-12-15T10:41:46","modified_gmt":"2023-12-15T14:41:46","slug":"liberales-y-el-ndp-acuerdan-un-nuevo-plazo-para-introducir-la-legislacion-sobre-atencion-farmaceutica","status":"publish","type":"post","link":"https:\/\/diarioelpopular.com\/index.php\/2023\/12\/15\/liberales-y-el-ndp-acuerdan-un-nuevo-plazo-para-introducir-la-legislacion-sobre-atencion-farmaceutica\/","title":{"rendered":"Liberales y el NDP acuerdan un nuevo plazo para introducir la legislaci\u00f3n sobre atenci\u00f3n farmac\u00e9utica"},"content":{"rendered":"<p><img loading=\"lazy\" decoding=\"async\" class=\"alignnone size-custom-full-size wp-image-514781\" src=\"https:\/\/diarioelpopular.com\/wp-content\/uploads\/2023\/12\/Screen-Shot-2023-12-15-at-9.41.11-AM-636x469.png\" alt=\"\" width=\"636\" height=\"469\" srcset=\"https:\/\/diarioelpopular.com\/wp-content\/uploads\/2023\/12\/Screen-Shot-2023-12-15-at-9.41.11-AM-636x469.png 636w, https:\/\/diarioelpopular.com\/wp-content\/uploads\/2023\/12\/Screen-Shot-2023-12-15-at-9.41.11-AM-300x221.png 300w, https:\/\/diarioelpopular.com\/wp-content\/uploads\/2023\/12\/Screen-Shot-2023-12-15-at-9.41.11-AM-768x566.png 768w, https:\/\/diarioelpopular.com\/wp-content\/uploads\/2023\/12\/Screen-Shot-2023-12-15-at-9.41.11-AM-99x73.png 99w, https:\/\/diarioelpopular.com\/wp-content\/uploads\/2023\/12\/Screen-Shot-2023-12-15-at-9.41.11-AM.png 1024w\" sizes=\"auto, (max-width: 636px) 100vw, 636px\" \/><\/p>\n<p>&nbsp;<\/p>\n<p>&nbsp;<\/p>\n<ul>\n<li><em><strong>Despu\u00e9s de no poder presentar (y mucho menos aprobar) una legislaci\u00f3n marco sobre atenci\u00f3n farmac\u00e9utica este a\u00f1o, los liberales y los nuevos dem\u00f3cratas (NDP) acordaron una nueva fecha l\u00edmite para presentar el proyecto de ley: el 1 de marzo de 2024.<\/strong><\/em><\/li>\n<\/ul>\n<p>&nbsp;<\/p>\n<p><em><strong>OTTAWA.-<\/strong><\/em> La aprobaci\u00f3n de una &#8220;Ley de Atenci\u00f3n Farmac\u00e9utica de Canad\u00e1&#8221; en 2023 para establecer un marco para el plan de medicamentos fue uno de los pilares del acuerdo bipartidista destinado a proporcionar estabilidad parlamentaria al gobierno liberal minoritario hasta junio de 2025, a cambio de avances en pol\u00edticas progresistas. .<\/p>\n<p>Si bien las conversaciones siguen siendo constructivas sobre el cumplimiento del plan, persisten desacuerdos sobre qu\u00e9 deber\u00eda incluir exactamente el marco.<\/p>\n<p>Cuando los liberales presentaron un primer borrador del proyecto de ley a los nuevos dem\u00f3cratas a principios de este oto\u00f1o, el l\u00edder del NDP, Jagmeet Singh, lo rechaz\u00f3 por considerar que no daba en el blanco y ofrec\u00eda una cobertura &#8220;insuficiente&#8221; para los canadienses.<\/p>\n<p>&#8220;Sabemos que muchas personas no toman los medicamentos que necesitan porque no pueden permit\u00edrselo, y esto est\u00e1 empeorando a medida que los canadienses luchan contra el alto costo de vida. Dado ese contexto, es necesario seguir avanzando hacia un programa nacional universal de atenci\u00f3n farmac\u00e9utica. &#8220;Es m\u00e1s importante que nunca. Debemos hacerlo bien&#8221;, dijo el diputado del NDP y cr\u00edtico de salud Don Davies en un comunicado.<\/p>\n<p>&#8220;Las negociaciones siguen siendo constructivas y estamos logrando avances. Por lo tanto, hemos acordado ampliar las discusiones para producir una legislaci\u00f3n antes del 1 de marzo de 2024 que satisfaga las expectativas de los canadienses&#8221;.<\/p>\n<p>La pr\u00f3rroga acordada fue confirmada por la oficina del ministro federal de Sanidad, Mark Holland. Cuando se le pregunt\u00f3 a principios de esta semana d\u00f3nde estaban las conversaciones, el ministro dijo que hab\u00eda &#8220;todav\u00eda detalles adicionales&#8221; en los que las dos partes estaban trabajando, pero no ofreci\u00f3 detalles sobre cu\u00e1les eran los puntos conflictivos pendientes.<\/p>\n<p>&#8220;Las conversaciones con el NDP siguen siendo incre\u00edblemente productivas y colaborativas. Pharmacare afectar\u00e1 a muchos canadienses, por lo que es importante que lo hagamos bien, y esto lleva tiempo&#8221;, dijo el portavoz de Holanda, Christopher Aoun, en un comunicado el jueves.<\/p>\n<p>Hace unas semanas, cuando su principal director legislativo reconoci\u00f3 que los liberales probablemente no iban a cumplir su promesa este a\u00f1o, el Primer Ministro Justin Trudeau dijo que su gobierno segu\u00eda &#8220;comprometido&#8221; pero que estaba buscando &#8220;formas responsables&#8221; de proceder dada la contexto econ\u00f3mico actual y el plan universal de drogas estimado en miles de millones de d\u00f3lares.<\/p>\n<p>El NDP hab\u00eda se\u00f1alado anteriormente que si los liberales necesitaban m\u00e1s tiempo para presentar legislaci\u00f3n al Parlamento, tendr\u00edan que compensarlo con &#8220;m\u00e1s resultados&#8221;.<\/p>\n<p>El Dr. Eric Hoskins, quien presidi\u00f3 el Consejo Asesor de 2019 sobre la Implementaci\u00f3n de National Pharmacare, dijo al presentador de Power Play del CTV News Channel, Vassy Kapelos, en una entrevista el mes pasado que si se necesitaba m\u00e1s tiempo antes de que se pudiera presentar un proyecto de ley, las partes estaban tomando medidas. &#8220;Absolutamente la decisi\u00f3n correcta&#8221;.<\/p>\n<p>&#8220;Estoy seguro de que las personas que participan en estas negociaciones lo saben y quieren que esto suceda&#8221;, dijo Hoskins.<\/p>\n<p>Est\u00e1 previsto que la C\u00e1mara de los Comunes suspenda su sesi\u00f3n anual el viernes y no se espera que se reanude hasta finales de enero de 2024.<\/p>\n","protected":false},"excerpt":{"rendered":"<p>&nbsp; &nbsp; Despu\u00e9s de no poder presentar (y mucho menos aprobar) una legislaci\u00f3n marco sobre atenci\u00f3n farmac\u00e9utica este a\u00f1o, los liberales y los nuevos dem\u00f3cratas&hellip;<\/p>\n","protected":false},"author":99,"featured_media":514781,"comment_status":"open","ping_status":"open","sticky":false,"template":"","format":"standard","meta":{"footnotes":""},"categories":[21,11191],"tags":[],"class_list":["post-514780","post","type-post","status-publish","format-standard","has-post-thumbnail","hentry","category-canada","category-top-news"],"_links":{"self":[{"href":"https:\/\/diarioelpopular.com\/index.php\/wp-json\/wp\/v2\/posts\/514780","targetHints":{"allow":["GET"]}}],"collection":[{"href":"https:\/\/diarioelpopular.com\/index.php\/wp-json\/wp\/v2\/posts"}],"about":[{"href":"https:\/\/diarioelpopular.com\/index.php\/wp-json\/wp\/v2\/types\/post"}],"author":[{"embeddable":true,"href":"https:\/\/diarioelpopular.com\/index.php\/wp-json\/wp\/v2\/users\/99"}],"replies":[{"embeddable":true,"href":"https:\/\/diarioelpopular.com\/index.php\/wp-json\/wp\/v2\/comments?post=514780"}],"version-history":[{"count":1,"href":"https:\/\/diarioelpopular.com\/index.php\/wp-json\/wp\/v2\/posts\/514780\/revisions"}],"predecessor-version":[{"id":514782,"href":"https:\/\/diarioelpopular.com\/index.php\/wp-json\/wp\/v2\/posts\/514780\/revisions\/514782"}],"wp:featuredmedia":[{"embeddable":true,"href":"https:\/\/diarioelpopular.com\/index.php\/wp-json\/wp\/v2\/media\/514781"}],"wp:attachment":[{"href":"https:\/\/diarioelpopular.com\/index.php\/wp-json\/wp\/v2\/media?parent=514780"}],"wp:term":[{"taxonomy":"category","embeddable":true,"href":"https:\/\/diarioelpopular.com\/index.php\/wp-json\/wp\/v2\/categories?post=514780"},{"taxonomy":"post_tag","embeddable":true,"href":"https:\/\/diarioelpopular.com\/index.php\/wp-json\/wp\/v2\/tags?post=514780"}],"curies":[{"name":"wp","href":"https:\/\/api.w.org\/{rel}","templated":true}]}}