{"id":514817,"date":"2023-12-16T12:20:07","date_gmt":"2023-12-16T16:20:07","guid":{"rendered":"https:\/\/diarioelpopular.com\/?p=514817"},"modified":"2023-12-16T12:20:07","modified_gmt":"2023-12-16T16:20:07","slug":"canada-eleva-a-6-los-muertos-causados-por-melones-de-mexico-contaminados-con-salmonela","status":"publish","type":"post","link":"https:\/\/diarioelpopular.com\/index.php\/2023\/12\/16\/canada-eleva-a-6-los-muertos-causados-por-melones-de-mexico-contaminados-con-salmonela\/","title":{"rendered":"Canad\u00e1 eleva a 6 los muertos causados por melones de M\u00e9xico contaminados con salmonela"},"content":{"rendered":"<h4><img loading=\"lazy\" decoding=\"async\" class=\"alignnone size-custom-big-size wp-image-514818\" src=\"https:\/\/diarioelpopular.com\/wp-content\/uploads\/2023\/12\/Screen-Shot-2023-12-16-at-11.19.05-AM-1200x727.png\" alt=\"\" width=\"1200\" height=\"727\" srcset=\"https:\/\/diarioelpopular.com\/wp-content\/uploads\/2023\/12\/Screen-Shot-2023-12-16-at-11.19.05-AM-1200x727.png 1200w, https:\/\/diarioelpopular.com\/wp-content\/uploads\/2023\/12\/Screen-Shot-2023-12-16-at-11.19.05-AM-300x182.png 300w, https:\/\/diarioelpopular.com\/wp-content\/uploads\/2023\/12\/Screen-Shot-2023-12-16-at-11.19.05-AM-768x465.png 768w, https:\/\/diarioelpopular.com\/wp-content\/uploads\/2023\/12\/Screen-Shot-2023-12-16-at-11.19.05-AM-636x385.png 636w, https:\/\/diarioelpopular.com\/wp-content\/uploads\/2023\/12\/Screen-Shot-2023-12-16-at-11.19.05-AM-121x73.png 121w, https:\/\/diarioelpopular.com\/wp-content\/uploads\/2023\/12\/Screen-Shot-2023-12-16-at-11.19.05-AM.png 1024w\" sizes=\"auto, (max-width: 1200px) 100vw, 1200px\" \/><\/h4>\n<h4><\/h4>\n<h4 class=\"subTitle text-2xl mb-5\"><em>&#8211; El consumo de la fruta contaminada con la bacteria tambi\u00e9n ha obligado a hospitalizar a 53 personas en todo el pa\u00eds<\/em><\/h4>\n<p>&nbsp;<\/p>\n<p class=\"sc__font-paragraph\" data-mrf-recirculation=\"Enlaces P\u00e1rrafos (art\u00edculo)\">Las\u00a0autoridades canadienses\u00a0elevaron este viernes a seis el n\u00famero de personas que han muerto en el pa\u00eds como consecuencia de un brote de salmonela relacionado con dos marcas de\u00a0melones procedentes de\u00a0<a href=\"https:\/\/www.eluniversal.com.mx\/nacion\/\" target=\"_blank\" rel=\"noopener\" data-mrf-link=\"https:\/\/www.eluniversal.com.mx\/nacion\/\">M\u00e9xico.<\/a><\/p>\n<p class=\"sc__font-paragraph\" data-mrf-recirculation=\"Enlaces P\u00e1rrafos (art\u00edculo)\">La\u00a0Agencia de Salud P\u00fablica de\u00a0<a href=\"https:\/\/www.eluniversal.com.mx\/mundo\/\" target=\"_blank\" rel=\"noopener\" data-mrf-link=\"https:\/\/www.eluniversal.com.mx\/mundo\/\">Canad\u00e1\u00a0<\/a>(ASPC) se\u00f1al\u00f3 en un comunicado que el consumo de los melones contaminados con la bacteria tambi\u00e9n ha obligado a hospitalizar a 53 personas en todo el pa\u00eds.<\/p>\n<p data-mrf-recirculation=\"Enlaces P\u00e1rrafos (art\u00edculo)\">En total, las autoridades sanitarias canadienses han contabilizado 153 casos de salmonela, en su mayor\u00eda en personas menores de 5 a\u00f1os o mayores de 65.<\/p>\n<p class=\"sc__font-paragraph\" data-mrf-recirculation=\"Enlaces P\u00e1rrafos (art\u00edculo)\">&#8220;De acuerdo a la investigaci\u00f3n, el consumo de melones de las marcas\u00a0Malichita\u00a0y\u00a0Rudy\u00a0ha sido identificado como la probable causa del brote. Muchos de los individuos que enfermaron han informado que consumieron melones antes de contraer la enfermedad&#8221;, dijo ASPC en un comunicado.<\/p>\n<p class=\"sc__font-paragraph\" data-mrf-recirculation=\"Enlaces P\u00e1rrafos (art\u00edculo)\">ASPC a\u00f1adi\u00f3 que muchas de las personas afectadas por el brote son adultos que residen en centros para personas de avanzada edad o ni\u00f1os en guarder\u00edas.<\/p>\n<p class=\"sc__font-paragraph\" data-mrf-recirculation=\"Enlaces P\u00e1rrafos (art\u00edculo)\">Los melones de Malachita y Rudy proceden de M\u00e9xico, seg\u00fan el etiquetado de los productos.<\/p>\n<p class=\"sc__font-paragraph\" data-mrf-recirculation=\"Enlaces P\u00e1rrafos (art\u00edculo)\">En noviembre, la\u00a0Agencia de Inspecci\u00f3n Alimentaria de Canad\u00e1\u00a0(AIAC) solicit\u00f3 la retirada del mercado de los melones de la marca Malachita vendidos en el pa\u00eds entre el 11 de octubre y el 14 de noviembre. El 24 de ese mes, la agencia federal canadiense ampli\u00f3 la retirada a los productos de Rudy.<\/p>\n<p class=\"sc__font-paragraph\" data-mrf-recirculation=\"Enlaces P\u00e1rrafos (art\u00edculo)\">La investigaci\u00f3n ha confirmado que la misma cepa gen\u00e9tica de la bacteria ha causado un brote de salmonela en Estados Unidos, que tambi\u00e9n ha sido relacionado con los melones de Malachita y Rudy.<\/p>\n<p><em><strong>M\u00e9xico cierra planta empacadora de mel\u00f3n implicada en brote de Salmonela<\/strong><\/em><\/p>\n<p>El Departamento de Salud de M\u00e9xico orden\u00f3 este viernes el cierre temporal de una planta empacadora de melones implicada en infecciones por salmonela que mataron a seis personas en Canad\u00e1 y tres en Estados Unidos.<br \/>\nEl departamento no nombr\u00f3 a la empresa involucrada, pero la Agencia de Salud P\u00fablica de Canad\u00e1 vincul\u00f3 el brote con los melones de las marcas Malichita y Rudy.<\/p>\n<p>M\u00e9xico no dijo qu\u00e9 violaciones se encontraron en la planta en el estado fronterizo norte\u00f1o de Sonora, y dijo que se estaban realizando pruebas para encontrar la fuente de la contaminaci\u00f3n.<\/p>\n<p>Los inspectores tomaron muestras de agua y limpiaron superficies de la planta en busca de rastros de bacteria salmonela.<\/p>\n<p>Desde octubre, al menos 230 personas en Estados Unidos y 129 en Canad\u00e1 han enfermado a causa de este brote.<\/p>\n<p>Los melones implicados en este brote incluyen dos marcas, Malichita y Rudy, que se cultivan en el \u00e1rea de Sonora.<\/p>\n<p>La fruta fue importada por Sofia Produce LLC, de Nogales, Arizona, que opera como TruFresh, y Pacific Trellis Fruit LLC, de Los \u00c1ngeles. Hasta ahora se han retirado del mercado m\u00e1s de 36.000 cajas o cajas de mel\u00f3n.<\/p>\n<p>Los funcionarios de salud advierten a los consumidores, minoristas y restaurantes que no compren, coman ni sirvan mel\u00f3n si no conocen la fuente.<\/p>\n<div class=\"teads-inread teads-display sm-screen\">\n<div>\n<div class=\"teads-ui-components-adchoices\"><\/div>\n<\/div>\n<\/div>\n","protected":false},"excerpt":{"rendered":"<p>&#8211; El consumo de la fruta contaminada con la bacteria tambi\u00e9n ha obligado a hospitalizar a 53 personas en todo el pa\u00eds &nbsp; Las\u00a0autoridades canadienses\u00a0elevaron&hellip;<\/p>\n","protected":false},"author":99,"featured_media":514818,"comment_status":"open","ping_status":"open","sticky":false,"template":"","format":"standard","meta":{"footnotes":""},"categories":[21],"tags":[],"class_list":["post-514817","post","type-post","status-publish","format-standard","has-post-thumbnail","hentry","category-canada"],"_links":{"self":[{"href":"https:\/\/diarioelpopular.com\/index.php\/wp-json\/wp\/v2\/posts\/514817","targetHints":{"allow":["GET"]}}],"collection":[{"href":"https:\/\/diarioelpopular.com\/index.php\/wp-json\/wp\/v2\/posts"}],"about":[{"href":"https:\/\/diarioelpopular.com\/index.php\/wp-json\/wp\/v2\/types\/post"}],"author":[{"embeddable":true,"href":"https:\/\/diarioelpopular.com\/index.php\/wp-json\/wp\/v2\/users\/99"}],"replies":[{"embeddable":true,"href":"https:\/\/diarioelpopular.com\/index.php\/wp-json\/wp\/v2\/comments?post=514817"}],"version-history":[{"count":1,"href":"https:\/\/diarioelpopular.com\/index.php\/wp-json\/wp\/v2\/posts\/514817\/revisions"}],"predecessor-version":[{"id":514819,"href":"https:\/\/diarioelpopular.com\/index.php\/wp-json\/wp\/v2\/posts\/514817\/revisions\/514819"}],"wp:featuredmedia":[{"embeddable":true,"href":"https:\/\/diarioelpopular.com\/index.php\/wp-json\/wp\/v2\/media\/514818"}],"wp:attachment":[{"href":"https:\/\/diarioelpopular.com\/index.php\/wp-json\/wp\/v2\/media?parent=514817"}],"wp:term":[{"taxonomy":"category","embeddable":true,"href":"https:\/\/diarioelpopular.com\/index.php\/wp-json\/wp\/v2\/categories?post=514817"},{"taxonomy":"post_tag","embeddable":true,"href":"https:\/\/diarioelpopular.com\/index.php\/wp-json\/wp\/v2\/tags?post=514817"}],"curies":[{"name":"wp","href":"https:\/\/api.w.org\/{rel}","templated":true}]}}