{"id":514823,"date":"2023-12-16T13:27:03","date_gmt":"2023-12-16T17:27:03","guid":{"rendered":"https:\/\/diarioelpopular.com\/?p=514823"},"modified":"2023-12-16T13:27:03","modified_gmt":"2023-12-16T17:27:03","slug":"el-proyecto-de-ley-liberal-de-control-de-armas-ya-es-ley-que-pasa-ahora","status":"publish","type":"post","link":"https:\/\/diarioelpopular.com\/index.php\/2023\/12\/16\/el-proyecto-de-ley-liberal-de-control-de-armas-ya-es-ley-que-pasa-ahora\/","title":{"rendered":"El proyecto de ley liberal de control de armas ya es ley. \u00bfQue pasa ahora?"},"content":{"rendered":"<p><img loading=\"lazy\" decoding=\"async\" class=\"alignnone size-custom-full-size wp-image-514824\" src=\"https:\/\/diarioelpopular.com\/wp-content\/uploads\/2023\/12\/Screen-Shot-2023-12-16-at-12.26.34-PM-636x429.png\" alt=\"\" width=\"636\" height=\"429\" srcset=\"https:\/\/diarioelpopular.com\/wp-content\/uploads\/2023\/12\/Screen-Shot-2023-12-16-at-12.26.34-PM-636x429.png 636w, https:\/\/diarioelpopular.com\/wp-content\/uploads\/2023\/12\/Screen-Shot-2023-12-16-at-12.26.34-PM-300x203.png 300w, https:\/\/diarioelpopular.com\/wp-content\/uploads\/2023\/12\/Screen-Shot-2023-12-16-at-12.26.34-PM-768x518.png 768w, https:\/\/diarioelpopular.com\/wp-content\/uploads\/2023\/12\/Screen-Shot-2023-12-16-at-12.26.34-PM-80x55.png 80w, https:\/\/diarioelpopular.com\/wp-content\/uploads\/2023\/12\/Screen-Shot-2023-12-16-at-12.26.34-PM-108x73.png 108w, https:\/\/diarioelpopular.com\/wp-content\/uploads\/2023\/12\/Screen-Shot-2023-12-16-at-12.26.34-PM.png 794w\" sizes=\"auto, (max-width: 636px) 100vw, 636px\" \/><\/p>\n<p>&nbsp;<\/p>\n<ul>\n<li><em><strong>La legislaci\u00f3n de control de armas prometida durante mucho tiempo por los liberales, el proyecto de ley C-21, se convirti\u00f3 en ley despu\u00e9s de su aprobaci\u00f3n final por el Senado sin enmiendas, y recibi\u00f3 la aprobaci\u00f3n real este viernes.<\/strong><\/em><\/li>\n<\/ul>\n<p><em><strong>OTTAWA.-<\/strong><\/em> La legislaci\u00f3n consagra algunas medidas ya promulgadas por \u00f3rdenes del gabinete, como la congelaci\u00f3n de las ventas y licencias de armas de fuego para la mayor\u00eda de las personas, una definici\u00f3n del C\u00f3digo Penal de \u201carmas de asalto\u201d y una prohibici\u00f3n asociada de estas armas, adem\u00e1s de disposiciones mejoradas en torno a las armas fantasma impresas en 3D y contrabando.<\/p>\n<p>Una vez que reciba el consentimiento real, las penas m\u00e1ximas del C\u00f3digo Penal por contrabando de armas aumentar\u00e1n de 10 a 14 a\u00f1os de prisi\u00f3n.<\/p>\n<p>Se establecer\u00e1n exenciones a la prohibici\u00f3n de portar armas de fuego para los atletas que participan o entrenan en deportes de tiro de \u00e9lite, como los Juegos Ol\u00edmpicos. Las regulaciones al respecto a\u00fan est\u00e1n en proceso y se espera que est\u00e9n finalizadas en los pr\u00f3ximos meses, seg\u00fan una fuente del gobierno.<\/p>\n<p>La congelaci\u00f3n m\u00e1s amplia de las armas cortas se codificar\u00e1 inmediatamente tras el consentimiento real.<\/p>\n<p>El proyecto de ley C-21 tambi\u00e9n ampl\u00eda la definici\u00f3n de violencia dom\u00e9stica para incluir todas las formas de violencia familiar y de pareja, como el control coercitivo o las amenazas de suicidio.<\/p>\n<p>La legislaci\u00f3n tambi\u00e9n proh\u00edbe a cualquier persona que est\u00e9 sujeta a una orden de protecci\u00f3n, como una orden de restricci\u00f3n, o poseer armas de fuego, mejor conocidas como \u201cleyes de bandera roja\u201d.<\/p>\n<p>Estas disposiciones de la ley de alerta roja tambi\u00e9n permiten que un oficial jefe de armas de fuego revoque la licencia de armas de fuego de alguien si hay motivos razonables para sospechar que puede haber participado en violencia dom\u00e9stica o acecho. Estas disposiciones tambi\u00e9n entran en vigor inmediatamente despu\u00e9s del consentimiento real.<\/p>\n<p>Las personas tambi\u00e9n deber\u00e1n presentar una licencia de posesi\u00f3n de armas de fuego si desean comprar cargadores para armas.<\/p>\n<p><strong><em>Una reacci\u00f3n polarizada<\/em><\/strong><br \/>\nEsta legislaci\u00f3n no es ajena a la controversia, como las enmiendas finalmente retiradas que inicialmente incluyeron muchos rifles de caza populares en la lista de prohibidos antes de ser retirados debido a la fuerte oposici\u00f3n de las comunidades ind\u00edgenas que viven de la caza y de cazadores.<\/p>\n<p>Ahora que se aprob\u00f3 el proyecto de ley, la reacci\u00f3n est\u00e1 dividida entre los defensores del control de armas y quienes trabajan en la industria.<\/p>\n<p>&#8220;Bueno, en realidad esto es algo en lo que hemos estado trabajando con la Coalici\u00f3n para el Control de Armas durante d\u00e9cadas&#8221;, dijo Heather McGregor, directora ejecutiva de la YWCA Toronto.<\/p>\n<p>La YWCA es una de las organizaciones miembros de la Coalici\u00f3n para el Control de Armas, que se form\u00f3 en 1991 a ra\u00edz de la masacre de la Ecole Polytechnique para impulsar leyes m\u00e1s estrictas sobre armas.<\/p>\n<p>McGregor, que no es ajena a ayudar a las personas en situaciones de violencia dom\u00e9stica, acoge con agrado la ampliaci\u00f3n de las leyes de bandera roja. Ella dice que la presencia de un arma de fuego en un hogar donde ocurre violencia dom\u00e9stica aumenta el peligro para todos.<\/p>\n<p>&#8220;Las leyes de bandera roja significan que cualquiera puede acudir a los tribunales y solicitar una orden de prohibici\u00f3n de armas, para alguien que pueda representar un peligro para s\u00ed mismo o para otros&#8221;, dijo.<\/p>\n<p>&#8220;Lo maravilloso de esto es que la medida de seguridad que es proteger\u00e1 a las personas en situaciones como esa&#8221;.<\/p>\n<p>La organizaci\u00f3n contratada para ayudar al gobierno con la eventual recompra de armas al por menor, la Asociaci\u00f3n Canadiense de Armas y Municiones Deportivas (CSAAA), est\u00e1 \u201cprofundamente decepcionada\u201d con la aprobaci\u00f3n del proyecto de ley C-21.<\/p>\n<p>\u201cEs nada menos que devastador. Corremos el riesgo de perder miles de empleos en Canad\u00e1 por un proyecto de ley dise\u00f1ado para ganar puntos pol\u00edticos pero que no hace nada para mejorar la seguridad p\u00fablica\u201d, dijo el presidente de la CSAAA, Wes Winkel, en una entrevista telef\u00f3nica.<\/p>\n<p>Winkel estima que se perder\u00e1n miles de puestos de trabajo en la industria canadiense de armas de fuego debido a la reducci\u00f3n del comercio minorista, la fabricaci\u00f3n limitada y la reducci\u00f3n de las operaciones de alcance de armas.<\/p>\n<p>En su propia tienda, Ellwood Epps Sporting Goods en Orilla, Ontario, dice que la congelaci\u00f3n ahora codificada de las ventas de armas de fuego para tiradores deportivos que no son de \u00e9lite erosion\u00f3 una parte importante de su negocio.<\/p>\n<p>&#8220;El treinta por ciento de lo que vendimos en nuestra tienda fueron pistolas y accesorios para pistolas para los tipos que fueron al campo de tiro, son tiradores autorizados que nunca han sido un problema en la sociedad canadiense&#8221;, dijo.<\/p>\n<p>Seg\u00fan Statistics Canada, los delitos violentos con armas de fuego en Canad\u00e1 disminuyeron un cinco por ciento en 2021 en comparaci\u00f3n con 2020. La organizaci\u00f3n dice que esto se debe a la disminuci\u00f3n en las grandes ciudades como Toronto.<\/p>\n<p>Statistics Canada no ha publicado datos de 2022, pero la informaci\u00f3n del Servicio de Polic\u00eda de Toronto indica que es probable que la tendencia contin\u00fae.<\/p>\n<p>McGregor dice que espera que estas prohibiciones sigan reduciendo los \u00edndices de violencia armada.<\/p>\n<p>\u201cNuestra posici\u00f3n es que nadie necesita un arma de fuego. S\u00f3lo las personas con autoridad, como la polic\u00eda, deber\u00edan poder tener armas de fuego. No hay necesidad de una pistola. Las pistolas s\u00f3lo se utilizan para matar gente\u201d, afirm\u00f3.<\/p>\n<p>Winkel ve esta congelaci\u00f3n como la muerte del tiro deportivo con pistola en Canad\u00e1, a pesar de la pr\u00f3xima exenci\u00f3n.<\/p>\n<p>\u201cOh, va a acabar con el deporte\u2026. B\u00e1sicamente, las \u00fanicas exenciones que existen son para tiradores que ya est\u00e1n registrados y con licencia para la competencia ISU o para los tiradores de competencia ol\u00edmpica\u201d, dijo.<\/p>\n<p>\u201cEl tiroteo se parece mucho a otros deportes en los que los Juegos Ol\u00edmpicos son s\u00f3lo una peque\u00f1a porci\u00f3n de lo que se hace. Ya sabes, hay muchas otras competiciones que son mucho m\u00e1s amplias y tienen campeonatos mundiales\u201d.<\/p>\n<p><em><strong>La recompra de armas a\u00fan est\u00e1 por llegar<\/strong><\/em><br \/>\nTodav\u00eda hay partes de la legislaci\u00f3n que deben finalizarse, en particular las recompras de armas al por menor e individuales. Esto cubre las m\u00e1s de 1,500 armas de fuego prohibidas mediante una orden del gabinete a ra\u00edz del tiroteo masivo de Portapique, N.S., incluido el AR-15 y otras \u201carmas de asalto\u201d.<\/p>\n<p>La amnist\u00eda del C\u00f3digo Penal para individuos y minoristas que ya ten\u00edan estas armas de fuego en su posesi\u00f3n o inventario se extendi\u00f3 silenciosamente por segunda vez en octubre para permitir m\u00e1s tiempo para redactar e implementar el programa de recompra.<\/p>\n<p>La exenci\u00f3n est\u00e1 vigente hasta el 30 de octubre de 2025.<\/p>\n<p>La semana pasada, el gobierno emiti\u00f3 una \u201cinvitaci\u00f3n a calificar\u201d al sector privado para las empresas interesadas en participar en estas deliberaciones.<\/p>\n<p>Es una de las primeras etapas del proceso de contrataci\u00f3n y adquisiciones federales y, por lo general, las empresas presentan ideas para ejecutar un programa federal y env\u00edan informaci\u00f3n inicial sobre sus capacidades para conseguir un asiento en la mesa.<\/p>\n<p>Hablando en antecedentes, una fuente del gobierno llama a esto una \u201cempresa incre\u00edblemente masiva\u201d en la que el gobierno tendr\u00e1 que localizar, registrar, recolectar, transportar de manera segura y, en \u00faltima instancia, deshacerse de estas armas de fuego ahora prohibidas.<\/p>\n<p>A pesar de la oposici\u00f3n de la organizaci\u00f3n a la legislaci\u00f3n y la recompra, la CSAAA est\u00e1 trabajando con el gobierno para implementar el marco minorista. Winkel dice que quieren garantizar que las empresas obtengan una compensaci\u00f3n justa y no participar\u00e1n en la recompra individual.<\/p>\n<p>&#8220;Ese proceso ha sido muy lento y arduo y todav\u00eda no tenemos una imagen clara de d\u00f3nde se encuentra en este momento&#8221;, dijo Winkel sobre la recompra.<\/p>\n<p>Ahora que la exenci\u00f3n del C\u00f3digo Penal est\u00e1 en su segunda pr\u00f3rroga, no cree que esto ayude en nada a acelerar las respuestas para la industria de las armas de fuego.<\/p>\n<p>\u201cEstas armas de fuego han estado prohibidas desde el 1 de mayo de 2020, pero permanecen en los hogares de todos estos canadienses y no ha habido ning\u00fan problema de seguridad p\u00fablica en los \u00faltimos tres a\u00f1os\u201d, dijo.<\/p>\n<p>&#8220;Realmente uno se pregunta por qu\u00e9 ten\u00edamos tanta prisa por eludir el procedimiento parlamentario y apresurarnos a aprobar una orden en el consejo para algo que obviamente no es una amenaza para nuestra sociedad&#8221;.<\/p>\n","protected":false},"excerpt":{"rendered":"<p>&nbsp; La legislaci\u00f3n de control de armas prometida durante mucho tiempo por los liberales, el proyecto de ley C-21, se convirti\u00f3 en ley despu\u00e9s de&hellip;<\/p>\n","protected":false},"author":99,"featured_media":514824,"comment_status":"open","ping_status":"open","sticky":false,"template":"","format":"standard","meta":{"footnotes":""},"categories":[21,11191],"tags":[],"class_list":["post-514823","post","type-post","status-publish","format-standard","has-post-thumbnail","hentry","category-canada","category-top-news"],"_links":{"self":[{"href":"https:\/\/diarioelpopular.com\/index.php\/wp-json\/wp\/v2\/posts\/514823","targetHints":{"allow":["GET"]}}],"collection":[{"href":"https:\/\/diarioelpopular.com\/index.php\/wp-json\/wp\/v2\/posts"}],"about":[{"href":"https:\/\/diarioelpopular.com\/index.php\/wp-json\/wp\/v2\/types\/post"}],"author":[{"embeddable":true,"href":"https:\/\/diarioelpopular.com\/index.php\/wp-json\/wp\/v2\/users\/99"}],"replies":[{"embeddable":true,"href":"https:\/\/diarioelpopular.com\/index.php\/wp-json\/wp\/v2\/comments?post=514823"}],"version-history":[{"count":1,"href":"https:\/\/diarioelpopular.com\/index.php\/wp-json\/wp\/v2\/posts\/514823\/revisions"}],"predecessor-version":[{"id":514825,"href":"https:\/\/diarioelpopular.com\/index.php\/wp-json\/wp\/v2\/posts\/514823\/revisions\/514825"}],"wp:featuredmedia":[{"embeddable":true,"href":"https:\/\/diarioelpopular.com\/index.php\/wp-json\/wp\/v2\/media\/514824"}],"wp:attachment":[{"href":"https:\/\/diarioelpopular.com\/index.php\/wp-json\/wp\/v2\/media?parent=514823"}],"wp:term":[{"taxonomy":"category","embeddable":true,"href":"https:\/\/diarioelpopular.com\/index.php\/wp-json\/wp\/v2\/categories?post=514823"},{"taxonomy":"post_tag","embeddable":true,"href":"https:\/\/diarioelpopular.com\/index.php\/wp-json\/wp\/v2\/tags?post=514823"}],"curies":[{"name":"wp","href":"https:\/\/api.w.org\/{rel}","templated":true}]}}